{"id":89070,"date":"2024-01-24T10:15:19","date_gmt":"2024-01-24T15:15:19","guid":{"rendered":"https:\/\/aeronoticias.com.pe\/noticiero\/?p=89070"},"modified":"2024-01-24T10:15:22","modified_gmt":"2024-01-24T15:15:22","slug":"puertos-de-paracas-y-chancay-beneficiara-a-los-agroexportadores-del-sur-de-peru","status":"publish","type":"post","link":"https:\/\/aeronoticias.com.pe\/noticiero\/ultimas\/1\/puertos-de-paracas-y-chancay-beneficiara-a-los-agroexportadores-del-sur-de-peru\/","title":{"rendered":"Puertos de Paracas y Chancay beneficiar\u00e1 a los agroexportadores del sur de Per\u00fa"},"content":{"rendered":"\n<p><strong>(Aeronoticias)<\/strong>: La futura conexi\u00f3n que habr\u00e1 entre los puertos de Paracas (Ica) y Chancay (Lima) beneficiar\u00e1 a los agroexportadores del sur del pa\u00eds porque permitir\u00e1 rebajar el tiempo de transporte mar\u00edtimo de sus productos (uvas, ar\u00e1ndanos, paltas y otros) a los mercados externos, principalmente del continente asi\u00e1tico.<\/p>\n\n\n\n<p>\u201cVemos una serie de oportunidades para beneficio de todos los agroexportadores e importadores de la zona. Consideramos que somos un complemento porque Chancay es un puerto que tendr\u00e1 servicios directos a Asia\u201d, dijo el presidente ejecutivo del puerto de Paracas, Jorge Arce.<\/p>\n\n\n\n<p>\u201cObservamos diversas ventajas para nuestra \u00e1rea de influencia por la conexi\u00f3n que se tendr\u00eda con Chancay. Por lo tanto, ser\u00e1 positivo para el pa\u00eds y la regi\u00f3n\u201d, agreg\u00f3.<\/p>\n\n\n\n<p>Arce se\u00f1al\u00f3 que los agroexportadores peruanos compiten con productores de otros pa\u00edses que llegan m\u00e1s r\u00e1pido a Asia y con la fruta m\u00e1s fresca.<\/p>\n\n\n\n<p>\u201cLos agroexportadores peruanos env\u00edan su carga al exterior en buques que paran en varios puertos durante el camino y se demoran alrededor de 35 d\u00edas para llegar al mercado asi\u00e1tico\u201d, indic\u00f3.<\/p>\n\n\n\n<p>Explic\u00f3 que con el puerto de Chancay, que tendr\u00e1 salida directa a Asia, el tiempo de transporte ser\u00e1 mucho menor porque ser\u00e1n 22 o 23 d\u00edas, lo cual es una gran ventaja.<\/p>\n\n\n\n<p><strong>Impulso agroexportador<br><\/strong>Por su parte, el gerente de Operaciones del puerto de Paracas, C\u00e9sar Rojas, destac\u00f3 que ambos terminales portuarios se complementan para impulsar las agroexportaciones peruanas del sur del pa\u00eds.<\/p>\n\n\n\n<p>\u201cSe espera que se consolide el tema del cabotaje con la finalidad de tener un mayor flujo de contenedores de agroexportaci\u00f3n de Paracas a Chancay, y luego enviar la carga al mercado externo, sobre todo a Asia\u201d, dijo al Diario Oficial El Peruano.<\/p>\n\n\n\n<p>Rojas refiri\u00f3 que Ica registra m\u00e1s de 50,000 contenedores llenos de productos de agroexportaci\u00f3n cada a\u00f1o, y que el 15% de la carga refrigerada de la zona se dirige a Asia.<\/p>\n\n\n\n<p>\u201cComo el mercado asi\u00e1tico paga mejor, los agroexportadores podr\u00edan impulsar su producci\u00f3n porque ya tienen una salida m\u00e1s directa a Asia; pero si no tienen un tiempo de tr\u00e1nsito competitivo para que el contenedor pueda llegar m\u00e1s r\u00e1pido, entonces no les llamar\u00eda la atenci\u00f3n\u201d, coment\u00f3.<\/p>\n\n\n\n<p><strong>Fuente: agraria.pe<\/strong><\/p>\n","protected":false},"excerpt":{"rendered":"<p>(Aeronoticias): La futura conexi\u00f3n que habr\u00e1 entre los puertos de Paracas (Ica) y Chancay (Lima) beneficiar\u00e1 a los agroexportadores del sur del pa\u00eds porque permitir\u00e1 rebajar el tiempo de transporte mar\u00edtimo de sus productos (uvas, ar\u00e1ndanos, paltas y otros) a los mercados externos, principalmente del continente asi\u00e1tico. \u201cVemos una serie de oportunidades para beneficio de [&hellip;]<\/p>\n","protected":false},"author":3,"featured_media":89071,"comment_status":"open","ping_status":"open","sticky":false,"template":"","format":"standard","meta":{"tdm_status":"","tdm_grid_status":"","footnotes":""},"categories":[30,8],"tags":[179,2963,4659],"class_list":{"0":"post-89070","1":"post","2":"type-post","3":"status-publish","4":"format-standard","5":"has-post-thumbnail","7":"category-30","8":"category-ultimas","9":"tag-peru-2","10":"tag-puerto-de-chancay","11":"tag-puerto-de-paracas"},"yoast_head":"<!-- This site is optimized with the Yoast SEO plugin v25.1 - https:\/\/yoast.com\/wordpress\/plugins\/seo\/ -->\n<title>Puertos de Paracas y Chancay beneficiar\u00e1 a los agroexportadores del sur de Per\u00fa<\/title>\n<meta name=\"description\" content=\"e acortar\u00eda tiempo de env\u00edos al mercado asi\u00e1tico y los productos agr\u00edcolas llegar\u00edan m\u00e1s frescos.\" \/>\n<meta name=\"robots\" content=\"index, follow, max-snippet:-1, max-image-preview:large, max-video-preview:-1\" \/>\n<link rel=\"canonical\" href=\"https:\/\/aeronoticias.com.pe\/noticiero\/ultimas\/1\/puertos-de-paracas-y-chancay-beneficiara-a-los-agroexportadores-del-sur-de-peru\/\" \/>\n<meta property=\"og:locale\" content=\"es_ES\" \/>\n<meta property=\"og:type\" content=\"article\" \/>\n<meta property=\"og:title\" content=\"Puertos de Paracas y Chancay beneficiar\u00e1 a los agroexportadores del sur de Per\u00fa\" \/>\n<meta property=\"og:description\" content=\"e acortar\u00eda tiempo de env\u00edos al mercado asi\u00e1tico y los productos agr\u00edcolas llegar\u00edan m\u00e1s frescos.\" \/>\n<meta property=\"og:url\" content=\"https:\/\/aeronoticias.com.pe\/noticiero\/ultimas\/1\/puertos-de-paracas-y-chancay-beneficiara-a-los-agroexportadores-del-sur-de-peru\/\" \/>\n<meta property=\"og:site_name\" content=\"Aeronoticias.com.pe\" \/>\n<meta property=\"article:publisher\" content=\"https:\/\/www.facebook.com\/Aeronoticias.com.pe\/\" \/>\n<meta property=\"article:published_time\" content=\"2024-01-24T15:15:19+00:00\" \/>\n<meta property=\"article:modified_time\" content=\"2024-01-24T15:15:22+00:00\" \/>\n<meta property=\"og:image\" content=\"https:\/\/aeronoticias.com.pe\/noticiero\/wp-content\/uploads\/2024\/01\/barco.jpg\" \/>\n\t<meta property=\"og:image:width\" content=\"800\" \/>\n\t<meta property=\"og:image:height\" content=\"533\" \/>\n\t<meta property=\"og:image:type\" content=\"image\/jpeg\" \/>\n<meta name=\"author\" content=\"Redacci\u00f3n\" \/>\n<meta name=\"twitter:card\" content=\"summary_large_image\" \/>\n<meta name=\"twitter:creator\" content=\"@aeronoticias\" \/>\n<meta name=\"twitter:site\" content=\"@aeronoticias\" \/>\n<meta name=\"twitter:label1\" content=\"Escrito por\" \/>\n\t<meta name=\"twitter:data1\" content=\"Redacci\u00f3n\" \/>\n\t<meta name=\"twitter:label2\" content=\"Tiempo de lectura\" \/>\n\t<meta name=\"twitter:data2\" content=\"2 minutos\" \/>\n<script type=\"application\/ld+json\" class=\"yoast-schema-graph\">{\"@context\":\"https:\/\/schema.org\",\"@graph\":[{\"@type\":\"WebPage\",\"@id\":\"https:\/\/aeronoticias.com.pe\/noticiero\/ultimas\/1\/puertos-de-paracas-y-chancay-beneficiara-a-los-agroexportadores-del-sur-de-peru\/\",\"url\":\"https:\/\/aeronoticias.com.pe\/noticiero\/ultimas\/1\/puertos-de-paracas-y-chancay-beneficiara-a-los-agroexportadores-del-sur-de-peru\/\",\"name\":\"Puertos de Paracas y Chancay beneficiar\u00e1 a los agroexportadores del sur de Per\u00fa\",\"isPartOf\":{\"@id\":\"https:\/\/aeronoticias.com.pe\/noticiero\/#website\"},\"primaryImageOfPage\":{\"@id\":\"https:\/\/aeronoticias.com.pe\/noticiero\/ultimas\/1\/puertos-de-paracas-y-chancay-beneficiara-a-los-agroexportadores-del-sur-de-peru\/#primaryimage\"},\"image\":{\"@id\":\"https:\/\/aeronoticias.com.pe\/noticiero\/ultimas\/1\/puertos-de-paracas-y-chancay-beneficiara-a-los-agroexportadores-del-sur-de-peru\/#primaryimage\"},\"thumbnailUrl\":\"https:\/\/aeronoticias.com.pe\/noticiero\/wp-content\/uploads\/2024\/01\/barco.jpg\",\"datePublished\":\"2024-01-24T15:15:19+00:00\",\"dateModified\":\"2024-01-24T15:15:22+00:00\",\"author\":{\"@id\":\"https:\/\/aeronoticias.com.pe\/noticiero\/#\/schema\/person\/16212a617c73f78916b13194154243bd\"},\"description\":\"e acortar\u00eda tiempo de env\u00edos al mercado asi\u00e1tico y los productos agr\u00edcolas llegar\u00edan m\u00e1s frescos.\",\"breadcrumb\":{\"@id\":\"https:\/\/aeronoticias.com.pe\/noticiero\/ultimas\/1\/puertos-de-paracas-y-chancay-beneficiara-a-los-agroexportadores-del-sur-de-peru\/#breadcrumb\"},\"inLanguage\":\"es\",\"potentialAction\":[{\"@type\":\"ReadAction\",\"target\":[\"https:\/\/aeronoticias.com.pe\/noticiero\/ultimas\/1\/puertos-de-paracas-y-chancay-beneficiara-a-los-agroexportadores-del-sur-de-peru\/\"]}]},{\"@type\":\"ImageObject\",\"inLanguage\":\"es\",\"@id\":\"https:\/\/aeronoticias.com.pe\/noticiero\/ultimas\/1\/puertos-de-paracas-y-chancay-beneficiara-a-los-agroexportadores-del-sur-de-peru\/#primaryimage\",\"url\":\"https:\/\/aeronoticias.com.pe\/noticiero\/wp-content\/uploads\/2024\/01\/barco.jpg\",\"contentUrl\":\"https:\/\/aeronoticias.com.pe\/noticiero\/wp-content\/uploads\/2024\/01\/barco.jpg\",\"width\":800,\"height\":533},{\"@type\":\"BreadcrumbList\",\"@id\":\"https:\/\/aeronoticias.com.pe\/noticiero\/ultimas\/1\/puertos-de-paracas-y-chancay-beneficiara-a-los-agroexportadores-del-sur-de-peru\/#breadcrumb\",\"itemListElement\":[{\"@type\":\"ListItem\",\"position\":1,\"name\":\"Portada\",\"item\":\"https:\/\/aeronoticias.com.pe\/noticiero\/\"},{\"@type\":\"ListItem\",\"position\":2,\"name\":\"Puertos de Paracas y Chancay beneficiar\u00e1 a los agroexportadores del sur de Per\u00fa\"}]},{\"@type\":\"WebSite\",\"@id\":\"https:\/\/aeronoticias.com.pe\/noticiero\/#website\",\"url\":\"https:\/\/aeronoticias.com.pe\/noticiero\/\",\"name\":\"Aeronoticias.com.pe\",\"description\":\"Noticias de tranporte aereo, turismo, hoteles, gastronomia, actualidad, internacional\",\"potentialAction\":[{\"@type\":\"SearchAction\",\"target\":{\"@type\":\"EntryPoint\",\"urlTemplate\":\"https:\/\/aeronoticias.com.pe\/noticiero\/?s={search_term_string}\"},\"query-input\":{\"@type\":\"PropertyValueSpecification\",\"valueRequired\":true,\"valueName\":\"search_term_string\"}}],\"inLanguage\":\"es\"},{\"@type\":\"Person\",\"@id\":\"https:\/\/aeronoticias.com.pe\/noticiero\/#\/schema\/person\/16212a617c73f78916b13194154243bd\",\"name\":\"Redacci\u00f3n\",\"sameAs\":[\"http:\/\/Redacci\u00f3n\"],\"url\":\"https:\/\/aeronoticias.com.pe\/noticiero\/author\/celeste\/\"}]}<\/script>\n<!-- \/ Yoast SEO plugin. -->","yoast_head_json":{"title":"Puertos de Paracas y Chancay beneficiar\u00e1 a los agroexportadores del sur de Per\u00fa","description":"e acortar\u00eda tiempo de env\u00edos al mercado asi\u00e1tico y los productos agr\u00edcolas llegar\u00edan m\u00e1s frescos.","robots":{"index":"index","follow":"follow","max-snippet":"max-snippet:-1","max-image-preview":"max-image-preview:large","max-video-preview":"max-video-preview:-1"},"canonical":"https:\/\/aeronoticias.com.pe\/noticiero\/ultimas\/1\/puertos-de-paracas-y-chancay-beneficiara-a-los-agroexportadores-del-sur-de-peru\/","og_locale":"es_ES","og_type":"article","og_title":"Puertos de Paracas y Chancay beneficiar\u00e1 a los agroexportadores del sur de Per\u00fa","og_description":"e acortar\u00eda tiempo de env\u00edos al mercado asi\u00e1tico y los productos agr\u00edcolas llegar\u00edan m\u00e1s frescos.","og_url":"https:\/\/aeronoticias.com.pe\/noticiero\/ultimas\/1\/puertos-de-paracas-y-chancay-beneficiara-a-los-agroexportadores-del-sur-de-peru\/","og_site_name":"Aeronoticias.com.pe","article_publisher":"https:\/\/www.facebook.com\/Aeronoticias.com.pe\/","article_published_time":"2024-01-24T15:15:19+00:00","article_modified_time":"2024-01-24T15:15:22+00:00","og_image":[{"width":800,"height":533,"url":"https:\/\/aeronoticias.com.pe\/noticiero\/wp-content\/uploads\/2024\/01\/barco.jpg","type":"image\/jpeg"}],"author":"Redacci\u00f3n","twitter_card":"summary_large_image","twitter_creator":"@aeronoticias","twitter_site":"@aeronoticias","twitter_misc":{"Escrito por":"Redacci\u00f3n","Tiempo de lectura":"2 minutos"},"schema":{"@context":"https:\/\/schema.org","@graph":[{"@type":"WebPage","@id":"https:\/\/aeronoticias.com.pe\/noticiero\/ultimas\/1\/puertos-de-paracas-y-chancay-beneficiara-a-los-agroexportadores-del-sur-de-peru\/","url":"https:\/\/aeronoticias.com.pe\/noticiero\/ultimas\/1\/puertos-de-paracas-y-chancay-beneficiara-a-los-agroexportadores-del-sur-de-peru\/","name":"Puertos de Paracas y Chancay beneficiar\u00e1 a los agroexportadores del sur de Per\u00fa","isPartOf":{"@id":"https:\/\/aeronoticias.com.pe\/noticiero\/#website"},"primaryImageOfPage":{"@id":"https:\/\/aeronoticias.com.pe\/noticiero\/ultimas\/1\/puertos-de-paracas-y-chancay-beneficiara-a-los-agroexportadores-del-sur-de-peru\/#primaryimage"},"image":{"@id":"https:\/\/aeronoticias.com.pe\/noticiero\/ultimas\/1\/puertos-de-paracas-y-chancay-beneficiara-a-los-agroexportadores-del-sur-de-peru\/#primaryimage"},"thumbnailUrl":"https:\/\/aeronoticias.com.pe\/noticiero\/wp-content\/uploads\/2024\/01\/barco.jpg","datePublished":"2024-01-24T15:15:19+00:00","dateModified":"2024-01-24T15:15:22+00:00","author":{"@id":"https:\/\/aeronoticias.com.pe\/noticiero\/#\/schema\/person\/16212a617c73f78916b13194154243bd"},"description":"e acortar\u00eda tiempo de env\u00edos al mercado asi\u00e1tico y los productos agr\u00edcolas llegar\u00edan m\u00e1s frescos.","breadcrumb":{"@id":"https:\/\/aeronoticias.com.pe\/noticiero\/ultimas\/1\/puertos-de-paracas-y-chancay-beneficiara-a-los-agroexportadores-del-sur-de-peru\/#breadcrumb"},"inLanguage":"es","potentialAction":[{"@type":"ReadAction","target":["https:\/\/aeronoticias.com.pe\/noticiero\/ultimas\/1\/puertos-de-paracas-y-chancay-beneficiara-a-los-agroexportadores-del-sur-de-peru\/"]}]},{"@type":"ImageObject","inLanguage":"es","@id":"https:\/\/aeronoticias.com.pe\/noticiero\/ultimas\/1\/puertos-de-paracas-y-chancay-beneficiara-a-los-agroexportadores-del-sur-de-peru\/#primaryimage","url":"https:\/\/aeronoticias.com.pe\/noticiero\/wp-content\/uploads\/2024\/01\/barco.jpg","contentUrl":"https:\/\/aeronoticias.com.pe\/noticiero\/wp-content\/uploads\/2024\/01\/barco.jpg","width":800,"height":533},{"@type":"BreadcrumbList","@id":"https:\/\/aeronoticias.com.pe\/noticiero\/ultimas\/1\/puertos-de-paracas-y-chancay-beneficiara-a-los-agroexportadores-del-sur-de-peru\/#breadcrumb","itemListElement":[{"@type":"ListItem","position":1,"name":"Portada","item":"https:\/\/aeronoticias.com.pe\/noticiero\/"},{"@type":"ListItem","position":2,"name":"Puertos de Paracas y Chancay beneficiar\u00e1 a los agroexportadores del sur de Per\u00fa"}]},{"@type":"WebSite","@id":"https:\/\/aeronoticias.com.pe\/noticiero\/#website","url":"https:\/\/aeronoticias.com.pe\/noticiero\/","name":"Aeronoticias.com.pe","description":"Noticias de tranporte aereo, turismo, hoteles, gastronomia, actualidad, internacional","potentialAction":[{"@type":"SearchAction","target":{"@type":"EntryPoint","urlTemplate":"https:\/\/aeronoticias.com.pe\/noticiero\/?s={search_term_string}"},"query-input":{"@type":"PropertyValueSpecification","valueRequired":true,"valueName":"search_term_string"}}],"inLanguage":"es"},{"@type":"Person","@id":"https:\/\/aeronoticias.com.pe\/noticiero\/#\/schema\/person\/16212a617c73f78916b13194154243bd","name":"Redacci\u00f3n","sameAs":["http:\/\/Redacci\u00f3n"],"url":"https:\/\/aeronoticias.com.pe\/noticiero\/author\/celeste\/"}]}},"_links":{"self":[{"href":"https:\/\/aeronoticias.com.pe\/noticiero\/wp-json\/wp\/v2\/posts\/89070","targetHints":{"allow":["GET"]}}],"collection":[{"href":"https:\/\/aeronoticias.com.pe\/noticiero\/wp-json\/wp\/v2\/posts"}],"about":[{"href":"https:\/\/aeronoticias.com.pe\/noticiero\/wp-json\/wp\/v2\/types\/post"}],"author":[{"embeddable":true,"href":"https:\/\/aeronoticias.com.pe\/noticiero\/wp-json\/wp\/v2\/users\/3"}],"replies":[{"embeddable":true,"href":"https:\/\/aeronoticias.com.pe\/noticiero\/wp-json\/wp\/v2\/comments?post=89070"}],"version-history":[{"count":0,"href":"https:\/\/aeronoticias.com.pe\/noticiero\/wp-json\/wp\/v2\/posts\/89070\/revisions"}],"wp:featuredmedia":[{"embeddable":true,"href":"https:\/\/aeronoticias.com.pe\/noticiero\/wp-json\/wp\/v2\/media\/89071"}],"wp:attachment":[{"href":"https:\/\/aeronoticias.com.pe\/noticiero\/wp-json\/wp\/v2\/media?parent=89070"}],"wp:term":[{"taxonomy":"category","embeddable":true,"href":"https:\/\/aeronoticias.com.pe\/noticiero\/wp-json\/wp\/v2\/categories?post=89070"},{"taxonomy":"post_tag","embeddable":true,"href":"https:\/\/aeronoticias.com.pe\/noticiero\/wp-json\/wp\/v2\/tags?post=89070"}],"curies":[{"name":"wp","href":"https:\/\/api.w.org\/{rel}","templated":true}]}}