{"id":89200,"date":"2024-02-01T10:57:43","date_gmt":"2024-02-01T15:57:43","guid":{"rendered":"https:\/\/aeronoticias.com.pe\/noticiero\/?p=89200"},"modified":"2024-02-01T10:57:47","modified_gmt":"2024-02-01T15:57:47","slug":"finalmente-encontraron-los-restos-de-la-aeronave-de-amelia-earhart","status":"publish","type":"post","link":"https:\/\/aeronoticias.com.pe\/noticiero\/mundo\/mundo-mundo-2\/finalmente-encontraron-los-restos-de-la-aeronave-de-amelia-earhart\/","title":{"rendered":"\u00bfFinalmente encontraron los restos de la aeronave de Amelia Earhart?"},"content":{"rendered":"\n<p><strong>(Aeronoticias)<\/strong>: \u00bfQui\u00e9n no ha escuchado o leido por lo menos una vez acerca de\u00a0<strong>Amelia Earhart<\/strong>? Ella fue una pionera aviadora estadounidense, la primera mujer en volar sola sobre el Atl\u00e1ntico, cuya misteriosa desaparici\u00f3n en 1937 durante un intento de vuelo alrededor del mundo a bordo de su\u00a0<strong>Lockheed E-10 Electra<\/strong>, cre\u00f3 un enigma perdurable en la historia de la aviaci\u00f3n que hasta la fecha no tiene respuestas.<\/p>\n\n\n\n<figure class=\"wp-block-image\"><img decoding=\"async\" src=\"https:\/\/i0.wp.com\/aeronauticapy.com\/wp-content\/uploads\/2024\/01\/T5YZ32OBIFGODGLZ3SF4Y3PBTU-copia.jpg?resize=1024%2C662&amp;ssl=1\" alt=\"\"\/><\/figure>\n\n\n\n<p>Existen varias teor\u00edas sobre su desaparici\u00f3n. Algunos afirman que la aeronave se estrell\u00f3 en el oc\u00e9ano por falta de combustible, mientras que otras sugieren que fue capturada por el ej\u00e9rcito japon\u00e9s. Todo esto podr\u00eda llegar a su fin con la confirmaci\u00f3n de una posible pista que el sonar acu\u00e1tico de un submarino aut\u00f3nomo de la empresa\u00a0<strong>Deep Sea Vision<\/strong>\u00a0encontr\u00f3 en lo profundo del\u00a0<strong>Oc\u00e9ano Pac\u00edfico<\/strong>, a unos 161 kil\u00f3metros de la\u00a0<strong>Isla Howland<\/strong>.<\/p>\n\n\n\n<p>El submarino aut\u00f3nomo, llamado\u00a0<strong>Hugin 6000<\/strong>, utilizando su sistema sonar acu\u00e1tico, cartografiaba la superficie del oc\u00e9ano midiendo las distancias del lecho marino cuando detect\u00f3 anomal\u00edas a m\u00e1s de 4.887 metros bajo el agua. En la imagen enviada por el sonar, se puede observar lo que parece ser la silueta de una aeronave, pero dado que estas im\u00e1genes son representaciones de ondas sonoras y no fotograf\u00edas, a\u00fan no se tiene la certeza de si realmente se trata de una aeronave o si podr\u00eda ser simplemente una deformaci\u00f3n del lecho marino.<\/p>\n\n\n\n<p>Para resolver este misterio, la empresa Deep Sea Vision tiene previsto regresar con un ROV (Veh\u00edculo Operado a Control Remoto) equipado con c\u00e1maras este mismo a\u00f1o. Sin embargo, algunos expertos sugieren que podr\u00edan ser restos de una aeronave, aunque no necesariamente la de Amelia Earhart. En la imagen del sonar, se observa que las alas est\u00e1n barridas hacia atr\u00e1s en lugar de rectas como las del Electra; otro punto ser\u00eda que no se pueden observar algunas caracter\u00edsticas llamativas como los gigantescos motores gemelos<strong>&nbsp;Pratt &amp; Whitney R-985 Wasp Junior<\/strong>.<\/p>\n\n\n\n<p>El\u00a0<strong>2 de julio de 1937<\/strong>, Amelia Earhart, la intr\u00e9pida aviadora estadounidense, desapareci\u00f3 misteriosamente durante su intento de vuelo alrededor del mundo. Durante la etapa final de su traves\u00eda, volando sobre el Pac\u00edfico, Earhart y su navegante\u00a0<strong>Fred Noonan<\/strong>\u00a0perdieron contacto con el control de tierra. La \u00faltima comunicaci\u00f3n confirmada ocurri\u00f3 cuando estaban cerca de la Isla Howland. A pesar de los intensivos esfuerzos de b\u00fasqueda inmediatamente desplegados por la Marina de los Estados Unidos, no se encontraron rastros de Earhart, Noonan ni de su avi\u00f3n Lockheed Electra.<\/p>\n\n\n\n<p><strong>Fuente: aeronauticapy.com<\/strong><\/p>\n","protected":false},"excerpt":{"rendered":"<p>(Aeronoticias): \u00bfQui\u00e9n no ha escuchado o leido por lo menos una vez acerca de\u00a0Amelia Earhart? Ella fue una pionera aviadora estadounidense, la primera mujer en volar sola sobre el Atl\u00e1ntico, cuya misteriosa desaparici\u00f3n en 1937 durante un intento de vuelo alrededor del mundo a bordo de su\u00a0Lockheed E-10 Electra, cre\u00f3 un enigma perdurable en la [&hellip;]<\/p>\n","protected":false},"author":3,"featured_media":89201,"comment_status":"open","ping_status":"open","sticky":false,"template":"","format":"standard","meta":{"tdm_status":"","tdm_grid_status":"","footnotes":""},"categories":[64,65],"tags":[4727,4728,4012],"class_list":{"0":"post-89200","1":"post","2":"type-post","3":"status-publish","4":"format-standard","5":"has-post-thumbnail","7":"category-mundo-mundo","8":"category-mundo-mundo-2","9":"tag-amelia-earhart","10":"tag-isla-howland","11":"tag-oceano-pacifico"},"yoast_head":"<!-- This site is optimized with the Yoast SEO plugin v25.1 - https:\/\/yoast.com\/wordpress\/plugins\/seo\/ -->\n<title>\u00bfFinalmente encontraron los restos de la aeronave de Amelia Earhart?<\/title>\n<meta name=\"description\" content=\"Portal de noticias del Per\u00fa sobre el transporte a\u00e9reo, aviaci\u00f3n, turismo, hoteleria, actualidad.\" \/>\n<meta name=\"robots\" content=\"index, follow, max-snippet:-1, max-image-preview:large, max-video-preview:-1\" \/>\n<link rel=\"canonical\" href=\"https:\/\/aeronoticias.com.pe\/noticiero\/mundo\/mundo-mundo-2\/finalmente-encontraron-los-restos-de-la-aeronave-de-amelia-earhart\/\" \/>\n<meta property=\"og:locale\" content=\"es_ES\" \/>\n<meta property=\"og:type\" content=\"article\" \/>\n<meta property=\"og:title\" content=\"\u00bfFinalmente encontraron los restos de la aeronave de Amelia Earhart?\" \/>\n<meta property=\"og:description\" content=\"Portal de noticias del Per\u00fa sobre el transporte a\u00e9reo, aviaci\u00f3n, turismo, hoteleria, actualidad.\" \/>\n<meta property=\"og:url\" content=\"https:\/\/aeronoticias.com.pe\/noticiero\/mundo\/mundo-mundo-2\/finalmente-encontraron-los-restos-de-la-aeronave-de-amelia-earhart\/\" \/>\n<meta property=\"og:site_name\" content=\"Aeronoticias.com.pe\" \/>\n<meta property=\"article:publisher\" content=\"https:\/\/www.facebook.com\/Aeronoticias.com.pe\/\" \/>\n<meta property=\"article:published_time\" content=\"2024-02-01T15:57:43+00:00\" \/>\n<meta property=\"article:modified_time\" content=\"2024-02-01T15:57:47+00:00\" \/>\n<meta property=\"og:image\" content=\"https:\/\/aeronoticias.com.pe\/noticiero\/wp-content\/uploads\/2024\/02\/amelia.jpg\" \/>\n\t<meta property=\"og:image:width\" content=\"730\" \/>\n\t<meta property=\"og:image:height\" content=\"366\" \/>\n\t<meta property=\"og:image:type\" content=\"image\/jpeg\" \/>\n<meta name=\"author\" content=\"Redacci\u00f3n\" \/>\n<meta name=\"twitter:card\" content=\"summary_large_image\" \/>\n<meta name=\"twitter:creator\" content=\"@aeronoticias\" \/>\n<meta name=\"twitter:site\" content=\"@aeronoticias\" \/>\n<meta name=\"twitter:label1\" content=\"Escrito por\" \/>\n\t<meta name=\"twitter:data1\" content=\"Redacci\u00f3n\" \/>\n\t<meta name=\"twitter:label2\" content=\"Tiempo de lectura\" \/>\n\t<meta name=\"twitter:data2\" content=\"2 minutos\" \/>\n<script type=\"application\/ld+json\" class=\"yoast-schema-graph\">{\"@context\":\"https:\/\/schema.org\",\"@graph\":[{\"@type\":\"WebPage\",\"@id\":\"https:\/\/aeronoticias.com.pe\/noticiero\/mundo\/mundo-mundo-2\/finalmente-encontraron-los-restos-de-la-aeronave-de-amelia-earhart\/\",\"url\":\"https:\/\/aeronoticias.com.pe\/noticiero\/mundo\/mundo-mundo-2\/finalmente-encontraron-los-restos-de-la-aeronave-de-amelia-earhart\/\",\"name\":\"\u00bfFinalmente encontraron los restos de la aeronave de Amelia Earhart?\",\"isPartOf\":{\"@id\":\"https:\/\/aeronoticias.com.pe\/noticiero\/#website\"},\"primaryImageOfPage\":{\"@id\":\"https:\/\/aeronoticias.com.pe\/noticiero\/mundo\/mundo-mundo-2\/finalmente-encontraron-los-restos-de-la-aeronave-de-amelia-earhart\/#primaryimage\"},\"image\":{\"@id\":\"https:\/\/aeronoticias.com.pe\/noticiero\/mundo\/mundo-mundo-2\/finalmente-encontraron-los-restos-de-la-aeronave-de-amelia-earhart\/#primaryimage\"},\"thumbnailUrl\":\"https:\/\/aeronoticias.com.pe\/noticiero\/wp-content\/uploads\/2024\/02\/amelia.jpg\",\"datePublished\":\"2024-02-01T15:57:43+00:00\",\"dateModified\":\"2024-02-01T15:57:47+00:00\",\"author\":{\"@id\":\"https:\/\/aeronoticias.com.pe\/noticiero\/#\/schema\/person\/16212a617c73f78916b13194154243bd\"},\"description\":\"Portal de noticias del Per\u00fa sobre el transporte a\u00e9reo, aviaci\u00f3n, turismo, hoteleria, actualidad.\",\"breadcrumb\":{\"@id\":\"https:\/\/aeronoticias.com.pe\/noticiero\/mundo\/mundo-mundo-2\/finalmente-encontraron-los-restos-de-la-aeronave-de-amelia-earhart\/#breadcrumb\"},\"inLanguage\":\"es\",\"potentialAction\":[{\"@type\":\"ReadAction\",\"target\":[\"https:\/\/aeronoticias.com.pe\/noticiero\/mundo\/mundo-mundo-2\/finalmente-encontraron-los-restos-de-la-aeronave-de-amelia-earhart\/\"]}]},{\"@type\":\"ImageObject\",\"inLanguage\":\"es\",\"@id\":\"https:\/\/aeronoticias.com.pe\/noticiero\/mundo\/mundo-mundo-2\/finalmente-encontraron-los-restos-de-la-aeronave-de-amelia-earhart\/#primaryimage\",\"url\":\"https:\/\/aeronoticias.com.pe\/noticiero\/wp-content\/uploads\/2024\/02\/amelia.jpg\",\"contentUrl\":\"https:\/\/aeronoticias.com.pe\/noticiero\/wp-content\/uploads\/2024\/02\/amelia.jpg\",\"width\":730,\"height\":366},{\"@type\":\"BreadcrumbList\",\"@id\":\"https:\/\/aeronoticias.com.pe\/noticiero\/mundo\/mundo-mundo-2\/finalmente-encontraron-los-restos-de-la-aeronave-de-amelia-earhart\/#breadcrumb\",\"itemListElement\":[{\"@type\":\"ListItem\",\"position\":1,\"name\":\"Portada\",\"item\":\"https:\/\/aeronoticias.com.pe\/noticiero\/\"},{\"@type\":\"ListItem\",\"position\":2,\"name\":\"\u00bfFinalmente encontraron los restos de la aeronave de Amelia Earhart?\"}]},{\"@type\":\"WebSite\",\"@id\":\"https:\/\/aeronoticias.com.pe\/noticiero\/#website\",\"url\":\"https:\/\/aeronoticias.com.pe\/noticiero\/\",\"name\":\"Aeronoticias.com.pe\",\"description\":\"Noticias de tranporte aereo, turismo, hoteles, gastronomia, actualidad, internacional\",\"potentialAction\":[{\"@type\":\"SearchAction\",\"target\":{\"@type\":\"EntryPoint\",\"urlTemplate\":\"https:\/\/aeronoticias.com.pe\/noticiero\/?s={search_term_string}\"},\"query-input\":{\"@type\":\"PropertyValueSpecification\",\"valueRequired\":true,\"valueName\":\"search_term_string\"}}],\"inLanguage\":\"es\"},{\"@type\":\"Person\",\"@id\":\"https:\/\/aeronoticias.com.pe\/noticiero\/#\/schema\/person\/16212a617c73f78916b13194154243bd\",\"name\":\"Redacci\u00f3n\",\"sameAs\":[\"http:\/\/Redacci\u00f3n\"],\"url\":\"https:\/\/aeronoticias.com.pe\/noticiero\/author\/celeste\/\"}]}<\/script>\n<!-- \/ Yoast SEO plugin. -->","yoast_head_json":{"title":"\u00bfFinalmente encontraron los restos de la aeronave de Amelia Earhart?","description":"Portal de noticias del Per\u00fa sobre el transporte a\u00e9reo, aviaci\u00f3n, turismo, hoteleria, actualidad.","robots":{"index":"index","follow":"follow","max-snippet":"max-snippet:-1","max-image-preview":"max-image-preview:large","max-video-preview":"max-video-preview:-1"},"canonical":"https:\/\/aeronoticias.com.pe\/noticiero\/mundo\/mundo-mundo-2\/finalmente-encontraron-los-restos-de-la-aeronave-de-amelia-earhart\/","og_locale":"es_ES","og_type":"article","og_title":"\u00bfFinalmente encontraron los restos de la aeronave de Amelia Earhart?","og_description":"Portal de noticias del Per\u00fa sobre el transporte a\u00e9reo, aviaci\u00f3n, turismo, hoteleria, actualidad.","og_url":"https:\/\/aeronoticias.com.pe\/noticiero\/mundo\/mundo-mundo-2\/finalmente-encontraron-los-restos-de-la-aeronave-de-amelia-earhart\/","og_site_name":"Aeronoticias.com.pe","article_publisher":"https:\/\/www.facebook.com\/Aeronoticias.com.pe\/","article_published_time":"2024-02-01T15:57:43+00:00","article_modified_time":"2024-02-01T15:57:47+00:00","og_image":[{"width":730,"height":366,"url":"https:\/\/aeronoticias.com.pe\/noticiero\/wp-content\/uploads\/2024\/02\/amelia.jpg","type":"image\/jpeg"}],"author":"Redacci\u00f3n","twitter_card":"summary_large_image","twitter_creator":"@aeronoticias","twitter_site":"@aeronoticias","twitter_misc":{"Escrito por":"Redacci\u00f3n","Tiempo de lectura":"2 minutos"},"schema":{"@context":"https:\/\/schema.org","@graph":[{"@type":"WebPage","@id":"https:\/\/aeronoticias.com.pe\/noticiero\/mundo\/mundo-mundo-2\/finalmente-encontraron-los-restos-de-la-aeronave-de-amelia-earhart\/","url":"https:\/\/aeronoticias.com.pe\/noticiero\/mundo\/mundo-mundo-2\/finalmente-encontraron-los-restos-de-la-aeronave-de-amelia-earhart\/","name":"\u00bfFinalmente encontraron los restos de la aeronave de Amelia Earhart?","isPartOf":{"@id":"https:\/\/aeronoticias.com.pe\/noticiero\/#website"},"primaryImageOfPage":{"@id":"https:\/\/aeronoticias.com.pe\/noticiero\/mundo\/mundo-mundo-2\/finalmente-encontraron-los-restos-de-la-aeronave-de-amelia-earhart\/#primaryimage"},"image":{"@id":"https:\/\/aeronoticias.com.pe\/noticiero\/mundo\/mundo-mundo-2\/finalmente-encontraron-los-restos-de-la-aeronave-de-amelia-earhart\/#primaryimage"},"thumbnailUrl":"https:\/\/aeronoticias.com.pe\/noticiero\/wp-content\/uploads\/2024\/02\/amelia.jpg","datePublished":"2024-02-01T15:57:43+00:00","dateModified":"2024-02-01T15:57:47+00:00","author":{"@id":"https:\/\/aeronoticias.com.pe\/noticiero\/#\/schema\/person\/16212a617c73f78916b13194154243bd"},"description":"Portal de noticias del Per\u00fa sobre el transporte a\u00e9reo, aviaci\u00f3n, turismo, hoteleria, actualidad.","breadcrumb":{"@id":"https:\/\/aeronoticias.com.pe\/noticiero\/mundo\/mundo-mundo-2\/finalmente-encontraron-los-restos-de-la-aeronave-de-amelia-earhart\/#breadcrumb"},"inLanguage":"es","potentialAction":[{"@type":"ReadAction","target":["https:\/\/aeronoticias.com.pe\/noticiero\/mundo\/mundo-mundo-2\/finalmente-encontraron-los-restos-de-la-aeronave-de-amelia-earhart\/"]}]},{"@type":"ImageObject","inLanguage":"es","@id":"https:\/\/aeronoticias.com.pe\/noticiero\/mundo\/mundo-mundo-2\/finalmente-encontraron-los-restos-de-la-aeronave-de-amelia-earhart\/#primaryimage","url":"https:\/\/aeronoticias.com.pe\/noticiero\/wp-content\/uploads\/2024\/02\/amelia.jpg","contentUrl":"https:\/\/aeronoticias.com.pe\/noticiero\/wp-content\/uploads\/2024\/02\/amelia.jpg","width":730,"height":366},{"@type":"BreadcrumbList","@id":"https:\/\/aeronoticias.com.pe\/noticiero\/mundo\/mundo-mundo-2\/finalmente-encontraron-los-restos-de-la-aeronave-de-amelia-earhart\/#breadcrumb","itemListElement":[{"@type":"ListItem","position":1,"name":"Portada","item":"https:\/\/aeronoticias.com.pe\/noticiero\/"},{"@type":"ListItem","position":2,"name":"\u00bfFinalmente encontraron los restos de la aeronave de Amelia Earhart?"}]},{"@type":"WebSite","@id":"https:\/\/aeronoticias.com.pe\/noticiero\/#website","url":"https:\/\/aeronoticias.com.pe\/noticiero\/","name":"Aeronoticias.com.pe","description":"Noticias de tranporte aereo, turismo, hoteles, gastronomia, actualidad, internacional","potentialAction":[{"@type":"SearchAction","target":{"@type":"EntryPoint","urlTemplate":"https:\/\/aeronoticias.com.pe\/noticiero\/?s={search_term_string}"},"query-input":{"@type":"PropertyValueSpecification","valueRequired":true,"valueName":"search_term_string"}}],"inLanguage":"es"},{"@type":"Person","@id":"https:\/\/aeronoticias.com.pe\/noticiero\/#\/schema\/person\/16212a617c73f78916b13194154243bd","name":"Redacci\u00f3n","sameAs":["http:\/\/Redacci\u00f3n"],"url":"https:\/\/aeronoticias.com.pe\/noticiero\/author\/celeste\/"}]}},"_links":{"self":[{"href":"https:\/\/aeronoticias.com.pe\/noticiero\/wp-json\/wp\/v2\/posts\/89200","targetHints":{"allow":["GET"]}}],"collection":[{"href":"https:\/\/aeronoticias.com.pe\/noticiero\/wp-json\/wp\/v2\/posts"}],"about":[{"href":"https:\/\/aeronoticias.com.pe\/noticiero\/wp-json\/wp\/v2\/types\/post"}],"author":[{"embeddable":true,"href":"https:\/\/aeronoticias.com.pe\/noticiero\/wp-json\/wp\/v2\/users\/3"}],"replies":[{"embeddable":true,"href":"https:\/\/aeronoticias.com.pe\/noticiero\/wp-json\/wp\/v2\/comments?post=89200"}],"version-history":[{"count":0,"href":"https:\/\/aeronoticias.com.pe\/noticiero\/wp-json\/wp\/v2\/posts\/89200\/revisions"}],"wp:featuredmedia":[{"embeddable":true,"href":"https:\/\/aeronoticias.com.pe\/noticiero\/wp-json\/wp\/v2\/media\/89201"}],"wp:attachment":[{"href":"https:\/\/aeronoticias.com.pe\/noticiero\/wp-json\/wp\/v2\/media?parent=89200"}],"wp:term":[{"taxonomy":"category","embeddable":true,"href":"https:\/\/aeronoticias.com.pe\/noticiero\/wp-json\/wp\/v2\/categories?post=89200"},{"taxonomy":"post_tag","embeddable":true,"href":"https:\/\/aeronoticias.com.pe\/noticiero\/wp-json\/wp\/v2\/tags?post=89200"}],"curies":[{"name":"wp","href":"https:\/\/api.w.org\/{rel}","templated":true}]}}