{"id":89267,"date":"2024-02-06T14:37:46","date_gmt":"2024-02-06T19:37:46","guid":{"rendered":"https:\/\/aeronoticias.com.pe\/noticiero\/?p=89267"},"modified":"2024-02-06T14:43:28","modified_gmt":"2024-02-06T19:43:28","slug":"fallecio-sebastian-pinera-ex-presidente-de-chile-en-accidente-de-helicoptero","status":"publish","type":"post","link":"https:\/\/aeronoticias.com.pe\/noticiero\/ultimas\/fallecio-sebastian-pinera-ex-presidente-de-chile-en-accidente-de-helicoptero\/","title":{"rendered":"Falleci\u00f3 Sebasti\u00e1n Pi\u00f1era, ex presidente de Chile, en accidente de helic\u00f3ptero"},"content":{"rendered":"\n<p>(Aeronoticias)  Sebasti\u00e1n Pi\u00f1era, ex presidente de Chile, falleci\u00f3 en un accidente de helic\u00f3ptero seg\u00fan confirmaron fuentes chilenas. El accidente a\u00e9reo ocurri\u00f3 esta tarde en el sector rural de Ilihue, en localidad del Lago Ranco, regi\u00f3n de los R\u00edos, en Chile. El helic\u00f3ptero privado se cay\u00f3 en medio del cuerpo de agua, con al menos cuatro ocupantes.<\/p>\n\n\n\n<p>Seg\u00fan los primeros antecedentes, el helic\u00f3ptero era pilotado por el ex presidente chileno acompa\u00f1ado por otras tres personas, despeg\u00f3 en medio de una jornada de lluvia que afecta a la zona y, tras unos minutos de vuelo, perdi\u00f3 la sustentaci\u00f3n y cay\u00f3.<\/p>\n\n\n\n<p>De las tres personas, dos de ellas nadaron a la orilla y una tercera fue rescatada en el lago por un bote. Sin embargo, Pi\u00f1era no pudo desabrocharse el cintur\u00f3n de seguridad para salir del helic\u00f3ptero, seg\u00fan reportaron fuente chilenas.<\/p>\n","protected":false},"excerpt":{"rendered":"<p>(Aeronoticias) Sebasti\u00e1n Pi\u00f1era, ex presidente de Chile, falleci\u00f3 en un accidente de helic\u00f3ptero seg\u00fan confirmaron fuentes chilenas. El accidente a\u00e9reo ocurri\u00f3 esta tarde en el sector rural de Ilihue, en localidad del Lago Ranco, regi\u00f3n de los R\u00edos, en Chile. El helic\u00f3ptero privado se cay\u00f3 en medio del cuerpo de agua, con al menos cuatro [&hellip;]<\/p>\n","protected":false},"author":3,"featured_media":89271,"comment_status":"open","ping_status":"open","sticky":false,"template":"","format":"standard","meta":{"tdm_status":"","tdm_grid_status":"","footnotes":""},"categories":[8,30],"tags":[],"class_list":{"0":"post-89267","1":"post","2":"type-post","3":"status-publish","4":"format-standard","5":"has-post-thumbnail","7":"category-ultimas","8":"category-30"},"yoast_head":"<!-- This site is optimized with the Yoast SEO plugin v25.1 - https:\/\/yoast.com\/wordpress\/plugins\/seo\/ -->\n<title>Falleci\u00f3 Sebasti\u00e1n Pi\u00f1era, ex presidente de Chile, en accidente de helic\u00f3ptero<\/title>\n<meta name=\"description\" content=\"Sebasti\u00e1n Pi\u00f1era, ex presidente de Chile, falleci\u00f3 en un accidente de helic\u00f3ptero seg\u00fan confirmaron seg\u00fan fuentes chilenas.\" \/>\n<meta name=\"robots\" content=\"index, follow, max-snippet:-1, max-image-preview:large, max-video-preview:-1\" \/>\n<link rel=\"canonical\" href=\"https:\/\/aeronoticias.com.pe\/noticiero\/ultimas\/fallecio-sebastian-pinera-ex-presidente-de-chile-en-accidente-de-helicoptero\/\" \/>\n<meta property=\"og:locale\" content=\"es_ES\" \/>\n<meta property=\"og:type\" content=\"article\" \/>\n<meta property=\"og:title\" content=\"Falleci\u00f3 Sebasti\u00e1n Pi\u00f1era, ex presidente de Chile, en accidente de helic\u00f3ptero\" \/>\n<meta property=\"og:description\" content=\"Sebasti\u00e1n Pi\u00f1era, ex presidente de Chile, falleci\u00f3 en un accidente de helic\u00f3ptero seg\u00fan confirmaron seg\u00fan fuentes chilenas.\" \/>\n<meta property=\"og:url\" content=\"https:\/\/aeronoticias.com.pe\/noticiero\/ultimas\/fallecio-sebastian-pinera-ex-presidente-de-chile-en-accidente-de-helicoptero\/\" \/>\n<meta property=\"og:site_name\" content=\"Aeronoticias.com.pe\" \/>\n<meta property=\"article:publisher\" content=\"https:\/\/www.facebook.com\/Aeronoticias.com.pe\/\" \/>\n<meta property=\"article:published_time\" content=\"2024-02-06T19:37:46+00:00\" \/>\n<meta property=\"article:modified_time\" content=\"2024-02-06T19:43:28+00:00\" \/>\n<meta property=\"og:image\" content=\"https:\/\/aeronoticias.com.pe\/noticiero\/wp-content\/uploads\/2024\/02\/pinera.jpg\" \/>\n\t<meta property=\"og:image:width\" content=\"940\" \/>\n\t<meta property=\"og:image:height\" content=\"585\" \/>\n\t<meta property=\"og:image:type\" content=\"image\/jpeg\" \/>\n<meta name=\"author\" content=\"Redacci\u00f3n\" \/>\n<meta name=\"twitter:card\" content=\"summary_large_image\" \/>\n<meta name=\"twitter:creator\" content=\"@aeronoticias\" \/>\n<meta name=\"twitter:site\" content=\"@aeronoticias\" \/>\n<meta name=\"twitter:label1\" content=\"Escrito por\" \/>\n\t<meta name=\"twitter:data1\" content=\"Redacci\u00f3n\" \/>\n\t<meta name=\"twitter:label2\" content=\"Tiempo de lectura\" \/>\n\t<meta name=\"twitter:data2\" content=\"1 minuto\" \/>\n<script type=\"application\/ld+json\" class=\"yoast-schema-graph\">{\"@context\":\"https:\/\/schema.org\",\"@graph\":[{\"@type\":\"WebPage\",\"@id\":\"https:\/\/aeronoticias.com.pe\/noticiero\/ultimas\/fallecio-sebastian-pinera-ex-presidente-de-chile-en-accidente-de-helicoptero\/\",\"url\":\"https:\/\/aeronoticias.com.pe\/noticiero\/ultimas\/fallecio-sebastian-pinera-ex-presidente-de-chile-en-accidente-de-helicoptero\/\",\"name\":\"Falleci\u00f3 Sebasti\u00e1n Pi\u00f1era, ex presidente de Chile, en accidente de helic\u00f3ptero\",\"isPartOf\":{\"@id\":\"https:\/\/aeronoticias.com.pe\/noticiero\/#website\"},\"primaryImageOfPage\":{\"@id\":\"https:\/\/aeronoticias.com.pe\/noticiero\/ultimas\/fallecio-sebastian-pinera-ex-presidente-de-chile-en-accidente-de-helicoptero\/#primaryimage\"},\"image\":{\"@id\":\"https:\/\/aeronoticias.com.pe\/noticiero\/ultimas\/fallecio-sebastian-pinera-ex-presidente-de-chile-en-accidente-de-helicoptero\/#primaryimage\"},\"thumbnailUrl\":\"https:\/\/aeronoticias.com.pe\/noticiero\/wp-content\/uploads\/2024\/02\/pinera.jpg\",\"datePublished\":\"2024-02-06T19:37:46+00:00\",\"dateModified\":\"2024-02-06T19:43:28+00:00\",\"author\":{\"@id\":\"https:\/\/aeronoticias.com.pe\/noticiero\/#\/schema\/person\/16212a617c73f78916b13194154243bd\"},\"description\":\"Sebasti\u00e1n Pi\u00f1era, ex presidente de Chile, falleci\u00f3 en un accidente de helic\u00f3ptero seg\u00fan confirmaron seg\u00fan fuentes chilenas.\",\"breadcrumb\":{\"@id\":\"https:\/\/aeronoticias.com.pe\/noticiero\/ultimas\/fallecio-sebastian-pinera-ex-presidente-de-chile-en-accidente-de-helicoptero\/#breadcrumb\"},\"inLanguage\":\"es\",\"potentialAction\":[{\"@type\":\"ReadAction\",\"target\":[\"https:\/\/aeronoticias.com.pe\/noticiero\/ultimas\/fallecio-sebastian-pinera-ex-presidente-de-chile-en-accidente-de-helicoptero\/\"]}]},{\"@type\":\"ImageObject\",\"inLanguage\":\"es\",\"@id\":\"https:\/\/aeronoticias.com.pe\/noticiero\/ultimas\/fallecio-sebastian-pinera-ex-presidente-de-chile-en-accidente-de-helicoptero\/#primaryimage\",\"url\":\"https:\/\/aeronoticias.com.pe\/noticiero\/wp-content\/uploads\/2024\/02\/pinera.jpg\",\"contentUrl\":\"https:\/\/aeronoticias.com.pe\/noticiero\/wp-content\/uploads\/2024\/02\/pinera.jpg\",\"width\":940,\"height\":585},{\"@type\":\"BreadcrumbList\",\"@id\":\"https:\/\/aeronoticias.com.pe\/noticiero\/ultimas\/fallecio-sebastian-pinera-ex-presidente-de-chile-en-accidente-de-helicoptero\/#breadcrumb\",\"itemListElement\":[{\"@type\":\"ListItem\",\"position\":1,\"name\":\"Portada\",\"item\":\"https:\/\/aeronoticias.com.pe\/noticiero\/\"},{\"@type\":\"ListItem\",\"position\":2,\"name\":\"Falleci\u00f3 Sebasti\u00e1n Pi\u00f1era, ex presidente de Chile, en accidente de helic\u00f3ptero\"}]},{\"@type\":\"WebSite\",\"@id\":\"https:\/\/aeronoticias.com.pe\/noticiero\/#website\",\"url\":\"https:\/\/aeronoticias.com.pe\/noticiero\/\",\"name\":\"Aeronoticias.com.pe\",\"description\":\"Noticias de tranporte aereo, turismo, hoteles, gastronomia, actualidad, internacional\",\"potentialAction\":[{\"@type\":\"SearchAction\",\"target\":{\"@type\":\"EntryPoint\",\"urlTemplate\":\"https:\/\/aeronoticias.com.pe\/noticiero\/?s={search_term_string}\"},\"query-input\":{\"@type\":\"PropertyValueSpecification\",\"valueRequired\":true,\"valueName\":\"search_term_string\"}}],\"inLanguage\":\"es\"},{\"@type\":\"Person\",\"@id\":\"https:\/\/aeronoticias.com.pe\/noticiero\/#\/schema\/person\/16212a617c73f78916b13194154243bd\",\"name\":\"Redacci\u00f3n\",\"sameAs\":[\"http:\/\/Redacci\u00f3n\"],\"url\":\"https:\/\/aeronoticias.com.pe\/noticiero\/author\/celeste\/\"}]}<\/script>\n<!-- \/ Yoast SEO plugin. -->","yoast_head_json":{"title":"Falleci\u00f3 Sebasti\u00e1n Pi\u00f1era, ex presidente de Chile, en accidente de helic\u00f3ptero","description":"Sebasti\u00e1n Pi\u00f1era, ex presidente de Chile, falleci\u00f3 en un accidente de helic\u00f3ptero seg\u00fan confirmaron seg\u00fan fuentes chilenas.","robots":{"index":"index","follow":"follow","max-snippet":"max-snippet:-1","max-image-preview":"max-image-preview:large","max-video-preview":"max-video-preview:-1"},"canonical":"https:\/\/aeronoticias.com.pe\/noticiero\/ultimas\/fallecio-sebastian-pinera-ex-presidente-de-chile-en-accidente-de-helicoptero\/","og_locale":"es_ES","og_type":"article","og_title":"Falleci\u00f3 Sebasti\u00e1n Pi\u00f1era, ex presidente de Chile, en accidente de helic\u00f3ptero","og_description":"Sebasti\u00e1n Pi\u00f1era, ex presidente de Chile, falleci\u00f3 en un accidente de helic\u00f3ptero seg\u00fan confirmaron seg\u00fan fuentes chilenas.","og_url":"https:\/\/aeronoticias.com.pe\/noticiero\/ultimas\/fallecio-sebastian-pinera-ex-presidente-de-chile-en-accidente-de-helicoptero\/","og_site_name":"Aeronoticias.com.pe","article_publisher":"https:\/\/www.facebook.com\/Aeronoticias.com.pe\/","article_published_time":"2024-02-06T19:37:46+00:00","article_modified_time":"2024-02-06T19:43:28+00:00","og_image":[{"width":940,"height":585,"url":"https:\/\/aeronoticias.com.pe\/noticiero\/wp-content\/uploads\/2024\/02\/pinera.jpg","type":"image\/jpeg"}],"author":"Redacci\u00f3n","twitter_card":"summary_large_image","twitter_creator":"@aeronoticias","twitter_site":"@aeronoticias","twitter_misc":{"Escrito por":"Redacci\u00f3n","Tiempo de lectura":"1 minuto"},"schema":{"@context":"https:\/\/schema.org","@graph":[{"@type":"WebPage","@id":"https:\/\/aeronoticias.com.pe\/noticiero\/ultimas\/fallecio-sebastian-pinera-ex-presidente-de-chile-en-accidente-de-helicoptero\/","url":"https:\/\/aeronoticias.com.pe\/noticiero\/ultimas\/fallecio-sebastian-pinera-ex-presidente-de-chile-en-accidente-de-helicoptero\/","name":"Falleci\u00f3 Sebasti\u00e1n Pi\u00f1era, ex presidente de Chile, en accidente de helic\u00f3ptero","isPartOf":{"@id":"https:\/\/aeronoticias.com.pe\/noticiero\/#website"},"primaryImageOfPage":{"@id":"https:\/\/aeronoticias.com.pe\/noticiero\/ultimas\/fallecio-sebastian-pinera-ex-presidente-de-chile-en-accidente-de-helicoptero\/#primaryimage"},"image":{"@id":"https:\/\/aeronoticias.com.pe\/noticiero\/ultimas\/fallecio-sebastian-pinera-ex-presidente-de-chile-en-accidente-de-helicoptero\/#primaryimage"},"thumbnailUrl":"https:\/\/aeronoticias.com.pe\/noticiero\/wp-content\/uploads\/2024\/02\/pinera.jpg","datePublished":"2024-02-06T19:37:46+00:00","dateModified":"2024-02-06T19:43:28+00:00","author":{"@id":"https:\/\/aeronoticias.com.pe\/noticiero\/#\/schema\/person\/16212a617c73f78916b13194154243bd"},"description":"Sebasti\u00e1n Pi\u00f1era, ex presidente de Chile, falleci\u00f3 en un accidente de helic\u00f3ptero seg\u00fan confirmaron seg\u00fan fuentes chilenas.","breadcrumb":{"@id":"https:\/\/aeronoticias.com.pe\/noticiero\/ultimas\/fallecio-sebastian-pinera-ex-presidente-de-chile-en-accidente-de-helicoptero\/#breadcrumb"},"inLanguage":"es","potentialAction":[{"@type":"ReadAction","target":["https:\/\/aeronoticias.com.pe\/noticiero\/ultimas\/fallecio-sebastian-pinera-ex-presidente-de-chile-en-accidente-de-helicoptero\/"]}]},{"@type":"ImageObject","inLanguage":"es","@id":"https:\/\/aeronoticias.com.pe\/noticiero\/ultimas\/fallecio-sebastian-pinera-ex-presidente-de-chile-en-accidente-de-helicoptero\/#primaryimage","url":"https:\/\/aeronoticias.com.pe\/noticiero\/wp-content\/uploads\/2024\/02\/pinera.jpg","contentUrl":"https:\/\/aeronoticias.com.pe\/noticiero\/wp-content\/uploads\/2024\/02\/pinera.jpg","width":940,"height":585},{"@type":"BreadcrumbList","@id":"https:\/\/aeronoticias.com.pe\/noticiero\/ultimas\/fallecio-sebastian-pinera-ex-presidente-de-chile-en-accidente-de-helicoptero\/#breadcrumb","itemListElement":[{"@type":"ListItem","position":1,"name":"Portada","item":"https:\/\/aeronoticias.com.pe\/noticiero\/"},{"@type":"ListItem","position":2,"name":"Falleci\u00f3 Sebasti\u00e1n Pi\u00f1era, ex presidente de Chile, en accidente de helic\u00f3ptero"}]},{"@type":"WebSite","@id":"https:\/\/aeronoticias.com.pe\/noticiero\/#website","url":"https:\/\/aeronoticias.com.pe\/noticiero\/","name":"Aeronoticias.com.pe","description":"Noticias de tranporte aereo, turismo, hoteles, gastronomia, actualidad, internacional","potentialAction":[{"@type":"SearchAction","target":{"@type":"EntryPoint","urlTemplate":"https:\/\/aeronoticias.com.pe\/noticiero\/?s={search_term_string}"},"query-input":{"@type":"PropertyValueSpecification","valueRequired":true,"valueName":"search_term_string"}}],"inLanguage":"es"},{"@type":"Person","@id":"https:\/\/aeronoticias.com.pe\/noticiero\/#\/schema\/person\/16212a617c73f78916b13194154243bd","name":"Redacci\u00f3n","sameAs":["http:\/\/Redacci\u00f3n"],"url":"https:\/\/aeronoticias.com.pe\/noticiero\/author\/celeste\/"}]}},"_links":{"self":[{"href":"https:\/\/aeronoticias.com.pe\/noticiero\/wp-json\/wp\/v2\/posts\/89267","targetHints":{"allow":["GET"]}}],"collection":[{"href":"https:\/\/aeronoticias.com.pe\/noticiero\/wp-json\/wp\/v2\/posts"}],"about":[{"href":"https:\/\/aeronoticias.com.pe\/noticiero\/wp-json\/wp\/v2\/types\/post"}],"author":[{"embeddable":true,"href":"https:\/\/aeronoticias.com.pe\/noticiero\/wp-json\/wp\/v2\/users\/3"}],"replies":[{"embeddable":true,"href":"https:\/\/aeronoticias.com.pe\/noticiero\/wp-json\/wp\/v2\/comments?post=89267"}],"version-history":[{"count":0,"href":"https:\/\/aeronoticias.com.pe\/noticiero\/wp-json\/wp\/v2\/posts\/89267\/revisions"}],"wp:featuredmedia":[{"embeddable":true,"href":"https:\/\/aeronoticias.com.pe\/noticiero\/wp-json\/wp\/v2\/media\/89271"}],"wp:attachment":[{"href":"https:\/\/aeronoticias.com.pe\/noticiero\/wp-json\/wp\/v2\/media?parent=89267"}],"wp:term":[{"taxonomy":"category","embeddable":true,"href":"https:\/\/aeronoticias.com.pe\/noticiero\/wp-json\/wp\/v2\/categories?post=89267"},{"taxonomy":"post_tag","embeddable":true,"href":"https:\/\/aeronoticias.com.pe\/noticiero\/wp-json\/wp\/v2\/tags?post=89267"}],"curies":[{"name":"wp","href":"https:\/\/api.w.org\/{rel}","templated":true}]}}