{"id":89278,"date":"2024-02-07T10:08:59","date_gmt":"2024-02-07T15:08:59","guid":{"rendered":"https:\/\/aeronoticias.com.pe\/noticiero\/?p=89278"},"modified":"2024-02-07T10:09:03","modified_gmt":"2024-02-07T15:09:03","slug":"cual-es-el-panorama-en-el-aeropuerto-jorge-chavez-tras-una-noche-con-algunos-vuelos-reprogramados","status":"publish","type":"post","link":"https:\/\/aeronoticias.com.pe\/noticiero\/transporte-aereo\/cual-es-el-panorama-en-el-aeropuerto-jorge-chavez-tras-una-noche-con-algunos-vuelos-reprogramados\/","title":{"rendered":"\u00bfCu\u00e1l es el panorama en el Aeropuerto Jorge Ch\u00e1vez tras una noche con algunos vuelos reprogramados?"},"content":{"rendered":"\n<p><strong>(Aeronoticias)<\/strong>: Un equipo de\u00a0<em>RPP<\/em>\u00a0lleg\u00f3 hasta el\u00a0<a href=\"https:\/\/rpp.pe\/noticias\/aeropuerto-jorge-chavez?ref=rpp\">Aeropuerto Internacional Jorge Ch\u00e1vez<\/a>\u00a0tras una noche con numerosos pasajeros denunciaron la reprogramaci\u00f3n intempestiva de sus vuelos con la\u00a0<strong>aerol\u00ednea SKY<\/strong>.<\/p>\n\n\n\n<p>El&nbsp;<a href=\"https:\/\/rpp.pe\/noticias\/aeropuerto-internacional-jorge-chavez\">Aeropuerto Internacional Jorge Ch\u00e1vez&nbsp;<\/a>registra este mi\u00e9rcoles algunos vuelos cancelados de la&nbsp;<strong>aerol\u00ednea SKY<\/strong>&nbsp;tras una noche con por lo menos tres vuelos con retrasos y reprogramaciones, que caus\u00f3 incertidumbre en los pasajeros de la citada empresa.<\/p>\n\n\n\n<p>Un equipo de\u00a0<em>RPP<\/em>\u00a0constat\u00f3 que el vuelo de Lima-Arequipa programado para hoy las 4:40 de la ma\u00f1ana se hab\u00eda cancelado. La misma situaci\u00f3n se daba para el vuelo Lima-Piura. Esto, a pesar que en el counter de\u00a0<strong>SKY<\/strong>\u00a0inform\u00f3 que se estaba llamando a los pasajeros para proceder a ingresar a sala de embarques.<\/p>\n\n\n\n<p>Por ejemplo, una delegaci\u00f3n que viajaba a Puno para participar en honor de la Virgen de la Candelaria sufri\u00f3 la reprogramaci\u00f3n de su vuelo a partir de las 3 de la tarde del martes. Sin embargo, los integrantes de las comparsas fueron notificados por la aerol\u00ednea y regresaron esta ma\u00f1ana para abordar un avi\u00f3n.<\/p>\n\n\n\n<h2 class=\"wp-block-heading\"><strong>\u00abLamentamos las molestias\u00bb<\/strong><\/h2>\n\n\n\n<p>\u00abLa aerol\u00ednea\u00a0<strong>SKY<\/strong>\u00a0se\u00f1al\u00f3 que el martes 6 de febrero algunos de sus vuelos se vieron impactados \u00abpor motivos operacionales y en pro de la seguridad operacional\u00bb.<\/p>\n\n\n\n<p>Lamentamos las molestias que esta situaci\u00f3n ha ocasionado en nuestros pasajeros. Como compa\u00f1\u00eda, los alertamos sobre los cambios en sus itinerarios y entregamos los servicios correspondientes, de acuerdo a ley\u00bb, precis\u00f3 en un comunicado.<\/p>\n\n\n\n<p>Asimismo, afirm\u00f3 que su equipo atendi\u00f3 a los pasajeros, ofreci\u00e9ndoles reprogramaciones, as\u00ed como otras medidas de flexibilidad, tales como devoluci\u00f3n en voucher o al mismo medio de pago, de acuerdo a su elecci\u00f3n.<\/p>\n\n\n\n<p>\u00abPara cualquier informaci\u00f3n adicional, les solicitamos dirigirse al chat web\u00bb, expres\u00f3.<\/p>\n\n\n\n<p>\u00abEn\u00a0<strong>SKY<\/strong>, sentimos las molestias que este evento ha ocasionado en nuestros pasajeros y reiteramos nuestro compromiso con la seguridad de nuestras operaciones\u00bb, finaliz\u00f3.<\/p>\n\n\n\n<p><strong>Fuente: rpp.pe<\/strong><\/p>\n","protected":false},"excerpt":{"rendered":"<p>(Aeronoticias): Un equipo de\u00a0RPP\u00a0lleg\u00f3 hasta el\u00a0Aeropuerto Internacional Jorge Ch\u00e1vez\u00a0tras una noche con numerosos pasajeros denunciaron la reprogramaci\u00f3n intempestiva de sus vuelos con la\u00a0aerol\u00ednea SKY. El&nbsp;Aeropuerto Internacional Jorge Ch\u00e1vez&nbsp;registra este mi\u00e9rcoles algunos vuelos cancelados de la&nbsp;aerol\u00ednea SKY&nbsp;tras una noche con por lo menos tres vuelos con retrasos y reprogramaciones, que caus\u00f3 incertidumbre en los pasajeros de [&hellip;]<\/p>\n","protected":false},"author":3,"featured_media":89279,"comment_status":"open","ping_status":"open","sticky":false,"template":"","format":"standard","meta":{"tdm_status":"","tdm_grid_status":"","footnotes":""},"categories":[51,11],"tags":[2903,394,4761],"class_list":{"0":"post-89278","1":"post","2":"type-post","3":"status-publish","4":"format-standard","5":"has-post-thumbnail","7":"category-nacional","8":"category-transporte-aereo","9":"tag-aerolinea-sky","10":"tag-aeropuerto-jorge-chavez-2","11":"tag-vuelos-nacionales"},"yoast_head":"<!-- This site is optimized with the Yoast SEO plugin v25.1 - https:\/\/yoast.com\/wordpress\/plugins\/seo\/ -->\n<title>\u00bfCu\u00e1l es el panorama en el Aeropuerto Jorge Ch\u00e1vez tras una noche con algunos vuelos reprogramados?<\/title>\n<meta name=\"description\" content=\"Portal de noticias del Per\u00fa sobre el transporte a\u00e9reo, aviaci\u00f3n, turismo, hoteleria, actualidad.\" \/>\n<meta name=\"robots\" content=\"index, follow, max-snippet:-1, max-image-preview:large, max-video-preview:-1\" \/>\n<link rel=\"canonical\" href=\"https:\/\/aeronoticias.com.pe\/noticiero\/transporte-aereo\/cual-es-el-panorama-en-el-aeropuerto-jorge-chavez-tras-una-noche-con-algunos-vuelos-reprogramados\/\" \/>\n<meta property=\"og:locale\" content=\"es_ES\" \/>\n<meta property=\"og:type\" content=\"article\" \/>\n<meta property=\"og:title\" content=\"\u00bfCu\u00e1l es el panorama en el Aeropuerto Jorge Ch\u00e1vez tras una noche con algunos vuelos reprogramados?\" \/>\n<meta property=\"og:description\" content=\"Portal de noticias del Per\u00fa sobre el transporte a\u00e9reo, aviaci\u00f3n, turismo, hoteleria, actualidad.\" \/>\n<meta property=\"og:url\" content=\"https:\/\/aeronoticias.com.pe\/noticiero\/transporte-aereo\/cual-es-el-panorama-en-el-aeropuerto-jorge-chavez-tras-una-noche-con-algunos-vuelos-reprogramados\/\" \/>\n<meta property=\"og:site_name\" content=\"Aeronoticias.com.pe\" \/>\n<meta property=\"article:publisher\" content=\"https:\/\/www.facebook.com\/Aeronoticias.com.pe\/\" \/>\n<meta property=\"article:published_time\" content=\"2024-02-07T15:08:59+00:00\" \/>\n<meta property=\"article:modified_time\" content=\"2024-02-07T15:09:03+00:00\" \/>\n<meta property=\"og:image\" content=\"https:\/\/aeronoticias.com.pe\/noticiero\/wp-content\/uploads\/2024\/02\/rpp.jpg\" \/>\n\t<meta property=\"og:image:width\" content=\"1200\" \/>\n\t<meta property=\"og:image:height\" content=\"675\" \/>\n\t<meta property=\"og:image:type\" content=\"image\/jpeg\" \/>\n<meta name=\"author\" content=\"Redacci\u00f3n\" \/>\n<meta name=\"twitter:card\" content=\"summary_large_image\" \/>\n<meta name=\"twitter:creator\" content=\"@aeronoticias\" \/>\n<meta name=\"twitter:site\" content=\"@aeronoticias\" \/>\n<meta name=\"twitter:label1\" content=\"Escrito por\" \/>\n\t<meta name=\"twitter:data1\" content=\"Redacci\u00f3n\" \/>\n\t<meta name=\"twitter:label2\" content=\"Tiempo de lectura\" \/>\n\t<meta name=\"twitter:data2\" content=\"2 minutos\" \/>\n<script type=\"application\/ld+json\" class=\"yoast-schema-graph\">{\"@context\":\"https:\/\/schema.org\",\"@graph\":[{\"@type\":\"WebPage\",\"@id\":\"https:\/\/aeronoticias.com.pe\/noticiero\/transporte-aereo\/cual-es-el-panorama-en-el-aeropuerto-jorge-chavez-tras-una-noche-con-algunos-vuelos-reprogramados\/\",\"url\":\"https:\/\/aeronoticias.com.pe\/noticiero\/transporte-aereo\/cual-es-el-panorama-en-el-aeropuerto-jorge-chavez-tras-una-noche-con-algunos-vuelos-reprogramados\/\",\"name\":\"\u00bfCu\u00e1l es el panorama en el Aeropuerto Jorge Ch\u00e1vez tras una noche con algunos vuelos reprogramados?\",\"isPartOf\":{\"@id\":\"https:\/\/aeronoticias.com.pe\/noticiero\/#website\"},\"primaryImageOfPage\":{\"@id\":\"https:\/\/aeronoticias.com.pe\/noticiero\/transporte-aereo\/cual-es-el-panorama-en-el-aeropuerto-jorge-chavez-tras-una-noche-con-algunos-vuelos-reprogramados\/#primaryimage\"},\"image\":{\"@id\":\"https:\/\/aeronoticias.com.pe\/noticiero\/transporte-aereo\/cual-es-el-panorama-en-el-aeropuerto-jorge-chavez-tras-una-noche-con-algunos-vuelos-reprogramados\/#primaryimage\"},\"thumbnailUrl\":\"https:\/\/aeronoticias.com.pe\/noticiero\/wp-content\/uploads\/2024\/02\/rpp.jpg\",\"datePublished\":\"2024-02-07T15:08:59+00:00\",\"dateModified\":\"2024-02-07T15:09:03+00:00\",\"author\":{\"@id\":\"https:\/\/aeronoticias.com.pe\/noticiero\/#\/schema\/person\/16212a617c73f78916b13194154243bd\"},\"description\":\"Portal de noticias del Per\u00fa sobre el transporte a\u00e9reo, aviaci\u00f3n, turismo, hoteleria, actualidad.\",\"breadcrumb\":{\"@id\":\"https:\/\/aeronoticias.com.pe\/noticiero\/transporte-aereo\/cual-es-el-panorama-en-el-aeropuerto-jorge-chavez-tras-una-noche-con-algunos-vuelos-reprogramados\/#breadcrumb\"},\"inLanguage\":\"es\",\"potentialAction\":[{\"@type\":\"ReadAction\",\"target\":[\"https:\/\/aeronoticias.com.pe\/noticiero\/transporte-aereo\/cual-es-el-panorama-en-el-aeropuerto-jorge-chavez-tras-una-noche-con-algunos-vuelos-reprogramados\/\"]}]},{\"@type\":\"ImageObject\",\"inLanguage\":\"es\",\"@id\":\"https:\/\/aeronoticias.com.pe\/noticiero\/transporte-aereo\/cual-es-el-panorama-en-el-aeropuerto-jorge-chavez-tras-una-noche-con-algunos-vuelos-reprogramados\/#primaryimage\",\"url\":\"https:\/\/aeronoticias.com.pe\/noticiero\/wp-content\/uploads\/2024\/02\/rpp.jpg\",\"contentUrl\":\"https:\/\/aeronoticias.com.pe\/noticiero\/wp-content\/uploads\/2024\/02\/rpp.jpg\",\"width\":1200,\"height\":675},{\"@type\":\"BreadcrumbList\",\"@id\":\"https:\/\/aeronoticias.com.pe\/noticiero\/transporte-aereo\/cual-es-el-panorama-en-el-aeropuerto-jorge-chavez-tras-una-noche-con-algunos-vuelos-reprogramados\/#breadcrumb\",\"itemListElement\":[{\"@type\":\"ListItem\",\"position\":1,\"name\":\"Portada\",\"item\":\"https:\/\/aeronoticias.com.pe\/noticiero\/\"},{\"@type\":\"ListItem\",\"position\":2,\"name\":\"\u00bfCu\u00e1l es el panorama en el Aeropuerto Jorge Ch\u00e1vez tras una noche con algunos vuelos reprogramados?\"}]},{\"@type\":\"WebSite\",\"@id\":\"https:\/\/aeronoticias.com.pe\/noticiero\/#website\",\"url\":\"https:\/\/aeronoticias.com.pe\/noticiero\/\",\"name\":\"Aeronoticias.com.pe\",\"description\":\"Noticias de tranporte aereo, turismo, hoteles, gastronomia, actualidad, internacional\",\"potentialAction\":[{\"@type\":\"SearchAction\",\"target\":{\"@type\":\"EntryPoint\",\"urlTemplate\":\"https:\/\/aeronoticias.com.pe\/noticiero\/?s={search_term_string}\"},\"query-input\":{\"@type\":\"PropertyValueSpecification\",\"valueRequired\":true,\"valueName\":\"search_term_string\"}}],\"inLanguage\":\"es\"},{\"@type\":\"Person\",\"@id\":\"https:\/\/aeronoticias.com.pe\/noticiero\/#\/schema\/person\/16212a617c73f78916b13194154243bd\",\"name\":\"Redacci\u00f3n\",\"sameAs\":[\"http:\/\/Redacci\u00f3n\"],\"url\":\"https:\/\/aeronoticias.com.pe\/noticiero\/author\/celeste\/\"}]}<\/script>\n<!-- \/ Yoast SEO plugin. -->","yoast_head_json":{"title":"\u00bfCu\u00e1l es el panorama en el Aeropuerto Jorge Ch\u00e1vez tras una noche con algunos vuelos reprogramados?","description":"Portal de noticias del Per\u00fa sobre el transporte a\u00e9reo, aviaci\u00f3n, turismo, hoteleria, actualidad.","robots":{"index":"index","follow":"follow","max-snippet":"max-snippet:-1","max-image-preview":"max-image-preview:large","max-video-preview":"max-video-preview:-1"},"canonical":"https:\/\/aeronoticias.com.pe\/noticiero\/transporte-aereo\/cual-es-el-panorama-en-el-aeropuerto-jorge-chavez-tras-una-noche-con-algunos-vuelos-reprogramados\/","og_locale":"es_ES","og_type":"article","og_title":"\u00bfCu\u00e1l es el panorama en el Aeropuerto Jorge Ch\u00e1vez tras una noche con algunos vuelos reprogramados?","og_description":"Portal de noticias del Per\u00fa sobre el transporte a\u00e9reo, aviaci\u00f3n, turismo, hoteleria, actualidad.","og_url":"https:\/\/aeronoticias.com.pe\/noticiero\/transporte-aereo\/cual-es-el-panorama-en-el-aeropuerto-jorge-chavez-tras-una-noche-con-algunos-vuelos-reprogramados\/","og_site_name":"Aeronoticias.com.pe","article_publisher":"https:\/\/www.facebook.com\/Aeronoticias.com.pe\/","article_published_time":"2024-02-07T15:08:59+00:00","article_modified_time":"2024-02-07T15:09:03+00:00","og_image":[{"width":1200,"height":675,"url":"https:\/\/aeronoticias.com.pe\/noticiero\/wp-content\/uploads\/2024\/02\/rpp.jpg","type":"image\/jpeg"}],"author":"Redacci\u00f3n","twitter_card":"summary_large_image","twitter_creator":"@aeronoticias","twitter_site":"@aeronoticias","twitter_misc":{"Escrito por":"Redacci\u00f3n","Tiempo de lectura":"2 minutos"},"schema":{"@context":"https:\/\/schema.org","@graph":[{"@type":"WebPage","@id":"https:\/\/aeronoticias.com.pe\/noticiero\/transporte-aereo\/cual-es-el-panorama-en-el-aeropuerto-jorge-chavez-tras-una-noche-con-algunos-vuelos-reprogramados\/","url":"https:\/\/aeronoticias.com.pe\/noticiero\/transporte-aereo\/cual-es-el-panorama-en-el-aeropuerto-jorge-chavez-tras-una-noche-con-algunos-vuelos-reprogramados\/","name":"\u00bfCu\u00e1l es el panorama en el Aeropuerto Jorge Ch\u00e1vez tras una noche con algunos vuelos reprogramados?","isPartOf":{"@id":"https:\/\/aeronoticias.com.pe\/noticiero\/#website"},"primaryImageOfPage":{"@id":"https:\/\/aeronoticias.com.pe\/noticiero\/transporte-aereo\/cual-es-el-panorama-en-el-aeropuerto-jorge-chavez-tras-una-noche-con-algunos-vuelos-reprogramados\/#primaryimage"},"image":{"@id":"https:\/\/aeronoticias.com.pe\/noticiero\/transporte-aereo\/cual-es-el-panorama-en-el-aeropuerto-jorge-chavez-tras-una-noche-con-algunos-vuelos-reprogramados\/#primaryimage"},"thumbnailUrl":"https:\/\/aeronoticias.com.pe\/noticiero\/wp-content\/uploads\/2024\/02\/rpp.jpg","datePublished":"2024-02-07T15:08:59+00:00","dateModified":"2024-02-07T15:09:03+00:00","author":{"@id":"https:\/\/aeronoticias.com.pe\/noticiero\/#\/schema\/person\/16212a617c73f78916b13194154243bd"},"description":"Portal de noticias del Per\u00fa sobre el transporte a\u00e9reo, aviaci\u00f3n, turismo, hoteleria, actualidad.","breadcrumb":{"@id":"https:\/\/aeronoticias.com.pe\/noticiero\/transporte-aereo\/cual-es-el-panorama-en-el-aeropuerto-jorge-chavez-tras-una-noche-con-algunos-vuelos-reprogramados\/#breadcrumb"},"inLanguage":"es","potentialAction":[{"@type":"ReadAction","target":["https:\/\/aeronoticias.com.pe\/noticiero\/transporte-aereo\/cual-es-el-panorama-en-el-aeropuerto-jorge-chavez-tras-una-noche-con-algunos-vuelos-reprogramados\/"]}]},{"@type":"ImageObject","inLanguage":"es","@id":"https:\/\/aeronoticias.com.pe\/noticiero\/transporte-aereo\/cual-es-el-panorama-en-el-aeropuerto-jorge-chavez-tras-una-noche-con-algunos-vuelos-reprogramados\/#primaryimage","url":"https:\/\/aeronoticias.com.pe\/noticiero\/wp-content\/uploads\/2024\/02\/rpp.jpg","contentUrl":"https:\/\/aeronoticias.com.pe\/noticiero\/wp-content\/uploads\/2024\/02\/rpp.jpg","width":1200,"height":675},{"@type":"BreadcrumbList","@id":"https:\/\/aeronoticias.com.pe\/noticiero\/transporte-aereo\/cual-es-el-panorama-en-el-aeropuerto-jorge-chavez-tras-una-noche-con-algunos-vuelos-reprogramados\/#breadcrumb","itemListElement":[{"@type":"ListItem","position":1,"name":"Portada","item":"https:\/\/aeronoticias.com.pe\/noticiero\/"},{"@type":"ListItem","position":2,"name":"\u00bfCu\u00e1l es el panorama en el Aeropuerto Jorge Ch\u00e1vez tras una noche con algunos vuelos reprogramados?"}]},{"@type":"WebSite","@id":"https:\/\/aeronoticias.com.pe\/noticiero\/#website","url":"https:\/\/aeronoticias.com.pe\/noticiero\/","name":"Aeronoticias.com.pe","description":"Noticias de tranporte aereo, turismo, hoteles, gastronomia, actualidad, internacional","potentialAction":[{"@type":"SearchAction","target":{"@type":"EntryPoint","urlTemplate":"https:\/\/aeronoticias.com.pe\/noticiero\/?s={search_term_string}"},"query-input":{"@type":"PropertyValueSpecification","valueRequired":true,"valueName":"search_term_string"}}],"inLanguage":"es"},{"@type":"Person","@id":"https:\/\/aeronoticias.com.pe\/noticiero\/#\/schema\/person\/16212a617c73f78916b13194154243bd","name":"Redacci\u00f3n","sameAs":["http:\/\/Redacci\u00f3n"],"url":"https:\/\/aeronoticias.com.pe\/noticiero\/author\/celeste\/"}]}},"_links":{"self":[{"href":"https:\/\/aeronoticias.com.pe\/noticiero\/wp-json\/wp\/v2\/posts\/89278","targetHints":{"allow":["GET"]}}],"collection":[{"href":"https:\/\/aeronoticias.com.pe\/noticiero\/wp-json\/wp\/v2\/posts"}],"about":[{"href":"https:\/\/aeronoticias.com.pe\/noticiero\/wp-json\/wp\/v2\/types\/post"}],"author":[{"embeddable":true,"href":"https:\/\/aeronoticias.com.pe\/noticiero\/wp-json\/wp\/v2\/users\/3"}],"replies":[{"embeddable":true,"href":"https:\/\/aeronoticias.com.pe\/noticiero\/wp-json\/wp\/v2\/comments?post=89278"}],"version-history":[{"count":0,"href":"https:\/\/aeronoticias.com.pe\/noticiero\/wp-json\/wp\/v2\/posts\/89278\/revisions"}],"wp:featuredmedia":[{"embeddable":true,"href":"https:\/\/aeronoticias.com.pe\/noticiero\/wp-json\/wp\/v2\/media\/89279"}],"wp:attachment":[{"href":"https:\/\/aeronoticias.com.pe\/noticiero\/wp-json\/wp\/v2\/media?parent=89278"}],"wp:term":[{"taxonomy":"category","embeddable":true,"href":"https:\/\/aeronoticias.com.pe\/noticiero\/wp-json\/wp\/v2\/categories?post=89278"},{"taxonomy":"post_tag","embeddable":true,"href":"https:\/\/aeronoticias.com.pe\/noticiero\/wp-json\/wp\/v2\/tags?post=89278"}],"curies":[{"name":"wp","href":"https:\/\/api.w.org\/{rel}","templated":true}]}}