{"id":89281,"date":"2024-02-07T10:14:17","date_gmt":"2024-02-07T15:14:17","guid":{"rendered":"https:\/\/aeronoticias.com.pe\/noticiero\/?p=89281"},"modified":"2024-02-07T10:14:20","modified_gmt":"2024-02-07T15:14:20","slug":"lufthansa-preve-anular-hasta-un-90-de-sus-vuelos-este-miercoles-por-huelga","status":"publish","type":"post","link":"https:\/\/aeronoticias.com.pe\/noticiero\/transporte-aereo\/internacional\/lufthansa-preve-anular-hasta-un-90-de-sus-vuelos-este-miercoles-por-huelga\/","title":{"rendered":"Lufthansa prev\u00e9 anular hasta un 90% de sus vuelos este mi\u00e9rcoles por huelga"},"content":{"rendered":"\n<p><strong>(Aeronoticias)<\/strong>: La aerol\u00ednea\u00a0<strong>Lufthansa<\/strong>\u00a0prev\u00e9 anular hasta un 90% de sus vuelos el mi\u00e9rcoles en los aeropuertos de Alemania debido a una huelga de su personal de tierra, por reivindicaciones salariales.<\/p>\n\n\n\n<p>La inflaci\u00f3n ha provocado en los \u00faltimos meses numerosos conflictos sociales en la primera econom\u00eda europea, con recurrentes tensiones en las negociaciones salariales entre las plantillas y las direcciones de las empresas.<\/p>\n\n\n\n<p>En el caso de Lufthansa, el sindicato Verdi convoc\u00f3 la huelga por un conflicto sobre los salarios del personal de tierra, desde mantenimiento hasta atenci\u00f3n de pasajeros, lo que supone un total de 25.000 empleados.<\/p>\n\n\n\n<p><strong><em>\u2192&nbsp;<a href=\"https:\/\/aviacionaldia.com\/2024\/01\/el-grupo-lufthansa-equipara-mas-de-150-aviones-adicionales-con-acceso-a-internet-de-banda-ancha.html\">El Grupo Lufthansa equipar\u00e1 m\u00e1s de 150 aviones adicionales con acceso a Internet de banda ancha<\/a><\/em><\/strong><\/p>\n\n\n\n<p>La compa\u00f1\u00eda alemana dijo en su p\u00e1gina web que estima que la huelga le permitir\u00e1 cumplir con \u00abalrededor del 10 al 20% del programa de Lufthansa\u00bb previsto para el 7 de febrero.<\/p>\n\n\n\n<p>La huelga de 24 horas afectar\u00e1 el principal aeropuerto de Alemania, Fr\u00e1ncfort, as\u00ed como los de M\u00fanich, Hamburgo, Berl\u00edn y D\u00fcsseldorf.<\/p>\n\n\n\n<p>El sindicato reclama un aumento de los sueldos del 12,5% durante 12 meses para el personal de tierra.<\/p>\n\n\n\n<p>Tambi\u00e9n exige al menos 500 euros m\u00e1s en la n\u00f3mina mensual y una prima de compensaci\u00f3n por la inflaci\u00f3n de 3.000 euros.<\/p>\n\n\n\n<p>Los empleados de Lufthansa \u00abya tienen alrededor de un 10% menos en sus bolsillos que hace tres a\u00f1os\u00bb por la inflaci\u00f3n, al mismo tiempo que el grupo registra \u00abbeneficios r\u00e9cord\u00bb, justific\u00f3 el negociador sindical, Marvin Reschinsky.<\/p>\n\n\n\n<p>La compa\u00f1\u00eda destac\u00f3 que su oferta prev\u00e9 aumentos de \u00abm\u00e1s del 13%\u00bb en un periodo de tres a\u00f1os y el pago de \u00abimportantes primas contra la inflaci\u00f3n\u00bb.<\/p>\n\n\n\n<p><strong>Fuente: aviacionaldia.com<\/strong><\/p>\n","protected":false},"excerpt":{"rendered":"<p>(Aeronoticias): La aerol\u00ednea\u00a0Lufthansa\u00a0prev\u00e9 anular hasta un 90% de sus vuelos el mi\u00e9rcoles en los aeropuertos de Alemania debido a una huelga de su personal de tierra, por reivindicaciones salariales. La inflaci\u00f3n ha provocado en los \u00faltimos meses numerosos conflictos sociales en la primera econom\u00eda europea, con recurrentes tensiones en las negociaciones salariales entre las plantillas [&hellip;]<\/p>\n","protected":false},"author":3,"featured_media":89282,"comment_status":"open","ping_status":"open","sticky":false,"template":"","format":"standard","meta":{"tdm_status":"","tdm_grid_status":"","footnotes":""},"categories":[32,34],"tags":[4762,342],"class_list":{"0":"post-89281","1":"post","2":"type-post","3":"status-publish","4":"format-standard","5":"has-post-thumbnail","7":"category-internacional","8":"category-internacionales","9":"tag-conflictos-sociales","10":"tag-lufthansa"},"yoast_head":"<!-- This site is optimized with the Yoast SEO plugin v25.1 - https:\/\/yoast.com\/wordpress\/plugins\/seo\/ -->\n<title>Lufthansa prev\u00e9 anular hasta un 90% de sus vuelos este mi\u00e9rcoles por huelga<\/title>\n<meta name=\"description\" content=\"Portal de noticias del Per\u00fa sobre el transporte a\u00e9reo, aviaci\u00f3n, turismo, hoteleria, actualidad.\" \/>\n<meta name=\"robots\" content=\"index, follow, max-snippet:-1, max-image-preview:large, max-video-preview:-1\" \/>\n<link rel=\"canonical\" href=\"https:\/\/aeronoticias.com.pe\/noticiero\/transporte-aereo\/internacional\/lufthansa-preve-anular-hasta-un-90-de-sus-vuelos-este-miercoles-por-huelga\/\" \/>\n<meta property=\"og:locale\" content=\"es_ES\" \/>\n<meta property=\"og:type\" content=\"article\" \/>\n<meta property=\"og:title\" content=\"Lufthansa prev\u00e9 anular hasta un 90% de sus vuelos este mi\u00e9rcoles por huelga\" \/>\n<meta property=\"og:description\" content=\"Portal de noticias del Per\u00fa sobre el transporte a\u00e9reo, aviaci\u00f3n, turismo, hoteleria, actualidad.\" \/>\n<meta property=\"og:url\" content=\"https:\/\/aeronoticias.com.pe\/noticiero\/transporte-aereo\/internacional\/lufthansa-preve-anular-hasta-un-90-de-sus-vuelos-este-miercoles-por-huelga\/\" \/>\n<meta property=\"og:site_name\" content=\"Aeronoticias.com.pe\" \/>\n<meta property=\"article:publisher\" content=\"https:\/\/www.facebook.com\/Aeronoticias.com.pe\/\" \/>\n<meta property=\"article:published_time\" content=\"2024-02-07T15:14:17+00:00\" \/>\n<meta property=\"article:modified_time\" content=\"2024-02-07T15:14:20+00:00\" \/>\n<meta property=\"og:image\" content=\"https:\/\/aeronoticias.com.pe\/noticiero\/wp-content\/uploads\/2024\/02\/alas.jpg\" \/>\n\t<meta property=\"og:image:width\" content=\"800\" \/>\n\t<meta property=\"og:image:height\" content=\"400\" \/>\n\t<meta property=\"og:image:type\" content=\"image\/jpeg\" \/>\n<meta name=\"author\" content=\"Redacci\u00f3n\" \/>\n<meta name=\"twitter:card\" content=\"summary_large_image\" \/>\n<meta name=\"twitter:creator\" content=\"@aeronoticias\" \/>\n<meta name=\"twitter:site\" content=\"@aeronoticias\" \/>\n<meta name=\"twitter:label1\" content=\"Escrito por\" \/>\n\t<meta name=\"twitter:data1\" content=\"Redacci\u00f3n\" \/>\n\t<meta name=\"twitter:label2\" content=\"Tiempo de lectura\" \/>\n\t<meta name=\"twitter:data2\" content=\"1 minuto\" \/>\n<script type=\"application\/ld+json\" class=\"yoast-schema-graph\">{\"@context\":\"https:\/\/schema.org\",\"@graph\":[{\"@type\":\"WebPage\",\"@id\":\"https:\/\/aeronoticias.com.pe\/noticiero\/transporte-aereo\/internacional\/lufthansa-preve-anular-hasta-un-90-de-sus-vuelos-este-miercoles-por-huelga\/\",\"url\":\"https:\/\/aeronoticias.com.pe\/noticiero\/transporte-aereo\/internacional\/lufthansa-preve-anular-hasta-un-90-de-sus-vuelos-este-miercoles-por-huelga\/\",\"name\":\"Lufthansa prev\u00e9 anular hasta un 90% de sus vuelos este mi\u00e9rcoles por huelga\",\"isPartOf\":{\"@id\":\"https:\/\/aeronoticias.com.pe\/noticiero\/#website\"},\"primaryImageOfPage\":{\"@id\":\"https:\/\/aeronoticias.com.pe\/noticiero\/transporte-aereo\/internacional\/lufthansa-preve-anular-hasta-un-90-de-sus-vuelos-este-miercoles-por-huelga\/#primaryimage\"},\"image\":{\"@id\":\"https:\/\/aeronoticias.com.pe\/noticiero\/transporte-aereo\/internacional\/lufthansa-preve-anular-hasta-un-90-de-sus-vuelos-este-miercoles-por-huelga\/#primaryimage\"},\"thumbnailUrl\":\"https:\/\/aeronoticias.com.pe\/noticiero\/wp-content\/uploads\/2024\/02\/alas.jpg\",\"datePublished\":\"2024-02-07T15:14:17+00:00\",\"dateModified\":\"2024-02-07T15:14:20+00:00\",\"author\":{\"@id\":\"https:\/\/aeronoticias.com.pe\/noticiero\/#\/schema\/person\/16212a617c73f78916b13194154243bd\"},\"description\":\"Portal de noticias del Per\u00fa sobre el transporte a\u00e9reo, aviaci\u00f3n, turismo, hoteleria, actualidad.\",\"breadcrumb\":{\"@id\":\"https:\/\/aeronoticias.com.pe\/noticiero\/transporte-aereo\/internacional\/lufthansa-preve-anular-hasta-un-90-de-sus-vuelos-este-miercoles-por-huelga\/#breadcrumb\"},\"inLanguage\":\"es\",\"potentialAction\":[{\"@type\":\"ReadAction\",\"target\":[\"https:\/\/aeronoticias.com.pe\/noticiero\/transporte-aereo\/internacional\/lufthansa-preve-anular-hasta-un-90-de-sus-vuelos-este-miercoles-por-huelga\/\"]}]},{\"@type\":\"ImageObject\",\"inLanguage\":\"es\",\"@id\":\"https:\/\/aeronoticias.com.pe\/noticiero\/transporte-aereo\/internacional\/lufthansa-preve-anular-hasta-un-90-de-sus-vuelos-este-miercoles-por-huelga\/#primaryimage\",\"url\":\"https:\/\/aeronoticias.com.pe\/noticiero\/wp-content\/uploads\/2024\/02\/alas.jpg\",\"contentUrl\":\"https:\/\/aeronoticias.com.pe\/noticiero\/wp-content\/uploads\/2024\/02\/alas.jpg\",\"width\":800,\"height\":400},{\"@type\":\"BreadcrumbList\",\"@id\":\"https:\/\/aeronoticias.com.pe\/noticiero\/transporte-aereo\/internacional\/lufthansa-preve-anular-hasta-un-90-de-sus-vuelos-este-miercoles-por-huelga\/#breadcrumb\",\"itemListElement\":[{\"@type\":\"ListItem\",\"position\":1,\"name\":\"Portada\",\"item\":\"https:\/\/aeronoticias.com.pe\/noticiero\/\"},{\"@type\":\"ListItem\",\"position\":2,\"name\":\"Lufthansa prev\u00e9 anular hasta un 90% de sus vuelos este mi\u00e9rcoles por huelga\"}]},{\"@type\":\"WebSite\",\"@id\":\"https:\/\/aeronoticias.com.pe\/noticiero\/#website\",\"url\":\"https:\/\/aeronoticias.com.pe\/noticiero\/\",\"name\":\"Aeronoticias.com.pe\",\"description\":\"Noticias de tranporte aereo, turismo, hoteles, gastronomia, actualidad, internacional\",\"potentialAction\":[{\"@type\":\"SearchAction\",\"target\":{\"@type\":\"EntryPoint\",\"urlTemplate\":\"https:\/\/aeronoticias.com.pe\/noticiero\/?s={search_term_string}\"},\"query-input\":{\"@type\":\"PropertyValueSpecification\",\"valueRequired\":true,\"valueName\":\"search_term_string\"}}],\"inLanguage\":\"es\"},{\"@type\":\"Person\",\"@id\":\"https:\/\/aeronoticias.com.pe\/noticiero\/#\/schema\/person\/16212a617c73f78916b13194154243bd\",\"name\":\"Redacci\u00f3n\",\"sameAs\":[\"http:\/\/Redacci\u00f3n\"],\"url\":\"https:\/\/aeronoticias.com.pe\/noticiero\/author\/celeste\/\"}]}<\/script>\n<!-- \/ Yoast SEO plugin. -->","yoast_head_json":{"title":"Lufthansa prev\u00e9 anular hasta un 90% de sus vuelos este mi\u00e9rcoles por huelga","description":"Portal de noticias del Per\u00fa sobre el transporte a\u00e9reo, aviaci\u00f3n, turismo, hoteleria, actualidad.","robots":{"index":"index","follow":"follow","max-snippet":"max-snippet:-1","max-image-preview":"max-image-preview:large","max-video-preview":"max-video-preview:-1"},"canonical":"https:\/\/aeronoticias.com.pe\/noticiero\/transporte-aereo\/internacional\/lufthansa-preve-anular-hasta-un-90-de-sus-vuelos-este-miercoles-por-huelga\/","og_locale":"es_ES","og_type":"article","og_title":"Lufthansa prev\u00e9 anular hasta un 90% de sus vuelos este mi\u00e9rcoles por huelga","og_description":"Portal de noticias del Per\u00fa sobre el transporte a\u00e9reo, aviaci\u00f3n, turismo, hoteleria, actualidad.","og_url":"https:\/\/aeronoticias.com.pe\/noticiero\/transporte-aereo\/internacional\/lufthansa-preve-anular-hasta-un-90-de-sus-vuelos-este-miercoles-por-huelga\/","og_site_name":"Aeronoticias.com.pe","article_publisher":"https:\/\/www.facebook.com\/Aeronoticias.com.pe\/","article_published_time":"2024-02-07T15:14:17+00:00","article_modified_time":"2024-02-07T15:14:20+00:00","og_image":[{"width":800,"height":400,"url":"https:\/\/aeronoticias.com.pe\/noticiero\/wp-content\/uploads\/2024\/02\/alas.jpg","type":"image\/jpeg"}],"author":"Redacci\u00f3n","twitter_card":"summary_large_image","twitter_creator":"@aeronoticias","twitter_site":"@aeronoticias","twitter_misc":{"Escrito por":"Redacci\u00f3n","Tiempo de lectura":"1 minuto"},"schema":{"@context":"https:\/\/schema.org","@graph":[{"@type":"WebPage","@id":"https:\/\/aeronoticias.com.pe\/noticiero\/transporte-aereo\/internacional\/lufthansa-preve-anular-hasta-un-90-de-sus-vuelos-este-miercoles-por-huelga\/","url":"https:\/\/aeronoticias.com.pe\/noticiero\/transporte-aereo\/internacional\/lufthansa-preve-anular-hasta-un-90-de-sus-vuelos-este-miercoles-por-huelga\/","name":"Lufthansa prev\u00e9 anular hasta un 90% de sus vuelos este mi\u00e9rcoles por huelga","isPartOf":{"@id":"https:\/\/aeronoticias.com.pe\/noticiero\/#website"},"primaryImageOfPage":{"@id":"https:\/\/aeronoticias.com.pe\/noticiero\/transporte-aereo\/internacional\/lufthansa-preve-anular-hasta-un-90-de-sus-vuelos-este-miercoles-por-huelga\/#primaryimage"},"image":{"@id":"https:\/\/aeronoticias.com.pe\/noticiero\/transporte-aereo\/internacional\/lufthansa-preve-anular-hasta-un-90-de-sus-vuelos-este-miercoles-por-huelga\/#primaryimage"},"thumbnailUrl":"https:\/\/aeronoticias.com.pe\/noticiero\/wp-content\/uploads\/2024\/02\/alas.jpg","datePublished":"2024-02-07T15:14:17+00:00","dateModified":"2024-02-07T15:14:20+00:00","author":{"@id":"https:\/\/aeronoticias.com.pe\/noticiero\/#\/schema\/person\/16212a617c73f78916b13194154243bd"},"description":"Portal de noticias del Per\u00fa sobre el transporte a\u00e9reo, aviaci\u00f3n, turismo, hoteleria, actualidad.","breadcrumb":{"@id":"https:\/\/aeronoticias.com.pe\/noticiero\/transporte-aereo\/internacional\/lufthansa-preve-anular-hasta-un-90-de-sus-vuelos-este-miercoles-por-huelga\/#breadcrumb"},"inLanguage":"es","potentialAction":[{"@type":"ReadAction","target":["https:\/\/aeronoticias.com.pe\/noticiero\/transporte-aereo\/internacional\/lufthansa-preve-anular-hasta-un-90-de-sus-vuelos-este-miercoles-por-huelga\/"]}]},{"@type":"ImageObject","inLanguage":"es","@id":"https:\/\/aeronoticias.com.pe\/noticiero\/transporte-aereo\/internacional\/lufthansa-preve-anular-hasta-un-90-de-sus-vuelos-este-miercoles-por-huelga\/#primaryimage","url":"https:\/\/aeronoticias.com.pe\/noticiero\/wp-content\/uploads\/2024\/02\/alas.jpg","contentUrl":"https:\/\/aeronoticias.com.pe\/noticiero\/wp-content\/uploads\/2024\/02\/alas.jpg","width":800,"height":400},{"@type":"BreadcrumbList","@id":"https:\/\/aeronoticias.com.pe\/noticiero\/transporte-aereo\/internacional\/lufthansa-preve-anular-hasta-un-90-de-sus-vuelos-este-miercoles-por-huelga\/#breadcrumb","itemListElement":[{"@type":"ListItem","position":1,"name":"Portada","item":"https:\/\/aeronoticias.com.pe\/noticiero\/"},{"@type":"ListItem","position":2,"name":"Lufthansa prev\u00e9 anular hasta un 90% de sus vuelos este mi\u00e9rcoles por huelga"}]},{"@type":"WebSite","@id":"https:\/\/aeronoticias.com.pe\/noticiero\/#website","url":"https:\/\/aeronoticias.com.pe\/noticiero\/","name":"Aeronoticias.com.pe","description":"Noticias de tranporte aereo, turismo, hoteles, gastronomia, actualidad, internacional","potentialAction":[{"@type":"SearchAction","target":{"@type":"EntryPoint","urlTemplate":"https:\/\/aeronoticias.com.pe\/noticiero\/?s={search_term_string}"},"query-input":{"@type":"PropertyValueSpecification","valueRequired":true,"valueName":"search_term_string"}}],"inLanguage":"es"},{"@type":"Person","@id":"https:\/\/aeronoticias.com.pe\/noticiero\/#\/schema\/person\/16212a617c73f78916b13194154243bd","name":"Redacci\u00f3n","sameAs":["http:\/\/Redacci\u00f3n"],"url":"https:\/\/aeronoticias.com.pe\/noticiero\/author\/celeste\/"}]}},"_links":{"self":[{"href":"https:\/\/aeronoticias.com.pe\/noticiero\/wp-json\/wp\/v2\/posts\/89281","targetHints":{"allow":["GET"]}}],"collection":[{"href":"https:\/\/aeronoticias.com.pe\/noticiero\/wp-json\/wp\/v2\/posts"}],"about":[{"href":"https:\/\/aeronoticias.com.pe\/noticiero\/wp-json\/wp\/v2\/types\/post"}],"author":[{"embeddable":true,"href":"https:\/\/aeronoticias.com.pe\/noticiero\/wp-json\/wp\/v2\/users\/3"}],"replies":[{"embeddable":true,"href":"https:\/\/aeronoticias.com.pe\/noticiero\/wp-json\/wp\/v2\/comments?post=89281"}],"version-history":[{"count":0,"href":"https:\/\/aeronoticias.com.pe\/noticiero\/wp-json\/wp\/v2\/posts\/89281\/revisions"}],"wp:featuredmedia":[{"embeddable":true,"href":"https:\/\/aeronoticias.com.pe\/noticiero\/wp-json\/wp\/v2\/media\/89282"}],"wp:attachment":[{"href":"https:\/\/aeronoticias.com.pe\/noticiero\/wp-json\/wp\/v2\/media?parent=89281"}],"wp:term":[{"taxonomy":"category","embeddable":true,"href":"https:\/\/aeronoticias.com.pe\/noticiero\/wp-json\/wp\/v2\/categories?post=89281"},{"taxonomy":"post_tag","embeddable":true,"href":"https:\/\/aeronoticias.com.pe\/noticiero\/wp-json\/wp\/v2\/tags?post=89281"}],"curies":[{"name":"wp","href":"https:\/\/api.w.org\/{rel}","templated":true}]}}