{"id":89284,"date":"2024-02-07T12:23:49","date_gmt":"2024-02-07T17:23:49","guid":{"rendered":"https:\/\/aeronoticias.com.pe\/noticiero\/?p=89284"},"modified":"2024-02-07T12:23:58","modified_gmt":"2024-02-07T17:23:58","slug":"aeropuerto-jorge-chavez-continuan-retrasos-y-cancelaciones-de-vuelos-que-dijo-corpac","status":"publish","type":"post","link":"https:\/\/aeronoticias.com.pe\/noticiero\/nacionales\/aeropuerto-jorge-chavez-continuan-retrasos-y-cancelaciones-de-vuelos-que-dijo-corpac\/","title":{"rendered":"Aeropuerto Jorge Ch\u00e1vez: contin\u00faan retrasos y cancelaciones de vuelos, \u00bfqu\u00e9 dijo Corpac?"},"content":{"rendered":"\n<p><strong>(Aeronoticias)<\/strong>: La\u00a0<strong>Corporaci\u00f3n Peruana de Aeropuertos y Aviaci\u00f3n Comercial<\/strong>\u00a0<a href=\"https:\/\/www.gob.pe\/corpac\">(Corpac)<\/a>\u00a0emiti\u00f3 un comunicado este mi\u00e9rcoles, 7 de febrero, en respuesta a nuevos informes de retrasos y cancelaciones de vuelos en el aeropuerto internacional\u00a0<strong>Jorge Ch\u00e1vez<\/strong>.<\/p>\n\n\n\n<p>En el comunicado, Corpac enfatiz\u00f3 que los retrasos y cancelaciones de vuelos no est\u00e1n relacionados con ninguna acci\u00f3n de la empresa ni con disposiciones emitidas por la misma. Aunque la compa\u00f1\u00eda reconoce las incomodidades que enfrentan los pasajeros en esta situaci\u00f3n, insta a las aerol\u00edneas a informarles sobre las razones de las medidas adoptadas.<\/p>\n\n\n\n<p><em>\u201cLa compa\u00f1\u00eda comprende las incomodidades que se vienen atravesando los pasajeros que est\u00e1n afrontando esta situaci\u00f3n e invoca a las aerol\u00edneas a informales de las razones de esas medidas adoptadas\u201d<\/em>, indic\u00f3.<\/p>\n\n\n\n<figure class=\"wp-block-image\"><img decoding=\"async\" src=\"https:\/\/peruretail.sfo3.cdn.digitaloceanspaces.com\/wp-content\/uploads\/GFvTZ16XIAAqcKz.jpeg\" alt=\"\u201cLa compa\u00f1\u00eda comprende las incomodidades que se vienen atravesando los pasajeros que est\u00e1n afrontando esta situaci\u00f3n e invoca a las aerol\u00edneas a informales de las razones de esas medidas adoptadas\u201d, indic\u00f3.\"\/><\/figure>\n\n\n\n<p>Este pronunciamiento se produce despu\u00e9s de que la semana pasada m\u00e1s de 6,000 pasajeros y 120 vuelos se vieron afectados por retrasos y cancelaciones en el\u00a0<a href=\"https:\/\/www.peru-retail.com\/?s=AEROPUERTO\">aeropuerto<\/a>\u00a0internacional Jorge Ch\u00e1vez.<\/p>\n\n\n\n<p>El ministro de Transportes y Comunicaciones, Ra\u00fal P\u00e9rez Reyes, se\u00f1al\u00f3 que la problem\u00e1tica se deb\u00eda a la falta de suficientes controladores a\u00e9reos de Corpac, generando un problema de gesti\u00f3n de fatiga al superar los l\u00edmites razonables de horas trabajadas.<\/p>\n\n\n\n<p>Como medida a corto plazo, se inform\u00f3 que se est\u00e1 colaborando con la Fuerza A\u00e9rea del Per\u00fa y se busca una certificaci\u00f3n de la Fuerza A\u00e9rea brasile\u00f1a para contar con una reserva de controladores del tr\u00e1fico a\u00e9reo.<\/p>\n\n\n\n<h2 class=\"wp-block-heading\"><strong>Recomendaciones ante retrasos a\u00e9reos<\/strong><\/h2>\n\n\n\n<p>La situaci\u00f3n en el aeropuerto Jorge Ch\u00e1vez ha causado preocupaci\u00f3n entre los pasajeros, especialmente con las recientes cancelaciones de vuelos por motivos operacionales. Indecopi record\u00f3 que ante dicha situaci\u00f3n, los pasajeros tienen derecho a una devoluci\u00f3n del pasaje o transferir el boleto con 24 horas de anticipaci\u00f3n.<\/p>\n\n\n\n<p>En esa l\u00ednea, la aerol\u00ednea debe ofrecer compensaciones cuando las cancelaciones o retrasos son atribuibles a ella. Para asistencia, contacte al WhatsApp Aeropuerto al 985197624 o visite las oficinas de Indecopi situadas en el aeropuerto.<\/p>\n\n\n\n<p><strong>Fuente: peru-retail.com<\/strong><\/p>\n","protected":false},"excerpt":{"rendered":"<p>(Aeronoticias): La\u00a0Corporaci\u00f3n Peruana de Aeropuertos y Aviaci\u00f3n Comercial\u00a0(Corpac)\u00a0emiti\u00f3 un comunicado este mi\u00e9rcoles, 7 de febrero, en respuesta a nuevos informes de retrasos y cancelaciones de vuelos en el aeropuerto internacional\u00a0Jorge Ch\u00e1vez. En el comunicado, Corpac enfatiz\u00f3 que los retrasos y cancelaciones de vuelos no est\u00e1n relacionados con ninguna acci\u00f3n de la empresa ni con disposiciones [&hellip;]<\/p>\n","protected":false},"author":3,"featured_media":89285,"comment_status":"open","ping_status":"open","sticky":false,"template":"","format":"standard","meta":{"tdm_status":"","tdm_grid_status":"","footnotes":""},"categories":[51,38],"tags":[201,1367],"class_list":{"0":"post-89284","1":"post","2":"type-post","3":"status-publish","4":"format-standard","5":"has-post-thumbnail","7":"category-nacional","8":"category-nacionales","9":"tag-corpac","10":"tag-indecopi"},"yoast_head":"<!-- This site is optimized with the Yoast SEO plugin v25.1 - https:\/\/yoast.com\/wordpress\/plugins\/seo\/ -->\n<title>Aeropuerto Jorge Ch\u00e1vez: contin\u00faan retrasos y cancelaciones de vuelos, \u00bfqu\u00e9 dijo Corpac?<\/title>\n<meta name=\"description\" content=\"La situaci\u00f3n ha generado incertidumbre entre los pasajeros nuevamente, dado que la semana pasada hab\u00eda sido solucionado seg\u00fan el MTC. Aqu\u00ed los detalles.\" \/>\n<meta name=\"robots\" content=\"index, follow, max-snippet:-1, max-image-preview:large, max-video-preview:-1\" \/>\n<link rel=\"canonical\" href=\"https:\/\/aeronoticias.com.pe\/noticiero\/nacionales\/aeropuerto-jorge-chavez-continuan-retrasos-y-cancelaciones-de-vuelos-que-dijo-corpac\/\" \/>\n<meta property=\"og:locale\" content=\"es_ES\" \/>\n<meta property=\"og:type\" content=\"article\" \/>\n<meta property=\"og:title\" content=\"Aeropuerto Jorge Ch\u00e1vez: contin\u00faan retrasos y cancelaciones de vuelos, \u00bfqu\u00e9 dijo Corpac?\" \/>\n<meta property=\"og:description\" content=\"La situaci\u00f3n ha generado incertidumbre entre los pasajeros nuevamente, dado que la semana pasada hab\u00eda sido solucionado seg\u00fan el MTC. Aqu\u00ed los detalles.\" \/>\n<meta property=\"og:url\" content=\"https:\/\/aeronoticias.com.pe\/noticiero\/nacionales\/aeropuerto-jorge-chavez-continuan-retrasos-y-cancelaciones-de-vuelos-que-dijo-corpac\/\" \/>\n<meta property=\"og:site_name\" content=\"Aeronoticias.com.pe\" \/>\n<meta property=\"article:publisher\" content=\"https:\/\/www.facebook.com\/Aeronoticias.com.pe\/\" \/>\n<meta property=\"article:published_time\" content=\"2024-02-07T17:23:49+00:00\" \/>\n<meta property=\"article:modified_time\" content=\"2024-02-07T17:23:58+00:00\" \/>\n<meta property=\"og:image\" content=\"https:\/\/aeronoticias.com.pe\/noticiero\/wp-content\/uploads\/2024\/02\/aero.jpg\" \/>\n\t<meta property=\"og:image:width\" content=\"768\" \/>\n\t<meta property=\"og:image:height\" content=\"512\" \/>\n\t<meta property=\"og:image:type\" content=\"image\/jpeg\" \/>\n<meta name=\"author\" content=\"Redacci\u00f3n\" \/>\n<meta name=\"twitter:card\" content=\"summary_large_image\" \/>\n<meta name=\"twitter:creator\" content=\"@aeronoticias\" \/>\n<meta name=\"twitter:site\" content=\"@aeronoticias\" \/>\n<meta name=\"twitter:label1\" content=\"Escrito por\" \/>\n\t<meta name=\"twitter:data1\" content=\"Redacci\u00f3n\" \/>\n\t<meta name=\"twitter:label2\" content=\"Tiempo de lectura\" \/>\n\t<meta name=\"twitter:data2\" content=\"2 minutos\" \/>\n<script type=\"application\/ld+json\" class=\"yoast-schema-graph\">{\"@context\":\"https:\/\/schema.org\",\"@graph\":[{\"@type\":\"WebPage\",\"@id\":\"https:\/\/aeronoticias.com.pe\/noticiero\/nacionales\/aeropuerto-jorge-chavez-continuan-retrasos-y-cancelaciones-de-vuelos-que-dijo-corpac\/\",\"url\":\"https:\/\/aeronoticias.com.pe\/noticiero\/nacionales\/aeropuerto-jorge-chavez-continuan-retrasos-y-cancelaciones-de-vuelos-que-dijo-corpac\/\",\"name\":\"Aeropuerto Jorge Ch\u00e1vez: contin\u00faan retrasos y cancelaciones de vuelos, \u00bfqu\u00e9 dijo Corpac?\",\"isPartOf\":{\"@id\":\"https:\/\/aeronoticias.com.pe\/noticiero\/#website\"},\"primaryImageOfPage\":{\"@id\":\"https:\/\/aeronoticias.com.pe\/noticiero\/nacionales\/aeropuerto-jorge-chavez-continuan-retrasos-y-cancelaciones-de-vuelos-que-dijo-corpac\/#primaryimage\"},\"image\":{\"@id\":\"https:\/\/aeronoticias.com.pe\/noticiero\/nacionales\/aeropuerto-jorge-chavez-continuan-retrasos-y-cancelaciones-de-vuelos-que-dijo-corpac\/#primaryimage\"},\"thumbnailUrl\":\"https:\/\/aeronoticias.com.pe\/noticiero\/wp-content\/uploads\/2024\/02\/aero.jpg\",\"datePublished\":\"2024-02-07T17:23:49+00:00\",\"dateModified\":\"2024-02-07T17:23:58+00:00\",\"author\":{\"@id\":\"https:\/\/aeronoticias.com.pe\/noticiero\/#\/schema\/person\/16212a617c73f78916b13194154243bd\"},\"description\":\"La situaci\u00f3n ha generado incertidumbre entre los pasajeros nuevamente, dado que la semana pasada hab\u00eda sido solucionado seg\u00fan el MTC. Aqu\u00ed los detalles.\",\"breadcrumb\":{\"@id\":\"https:\/\/aeronoticias.com.pe\/noticiero\/nacionales\/aeropuerto-jorge-chavez-continuan-retrasos-y-cancelaciones-de-vuelos-que-dijo-corpac\/#breadcrumb\"},\"inLanguage\":\"es\",\"potentialAction\":[{\"@type\":\"ReadAction\",\"target\":[\"https:\/\/aeronoticias.com.pe\/noticiero\/nacionales\/aeropuerto-jorge-chavez-continuan-retrasos-y-cancelaciones-de-vuelos-que-dijo-corpac\/\"]}]},{\"@type\":\"ImageObject\",\"inLanguage\":\"es\",\"@id\":\"https:\/\/aeronoticias.com.pe\/noticiero\/nacionales\/aeropuerto-jorge-chavez-continuan-retrasos-y-cancelaciones-de-vuelos-que-dijo-corpac\/#primaryimage\",\"url\":\"https:\/\/aeronoticias.com.pe\/noticiero\/wp-content\/uploads\/2024\/02\/aero.jpg\",\"contentUrl\":\"https:\/\/aeronoticias.com.pe\/noticiero\/wp-content\/uploads\/2024\/02\/aero.jpg\",\"width\":768,\"height\":512},{\"@type\":\"BreadcrumbList\",\"@id\":\"https:\/\/aeronoticias.com.pe\/noticiero\/nacionales\/aeropuerto-jorge-chavez-continuan-retrasos-y-cancelaciones-de-vuelos-que-dijo-corpac\/#breadcrumb\",\"itemListElement\":[{\"@type\":\"ListItem\",\"position\":1,\"name\":\"Portada\",\"item\":\"https:\/\/aeronoticias.com.pe\/noticiero\/\"},{\"@type\":\"ListItem\",\"position\":2,\"name\":\"Aeropuerto Jorge Ch\u00e1vez: contin\u00faan retrasos y cancelaciones de vuelos, \u00bfqu\u00e9 dijo Corpac?\"}]},{\"@type\":\"WebSite\",\"@id\":\"https:\/\/aeronoticias.com.pe\/noticiero\/#website\",\"url\":\"https:\/\/aeronoticias.com.pe\/noticiero\/\",\"name\":\"Aeronoticias.com.pe\",\"description\":\"Noticias de tranporte aereo, turismo, hoteles, gastronomia, actualidad, internacional\",\"potentialAction\":[{\"@type\":\"SearchAction\",\"target\":{\"@type\":\"EntryPoint\",\"urlTemplate\":\"https:\/\/aeronoticias.com.pe\/noticiero\/?s={search_term_string}\"},\"query-input\":{\"@type\":\"PropertyValueSpecification\",\"valueRequired\":true,\"valueName\":\"search_term_string\"}}],\"inLanguage\":\"es\"},{\"@type\":\"Person\",\"@id\":\"https:\/\/aeronoticias.com.pe\/noticiero\/#\/schema\/person\/16212a617c73f78916b13194154243bd\",\"name\":\"Redacci\u00f3n\",\"sameAs\":[\"http:\/\/Redacci\u00f3n\"],\"url\":\"https:\/\/aeronoticias.com.pe\/noticiero\/author\/celeste\/\"}]}<\/script>\n<!-- \/ Yoast SEO plugin. -->","yoast_head_json":{"title":"Aeropuerto Jorge Ch\u00e1vez: contin\u00faan retrasos y cancelaciones de vuelos, \u00bfqu\u00e9 dijo Corpac?","description":"La situaci\u00f3n ha generado incertidumbre entre los pasajeros nuevamente, dado que la semana pasada hab\u00eda sido solucionado seg\u00fan el MTC. Aqu\u00ed los detalles.","robots":{"index":"index","follow":"follow","max-snippet":"max-snippet:-1","max-image-preview":"max-image-preview:large","max-video-preview":"max-video-preview:-1"},"canonical":"https:\/\/aeronoticias.com.pe\/noticiero\/nacionales\/aeropuerto-jorge-chavez-continuan-retrasos-y-cancelaciones-de-vuelos-que-dijo-corpac\/","og_locale":"es_ES","og_type":"article","og_title":"Aeropuerto Jorge Ch\u00e1vez: contin\u00faan retrasos y cancelaciones de vuelos, \u00bfqu\u00e9 dijo Corpac?","og_description":"La situaci\u00f3n ha generado incertidumbre entre los pasajeros nuevamente, dado que la semana pasada hab\u00eda sido solucionado seg\u00fan el MTC. Aqu\u00ed los detalles.","og_url":"https:\/\/aeronoticias.com.pe\/noticiero\/nacionales\/aeropuerto-jorge-chavez-continuan-retrasos-y-cancelaciones-de-vuelos-que-dijo-corpac\/","og_site_name":"Aeronoticias.com.pe","article_publisher":"https:\/\/www.facebook.com\/Aeronoticias.com.pe\/","article_published_time":"2024-02-07T17:23:49+00:00","article_modified_time":"2024-02-07T17:23:58+00:00","og_image":[{"width":768,"height":512,"url":"https:\/\/aeronoticias.com.pe\/noticiero\/wp-content\/uploads\/2024\/02\/aero.jpg","type":"image\/jpeg"}],"author":"Redacci\u00f3n","twitter_card":"summary_large_image","twitter_creator":"@aeronoticias","twitter_site":"@aeronoticias","twitter_misc":{"Escrito por":"Redacci\u00f3n","Tiempo de lectura":"2 minutos"},"schema":{"@context":"https:\/\/schema.org","@graph":[{"@type":"WebPage","@id":"https:\/\/aeronoticias.com.pe\/noticiero\/nacionales\/aeropuerto-jorge-chavez-continuan-retrasos-y-cancelaciones-de-vuelos-que-dijo-corpac\/","url":"https:\/\/aeronoticias.com.pe\/noticiero\/nacionales\/aeropuerto-jorge-chavez-continuan-retrasos-y-cancelaciones-de-vuelos-que-dijo-corpac\/","name":"Aeropuerto Jorge Ch\u00e1vez: contin\u00faan retrasos y cancelaciones de vuelos, \u00bfqu\u00e9 dijo Corpac?","isPartOf":{"@id":"https:\/\/aeronoticias.com.pe\/noticiero\/#website"},"primaryImageOfPage":{"@id":"https:\/\/aeronoticias.com.pe\/noticiero\/nacionales\/aeropuerto-jorge-chavez-continuan-retrasos-y-cancelaciones-de-vuelos-que-dijo-corpac\/#primaryimage"},"image":{"@id":"https:\/\/aeronoticias.com.pe\/noticiero\/nacionales\/aeropuerto-jorge-chavez-continuan-retrasos-y-cancelaciones-de-vuelos-que-dijo-corpac\/#primaryimage"},"thumbnailUrl":"https:\/\/aeronoticias.com.pe\/noticiero\/wp-content\/uploads\/2024\/02\/aero.jpg","datePublished":"2024-02-07T17:23:49+00:00","dateModified":"2024-02-07T17:23:58+00:00","author":{"@id":"https:\/\/aeronoticias.com.pe\/noticiero\/#\/schema\/person\/16212a617c73f78916b13194154243bd"},"description":"La situaci\u00f3n ha generado incertidumbre entre los pasajeros nuevamente, dado que la semana pasada hab\u00eda sido solucionado seg\u00fan el MTC. Aqu\u00ed los detalles.","breadcrumb":{"@id":"https:\/\/aeronoticias.com.pe\/noticiero\/nacionales\/aeropuerto-jorge-chavez-continuan-retrasos-y-cancelaciones-de-vuelos-que-dijo-corpac\/#breadcrumb"},"inLanguage":"es","potentialAction":[{"@type":"ReadAction","target":["https:\/\/aeronoticias.com.pe\/noticiero\/nacionales\/aeropuerto-jorge-chavez-continuan-retrasos-y-cancelaciones-de-vuelos-que-dijo-corpac\/"]}]},{"@type":"ImageObject","inLanguage":"es","@id":"https:\/\/aeronoticias.com.pe\/noticiero\/nacionales\/aeropuerto-jorge-chavez-continuan-retrasos-y-cancelaciones-de-vuelos-que-dijo-corpac\/#primaryimage","url":"https:\/\/aeronoticias.com.pe\/noticiero\/wp-content\/uploads\/2024\/02\/aero.jpg","contentUrl":"https:\/\/aeronoticias.com.pe\/noticiero\/wp-content\/uploads\/2024\/02\/aero.jpg","width":768,"height":512},{"@type":"BreadcrumbList","@id":"https:\/\/aeronoticias.com.pe\/noticiero\/nacionales\/aeropuerto-jorge-chavez-continuan-retrasos-y-cancelaciones-de-vuelos-que-dijo-corpac\/#breadcrumb","itemListElement":[{"@type":"ListItem","position":1,"name":"Portada","item":"https:\/\/aeronoticias.com.pe\/noticiero\/"},{"@type":"ListItem","position":2,"name":"Aeropuerto Jorge Ch\u00e1vez: contin\u00faan retrasos y cancelaciones de vuelos, \u00bfqu\u00e9 dijo Corpac?"}]},{"@type":"WebSite","@id":"https:\/\/aeronoticias.com.pe\/noticiero\/#website","url":"https:\/\/aeronoticias.com.pe\/noticiero\/","name":"Aeronoticias.com.pe","description":"Noticias de tranporte aereo, turismo, hoteles, gastronomia, actualidad, internacional","potentialAction":[{"@type":"SearchAction","target":{"@type":"EntryPoint","urlTemplate":"https:\/\/aeronoticias.com.pe\/noticiero\/?s={search_term_string}"},"query-input":{"@type":"PropertyValueSpecification","valueRequired":true,"valueName":"search_term_string"}}],"inLanguage":"es"},{"@type":"Person","@id":"https:\/\/aeronoticias.com.pe\/noticiero\/#\/schema\/person\/16212a617c73f78916b13194154243bd","name":"Redacci\u00f3n","sameAs":["http:\/\/Redacci\u00f3n"],"url":"https:\/\/aeronoticias.com.pe\/noticiero\/author\/celeste\/"}]}},"_links":{"self":[{"href":"https:\/\/aeronoticias.com.pe\/noticiero\/wp-json\/wp\/v2\/posts\/89284","targetHints":{"allow":["GET"]}}],"collection":[{"href":"https:\/\/aeronoticias.com.pe\/noticiero\/wp-json\/wp\/v2\/posts"}],"about":[{"href":"https:\/\/aeronoticias.com.pe\/noticiero\/wp-json\/wp\/v2\/types\/post"}],"author":[{"embeddable":true,"href":"https:\/\/aeronoticias.com.pe\/noticiero\/wp-json\/wp\/v2\/users\/3"}],"replies":[{"embeddable":true,"href":"https:\/\/aeronoticias.com.pe\/noticiero\/wp-json\/wp\/v2\/comments?post=89284"}],"version-history":[{"count":0,"href":"https:\/\/aeronoticias.com.pe\/noticiero\/wp-json\/wp\/v2\/posts\/89284\/revisions"}],"wp:featuredmedia":[{"embeddable":true,"href":"https:\/\/aeronoticias.com.pe\/noticiero\/wp-json\/wp\/v2\/media\/89285"}],"wp:attachment":[{"href":"https:\/\/aeronoticias.com.pe\/noticiero\/wp-json\/wp\/v2\/media?parent=89284"}],"wp:term":[{"taxonomy":"category","embeddable":true,"href":"https:\/\/aeronoticias.com.pe\/noticiero\/wp-json\/wp\/v2\/categories?post=89284"},{"taxonomy":"post_tag","embeddable":true,"href":"https:\/\/aeronoticias.com.pe\/noticiero\/wp-json\/wp\/v2\/tags?post=89284"}],"curies":[{"name":"wp","href":"https:\/\/api.w.org\/{rel}","templated":true}]}}