{"id":89288,"date":"2024-02-08T09:34:10","date_gmt":"2024-02-08T14:34:10","guid":{"rendered":"https:\/\/aeronoticias.com.pe\/noticiero\/?p=89288"},"modified":"2024-02-08T09:34:13","modified_gmt":"2024-02-08T14:34:13","slug":"la-tierra-alcanzo-un-record-historico-de-altas-temperaturas-por-octavo-mes-consecutivo","status":"publish","type":"post","link":"https:\/\/aeronoticias.com.pe\/noticiero\/cultural\/la-tierra-alcanzo-un-record-historico-de-altas-temperaturas-por-octavo-mes-consecutivo\/","title":{"rendered":"La Tierra alcanz\u00f3 un r\u00e9cord hist\u00f3rico de altas temperaturas por octavo mes consecutivo"},"content":{"rendered":"\n<p><strong>(Aeronoticias)<\/strong>: Durante ocho meses consecutivos hasta enero, la\u00a0<strong>Tierra\u00a0<\/strong>impuso un nuevo r\u00e9cord de\u00a0<strong>altas temperaturas<\/strong>, seg\u00fan la agencia clim\u00e1tica europea.<\/p>\n\n\n\n<p>Esto fue evidente en el norte de\u00a0<strong>Estados Unidos<\/strong>, donde unas 1.000 personas salieron a jugar golf en\u00a0<strong>Minnesota<\/strong>, un estado que este a\u00f1o recibi\u00f3 menos nieve de lo usual y en el que sus residentes hablan del \u201c<strong>invierno perdido de 2023-24<\/strong>\u2033.<\/p>\n\n\n\n<p>La&nbsp;<strong>temperatura global<\/strong>&nbsp;rebas\u00f3 por primera vez el umbral de&nbsp;<strong>calentamiento<\/strong>&nbsp;acordado internacionalmente durante todo un per\u00edodo de 12 meses.<\/p>\n\n\n\n<p>Entre febrero de\u00a0<strong>2023\u00a0<\/strong>y enero de\u00a0<strong>2024<\/strong>, las temperaturas fueron\u00a0<strong>1,52 grados Celsius<\/strong>\u00a0m\u00e1s elevadas respecto a los niveles preindustriales, seg\u00fan el<strong>\u00a0Servicio de Cambio Clim\u00e1tico Copernicus de la Agencia Espacial Europea<\/strong>. Es el promedio global de temperatura m\u00e1s elevado para un periodo de 12 meses del que se tenga registro, inform\u00f3 Copernicus.<\/p>\n\n\n\n<p><strong>Enero de 2024&nbsp;<\/strong>rompi\u00f3 la marca anterior de 2020 para el primer mes del a\u00f1o m\u00e1s caluroso por&nbsp;<strong>0,12 \u00baC<\/strong>, y la temperatura fue&nbsp;<strong>1,66 \u00baC<\/strong>&nbsp;m\u00e1s elevada que a finales del siglo XIX, el par\u00e1metro de temperaturas antes de que la humanidad empezara a consumir combustibles f\u00f3siles.<\/p>\n\n\n\n<p>A pesar de que el calor alcanz\u00f3 niveles hist\u00f3ricos durante enero, el nivel por encima de la norma fue menor al de los \u00faltimos seis meses, seg\u00fan datos de Copernicus.<\/p>\n\n\n\n<p>Los climat\u00f3logos atribuyen las altas temperaturas hist\u00f3ricas a una combinaci\u00f3n del calentamiento causado por el consumo de\u00a0<strong>combustibles f\u00f3siles\u00a0<\/strong>por parte del ser humano y a la presencia de\u00a0<strong>El Ni\u00f1o<\/strong>, un calentamiento natural pero temporal de partes del Pac\u00edfico, y dicen que la presencia de gases de efecto invernadero tiene un papel mucho mayor al de la naturaleza.<\/p>\n\n\n\n<p>Esta es la \u00e9poca del a\u00f1o en que el calentamiento de&nbsp;<strong>El Ni\u00f1o<\/strong>&nbsp;suele alcanzar su punto m\u00e1s alto, dijo&nbsp;<strong>Andrew Dessler<\/strong>, climat\u00f3logo de la<strong>&nbsp;Universidad de Texas A&amp;M.<\/strong><\/p>\n\n\n\n<p>\u201cEsto es perturbador y, al mismo tiempo, no lo es. Despu\u00e9s de todo, si metes el dedo en un tomacorriente y recibes una descarga, sin duda es una mala noticia, pero \u00bfqu\u00e9 esperabas?\u201d, dijo Dessler.<\/p>\n\n\n\n<p>El hecho de que el planeta haya rebasado el&nbsp;<strong>umbral de calentamiento<\/strong>&nbsp;de 1,5 grados durante 12 meses no es a lo que se refieren los cient\u00edficos cuando se habla de alcanzar el l\u00edmite de calentamiento de 1,5 grados, dijo Natalie Mahowald, climat\u00f3loga de la&nbsp;<strong>Universidad de Cornell&nbsp;<\/strong>y coautora de un informe cient\u00edfico de&nbsp;<strong>Naciones Unidas&nbsp;<\/strong>sobre los riesgos de exceder los 1,5 grados.<\/p>\n\n\n\n<p>Ese umbral, implementado en el acuerdo clim\u00e1tico de Par\u00eds de 2015, se refiere a promedios durante 30 a\u00f1os.<\/p>\n\n\n\n<p>\u201cEsto va mucho m\u00e1s all\u00e1 de n\u00fameros, rangos y registros&#8230; se traducen en efectos reales en nuestras granjas, familias y comunidades debido al calor sin precedentes, los cambios en las temporadas de cultivo y el incremento en los niveles del mar\u201d, dijo Kathie Dello, climat\u00f3loga de la Universidad Estatal de Carolina del Norte.<\/p>\n\n\n\n<p><strong>Fuente: Infobae.com<\/strong><\/p>\n","protected":false},"excerpt":{"rendered":"<p>(Aeronoticias): Durante ocho meses consecutivos hasta enero, la\u00a0Tierra\u00a0impuso un nuevo r\u00e9cord de\u00a0altas temperaturas, seg\u00fan la agencia clim\u00e1tica europea. Esto fue evidente en el norte de\u00a0Estados Unidos, donde unas 1.000 personas salieron a jugar golf en\u00a0Minnesota, un estado que este a\u00f1o recibi\u00f3 menos nieve de lo usual y en el que sus residentes hablan del \u201cinvierno [&hellip;]<\/p>\n","protected":false},"author":3,"featured_media":89289,"comment_status":"open","ping_status":"open","sticky":false,"template":"","format":"standard","meta":{"tdm_status":"","tdm_grid_status":"","footnotes":""},"categories":[26,64],"tags":[902,4764,4765],"class_list":{"0":"post-89288","1":"post","2":"type-post","3":"status-publish","4":"format-standard","5":"has-post-thumbnail","7":"category-cultural","8":"category-mundo-mundo","9":"tag-cambio-climatico","10":"tag-fenomeno-el-nino","11":"tag-temperaturas-altas"},"yoast_head":"<!-- This site is optimized with the Yoast SEO plugin v25.1 - https:\/\/yoast.com\/wordpress\/plugins\/seo\/ -->\n<title>La Tierra alcanz\u00f3 un r\u00e9cord hist\u00f3rico de altas temperaturas por octavo mes consecutivo<\/title>\n<meta name=\"description\" content=\"Los climat\u00f3logos atribuyen el calor intenso a una combinaci\u00f3n del calentamiento causado por el consumo de combustibles f\u00f3siles por parte del ser humano y a la presencia del fen\u00f3meno El Ni\u00f1o\" \/>\n<meta name=\"robots\" content=\"index, follow, max-snippet:-1, max-image-preview:large, max-video-preview:-1\" \/>\n<link rel=\"canonical\" href=\"https:\/\/aeronoticias.com.pe\/noticiero\/cultural\/la-tierra-alcanzo-un-record-historico-de-altas-temperaturas-por-octavo-mes-consecutivo\/\" \/>\n<meta property=\"og:locale\" content=\"es_ES\" \/>\n<meta property=\"og:type\" content=\"article\" \/>\n<meta property=\"og:title\" content=\"La Tierra alcanz\u00f3 un r\u00e9cord hist\u00f3rico de altas temperaturas por octavo mes consecutivo\" \/>\n<meta property=\"og:description\" content=\"Los climat\u00f3logos atribuyen el calor intenso a una combinaci\u00f3n del calentamiento causado por el consumo de combustibles f\u00f3siles por parte del ser humano y a la presencia del fen\u00f3meno El Ni\u00f1o\" \/>\n<meta property=\"og:url\" content=\"https:\/\/aeronoticias.com.pe\/noticiero\/cultural\/la-tierra-alcanzo-un-record-historico-de-altas-temperaturas-por-octavo-mes-consecutivo\/\" \/>\n<meta property=\"og:site_name\" content=\"Aeronoticias.com.pe\" \/>\n<meta property=\"article:publisher\" content=\"https:\/\/www.facebook.com\/Aeronoticias.com.pe\/\" \/>\n<meta property=\"article:published_time\" content=\"2024-02-08T14:34:10+00:00\" \/>\n<meta property=\"article:modified_time\" content=\"2024-02-08T14:34:13+00:00\" \/>\n<meta property=\"og:image\" content=\"https:\/\/aeronoticias.com.pe\/noticiero\/wp-content\/uploads\/2024\/02\/clima.jpg\" \/>\n\t<meta property=\"og:image:width\" content=\"840\" \/>\n\t<meta property=\"og:image:height\" content=\"482\" \/>\n\t<meta property=\"og:image:type\" content=\"image\/jpeg\" \/>\n<meta name=\"author\" content=\"Redacci\u00f3n\" \/>\n<meta name=\"twitter:card\" content=\"summary_large_image\" \/>\n<meta name=\"twitter:creator\" content=\"@aeronoticias\" \/>\n<meta name=\"twitter:site\" content=\"@aeronoticias\" \/>\n<meta name=\"twitter:label1\" content=\"Escrito por\" \/>\n\t<meta name=\"twitter:data1\" content=\"Redacci\u00f3n\" \/>\n\t<meta name=\"twitter:label2\" content=\"Tiempo de lectura\" \/>\n\t<meta name=\"twitter:data2\" content=\"3 minutos\" \/>\n<script type=\"application\/ld+json\" class=\"yoast-schema-graph\">{\"@context\":\"https:\/\/schema.org\",\"@graph\":[{\"@type\":\"WebPage\",\"@id\":\"https:\/\/aeronoticias.com.pe\/noticiero\/cultural\/la-tierra-alcanzo-un-record-historico-de-altas-temperaturas-por-octavo-mes-consecutivo\/\",\"url\":\"https:\/\/aeronoticias.com.pe\/noticiero\/cultural\/la-tierra-alcanzo-un-record-historico-de-altas-temperaturas-por-octavo-mes-consecutivo\/\",\"name\":\"La Tierra alcanz\u00f3 un r\u00e9cord hist\u00f3rico de altas temperaturas por octavo mes consecutivo\",\"isPartOf\":{\"@id\":\"https:\/\/aeronoticias.com.pe\/noticiero\/#website\"},\"primaryImageOfPage\":{\"@id\":\"https:\/\/aeronoticias.com.pe\/noticiero\/cultural\/la-tierra-alcanzo-un-record-historico-de-altas-temperaturas-por-octavo-mes-consecutivo\/#primaryimage\"},\"image\":{\"@id\":\"https:\/\/aeronoticias.com.pe\/noticiero\/cultural\/la-tierra-alcanzo-un-record-historico-de-altas-temperaturas-por-octavo-mes-consecutivo\/#primaryimage\"},\"thumbnailUrl\":\"https:\/\/aeronoticias.com.pe\/noticiero\/wp-content\/uploads\/2024\/02\/clima.jpg\",\"datePublished\":\"2024-02-08T14:34:10+00:00\",\"dateModified\":\"2024-02-08T14:34:13+00:00\",\"author\":{\"@id\":\"https:\/\/aeronoticias.com.pe\/noticiero\/#\/schema\/person\/16212a617c73f78916b13194154243bd\"},\"description\":\"Los climat\u00f3logos atribuyen el calor intenso a una combinaci\u00f3n del calentamiento causado por el consumo de combustibles f\u00f3siles por parte del ser humano y a la presencia del fen\u00f3meno El Ni\u00f1o\",\"breadcrumb\":{\"@id\":\"https:\/\/aeronoticias.com.pe\/noticiero\/cultural\/la-tierra-alcanzo-un-record-historico-de-altas-temperaturas-por-octavo-mes-consecutivo\/#breadcrumb\"},\"inLanguage\":\"es\",\"potentialAction\":[{\"@type\":\"ReadAction\",\"target\":[\"https:\/\/aeronoticias.com.pe\/noticiero\/cultural\/la-tierra-alcanzo-un-record-historico-de-altas-temperaturas-por-octavo-mes-consecutivo\/\"]}]},{\"@type\":\"ImageObject\",\"inLanguage\":\"es\",\"@id\":\"https:\/\/aeronoticias.com.pe\/noticiero\/cultural\/la-tierra-alcanzo-un-record-historico-de-altas-temperaturas-por-octavo-mes-consecutivo\/#primaryimage\",\"url\":\"https:\/\/aeronoticias.com.pe\/noticiero\/wp-content\/uploads\/2024\/02\/clima.jpg\",\"contentUrl\":\"https:\/\/aeronoticias.com.pe\/noticiero\/wp-content\/uploads\/2024\/02\/clima.jpg\",\"width\":840,\"height\":482},{\"@type\":\"BreadcrumbList\",\"@id\":\"https:\/\/aeronoticias.com.pe\/noticiero\/cultural\/la-tierra-alcanzo-un-record-historico-de-altas-temperaturas-por-octavo-mes-consecutivo\/#breadcrumb\",\"itemListElement\":[{\"@type\":\"ListItem\",\"position\":1,\"name\":\"Portada\",\"item\":\"https:\/\/aeronoticias.com.pe\/noticiero\/\"},{\"@type\":\"ListItem\",\"position\":2,\"name\":\"La Tierra alcanz\u00f3 un r\u00e9cord hist\u00f3rico de altas temperaturas por octavo mes consecutivo\"}]},{\"@type\":\"WebSite\",\"@id\":\"https:\/\/aeronoticias.com.pe\/noticiero\/#website\",\"url\":\"https:\/\/aeronoticias.com.pe\/noticiero\/\",\"name\":\"Aeronoticias.com.pe\",\"description\":\"Noticias de tranporte aereo, turismo, hoteles, gastronomia, actualidad, internacional\",\"potentialAction\":[{\"@type\":\"SearchAction\",\"target\":{\"@type\":\"EntryPoint\",\"urlTemplate\":\"https:\/\/aeronoticias.com.pe\/noticiero\/?s={search_term_string}\"},\"query-input\":{\"@type\":\"PropertyValueSpecification\",\"valueRequired\":true,\"valueName\":\"search_term_string\"}}],\"inLanguage\":\"es\"},{\"@type\":\"Person\",\"@id\":\"https:\/\/aeronoticias.com.pe\/noticiero\/#\/schema\/person\/16212a617c73f78916b13194154243bd\",\"name\":\"Redacci\u00f3n\",\"sameAs\":[\"http:\/\/Redacci\u00f3n\"],\"url\":\"https:\/\/aeronoticias.com.pe\/noticiero\/author\/celeste\/\"}]}<\/script>\n<!-- \/ Yoast SEO plugin. -->","yoast_head_json":{"title":"La Tierra alcanz\u00f3 un r\u00e9cord hist\u00f3rico de altas temperaturas por octavo mes consecutivo","description":"Los climat\u00f3logos atribuyen el calor intenso a una combinaci\u00f3n del calentamiento causado por el consumo de combustibles f\u00f3siles por parte del ser humano y a la presencia del fen\u00f3meno El Ni\u00f1o","robots":{"index":"index","follow":"follow","max-snippet":"max-snippet:-1","max-image-preview":"max-image-preview:large","max-video-preview":"max-video-preview:-1"},"canonical":"https:\/\/aeronoticias.com.pe\/noticiero\/cultural\/la-tierra-alcanzo-un-record-historico-de-altas-temperaturas-por-octavo-mes-consecutivo\/","og_locale":"es_ES","og_type":"article","og_title":"La Tierra alcanz\u00f3 un r\u00e9cord hist\u00f3rico de altas temperaturas por octavo mes consecutivo","og_description":"Los climat\u00f3logos atribuyen el calor intenso a una combinaci\u00f3n del calentamiento causado por el consumo de combustibles f\u00f3siles por parte del ser humano y a la presencia del fen\u00f3meno El Ni\u00f1o","og_url":"https:\/\/aeronoticias.com.pe\/noticiero\/cultural\/la-tierra-alcanzo-un-record-historico-de-altas-temperaturas-por-octavo-mes-consecutivo\/","og_site_name":"Aeronoticias.com.pe","article_publisher":"https:\/\/www.facebook.com\/Aeronoticias.com.pe\/","article_published_time":"2024-02-08T14:34:10+00:00","article_modified_time":"2024-02-08T14:34:13+00:00","og_image":[{"width":840,"height":482,"url":"https:\/\/aeronoticias.com.pe\/noticiero\/wp-content\/uploads\/2024\/02\/clima.jpg","type":"image\/jpeg"}],"author":"Redacci\u00f3n","twitter_card":"summary_large_image","twitter_creator":"@aeronoticias","twitter_site":"@aeronoticias","twitter_misc":{"Escrito por":"Redacci\u00f3n","Tiempo de lectura":"3 minutos"},"schema":{"@context":"https:\/\/schema.org","@graph":[{"@type":"WebPage","@id":"https:\/\/aeronoticias.com.pe\/noticiero\/cultural\/la-tierra-alcanzo-un-record-historico-de-altas-temperaturas-por-octavo-mes-consecutivo\/","url":"https:\/\/aeronoticias.com.pe\/noticiero\/cultural\/la-tierra-alcanzo-un-record-historico-de-altas-temperaturas-por-octavo-mes-consecutivo\/","name":"La Tierra alcanz\u00f3 un r\u00e9cord hist\u00f3rico de altas temperaturas por octavo mes consecutivo","isPartOf":{"@id":"https:\/\/aeronoticias.com.pe\/noticiero\/#website"},"primaryImageOfPage":{"@id":"https:\/\/aeronoticias.com.pe\/noticiero\/cultural\/la-tierra-alcanzo-un-record-historico-de-altas-temperaturas-por-octavo-mes-consecutivo\/#primaryimage"},"image":{"@id":"https:\/\/aeronoticias.com.pe\/noticiero\/cultural\/la-tierra-alcanzo-un-record-historico-de-altas-temperaturas-por-octavo-mes-consecutivo\/#primaryimage"},"thumbnailUrl":"https:\/\/aeronoticias.com.pe\/noticiero\/wp-content\/uploads\/2024\/02\/clima.jpg","datePublished":"2024-02-08T14:34:10+00:00","dateModified":"2024-02-08T14:34:13+00:00","author":{"@id":"https:\/\/aeronoticias.com.pe\/noticiero\/#\/schema\/person\/16212a617c73f78916b13194154243bd"},"description":"Los climat\u00f3logos atribuyen el calor intenso a una combinaci\u00f3n del calentamiento causado por el consumo de combustibles f\u00f3siles por parte del ser humano y a la presencia del fen\u00f3meno El Ni\u00f1o","breadcrumb":{"@id":"https:\/\/aeronoticias.com.pe\/noticiero\/cultural\/la-tierra-alcanzo-un-record-historico-de-altas-temperaturas-por-octavo-mes-consecutivo\/#breadcrumb"},"inLanguage":"es","potentialAction":[{"@type":"ReadAction","target":["https:\/\/aeronoticias.com.pe\/noticiero\/cultural\/la-tierra-alcanzo-un-record-historico-de-altas-temperaturas-por-octavo-mes-consecutivo\/"]}]},{"@type":"ImageObject","inLanguage":"es","@id":"https:\/\/aeronoticias.com.pe\/noticiero\/cultural\/la-tierra-alcanzo-un-record-historico-de-altas-temperaturas-por-octavo-mes-consecutivo\/#primaryimage","url":"https:\/\/aeronoticias.com.pe\/noticiero\/wp-content\/uploads\/2024\/02\/clima.jpg","contentUrl":"https:\/\/aeronoticias.com.pe\/noticiero\/wp-content\/uploads\/2024\/02\/clima.jpg","width":840,"height":482},{"@type":"BreadcrumbList","@id":"https:\/\/aeronoticias.com.pe\/noticiero\/cultural\/la-tierra-alcanzo-un-record-historico-de-altas-temperaturas-por-octavo-mes-consecutivo\/#breadcrumb","itemListElement":[{"@type":"ListItem","position":1,"name":"Portada","item":"https:\/\/aeronoticias.com.pe\/noticiero\/"},{"@type":"ListItem","position":2,"name":"La Tierra alcanz\u00f3 un r\u00e9cord hist\u00f3rico de altas temperaturas por octavo mes consecutivo"}]},{"@type":"WebSite","@id":"https:\/\/aeronoticias.com.pe\/noticiero\/#website","url":"https:\/\/aeronoticias.com.pe\/noticiero\/","name":"Aeronoticias.com.pe","description":"Noticias de tranporte aereo, turismo, hoteles, gastronomia, actualidad, internacional","potentialAction":[{"@type":"SearchAction","target":{"@type":"EntryPoint","urlTemplate":"https:\/\/aeronoticias.com.pe\/noticiero\/?s={search_term_string}"},"query-input":{"@type":"PropertyValueSpecification","valueRequired":true,"valueName":"search_term_string"}}],"inLanguage":"es"},{"@type":"Person","@id":"https:\/\/aeronoticias.com.pe\/noticiero\/#\/schema\/person\/16212a617c73f78916b13194154243bd","name":"Redacci\u00f3n","sameAs":["http:\/\/Redacci\u00f3n"],"url":"https:\/\/aeronoticias.com.pe\/noticiero\/author\/celeste\/"}]}},"_links":{"self":[{"href":"https:\/\/aeronoticias.com.pe\/noticiero\/wp-json\/wp\/v2\/posts\/89288","targetHints":{"allow":["GET"]}}],"collection":[{"href":"https:\/\/aeronoticias.com.pe\/noticiero\/wp-json\/wp\/v2\/posts"}],"about":[{"href":"https:\/\/aeronoticias.com.pe\/noticiero\/wp-json\/wp\/v2\/types\/post"}],"author":[{"embeddable":true,"href":"https:\/\/aeronoticias.com.pe\/noticiero\/wp-json\/wp\/v2\/users\/3"}],"replies":[{"embeddable":true,"href":"https:\/\/aeronoticias.com.pe\/noticiero\/wp-json\/wp\/v2\/comments?post=89288"}],"version-history":[{"count":0,"href":"https:\/\/aeronoticias.com.pe\/noticiero\/wp-json\/wp\/v2\/posts\/89288\/revisions"}],"wp:featuredmedia":[{"embeddable":true,"href":"https:\/\/aeronoticias.com.pe\/noticiero\/wp-json\/wp\/v2\/media\/89289"}],"wp:attachment":[{"href":"https:\/\/aeronoticias.com.pe\/noticiero\/wp-json\/wp\/v2\/media?parent=89288"}],"wp:term":[{"taxonomy":"category","embeddable":true,"href":"https:\/\/aeronoticias.com.pe\/noticiero\/wp-json\/wp\/v2\/categories?post=89288"},{"taxonomy":"post_tag","embeddable":true,"href":"https:\/\/aeronoticias.com.pe\/noticiero\/wp-json\/wp\/v2\/tags?post=89288"}],"curies":[{"name":"wp","href":"https:\/\/api.w.org\/{rel}","templated":true}]}}