{"id":89342,"date":"2024-02-14T10:08:26","date_gmt":"2024-02-14T15:08:26","guid":{"rendered":"https:\/\/aeronoticias.com.pe\/noticiero\/?p=89342"},"modified":"2024-02-14T10:08:33","modified_gmt":"2024-02-14T15:08:33","slug":"emirates-de-dubai-reclutara-tripulantes-de-cabina-en-18-ciudades-espanolas","status":"publish","type":"post","link":"https:\/\/aeronoticias.com.pe\/noticiero\/internacionales\/emirates-de-dubai-reclutara-tripulantes-de-cabina-en-18-ciudades-espanolas\/","title":{"rendered":"Emirates de Dubai reclutar\u00e1 tripulantes de cabina en 18 ciudades espa\u00f1olas"},"content":{"rendered":"\n<p><strong>(Aeronoticias)<\/strong>: La aerol\u00ednea de<strong>\u00a0Dubai\u00a0<\/strong>Emirates acudir\u00e1 en el mes de marzo de\u00a0<strong>2024<\/strong>\u00a0a Espa\u00f1a en busca de candidatos para unirse a su equipo\u00a0<strong>multinacional\u00a0<\/strong>de tripulaci\u00f3n de cabina con una jornada de puertas abiertas. Tal y como explica en su\u00a0<a href=\"https:\/\/www.emiratesgroupcareers.com\/cabin-crew\/\"><em><strong>web<\/strong><\/em><\/a>\u00a0los interesados pueden acudir directamente a la cita con una fotograf\u00eda reciente y su\u00a0<strong>Curriculum Vitae<\/strong>\u00a0actualizado en ingl\u00e9s.<\/p>\n\n\n\n<p>En las jornada informativas, los candidatos podr\u00e1n conversar con el equipo de selecci\u00f3n de&nbsp;<strong>Emirates&nbsp;<\/strong>y obtener una visi\u00f3n interna de la&nbsp;<strong>compa\u00f1\u00eda&nbsp;<\/strong>y de c\u00f3mo es trabajar en ella.<\/p>\n\n\n\n<p>Emirates, que ofrece&nbsp;<strong>salario competitivo libre<\/strong>&nbsp;de impuestos y&nbsp;<strong>vivienda<\/strong>&nbsp;en Dubai entre otros beneficios, busca empleados comprometidos, abiertos de mente, serviciales y amables. En total el sueldo de un tripulante de cabina a la firma de su primer contrato rondar\u00eda los 10.388 dirhams al mes (m\u00e1s de&nbsp;<strong>2.800 d\u00f3lares<\/strong>).<\/p>\n\n\n\n<p>Los candidatos deben ser&nbsp;<strong>mayores de 21 a\u00f1os&nbsp;<\/strong>en la fecha de la selecci\u00f3n, alcanzar con el brazo extendido y de puntillas los 212 cent\u00edmetros, graduado de escuela secundaria (grado 12), dominio del<strong>&nbsp;ingl\u00e9s&nbsp;<\/strong>(hablado y escrito), no tener<strong>&nbsp;tatuajes<\/strong>&nbsp;visibles con el uniforme y buena<strong>&nbsp;forma f\u00edsica&nbsp;<\/strong>para cumplir con los requisitos del equipo de la cabina.&nbsp;<\/p>\n\n\n\n<p>La aerol\u00ednea ha destacado que busca personas&nbsp;<strong>\u00abapasionadas\u00bb&nbsp;<\/strong>para ofrecer una hospitalidad&nbsp;<strong>\u00absencilla\u00bb<\/strong>, pero a la vez \u00abpersonalizada e<strong>&nbsp;impecable\u00bb<\/strong>, creando momentos \u00abmemorables\u00bb para los clientes. \u00abTodas las tripulaciones de Emirates recibir\u00e1n una experiencia de aprendizaje de&nbsp;<strong>vanguardia<\/strong>&nbsp;en las modern\u00edsimas instalaciones de la aerol\u00ednea en Dubai\u00bb, a\u00f1adi\u00f3 la compa\u00f1\u00eda.<\/p>\n\n\n\n<p>Las jornadas de puertas abierta se celebrar\u00e1n en\u00a0<strong>Girona<\/strong>\u00a0el 1 de marzo Doubletree by Hilton Girona, Calle Moss\u00e8n Joan Pons 1, en\u00a0<strong>Tarragona<\/strong>\u00a0el 3 de marzo AC Hotel By Marriott, Avda. de Roma, 8. En\u00a0<strong>C\u00e1diz<\/strong>\u00a0el 4 de marzo en\u00a0Parador de C\u00e1diz, Avenida Duque de N\u00e1jera, 9, en<strong>\u00a0Las Palmas de Gran Canaria<\/strong>, el 6 de marzo en el AC Hotel Iberia Las Palmas, Avda. Alcalde J. Ram\u00edrez Bethencourt, 8, en\u00a0<strong>Barcelona<\/strong>, los d\u00edas 7 y 25 de marzo en el hotel Four Points by Sheraton, Barcelona Diagonal, Avinguda Diagonal, 161-163, ; en\u00a0<strong>Lleida,<\/strong>\u00a0la jornada tendr\u00e1 lugar el d\u00eda 9 de marzo en el Hotel Zenit Lleida , C\/ General Brito, 21, en\u00a0<strong>Madrid<\/strong>\u00a0se celebrar\u00e1n los d\u00edas 11 y 20 de marzo InterContinental Madrid Paseo de la Castellana, 49, en\u00a0<strong>Santander<\/strong>, el 11 de marzo en el Hotel Hoyuela, Avda de los Hoteles n\u00ba 7,\u00a0en\u00a0<strong>Sevilla<\/strong>\u00a0el 12 marzo en el hotel Hilton Garden Inn Sevilla, Torneo Parque Empresarial, C\/ Ingenier\u00eda, 11,\u00a0 en\u00a0<strong>Oviedo<\/strong>\u00a0el 13 marzo en el Hotel Barcel\u00f3 Oviedo Cervantes, Calle Cervantes, 13, en\u00a0<strong>M\u00e1laga,<\/strong>\u00a0el 14 de marzo en el hotel Hilton Garden Inn Malaga, Av. de Vel\u00e1zquez, 126, en\u00a0<strong>C\u00f3rdoba<\/strong>, el 16 de marzo en AC Hotel by Marriott Cordoba, Av. de la Libertad, 24,\u00a0en\u00a0<strong>Valencia\u00a0<\/strong>el 16 de marzo en el hotel AC Hotel by Marriott Valencia, Av. de Fran\u00e7a, 67, en<strong>\u00a0Zaragoza<\/strong>\u00a0el 22 de marzo en INNSiDE by Meli\u00e3 Zaragoza, Avda. C\u00e9sar Augusto, 13 en\u00a0<strong>Pamplona<\/strong>\u00a0ser\u00e1 el 24 de marzo en el hotel NH Pamplona Iru\u00f1a Park C. de Arcadio Mar\u00eda Larraona, 1,\u00a0en\u00a0<strong>Bilbao\u00a0<\/strong>el 27 de marzo en el hotel Mercure Bilbao Jardines De Albia, Done Bikendi Kalea, 6, en<strong>\u00a0Santiago de Compostela\u00a0<\/strong>se celebrar\u00e1 el 29 de marzo en el hotel NH Collection, Avda. Burgo das Naci\u00f3ns s\/n y, por \u00faltimo,<strong>\u00a0Gij\u00f3n<\/strong>\u00a0acoger\u00e1 estas jornadas el 31 de marzo en el hotel Gij\u00f3n Rey Pelayo (Hotel Zentral Rey Pelayo Gij\u00f3n), Av. Torcuato Fernandez Miranda, 26. Todas las citas son a las 9.00 horas.<\/p>\n\n\n\n<p><strong>Fuente: elcorreo.ae<\/strong><\/p>\n","protected":false},"excerpt":{"rendered":"<p>(Aeronoticias): La aerol\u00ednea de\u00a0Dubai\u00a0Emirates acudir\u00e1 en el mes de marzo de\u00a02024\u00a0a Espa\u00f1a en busca de candidatos para unirse a su equipo\u00a0multinacional\u00a0de tripulaci\u00f3n de cabina con una jornada de puertas abiertas. Tal y como explica en su\u00a0web\u00a0los interesados pueden acudir directamente a la cita con una fotograf\u00eda reciente y su\u00a0Curriculum Vitae\u00a0actualizado en ingl\u00e9s. En las jornada [&hellip;]<\/p>\n","protected":false},"author":3,"featured_media":89343,"comment_status":"open","ping_status":"open","sticky":false,"template":"","format":"standard","meta":{"tdm_status":"","tdm_grid_status":"","footnotes":""},"categories":[32,34],"tags":[162,161,451],"class_list":{"0":"post-89342","1":"post","2":"type-post","3":"status-publish","4":"format-standard","5":"has-post-thumbnail","7":"category-internacional","8":"category-internacionales","9":"tag-dubai","11":"tag-espana"},"yoast_head":"<!-- This site is optimized with the Yoast SEO plugin v25.1 - https:\/\/yoast.com\/wordpress\/plugins\/seo\/ -->\n<title>Emirates de Dubai reclutar\u00e1 tripulantes de cabina en 18 ciudades espa\u00f1olas<\/title>\n<meta name=\"description\" content=\"En total el sueldo de un tripulante de cabina a la firma de su primer contrato rondar\u00eda los 10.388 dirhams al mes (m\u00e1s de 2.800 d\u00f3lares).\" \/>\n<meta name=\"robots\" content=\"index, follow, max-snippet:-1, max-image-preview:large, max-video-preview:-1\" \/>\n<link rel=\"canonical\" href=\"https:\/\/aeronoticias.com.pe\/noticiero\/internacionales\/emirates-de-dubai-reclutara-tripulantes-de-cabina-en-18-ciudades-espanolas\/\" \/>\n<meta property=\"og:locale\" content=\"es_ES\" \/>\n<meta property=\"og:type\" content=\"article\" \/>\n<meta property=\"og:title\" content=\"Emirates de Dubai reclutar\u00e1 tripulantes de cabina en 18 ciudades espa\u00f1olas\" \/>\n<meta property=\"og:description\" content=\"En total el sueldo de un tripulante de cabina a la firma de su primer contrato rondar\u00eda los 10.388 dirhams al mes (m\u00e1s de 2.800 d\u00f3lares).\" \/>\n<meta property=\"og:url\" content=\"https:\/\/aeronoticias.com.pe\/noticiero\/internacionales\/emirates-de-dubai-reclutara-tripulantes-de-cabina-en-18-ciudades-espanolas\/\" \/>\n<meta property=\"og:site_name\" content=\"Aeronoticias.com.pe\" \/>\n<meta property=\"article:publisher\" content=\"https:\/\/www.facebook.com\/Aeronoticias.com.pe\/\" \/>\n<meta property=\"article:published_time\" content=\"2024-02-14T15:08:26+00:00\" \/>\n<meta property=\"article:modified_time\" content=\"2024-02-14T15:08:33+00:00\" \/>\n<meta property=\"og:image\" content=\"https:\/\/aeronoticias.com.pe\/noticiero\/wp-content\/uploads\/2024\/02\/sillas.jpg\" \/>\n\t<meta property=\"og:image:width\" content=\"858\" \/>\n\t<meta property=\"og:image:height\" content=\"558\" \/>\n\t<meta property=\"og:image:type\" content=\"image\/jpeg\" \/>\n<meta name=\"author\" content=\"Redacci\u00f3n\" \/>\n<meta name=\"twitter:card\" content=\"summary_large_image\" \/>\n<meta name=\"twitter:creator\" content=\"@aeronoticias\" \/>\n<meta name=\"twitter:site\" content=\"@aeronoticias\" \/>\n<meta name=\"twitter:label1\" content=\"Escrito por\" \/>\n\t<meta name=\"twitter:data1\" content=\"Redacci\u00f3n\" \/>\n\t<meta name=\"twitter:label2\" content=\"Tiempo de lectura\" \/>\n\t<meta name=\"twitter:data2\" content=\"3 minutos\" \/>\n<script type=\"application\/ld+json\" class=\"yoast-schema-graph\">{\"@context\":\"https:\/\/schema.org\",\"@graph\":[{\"@type\":\"WebPage\",\"@id\":\"https:\/\/aeronoticias.com.pe\/noticiero\/internacionales\/emirates-de-dubai-reclutara-tripulantes-de-cabina-en-18-ciudades-espanolas\/\",\"url\":\"https:\/\/aeronoticias.com.pe\/noticiero\/internacionales\/emirates-de-dubai-reclutara-tripulantes-de-cabina-en-18-ciudades-espanolas\/\",\"name\":\"Emirates de Dubai reclutar\u00e1 tripulantes de cabina en 18 ciudades espa\u00f1olas\",\"isPartOf\":{\"@id\":\"https:\/\/aeronoticias.com.pe\/noticiero\/#website\"},\"primaryImageOfPage\":{\"@id\":\"https:\/\/aeronoticias.com.pe\/noticiero\/internacionales\/emirates-de-dubai-reclutara-tripulantes-de-cabina-en-18-ciudades-espanolas\/#primaryimage\"},\"image\":{\"@id\":\"https:\/\/aeronoticias.com.pe\/noticiero\/internacionales\/emirates-de-dubai-reclutara-tripulantes-de-cabina-en-18-ciudades-espanolas\/#primaryimage\"},\"thumbnailUrl\":\"https:\/\/aeronoticias.com.pe\/noticiero\/wp-content\/uploads\/2024\/02\/sillas.jpg\",\"datePublished\":\"2024-02-14T15:08:26+00:00\",\"dateModified\":\"2024-02-14T15:08:33+00:00\",\"author\":{\"@id\":\"https:\/\/aeronoticias.com.pe\/noticiero\/#\/schema\/person\/16212a617c73f78916b13194154243bd\"},\"description\":\"En total el sueldo de un tripulante de cabina a la firma de su primer contrato rondar\u00eda los 10.388 dirhams al mes (m\u00e1s de 2.800 d\u00f3lares).\",\"breadcrumb\":{\"@id\":\"https:\/\/aeronoticias.com.pe\/noticiero\/internacionales\/emirates-de-dubai-reclutara-tripulantes-de-cabina-en-18-ciudades-espanolas\/#breadcrumb\"},\"inLanguage\":\"es\",\"potentialAction\":[{\"@type\":\"ReadAction\",\"target\":[\"https:\/\/aeronoticias.com.pe\/noticiero\/internacionales\/emirates-de-dubai-reclutara-tripulantes-de-cabina-en-18-ciudades-espanolas\/\"]}]},{\"@type\":\"ImageObject\",\"inLanguage\":\"es\",\"@id\":\"https:\/\/aeronoticias.com.pe\/noticiero\/internacionales\/emirates-de-dubai-reclutara-tripulantes-de-cabina-en-18-ciudades-espanolas\/#primaryimage\",\"url\":\"https:\/\/aeronoticias.com.pe\/noticiero\/wp-content\/uploads\/2024\/02\/sillas.jpg\",\"contentUrl\":\"https:\/\/aeronoticias.com.pe\/noticiero\/wp-content\/uploads\/2024\/02\/sillas.jpg\",\"width\":858,\"height\":558},{\"@type\":\"BreadcrumbList\",\"@id\":\"https:\/\/aeronoticias.com.pe\/noticiero\/internacionales\/emirates-de-dubai-reclutara-tripulantes-de-cabina-en-18-ciudades-espanolas\/#breadcrumb\",\"itemListElement\":[{\"@type\":\"ListItem\",\"position\":1,\"name\":\"Portada\",\"item\":\"https:\/\/aeronoticias.com.pe\/noticiero\/\"},{\"@type\":\"ListItem\",\"position\":2,\"name\":\"Emirates de Dubai reclutar\u00e1 tripulantes de cabina en 18 ciudades espa\u00f1olas\"}]},{\"@type\":\"WebSite\",\"@id\":\"https:\/\/aeronoticias.com.pe\/noticiero\/#website\",\"url\":\"https:\/\/aeronoticias.com.pe\/noticiero\/\",\"name\":\"Aeronoticias.com.pe\",\"description\":\"Noticias de tranporte aereo, turismo, hoteles, gastronomia, actualidad, internacional\",\"potentialAction\":[{\"@type\":\"SearchAction\",\"target\":{\"@type\":\"EntryPoint\",\"urlTemplate\":\"https:\/\/aeronoticias.com.pe\/noticiero\/?s={search_term_string}\"},\"query-input\":{\"@type\":\"PropertyValueSpecification\",\"valueRequired\":true,\"valueName\":\"search_term_string\"}}],\"inLanguage\":\"es\"},{\"@type\":\"Person\",\"@id\":\"https:\/\/aeronoticias.com.pe\/noticiero\/#\/schema\/person\/16212a617c73f78916b13194154243bd\",\"name\":\"Redacci\u00f3n\",\"sameAs\":[\"http:\/\/Redacci\u00f3n\"],\"url\":\"https:\/\/aeronoticias.com.pe\/noticiero\/author\/celeste\/\"}]}<\/script>\n<!-- \/ Yoast SEO plugin. -->","yoast_head_json":{"title":"Emirates de Dubai reclutar\u00e1 tripulantes de cabina en 18 ciudades espa\u00f1olas","description":"En total el sueldo de un tripulante de cabina a la firma de su primer contrato rondar\u00eda los 10.388 dirhams al mes (m\u00e1s de 2.800 d\u00f3lares).","robots":{"index":"index","follow":"follow","max-snippet":"max-snippet:-1","max-image-preview":"max-image-preview:large","max-video-preview":"max-video-preview:-1"},"canonical":"https:\/\/aeronoticias.com.pe\/noticiero\/internacionales\/emirates-de-dubai-reclutara-tripulantes-de-cabina-en-18-ciudades-espanolas\/","og_locale":"es_ES","og_type":"article","og_title":"Emirates de Dubai reclutar\u00e1 tripulantes de cabina en 18 ciudades espa\u00f1olas","og_description":"En total el sueldo de un tripulante de cabina a la firma de su primer contrato rondar\u00eda los 10.388 dirhams al mes (m\u00e1s de 2.800 d\u00f3lares).","og_url":"https:\/\/aeronoticias.com.pe\/noticiero\/internacionales\/emirates-de-dubai-reclutara-tripulantes-de-cabina-en-18-ciudades-espanolas\/","og_site_name":"Aeronoticias.com.pe","article_publisher":"https:\/\/www.facebook.com\/Aeronoticias.com.pe\/","article_published_time":"2024-02-14T15:08:26+00:00","article_modified_time":"2024-02-14T15:08:33+00:00","og_image":[{"width":858,"height":558,"url":"https:\/\/aeronoticias.com.pe\/noticiero\/wp-content\/uploads\/2024\/02\/sillas.jpg","type":"image\/jpeg"}],"author":"Redacci\u00f3n","twitter_card":"summary_large_image","twitter_creator":"@aeronoticias","twitter_site":"@aeronoticias","twitter_misc":{"Escrito por":"Redacci\u00f3n","Tiempo de lectura":"3 minutos"},"schema":{"@context":"https:\/\/schema.org","@graph":[{"@type":"WebPage","@id":"https:\/\/aeronoticias.com.pe\/noticiero\/internacionales\/emirates-de-dubai-reclutara-tripulantes-de-cabina-en-18-ciudades-espanolas\/","url":"https:\/\/aeronoticias.com.pe\/noticiero\/internacionales\/emirates-de-dubai-reclutara-tripulantes-de-cabina-en-18-ciudades-espanolas\/","name":"Emirates de Dubai reclutar\u00e1 tripulantes de cabina en 18 ciudades espa\u00f1olas","isPartOf":{"@id":"https:\/\/aeronoticias.com.pe\/noticiero\/#website"},"primaryImageOfPage":{"@id":"https:\/\/aeronoticias.com.pe\/noticiero\/internacionales\/emirates-de-dubai-reclutara-tripulantes-de-cabina-en-18-ciudades-espanolas\/#primaryimage"},"image":{"@id":"https:\/\/aeronoticias.com.pe\/noticiero\/internacionales\/emirates-de-dubai-reclutara-tripulantes-de-cabina-en-18-ciudades-espanolas\/#primaryimage"},"thumbnailUrl":"https:\/\/aeronoticias.com.pe\/noticiero\/wp-content\/uploads\/2024\/02\/sillas.jpg","datePublished":"2024-02-14T15:08:26+00:00","dateModified":"2024-02-14T15:08:33+00:00","author":{"@id":"https:\/\/aeronoticias.com.pe\/noticiero\/#\/schema\/person\/16212a617c73f78916b13194154243bd"},"description":"En total el sueldo de un tripulante de cabina a la firma de su primer contrato rondar\u00eda los 10.388 dirhams al mes (m\u00e1s de 2.800 d\u00f3lares).","breadcrumb":{"@id":"https:\/\/aeronoticias.com.pe\/noticiero\/internacionales\/emirates-de-dubai-reclutara-tripulantes-de-cabina-en-18-ciudades-espanolas\/#breadcrumb"},"inLanguage":"es","potentialAction":[{"@type":"ReadAction","target":["https:\/\/aeronoticias.com.pe\/noticiero\/internacionales\/emirates-de-dubai-reclutara-tripulantes-de-cabina-en-18-ciudades-espanolas\/"]}]},{"@type":"ImageObject","inLanguage":"es","@id":"https:\/\/aeronoticias.com.pe\/noticiero\/internacionales\/emirates-de-dubai-reclutara-tripulantes-de-cabina-en-18-ciudades-espanolas\/#primaryimage","url":"https:\/\/aeronoticias.com.pe\/noticiero\/wp-content\/uploads\/2024\/02\/sillas.jpg","contentUrl":"https:\/\/aeronoticias.com.pe\/noticiero\/wp-content\/uploads\/2024\/02\/sillas.jpg","width":858,"height":558},{"@type":"BreadcrumbList","@id":"https:\/\/aeronoticias.com.pe\/noticiero\/internacionales\/emirates-de-dubai-reclutara-tripulantes-de-cabina-en-18-ciudades-espanolas\/#breadcrumb","itemListElement":[{"@type":"ListItem","position":1,"name":"Portada","item":"https:\/\/aeronoticias.com.pe\/noticiero\/"},{"@type":"ListItem","position":2,"name":"Emirates de Dubai reclutar\u00e1 tripulantes de cabina en 18 ciudades espa\u00f1olas"}]},{"@type":"WebSite","@id":"https:\/\/aeronoticias.com.pe\/noticiero\/#website","url":"https:\/\/aeronoticias.com.pe\/noticiero\/","name":"Aeronoticias.com.pe","description":"Noticias de tranporte aereo, turismo, hoteles, gastronomia, actualidad, internacional","potentialAction":[{"@type":"SearchAction","target":{"@type":"EntryPoint","urlTemplate":"https:\/\/aeronoticias.com.pe\/noticiero\/?s={search_term_string}"},"query-input":{"@type":"PropertyValueSpecification","valueRequired":true,"valueName":"search_term_string"}}],"inLanguage":"es"},{"@type":"Person","@id":"https:\/\/aeronoticias.com.pe\/noticiero\/#\/schema\/person\/16212a617c73f78916b13194154243bd","name":"Redacci\u00f3n","sameAs":["http:\/\/Redacci\u00f3n"],"url":"https:\/\/aeronoticias.com.pe\/noticiero\/author\/celeste\/"}]}},"_links":{"self":[{"href":"https:\/\/aeronoticias.com.pe\/noticiero\/wp-json\/wp\/v2\/posts\/89342","targetHints":{"allow":["GET"]}}],"collection":[{"href":"https:\/\/aeronoticias.com.pe\/noticiero\/wp-json\/wp\/v2\/posts"}],"about":[{"href":"https:\/\/aeronoticias.com.pe\/noticiero\/wp-json\/wp\/v2\/types\/post"}],"author":[{"embeddable":true,"href":"https:\/\/aeronoticias.com.pe\/noticiero\/wp-json\/wp\/v2\/users\/3"}],"replies":[{"embeddable":true,"href":"https:\/\/aeronoticias.com.pe\/noticiero\/wp-json\/wp\/v2\/comments?post=89342"}],"version-history":[{"count":0,"href":"https:\/\/aeronoticias.com.pe\/noticiero\/wp-json\/wp\/v2\/posts\/89342\/revisions"}],"wp:featuredmedia":[{"embeddable":true,"href":"https:\/\/aeronoticias.com.pe\/noticiero\/wp-json\/wp\/v2\/media\/89343"}],"wp:attachment":[{"href":"https:\/\/aeronoticias.com.pe\/noticiero\/wp-json\/wp\/v2\/media?parent=89342"}],"wp:term":[{"taxonomy":"category","embeddable":true,"href":"https:\/\/aeronoticias.com.pe\/noticiero\/wp-json\/wp\/v2\/categories?post=89342"},{"taxonomy":"post_tag","embeddable":true,"href":"https:\/\/aeronoticias.com.pe\/noticiero\/wp-json\/wp\/v2\/tags?post=89342"}],"curies":[{"name":"wp","href":"https:\/\/api.w.org\/{rel}","templated":true}]}}