{"id":89354,"date":"2024-02-15T09:53:11","date_gmt":"2024-02-15T14:53:11","guid":{"rendered":"https:\/\/aeronoticias.com.pe\/noticiero\/?p=89354"},"modified":"2024-02-15T09:53:20","modified_gmt":"2024-02-15T14:53:20","slug":"rompe-america-latina-record-de-trafico-de-pasajeros-alta","status":"publish","type":"post","link":"https:\/\/aeronoticias.com.pe\/noticiero\/transporte-aereo\/rompe-america-latina-record-de-trafico-de-pasajeros-alta\/","title":{"rendered":"Rompe Am\u00e9rica Latina r\u00e9cord de tr\u00e1fico de pasajeros: ALTA"},"content":{"rendered":"\n<p><strong>(Aeronoticias)<\/strong>: <strong>La regi\u00f3n de Latinoam\u00e9rica y El Caribe (LAC) registr\u00f3 en 2023 una cifra hist\u00f3rica de 451.6 millones de pasajeros, esto es 52.9 millones de pasajeros adicionales, con un alza del 13.3%, comparado con 2022 y un s\u00f3lido 3.9% por encima de los niveles de 2019, inform\u00f3 la Asociaci\u00f3n Latinoamericana y del Caribe de Transporte A\u00e9reo (ALTA).<\/strong><\/p>\n\n\n\n<p>Esta cifra establece un r\u00e9cord en la regi\u00f3n pues, hasta 2020, hab\u00eda mantenido una trayectoria de crecimiento constante desde 2010, la cual fue interrumpida abruptamente por la pandemia. Este logro retoma la senda de crecimiento.<\/p>\n\n\n\n<p>El Caribe mostr\u00f3 el mejor incremento porcentual en 2023, con un crecimiento del 20% en el n\u00famero total de pasajeros, 15% en la cantidad de vuelos y 16% en la capacidad de asientos en comparaci\u00f3n con 2022; as\u00ed se muestra el Reporte del Tr\u00e1fico de pasajeros a\u00e9reo de LAC, elaborado por ALTA&nbsp;<\/p>\n\n\n\n<p>\u201cEl informe ciertamente nos refleja resultados muy alentadores. Sin embargo, podemos volar todav\u00eda mucho m\u00e1s alto. Pues si tenemos estos resultados con entornos tan complejos, y en ocasiones adversos, imaginen entonces c\u00f3mo este desempe\u00f1o podr\u00eda ser potenciado con un entorno eficiente\u201d, destac\u00f3 Jos\u00e9 Ricardo Botelho, director ejecutivo y CEO de ALTA; quien abog\u00f3 por que los Estados incluyan a la aviaci\u00f3n en sus agendas como un sector esencial.<\/p>\n\n\n\n<p>Afirm\u00f3 que urge implementar medidas que promuevan eficiencias, actualizando nuestras legislaciones, revisando impuestos, tasas y contribuciones que muchas veces ni siquiera est\u00e1n relacionadas con la operaci\u00f3n ni el sector, generando incentivos y garantizando la seguridad jur\u00eddica que impulse la inversi\u00f3n y con mejor visi\u00f3n estrat\u00e9gica, tomando a la aviaci\u00f3n como un aliado para el desarrollo socioecon\u00f3mico de los pa\u00edses.<\/p>\n\n\n\n<p><strong>Diciembre, mes de r\u00e9cord<\/strong><\/p>\n\n\n\n<p>En diciembre pasado, el volumen de pasajeros subi\u00f3 6.3% respecto a 2022, posicion\u00e1ndose como el segundo mes con mayor tr\u00e1fico del a\u00f1o.<\/p>\n\n\n\n<p><strong>Este crecimiento se traduce en 2.4 millones de pasajeros adicionales, de los cuales 1.5 millones (62%) corresponden al mercado internacional extrarregional.<\/strong><\/p>\n\n\n\n<p>Se observ\u00f3 un aumento del 3.3% en comparaci\u00f3n con diciembre de 2019, confirmando la tendencia positiva en la recuperaci\u00f3n del sector.<\/p>\n\n\n\n<p>Colombia registr\u00f3 49.5 millones de pasajeros, un 2.8% m\u00e1s que en 2022, y destac\u00f3 en el mercado internacional con un aumento del 30%.<\/p>\n\n\n\n<p><strong>Brasil super\u00f3 los 100 millones de pasajeros, alcanzando el 95% del tr\u00e1fico de 2019.<\/strong><\/p>\n\n\n\n<p>Rep\u00fablica Dominicana super\u00f3 13% el n\u00famero de pasajeros respecto a 2022, estableciendo un r\u00e9cord.<\/p>\n\n\n\n<p>Costa Rica alcanz\u00f3 un hito al registrar 7.9 millones de pasajeros, 11% m\u00e1s que el r\u00e9cord anterior de 2019 y 26% m\u00e1s que en 2022.<\/p>\n\n\n\n<p>Panam\u00e1 marc\u00f3 un a\u00f1o r\u00e9cord con 18.2 millones de pasajeros, superando 8% el m\u00e1ximo hist\u00f3rico de 2019 y 16% m\u00e1s que en 2022.<\/p>\n\n\n\n<p>Ecuador registr\u00f3 8.5 millones de pasajeros, la cifra m\u00e1s alta desde 2013, con un aumento significativo en el tr\u00e1fico internacional en agosto.<\/p>\n\n\n\n<p><strong>En 2023 ALTA report\u00f3 que Suram\u00e9rica fue l\u00edder en el tr\u00e1fico a\u00e9reo, con 246.6 millones de pasajeros, 310.6 millones de asientos ofertados y 1.9 millones de vuelos a lo largo del a\u00f1o.<\/strong><\/p>\n\n\n\n<p>El Caribe con el mayor crecimiento porcentual, con un aumento del 20% en el n\u00famero de pasajeros, 16% m\u00e1s en la capacidad de asientos y un notable aumento del 15% en el n\u00famero de vuelos, en comparaci\u00f3n con 2022.<\/p>\n\n\n\n<p><strong>Fuente: A21.com.mx<\/strong><\/p>\n","protected":false},"excerpt":{"rendered":"<p>(Aeronoticias): La regi\u00f3n de Latinoam\u00e9rica y El Caribe (LAC) registr\u00f3 en 2023 una cifra hist\u00f3rica de 451.6 millones de pasajeros, esto es 52.9 millones de pasajeros adicionales, con un alza del 13.3%, comparado con 2022 y un s\u00f3lido 3.9% por encima de los niveles de 2019, inform\u00f3 la Asociaci\u00f3n Latinoamericana y del Caribe de Transporte [&hellip;]<\/p>\n","protected":false},"author":3,"featured_media":89355,"comment_status":"open","ping_status":"open","sticky":false,"template":"","format":"standard","meta":{"tdm_status":"","tdm_grid_status":"","footnotes":""},"categories":[32,11],"tags":[807,1853,4792],"class_list":{"0":"post-89354","1":"post","2":"type-post","3":"status-publish","4":"format-standard","5":"has-post-thumbnail","7":"category-internacional","8":"category-transporte-aereo","9":"tag-america-latina","10":"tag-ceo","11":"tag-record-de-trafico"},"yoast_head":"<!-- This site is optimized with the Yoast SEO plugin v25.1 - https:\/\/yoast.com\/wordpress\/plugins\/seo\/ -->\n<title>Rompe Am\u00e9rica Latina r\u00e9cord de tr\u00e1fico de pasajeros: ALTA<\/title>\n<meta name=\"description\" content=\"SURAM\u00c9RICA FUE L\u00cdDER EN 2023 AL TRANSPORTAR 246.6 MILLONES DE USUARIOS\" \/>\n<meta name=\"robots\" content=\"index, follow, max-snippet:-1, max-image-preview:large, max-video-preview:-1\" \/>\n<link rel=\"canonical\" href=\"https:\/\/aeronoticias.com.pe\/noticiero\/transporte-aereo\/rompe-america-latina-record-de-trafico-de-pasajeros-alta\/\" \/>\n<meta property=\"og:locale\" content=\"es_ES\" \/>\n<meta property=\"og:type\" content=\"article\" \/>\n<meta property=\"og:title\" content=\"Rompe Am\u00e9rica Latina r\u00e9cord de tr\u00e1fico de pasajeros: ALTA\" \/>\n<meta property=\"og:description\" content=\"SURAM\u00c9RICA FUE L\u00cdDER EN 2023 AL TRANSPORTAR 246.6 MILLONES DE USUARIOS\" \/>\n<meta property=\"og:url\" content=\"https:\/\/aeronoticias.com.pe\/noticiero\/transporte-aereo\/rompe-america-latina-record-de-trafico-de-pasajeros-alta\/\" \/>\n<meta property=\"og:site_name\" content=\"Aeronoticias.com.pe\" \/>\n<meta property=\"article:publisher\" content=\"https:\/\/www.facebook.com\/Aeronoticias.com.pe\/\" \/>\n<meta property=\"article:published_time\" content=\"2024-02-15T14:53:11+00:00\" \/>\n<meta property=\"article:modified_time\" content=\"2024-02-15T14:53:20+00:00\" \/>\n<meta property=\"og:image\" content=\"https:\/\/aeronoticias.com.pe\/noticiero\/wp-content\/uploads\/2024\/02\/154.jpg\" \/>\n\t<meta property=\"og:image:width\" content=\"1800\" \/>\n\t<meta property=\"og:image:height\" content=\"1200\" \/>\n\t<meta property=\"og:image:type\" content=\"image\/jpeg\" \/>\n<meta name=\"author\" content=\"Redacci\u00f3n\" \/>\n<meta name=\"twitter:card\" content=\"summary_large_image\" \/>\n<meta name=\"twitter:creator\" content=\"@aeronoticias\" \/>\n<meta name=\"twitter:site\" content=\"@aeronoticias\" \/>\n<meta name=\"twitter:label1\" content=\"Escrito por\" \/>\n\t<meta name=\"twitter:data1\" content=\"Redacci\u00f3n\" \/>\n\t<meta name=\"twitter:label2\" content=\"Tiempo de lectura\" \/>\n\t<meta name=\"twitter:data2\" content=\"3 minutos\" \/>\n<script type=\"application\/ld+json\" class=\"yoast-schema-graph\">{\"@context\":\"https:\/\/schema.org\",\"@graph\":[{\"@type\":\"WebPage\",\"@id\":\"https:\/\/aeronoticias.com.pe\/noticiero\/transporte-aereo\/rompe-america-latina-record-de-trafico-de-pasajeros-alta\/\",\"url\":\"https:\/\/aeronoticias.com.pe\/noticiero\/transporte-aereo\/rompe-america-latina-record-de-trafico-de-pasajeros-alta\/\",\"name\":\"Rompe Am\u00e9rica Latina r\u00e9cord de tr\u00e1fico de pasajeros: ALTA\",\"isPartOf\":{\"@id\":\"https:\/\/aeronoticias.com.pe\/noticiero\/#website\"},\"primaryImageOfPage\":{\"@id\":\"https:\/\/aeronoticias.com.pe\/noticiero\/transporte-aereo\/rompe-america-latina-record-de-trafico-de-pasajeros-alta\/#primaryimage\"},\"image\":{\"@id\":\"https:\/\/aeronoticias.com.pe\/noticiero\/transporte-aereo\/rompe-america-latina-record-de-trafico-de-pasajeros-alta\/#primaryimage\"},\"thumbnailUrl\":\"https:\/\/aeronoticias.com.pe\/noticiero\/wp-content\/uploads\/2024\/02\/154.jpg\",\"datePublished\":\"2024-02-15T14:53:11+00:00\",\"dateModified\":\"2024-02-15T14:53:20+00:00\",\"author\":{\"@id\":\"https:\/\/aeronoticias.com.pe\/noticiero\/#\/schema\/person\/16212a617c73f78916b13194154243bd\"},\"description\":\"SURAM\u00c9RICA FUE L\u00cdDER EN 2023 AL TRANSPORTAR 246.6 MILLONES DE USUARIOS\",\"breadcrumb\":{\"@id\":\"https:\/\/aeronoticias.com.pe\/noticiero\/transporte-aereo\/rompe-america-latina-record-de-trafico-de-pasajeros-alta\/#breadcrumb\"},\"inLanguage\":\"es\",\"potentialAction\":[{\"@type\":\"ReadAction\",\"target\":[\"https:\/\/aeronoticias.com.pe\/noticiero\/transporte-aereo\/rompe-america-latina-record-de-trafico-de-pasajeros-alta\/\"]}]},{\"@type\":\"ImageObject\",\"inLanguage\":\"es\",\"@id\":\"https:\/\/aeronoticias.com.pe\/noticiero\/transporte-aereo\/rompe-america-latina-record-de-trafico-de-pasajeros-alta\/#primaryimage\",\"url\":\"https:\/\/aeronoticias.com.pe\/noticiero\/wp-content\/uploads\/2024\/02\/154.jpg\",\"contentUrl\":\"https:\/\/aeronoticias.com.pe\/noticiero\/wp-content\/uploads\/2024\/02\/154.jpg\",\"width\":1800,\"height\":1200},{\"@type\":\"BreadcrumbList\",\"@id\":\"https:\/\/aeronoticias.com.pe\/noticiero\/transporte-aereo\/rompe-america-latina-record-de-trafico-de-pasajeros-alta\/#breadcrumb\",\"itemListElement\":[{\"@type\":\"ListItem\",\"position\":1,\"name\":\"Portada\",\"item\":\"https:\/\/aeronoticias.com.pe\/noticiero\/\"},{\"@type\":\"ListItem\",\"position\":2,\"name\":\"Rompe Am\u00e9rica Latina r\u00e9cord de tr\u00e1fico de pasajeros: ALTA\"}]},{\"@type\":\"WebSite\",\"@id\":\"https:\/\/aeronoticias.com.pe\/noticiero\/#website\",\"url\":\"https:\/\/aeronoticias.com.pe\/noticiero\/\",\"name\":\"Aeronoticias.com.pe\",\"description\":\"Noticias de tranporte aereo, turismo, hoteles, gastronomia, actualidad, internacional\",\"potentialAction\":[{\"@type\":\"SearchAction\",\"target\":{\"@type\":\"EntryPoint\",\"urlTemplate\":\"https:\/\/aeronoticias.com.pe\/noticiero\/?s={search_term_string}\"},\"query-input\":{\"@type\":\"PropertyValueSpecification\",\"valueRequired\":true,\"valueName\":\"search_term_string\"}}],\"inLanguage\":\"es\"},{\"@type\":\"Person\",\"@id\":\"https:\/\/aeronoticias.com.pe\/noticiero\/#\/schema\/person\/16212a617c73f78916b13194154243bd\",\"name\":\"Redacci\u00f3n\",\"sameAs\":[\"http:\/\/Redacci\u00f3n\"],\"url\":\"https:\/\/aeronoticias.com.pe\/noticiero\/author\/celeste\/\"}]}<\/script>\n<!-- \/ Yoast SEO plugin. -->","yoast_head_json":{"title":"Rompe Am\u00e9rica Latina r\u00e9cord de tr\u00e1fico de pasajeros: ALTA","description":"SURAM\u00c9RICA FUE L\u00cdDER EN 2023 AL TRANSPORTAR 246.6 MILLONES DE USUARIOS","robots":{"index":"index","follow":"follow","max-snippet":"max-snippet:-1","max-image-preview":"max-image-preview:large","max-video-preview":"max-video-preview:-1"},"canonical":"https:\/\/aeronoticias.com.pe\/noticiero\/transporte-aereo\/rompe-america-latina-record-de-trafico-de-pasajeros-alta\/","og_locale":"es_ES","og_type":"article","og_title":"Rompe Am\u00e9rica Latina r\u00e9cord de tr\u00e1fico de pasajeros: ALTA","og_description":"SURAM\u00c9RICA FUE L\u00cdDER EN 2023 AL TRANSPORTAR 246.6 MILLONES DE USUARIOS","og_url":"https:\/\/aeronoticias.com.pe\/noticiero\/transporte-aereo\/rompe-america-latina-record-de-trafico-de-pasajeros-alta\/","og_site_name":"Aeronoticias.com.pe","article_publisher":"https:\/\/www.facebook.com\/Aeronoticias.com.pe\/","article_published_time":"2024-02-15T14:53:11+00:00","article_modified_time":"2024-02-15T14:53:20+00:00","og_image":[{"width":1800,"height":1200,"url":"https:\/\/aeronoticias.com.pe\/noticiero\/wp-content\/uploads\/2024\/02\/154.jpg","type":"image\/jpeg"}],"author":"Redacci\u00f3n","twitter_card":"summary_large_image","twitter_creator":"@aeronoticias","twitter_site":"@aeronoticias","twitter_misc":{"Escrito por":"Redacci\u00f3n","Tiempo de lectura":"3 minutos"},"schema":{"@context":"https:\/\/schema.org","@graph":[{"@type":"WebPage","@id":"https:\/\/aeronoticias.com.pe\/noticiero\/transporte-aereo\/rompe-america-latina-record-de-trafico-de-pasajeros-alta\/","url":"https:\/\/aeronoticias.com.pe\/noticiero\/transporte-aereo\/rompe-america-latina-record-de-trafico-de-pasajeros-alta\/","name":"Rompe Am\u00e9rica Latina r\u00e9cord de tr\u00e1fico de pasajeros: ALTA","isPartOf":{"@id":"https:\/\/aeronoticias.com.pe\/noticiero\/#website"},"primaryImageOfPage":{"@id":"https:\/\/aeronoticias.com.pe\/noticiero\/transporte-aereo\/rompe-america-latina-record-de-trafico-de-pasajeros-alta\/#primaryimage"},"image":{"@id":"https:\/\/aeronoticias.com.pe\/noticiero\/transporte-aereo\/rompe-america-latina-record-de-trafico-de-pasajeros-alta\/#primaryimage"},"thumbnailUrl":"https:\/\/aeronoticias.com.pe\/noticiero\/wp-content\/uploads\/2024\/02\/154.jpg","datePublished":"2024-02-15T14:53:11+00:00","dateModified":"2024-02-15T14:53:20+00:00","author":{"@id":"https:\/\/aeronoticias.com.pe\/noticiero\/#\/schema\/person\/16212a617c73f78916b13194154243bd"},"description":"SURAM\u00c9RICA FUE L\u00cdDER EN 2023 AL TRANSPORTAR 246.6 MILLONES DE USUARIOS","breadcrumb":{"@id":"https:\/\/aeronoticias.com.pe\/noticiero\/transporte-aereo\/rompe-america-latina-record-de-trafico-de-pasajeros-alta\/#breadcrumb"},"inLanguage":"es","potentialAction":[{"@type":"ReadAction","target":["https:\/\/aeronoticias.com.pe\/noticiero\/transporte-aereo\/rompe-america-latina-record-de-trafico-de-pasajeros-alta\/"]}]},{"@type":"ImageObject","inLanguage":"es","@id":"https:\/\/aeronoticias.com.pe\/noticiero\/transporte-aereo\/rompe-america-latina-record-de-trafico-de-pasajeros-alta\/#primaryimage","url":"https:\/\/aeronoticias.com.pe\/noticiero\/wp-content\/uploads\/2024\/02\/154.jpg","contentUrl":"https:\/\/aeronoticias.com.pe\/noticiero\/wp-content\/uploads\/2024\/02\/154.jpg","width":1800,"height":1200},{"@type":"BreadcrumbList","@id":"https:\/\/aeronoticias.com.pe\/noticiero\/transporte-aereo\/rompe-america-latina-record-de-trafico-de-pasajeros-alta\/#breadcrumb","itemListElement":[{"@type":"ListItem","position":1,"name":"Portada","item":"https:\/\/aeronoticias.com.pe\/noticiero\/"},{"@type":"ListItem","position":2,"name":"Rompe Am\u00e9rica Latina r\u00e9cord de tr\u00e1fico de pasajeros: ALTA"}]},{"@type":"WebSite","@id":"https:\/\/aeronoticias.com.pe\/noticiero\/#website","url":"https:\/\/aeronoticias.com.pe\/noticiero\/","name":"Aeronoticias.com.pe","description":"Noticias de tranporte aereo, turismo, hoteles, gastronomia, actualidad, internacional","potentialAction":[{"@type":"SearchAction","target":{"@type":"EntryPoint","urlTemplate":"https:\/\/aeronoticias.com.pe\/noticiero\/?s={search_term_string}"},"query-input":{"@type":"PropertyValueSpecification","valueRequired":true,"valueName":"search_term_string"}}],"inLanguage":"es"},{"@type":"Person","@id":"https:\/\/aeronoticias.com.pe\/noticiero\/#\/schema\/person\/16212a617c73f78916b13194154243bd","name":"Redacci\u00f3n","sameAs":["http:\/\/Redacci\u00f3n"],"url":"https:\/\/aeronoticias.com.pe\/noticiero\/author\/celeste\/"}]}},"_links":{"self":[{"href":"https:\/\/aeronoticias.com.pe\/noticiero\/wp-json\/wp\/v2\/posts\/89354","targetHints":{"allow":["GET"]}}],"collection":[{"href":"https:\/\/aeronoticias.com.pe\/noticiero\/wp-json\/wp\/v2\/posts"}],"about":[{"href":"https:\/\/aeronoticias.com.pe\/noticiero\/wp-json\/wp\/v2\/types\/post"}],"author":[{"embeddable":true,"href":"https:\/\/aeronoticias.com.pe\/noticiero\/wp-json\/wp\/v2\/users\/3"}],"replies":[{"embeddable":true,"href":"https:\/\/aeronoticias.com.pe\/noticiero\/wp-json\/wp\/v2\/comments?post=89354"}],"version-history":[{"count":0,"href":"https:\/\/aeronoticias.com.pe\/noticiero\/wp-json\/wp\/v2\/posts\/89354\/revisions"}],"wp:featuredmedia":[{"embeddable":true,"href":"https:\/\/aeronoticias.com.pe\/noticiero\/wp-json\/wp\/v2\/media\/89355"}],"wp:attachment":[{"href":"https:\/\/aeronoticias.com.pe\/noticiero\/wp-json\/wp\/v2\/media?parent=89354"}],"wp:term":[{"taxonomy":"category","embeddable":true,"href":"https:\/\/aeronoticias.com.pe\/noticiero\/wp-json\/wp\/v2\/categories?post=89354"},{"taxonomy":"post_tag","embeddable":true,"href":"https:\/\/aeronoticias.com.pe\/noticiero\/wp-json\/wp\/v2\/tags?post=89354"}],"curies":[{"name":"wp","href":"https:\/\/api.w.org\/{rel}","templated":true}]}}