{"id":89421,"date":"2024-02-20T11:06:46","date_gmt":"2024-02-20T16:06:46","guid":{"rendered":"https:\/\/aeronoticias.com.pe\/noticiero\/?p=89421"},"modified":"2024-02-20T11:06:57","modified_gmt":"2024-02-20T16:06:57","slug":"aerolineas-conectadas-el-futuro-de-la-industria-de-la-aviacion","status":"publish","type":"post","link":"https:\/\/aeronoticias.com.pe\/noticiero\/transporte-aereo\/aerolineas-conectadas-el-futuro-de-la-industria-de-la-aviacion\/","title":{"rendered":"Aerol\u00edneas conectadas: El futuro de la industria de la aviaci\u00f3n"},"content":{"rendered":"\n<p><strong>(Aeronoticias)<\/strong>: <strong>Aviaci\u00f3n Digital, Sp.-\u00a0<\/strong><em>Despu\u00e9s de a\u00f1os de obst\u00e1culos, marcados por la necesidad de\u00a0<strong><a href=\"https:\/\/aviaciondigital.com\/easyjet-podria-necesitar-reducir-el-numero-de-personal-hasta-en-un-30\/\" target=\"_blank\" rel=\"noreferrer noopener\">reducir costos<\/a>, preservar el efectivo y navegar\u00a0<\/strong>a trav\u00e9s de las turbulencias, la industria de la aviaci\u00f3n se encamina hacia la recuperaci\u00f3n.<\/em><\/p>\n\n\n\n<p>Sin embargo,&nbsp;<em>\u00bfsignificar\u00e1 esto un retorno al mundo tal como lo conoc\u00edamos?<\/em><\/p>\n\n\n\n<p>Es poco probable. En lugar de eso, las aerol\u00edneas deber\u00e1n forjar modelos de negocio resilientes,<strong>&nbsp;centrados en la&nbsp;<a href=\"https:\/\/aviaciondigital.com\/tap-air-portugal-obtiene-sobresaliente-en-la-evaluacion-de-riesgos-de-sostenibilidad\/\" target=\"_blank\" rel=\"noreferrer noopener\">sostenibilidad<\/a>, la eficiencia y servicios<\/strong>&nbsp;que impresionen y retengan a los pasajeros.<\/p>\n\n\n\n<h3 class=\"wp-block-heading\" id=\"h-la-importancia-de-la-conectividad-aerea\">La importancia de la conectividad a\u00e9rea<\/h3>\n\n\n\n<p>El concepto de avi\u00f3n conectado se presenta como&nbsp;<strong>una pieza clave en esta nueva era<\/strong>&nbsp;de la aviaci\u00f3n. La conectividad por sat\u00e9lite no es simplemente una caracter\u00edstica agradable de tener, sino una tecnolog\u00eda que puede generar&nbsp;<strong>enormes ahorros de costos para las aerol\u00edneas,<\/strong>&nbsp;as\u00ed como beneficios ambientales y ventajas para los pasajeros en un momento crucial para la reconstrucci\u00f3n de la industria.<\/p>\n\n\n\n<p><strong>Philip Balaam,<\/strong>&nbsp;presidente de&nbsp;<strong><a href=\"https:\/\/aviaciondigital.com\/iris-la-revolucion-del-datalink\/\" target=\"_blank\" rel=\"noreferrer noopener\">Inmarsat Aviation<\/a><\/strong>, destaca:<em>&nbsp;\u00abLa digitalizaci\u00f3n y la innovaci\u00f3n ser\u00e1n cruciales para impulsar la eficiencia, reducir el impacto ambiental y mejorar la experiencia de los pasajeros\u00bb.<\/em><\/p>\n\n\n\n<figure class=\"wp-block-image\"><img decoding=\"async\" src=\"https:\/\/aviaciondigital.com\/wp-content\/uploads\/2024\/02\/D2Ayo95X4AAst_I-1024x514.jpeg\" alt=\"\"\/><\/figure>\n\n\n\n<h3 class=\"wp-block-heading\" id=\"h-revolucionando-la-aviacion-con-aviones-conectados\">Revolucionando la aviaci\u00f3n con aviones conectados<\/h3>\n\n\n\n<p>Las aerol\u00edneas est\u00e1n buscando todas las oportunidades posibles para&nbsp;<strong>ahorrar costos y mejorar su agilidad operativa.&nbsp;<\/strong>Seg\u00fan un informe de la Escuela de Econom\u00eda de Londres en asociaci\u00f3n con&nbsp;<strong><a href=\"https:\/\/aviaciondigital.com\/iris-la-revolucion-del-datalink\/\" target=\"_blank\" rel=\"noreferrer noopener\">Inmarsat Aviation<\/a><\/strong>, una pol\u00edtica de aeronaves conectadas con sat\u00e9lite podr\u00eda ahorrar a las aerol\u00edneas hasta&nbsp;<strong>15 mil millones de d\u00f3lares al a\u00f1o<\/strong>, al evitar rutas de vuelo ineficientes y reducir el consumo de combustible&nbsp;<strong>hasta en un 5%.<\/strong><\/p>\n\n\n\n<p>Adem\u00e1s, la \u00faltima oferta de Inmarsat Aviation,&nbsp;<strong>SwiftBroadband-Safety (SB-S),<\/strong>&nbsp;lleva la revoluci\u00f3n de los aviones digitales a otro nivel. Con posiciones aseguradas en aviones&nbsp;<a href=\"https:\/\/aviaciondigital.com\/airbus-reconocida-como-top-employer-en-22-paises\/\" target=\"_blank\" rel=\"noreferrer noopener\">Airbus&nbsp;<\/a>y&nbsp;<a href=\"https:\/\/aviaciondigital.com\/boeing-presentara-su-innovacion-en-el-singapore-airshow-2024\/\" target=\"_blank\" rel=\"noreferrer noopener\">Boeing<\/a>, SB-S proporciona una conexi\u00f3n IP global y segura para operaciones y comunicaciones de seguridad, mejorando la&nbsp;<strong>eficiencia y la seguridad<\/strong>&nbsp;de las operaciones a\u00e9reas.<\/p>\n\n\n\n<p>Por otro lado, una gesti\u00f3n del tr\u00e1fico a\u00e9reo ineficiente contribuye significativamente a la\u00a0<strong>huella de carbono de la aviaci\u00f3n<\/strong>. Una infraestructura deficiente de ATM hace que las aerol\u00edneas quemen un<strong>\u00a023% m\u00e1s de combustible<\/strong>\u00a0del necesario. El programa\u00a0<a href=\"https:\/\/aviaciondigital.com\/iris-la-revolucion-del-datalink\/\" target=\"_blank\" rel=\"noreferrer noopener\"><strong>Iris de Inmarsat<\/strong>,<\/a>\u00a0impulsado por SB-S, permite la colaboraci\u00f3n en tiempo real\u00a0<strong>entre pilotos y controladores<\/strong>\u00a0de tr\u00e1fico a\u00e9reo, mejorando la eficiencia y reduciendo las emisiones de CO2.<\/p>\n\n\n\n<p>SB-S tambi\u00e9n ofrece beneficios adicionales, como salas virtuales de tripulaci\u00f3n, telemedicina y mantenimiento predictivo, que pueden mejorar la&nbsp;<strong>puntualidad, reducir costos y mejorar la experiencia&nbsp;<\/strong>del pasajero.<\/p>\n\n\n\n<h3 class=\"wp-block-heading\" id=\"h-mirando-hacia-el-futuro\">Mirando hacia el futuro<\/h3>\n\n\n\n<p>Aprovechar la oportunidad de la&nbsp;<strong>conectividad digital&nbsp;<\/strong>podr\u00eda ser crucial para que las aerol\u00edneas superen los desaf\u00edos actuales y se recuperen de manera efectiva. \u00ab<em>Es evidente que habr\u00e1 ganadores y perdedores\u00bb<\/em>, afirma&nbsp;<strong>Balaam<\/strong>. \u00ab<em>Mi convicci\u00f3n es que los supervivientes adoptar\u00e1n un enfoque estrat\u00e9gico, \u00e1gil y basado en la tecnolog\u00eda, y ser\u00e1n ellos los que se recuperar\u00e1n m\u00e1s r\u00e1pido y con m\u00e1s fuerza\u00bb.<\/em><\/p>\n\n\n\n<p>A modo de conclusi\u00f3n, mantenerse conectado en un mundo en constante cambio podr\u00eda ser la\u00a0<strong>clave para la supervivencia<\/strong>\u00a0y el \u00e9xito de las\u00a0<a href=\"https:\/\/aviaciondigital.com\/aumentaran-las-aerolineas-su-flota-de-aviones-en-2024\/\" target=\"_blank\" rel=\"noreferrer noopener\">aerol\u00edneas\u00a0<\/a>en los pr\u00f3ximos a\u00f1os.<\/p>\n\n\n\n<p><strong>Fuente: aviaciondigital.com<\/strong><\/p>\n","protected":false},"excerpt":{"rendered":"<p>(Aeronoticias): Aviaci\u00f3n Digital, Sp.-\u00a0Despu\u00e9s de a\u00f1os de obst\u00e1culos, marcados por la necesidad de\u00a0reducir costos, preservar el efectivo y navegar\u00a0a trav\u00e9s de las turbulencias, la industria de la aviaci\u00f3n se encamina hacia la recuperaci\u00f3n. Sin embargo,&nbsp;\u00bfsignificar\u00e1 esto un retorno al mundo tal como lo conoc\u00edamos? Es poco probable. En lugar de eso, las aerol\u00edneas deber\u00e1n forjar [&hellip;]<\/p>\n","protected":false},"author":3,"featured_media":89422,"comment_status":"open","ping_status":"open","sticky":false,"template":"","format":"standard","meta":{"tdm_status":"","tdm_grid_status":"","footnotes":""},"categories":[32,11],"tags":[4820,4028],"class_list":{"0":"post-89421","1":"post","2":"type-post","3":"status-publish","4":"format-standard","5":"has-post-thumbnail","7":"category-internacional","8":"category-transporte-aereo","9":"tag-aerolineas-conectadas","10":"tag-industria-de-la-aviacion"},"yoast_head":"<!-- This site is optimized with the Yoast SEO plugin v25.1 - https:\/\/yoast.com\/wordpress\/plugins\/seo\/ -->\n<title>Aerol\u00edneas conectadas: El futuro de la industria de la aviaci\u00f3n<\/title>\n<meta name=\"description\" content=\"La conectividad en las alturas es la estrategia fundamental para la continuidad de las aerol\u00edneas.\" \/>\n<meta name=\"robots\" content=\"index, follow, max-snippet:-1, max-image-preview:large, max-video-preview:-1\" \/>\n<link rel=\"canonical\" href=\"https:\/\/aeronoticias.com.pe\/noticiero\/transporte-aereo\/aerolineas-conectadas-el-futuro-de-la-industria-de-la-aviacion\/\" \/>\n<meta property=\"og:locale\" content=\"es_ES\" \/>\n<meta property=\"og:type\" content=\"article\" \/>\n<meta property=\"og:title\" content=\"Aerol\u00edneas conectadas: El futuro de la industria de la aviaci\u00f3n\" \/>\n<meta property=\"og:description\" content=\"La conectividad en las alturas es la estrategia fundamental para la continuidad de las aerol\u00edneas.\" \/>\n<meta property=\"og:url\" content=\"https:\/\/aeronoticias.com.pe\/noticiero\/transporte-aereo\/aerolineas-conectadas-el-futuro-de-la-industria-de-la-aviacion\/\" \/>\n<meta property=\"og:site_name\" content=\"Aeronoticias.com.pe\" \/>\n<meta property=\"article:publisher\" content=\"https:\/\/www.facebook.com\/Aeronoticias.com.pe\/\" \/>\n<meta property=\"article:published_time\" content=\"2024-02-20T16:06:46+00:00\" \/>\n<meta property=\"article:modified_time\" content=\"2024-02-20T16:06:57+00:00\" \/>\n<meta property=\"og:image\" content=\"https:\/\/aeronoticias.com.pe\/noticiero\/wp-content\/uploads\/2024\/02\/luna.jpeg\" \/>\n\t<meta property=\"og:image:width\" content=\"1068\" \/>\n\t<meta property=\"og:image:height\" content=\"654\" \/>\n\t<meta property=\"og:image:type\" content=\"image\/jpeg\" \/>\n<meta name=\"author\" content=\"Redacci\u00f3n\" \/>\n<meta name=\"twitter:card\" content=\"summary_large_image\" \/>\n<meta name=\"twitter:creator\" content=\"@aeronoticias\" \/>\n<meta name=\"twitter:site\" content=\"@aeronoticias\" \/>\n<meta name=\"twitter:label1\" content=\"Escrito por\" \/>\n\t<meta name=\"twitter:data1\" content=\"Redacci\u00f3n\" \/>\n\t<meta name=\"twitter:label2\" content=\"Tiempo de lectura\" \/>\n\t<meta name=\"twitter:data2\" content=\"3 minutos\" \/>\n<script type=\"application\/ld+json\" class=\"yoast-schema-graph\">{\"@context\":\"https:\/\/schema.org\",\"@graph\":[{\"@type\":\"WebPage\",\"@id\":\"https:\/\/aeronoticias.com.pe\/noticiero\/transporte-aereo\/aerolineas-conectadas-el-futuro-de-la-industria-de-la-aviacion\/\",\"url\":\"https:\/\/aeronoticias.com.pe\/noticiero\/transporte-aereo\/aerolineas-conectadas-el-futuro-de-la-industria-de-la-aviacion\/\",\"name\":\"Aerol\u00edneas conectadas: El futuro de la industria de la aviaci\u00f3n\",\"isPartOf\":{\"@id\":\"https:\/\/aeronoticias.com.pe\/noticiero\/#website\"},\"primaryImageOfPage\":{\"@id\":\"https:\/\/aeronoticias.com.pe\/noticiero\/transporte-aereo\/aerolineas-conectadas-el-futuro-de-la-industria-de-la-aviacion\/#primaryimage\"},\"image\":{\"@id\":\"https:\/\/aeronoticias.com.pe\/noticiero\/transporte-aereo\/aerolineas-conectadas-el-futuro-de-la-industria-de-la-aviacion\/#primaryimage\"},\"thumbnailUrl\":\"https:\/\/aeronoticias.com.pe\/noticiero\/wp-content\/uploads\/2024\/02\/luna.jpeg\",\"datePublished\":\"2024-02-20T16:06:46+00:00\",\"dateModified\":\"2024-02-20T16:06:57+00:00\",\"author\":{\"@id\":\"https:\/\/aeronoticias.com.pe\/noticiero\/#\/schema\/person\/16212a617c73f78916b13194154243bd\"},\"description\":\"La conectividad en las alturas es la estrategia fundamental para la continuidad de las aerol\u00edneas.\",\"breadcrumb\":{\"@id\":\"https:\/\/aeronoticias.com.pe\/noticiero\/transporte-aereo\/aerolineas-conectadas-el-futuro-de-la-industria-de-la-aviacion\/#breadcrumb\"},\"inLanguage\":\"es\",\"potentialAction\":[{\"@type\":\"ReadAction\",\"target\":[\"https:\/\/aeronoticias.com.pe\/noticiero\/transporte-aereo\/aerolineas-conectadas-el-futuro-de-la-industria-de-la-aviacion\/\"]}]},{\"@type\":\"ImageObject\",\"inLanguage\":\"es\",\"@id\":\"https:\/\/aeronoticias.com.pe\/noticiero\/transporte-aereo\/aerolineas-conectadas-el-futuro-de-la-industria-de-la-aviacion\/#primaryimage\",\"url\":\"https:\/\/aeronoticias.com.pe\/noticiero\/wp-content\/uploads\/2024\/02\/luna.jpeg\",\"contentUrl\":\"https:\/\/aeronoticias.com.pe\/noticiero\/wp-content\/uploads\/2024\/02\/luna.jpeg\",\"width\":1068,\"height\":654},{\"@type\":\"BreadcrumbList\",\"@id\":\"https:\/\/aeronoticias.com.pe\/noticiero\/transporte-aereo\/aerolineas-conectadas-el-futuro-de-la-industria-de-la-aviacion\/#breadcrumb\",\"itemListElement\":[{\"@type\":\"ListItem\",\"position\":1,\"name\":\"Portada\",\"item\":\"https:\/\/aeronoticias.com.pe\/noticiero\/\"},{\"@type\":\"ListItem\",\"position\":2,\"name\":\"Aerol\u00edneas conectadas: El futuro de la industria de la aviaci\u00f3n\"}]},{\"@type\":\"WebSite\",\"@id\":\"https:\/\/aeronoticias.com.pe\/noticiero\/#website\",\"url\":\"https:\/\/aeronoticias.com.pe\/noticiero\/\",\"name\":\"Aeronoticias.com.pe\",\"description\":\"Noticias de tranporte aereo, turismo, hoteles, gastronomia, actualidad, internacional\",\"potentialAction\":[{\"@type\":\"SearchAction\",\"target\":{\"@type\":\"EntryPoint\",\"urlTemplate\":\"https:\/\/aeronoticias.com.pe\/noticiero\/?s={search_term_string}\"},\"query-input\":{\"@type\":\"PropertyValueSpecification\",\"valueRequired\":true,\"valueName\":\"search_term_string\"}}],\"inLanguage\":\"es\"},{\"@type\":\"Person\",\"@id\":\"https:\/\/aeronoticias.com.pe\/noticiero\/#\/schema\/person\/16212a617c73f78916b13194154243bd\",\"name\":\"Redacci\u00f3n\",\"sameAs\":[\"http:\/\/Redacci\u00f3n\"],\"url\":\"https:\/\/aeronoticias.com.pe\/noticiero\/author\/celeste\/\"}]}<\/script>\n<!-- \/ Yoast SEO plugin. -->","yoast_head_json":{"title":"Aerol\u00edneas conectadas: El futuro de la industria de la aviaci\u00f3n","description":"La conectividad en las alturas es la estrategia fundamental para la continuidad de las aerol\u00edneas.","robots":{"index":"index","follow":"follow","max-snippet":"max-snippet:-1","max-image-preview":"max-image-preview:large","max-video-preview":"max-video-preview:-1"},"canonical":"https:\/\/aeronoticias.com.pe\/noticiero\/transporte-aereo\/aerolineas-conectadas-el-futuro-de-la-industria-de-la-aviacion\/","og_locale":"es_ES","og_type":"article","og_title":"Aerol\u00edneas conectadas: El futuro de la industria de la aviaci\u00f3n","og_description":"La conectividad en las alturas es la estrategia fundamental para la continuidad de las aerol\u00edneas.","og_url":"https:\/\/aeronoticias.com.pe\/noticiero\/transporte-aereo\/aerolineas-conectadas-el-futuro-de-la-industria-de-la-aviacion\/","og_site_name":"Aeronoticias.com.pe","article_publisher":"https:\/\/www.facebook.com\/Aeronoticias.com.pe\/","article_published_time":"2024-02-20T16:06:46+00:00","article_modified_time":"2024-02-20T16:06:57+00:00","og_image":[{"width":1068,"height":654,"url":"https:\/\/aeronoticias.com.pe\/noticiero\/wp-content\/uploads\/2024\/02\/luna.jpeg","type":"image\/jpeg"}],"author":"Redacci\u00f3n","twitter_card":"summary_large_image","twitter_creator":"@aeronoticias","twitter_site":"@aeronoticias","twitter_misc":{"Escrito por":"Redacci\u00f3n","Tiempo de lectura":"3 minutos"},"schema":{"@context":"https:\/\/schema.org","@graph":[{"@type":"WebPage","@id":"https:\/\/aeronoticias.com.pe\/noticiero\/transporte-aereo\/aerolineas-conectadas-el-futuro-de-la-industria-de-la-aviacion\/","url":"https:\/\/aeronoticias.com.pe\/noticiero\/transporte-aereo\/aerolineas-conectadas-el-futuro-de-la-industria-de-la-aviacion\/","name":"Aerol\u00edneas conectadas: El futuro de la industria de la aviaci\u00f3n","isPartOf":{"@id":"https:\/\/aeronoticias.com.pe\/noticiero\/#website"},"primaryImageOfPage":{"@id":"https:\/\/aeronoticias.com.pe\/noticiero\/transporte-aereo\/aerolineas-conectadas-el-futuro-de-la-industria-de-la-aviacion\/#primaryimage"},"image":{"@id":"https:\/\/aeronoticias.com.pe\/noticiero\/transporte-aereo\/aerolineas-conectadas-el-futuro-de-la-industria-de-la-aviacion\/#primaryimage"},"thumbnailUrl":"https:\/\/aeronoticias.com.pe\/noticiero\/wp-content\/uploads\/2024\/02\/luna.jpeg","datePublished":"2024-02-20T16:06:46+00:00","dateModified":"2024-02-20T16:06:57+00:00","author":{"@id":"https:\/\/aeronoticias.com.pe\/noticiero\/#\/schema\/person\/16212a617c73f78916b13194154243bd"},"description":"La conectividad en las alturas es la estrategia fundamental para la continuidad de las aerol\u00edneas.","breadcrumb":{"@id":"https:\/\/aeronoticias.com.pe\/noticiero\/transporte-aereo\/aerolineas-conectadas-el-futuro-de-la-industria-de-la-aviacion\/#breadcrumb"},"inLanguage":"es","potentialAction":[{"@type":"ReadAction","target":["https:\/\/aeronoticias.com.pe\/noticiero\/transporte-aereo\/aerolineas-conectadas-el-futuro-de-la-industria-de-la-aviacion\/"]}]},{"@type":"ImageObject","inLanguage":"es","@id":"https:\/\/aeronoticias.com.pe\/noticiero\/transporte-aereo\/aerolineas-conectadas-el-futuro-de-la-industria-de-la-aviacion\/#primaryimage","url":"https:\/\/aeronoticias.com.pe\/noticiero\/wp-content\/uploads\/2024\/02\/luna.jpeg","contentUrl":"https:\/\/aeronoticias.com.pe\/noticiero\/wp-content\/uploads\/2024\/02\/luna.jpeg","width":1068,"height":654},{"@type":"BreadcrumbList","@id":"https:\/\/aeronoticias.com.pe\/noticiero\/transporte-aereo\/aerolineas-conectadas-el-futuro-de-la-industria-de-la-aviacion\/#breadcrumb","itemListElement":[{"@type":"ListItem","position":1,"name":"Portada","item":"https:\/\/aeronoticias.com.pe\/noticiero\/"},{"@type":"ListItem","position":2,"name":"Aerol\u00edneas conectadas: El futuro de la industria de la aviaci\u00f3n"}]},{"@type":"WebSite","@id":"https:\/\/aeronoticias.com.pe\/noticiero\/#website","url":"https:\/\/aeronoticias.com.pe\/noticiero\/","name":"Aeronoticias.com.pe","description":"Noticias de tranporte aereo, turismo, hoteles, gastronomia, actualidad, internacional","potentialAction":[{"@type":"SearchAction","target":{"@type":"EntryPoint","urlTemplate":"https:\/\/aeronoticias.com.pe\/noticiero\/?s={search_term_string}"},"query-input":{"@type":"PropertyValueSpecification","valueRequired":true,"valueName":"search_term_string"}}],"inLanguage":"es"},{"@type":"Person","@id":"https:\/\/aeronoticias.com.pe\/noticiero\/#\/schema\/person\/16212a617c73f78916b13194154243bd","name":"Redacci\u00f3n","sameAs":["http:\/\/Redacci\u00f3n"],"url":"https:\/\/aeronoticias.com.pe\/noticiero\/author\/celeste\/"}]}},"_links":{"self":[{"href":"https:\/\/aeronoticias.com.pe\/noticiero\/wp-json\/wp\/v2\/posts\/89421","targetHints":{"allow":["GET"]}}],"collection":[{"href":"https:\/\/aeronoticias.com.pe\/noticiero\/wp-json\/wp\/v2\/posts"}],"about":[{"href":"https:\/\/aeronoticias.com.pe\/noticiero\/wp-json\/wp\/v2\/types\/post"}],"author":[{"embeddable":true,"href":"https:\/\/aeronoticias.com.pe\/noticiero\/wp-json\/wp\/v2\/users\/3"}],"replies":[{"embeddable":true,"href":"https:\/\/aeronoticias.com.pe\/noticiero\/wp-json\/wp\/v2\/comments?post=89421"}],"version-history":[{"count":0,"href":"https:\/\/aeronoticias.com.pe\/noticiero\/wp-json\/wp\/v2\/posts\/89421\/revisions"}],"wp:featuredmedia":[{"embeddable":true,"href":"https:\/\/aeronoticias.com.pe\/noticiero\/wp-json\/wp\/v2\/media\/89422"}],"wp:attachment":[{"href":"https:\/\/aeronoticias.com.pe\/noticiero\/wp-json\/wp\/v2\/media?parent=89421"}],"wp:term":[{"taxonomy":"category","embeddable":true,"href":"https:\/\/aeronoticias.com.pe\/noticiero\/wp-json\/wp\/v2\/categories?post=89421"},{"taxonomy":"post_tag","embeddable":true,"href":"https:\/\/aeronoticias.com.pe\/noticiero\/wp-json\/wp\/v2\/tags?post=89421"}],"curies":[{"name":"wp","href":"https:\/\/api.w.org\/{rel}","templated":true}]}}