{"id":89424,"date":"2024-02-20T11:11:55","date_gmt":"2024-02-20T16:11:55","guid":{"rendered":"https:\/\/aeronoticias.com.pe\/noticiero\/?p=89424"},"modified":"2024-02-20T11:12:00","modified_gmt":"2024-02-20T16:12:00","slug":"refrenda-tagairlines-su-membresia-con-la-iata","status":"publish","type":"post","link":"https:\/\/aeronoticias.com.pe\/noticiero\/internacionales\/refrenda-tagairlines-su-membresia-con-la-iata\/","title":{"rendered":"Refrenda TagAirlines su membres\u00eda con la IATA"},"content":{"rendered":"\n<p><strong>(Aeronoticias)<\/strong>: <strong>TagAirlines refrend\u00f3 su membres\u00eda con la Asociaci\u00f3n de Transporte A\u00e9reo Internacional (IATA), que es la agrupaci\u00f3n comercial de aerol\u00edneas m\u00e1s importante a nivel global y que facilita la transacci\u00f3n de 780 millones de boletos anuales.<\/strong><\/p>\n\n\n\n<p>En el marco de una reuni\u00f3n de trabajo que sostuvo Marcela Toriello, presidenta y CEO de TagAirlines, con Peter Cerd\u00e1, vicepresidente para las Am\u00e9ricas de la IATA, y con David Hern\u00e1ndez, gerente para Centroam\u00e9rica, Cuba, Ecuador y Venezuela de esta asociaci\u00f3n, la directivo destac\u00f3 la importancia de esta membres\u00eda.<\/p>\n\n\n\n<p>Asegur\u00f3 que esta membres\u00eda compromete a la compa\u00f1\u00eda a mantener los m\u00e1s altos est\u00e1ndares internacionales de calidad en todas las operaciones de la aerol\u00ednea, para beneficio de los pasajeros.<\/p>\n\n\n\n<p><strong>Cabe recordar que, en marzo del a\u00f1o pasado, la aerol\u00ednea bandera de Guatemala y del Mundo Maya, recibi\u00f3 formalmente la membres\u00eda que la acredita como integrante de la IATA.<\/strong><\/p>\n\n\n\n<p>A trav\u00e9s de un comunicado, Toriello agradeci\u00f3 la labor que realizan diariamente los colaboradores de la empresa en los cinco pa\u00edses en los que tiene operaciones, Guatemala, El Salvador, Honduras, Belice y el sur de M\u00e9xico.<\/p>\n\n\n\n<p>Consider\u00f3 que la membres\u00eda a la IATA representa un importante reconocimiento al trabajo realizado durante seis d\u00e9cadas y especialmente a la labor de modernizaci\u00f3n de la empresa que se ha impulsado durante los \u00faltimos a\u00f1os.<\/p>\n\n\n\n<p>Peter Cerd\u00e1, vicepresidente para las Am\u00e9ricas de la IATA, dijo que TagAirlines es una pieza clave en la conectividad a\u00e9rea en la regi\u00f3n de Centroam\u00e9rica y el sur de M\u00e9xico.<\/p>\n\n\n\n<p>Expuso que la aviaci\u00f3n comercial es un importante motor para la econom\u00eda global, ya que genera 4% de la econom\u00eda en la regi\u00f3n de Centroam\u00e9rica y alrededor de 400 mil empleos en el sector.<\/p>\n\n\n\n<p><strong>Importancia de IATA para el sector<\/strong><\/p>\n\n\n\n<p>La IATA es la principal organizaci\u00f3n global de aerol\u00edneas, que facilita la transacci\u00f3n de 780 millones de boletos a\u00e9reos anuales alrededor del mundo, lo que representa m\u00e1s de 270 billones de d\u00f3lares anuales. Tiene m\u00e1s de 50 oficinas en el mundo y ofrece servicios en 170 pa\u00edses.<\/p>\n\n\n\n<p>La asociaci\u00f3n fue fundada en 1945 y actualmente cuenta con 302 miembros, que en su conjunto representan el 83 por ciento del tr\u00e1fico a\u00e9reo total.<\/p>\n\n\n\n<p><strong>La IATA es el instrumento para la cooperaci\u00f3n entre aerol\u00edneas que promueve la seguridad, la confianza y la econom\u00eda en el transporte a\u00e9reo global.<\/strong><\/p>\n\n\n\n<p>Desde diciembre de 2022, la IATA entreg\u00f3 a TagAirlines la Certificaci\u00f3n IOSA (IATA Operational Safety Audit), que es un mecanismo conocido y aceptado internacionalmente, dise\u00f1ado para evaluar la gesti\u00f3n de los sistemas operativos, de seguridad y de control de aerol\u00edneas.<\/p>\n\n\n\n<p>La Certificaci\u00f3n IOSA permite ampliar la red de alianzas comerciales con aerol\u00edneas que son miembros de IATA, c\u00f3digos compartidos e interlineales.<\/p>\n\n\n\n<p><strong>Fuente: A21.com.mx<\/strong><\/p>\n","protected":false},"excerpt":{"rendered":"<p>(Aeronoticias): TagAirlines refrend\u00f3 su membres\u00eda con la Asociaci\u00f3n de Transporte A\u00e9reo Internacional (IATA), que es la agrupaci\u00f3n comercial de aerol\u00edneas m\u00e1s importante a nivel global y que facilita la transacci\u00f3n de 780 millones de boletos anuales. En el marco de una reuni\u00f3n de trabajo que sostuvo Marcela Toriello, presidenta y CEO de TagAirlines, con Peter [&hellip;]<\/p>\n","protected":false},"author":3,"featured_media":89426,"comment_status":"open","ping_status":"open","sticky":false,"template":"","format":"standard","meta":{"tdm_status":"","tdm_grid_status":"","footnotes":""},"categories":[32,34],"tags":[1853,296],"class_list":{"0":"post-89424","1":"post","2":"type-post","3":"status-publish","4":"format-standard","5":"has-post-thumbnail","7":"category-internacional","8":"category-internacionales","9":"tag-ceo","10":"tag-iata"},"yoast_head":"<!-- This site is optimized with the Yoast SEO plugin v25.1 - https:\/\/yoast.com\/wordpress\/plugins\/seo\/ -->\n<title>Refrenda TagAirlines su membres\u00eda con la IATA<\/title>\n<meta name=\"description\" content=\"LE PERMITIR\u00c1 A LA AEROL\u00cdNEA GUATEMALTECA LA CONECTIVIDAD.\" \/>\n<meta name=\"robots\" content=\"index, follow, max-snippet:-1, max-image-preview:large, max-video-preview:-1\" \/>\n<link rel=\"canonical\" href=\"https:\/\/aeronoticias.com.pe\/noticiero\/internacionales\/refrenda-tagairlines-su-membresia-con-la-iata\/\" \/>\n<meta property=\"og:locale\" content=\"es_ES\" \/>\n<meta property=\"og:type\" content=\"article\" \/>\n<meta property=\"og:title\" content=\"Refrenda TagAirlines su membres\u00eda con la IATA\" \/>\n<meta property=\"og:description\" content=\"LE PERMITIR\u00c1 A LA AEROL\u00cdNEA GUATEMALTECA LA CONECTIVIDAD.\" \/>\n<meta property=\"og:url\" content=\"https:\/\/aeronoticias.com.pe\/noticiero\/internacionales\/refrenda-tagairlines-su-membresia-con-la-iata\/\" \/>\n<meta property=\"og:site_name\" content=\"Aeronoticias.com.pe\" \/>\n<meta property=\"article:publisher\" content=\"https:\/\/www.facebook.com\/Aeronoticias.com.pe\/\" \/>\n<meta property=\"article:published_time\" content=\"2024-02-20T16:11:55+00:00\" \/>\n<meta property=\"article:modified_time\" content=\"2024-02-20T16:12:00+00:00\" \/>\n<meta property=\"og:image\" content=\"https:\/\/aeronoticias.com.pe\/noticiero\/wp-content\/uploads\/2024\/02\/MAV-1.jpg\" \/>\n\t<meta property=\"og:image:width\" content=\"1200\" \/>\n\t<meta property=\"og:image:height\" content=\"713\" \/>\n\t<meta property=\"og:image:type\" content=\"image\/jpeg\" \/>\n<meta name=\"author\" content=\"Redacci\u00f3n\" \/>\n<meta name=\"twitter:card\" content=\"summary_large_image\" \/>\n<meta name=\"twitter:creator\" content=\"@aeronoticias\" \/>\n<meta name=\"twitter:site\" content=\"@aeronoticias\" \/>\n<meta name=\"twitter:label1\" content=\"Escrito por\" \/>\n\t<meta name=\"twitter:data1\" content=\"Redacci\u00f3n\" \/>\n\t<meta name=\"twitter:label2\" content=\"Tiempo de lectura\" \/>\n\t<meta name=\"twitter:data2\" content=\"2 minutos\" \/>\n<script type=\"application\/ld+json\" class=\"yoast-schema-graph\">{\"@context\":\"https:\/\/schema.org\",\"@graph\":[{\"@type\":\"WebPage\",\"@id\":\"https:\/\/aeronoticias.com.pe\/noticiero\/internacionales\/refrenda-tagairlines-su-membresia-con-la-iata\/\",\"url\":\"https:\/\/aeronoticias.com.pe\/noticiero\/internacionales\/refrenda-tagairlines-su-membresia-con-la-iata\/\",\"name\":\"Refrenda TagAirlines su membres\u00eda con la IATA\",\"isPartOf\":{\"@id\":\"https:\/\/aeronoticias.com.pe\/noticiero\/#website\"},\"primaryImageOfPage\":{\"@id\":\"https:\/\/aeronoticias.com.pe\/noticiero\/internacionales\/refrenda-tagairlines-su-membresia-con-la-iata\/#primaryimage\"},\"image\":{\"@id\":\"https:\/\/aeronoticias.com.pe\/noticiero\/internacionales\/refrenda-tagairlines-su-membresia-con-la-iata\/#primaryimage\"},\"thumbnailUrl\":\"https:\/\/aeronoticias.com.pe\/noticiero\/wp-content\/uploads\/2024\/02\/MAV-1.jpg\",\"datePublished\":\"2024-02-20T16:11:55+00:00\",\"dateModified\":\"2024-02-20T16:12:00+00:00\",\"author\":{\"@id\":\"https:\/\/aeronoticias.com.pe\/noticiero\/#\/schema\/person\/16212a617c73f78916b13194154243bd\"},\"description\":\"LE PERMITIR\u00c1 A LA AEROL\u00cdNEA GUATEMALTECA LA CONECTIVIDAD.\",\"breadcrumb\":{\"@id\":\"https:\/\/aeronoticias.com.pe\/noticiero\/internacionales\/refrenda-tagairlines-su-membresia-con-la-iata\/#breadcrumb\"},\"inLanguage\":\"es\",\"potentialAction\":[{\"@type\":\"ReadAction\",\"target\":[\"https:\/\/aeronoticias.com.pe\/noticiero\/internacionales\/refrenda-tagairlines-su-membresia-con-la-iata\/\"]}]},{\"@type\":\"ImageObject\",\"inLanguage\":\"es\",\"@id\":\"https:\/\/aeronoticias.com.pe\/noticiero\/internacionales\/refrenda-tagairlines-su-membresia-con-la-iata\/#primaryimage\",\"url\":\"https:\/\/aeronoticias.com.pe\/noticiero\/wp-content\/uploads\/2024\/02\/MAV-1.jpg\",\"contentUrl\":\"https:\/\/aeronoticias.com.pe\/noticiero\/wp-content\/uploads\/2024\/02\/MAV-1.jpg\",\"width\":1200,\"height\":713},{\"@type\":\"BreadcrumbList\",\"@id\":\"https:\/\/aeronoticias.com.pe\/noticiero\/internacionales\/refrenda-tagairlines-su-membresia-con-la-iata\/#breadcrumb\",\"itemListElement\":[{\"@type\":\"ListItem\",\"position\":1,\"name\":\"Portada\",\"item\":\"https:\/\/aeronoticias.com.pe\/noticiero\/\"},{\"@type\":\"ListItem\",\"position\":2,\"name\":\"Refrenda TagAirlines su membres\u00eda con la IATA\"}]},{\"@type\":\"WebSite\",\"@id\":\"https:\/\/aeronoticias.com.pe\/noticiero\/#website\",\"url\":\"https:\/\/aeronoticias.com.pe\/noticiero\/\",\"name\":\"Aeronoticias.com.pe\",\"description\":\"Noticias de tranporte aereo, turismo, hoteles, gastronomia, actualidad, internacional\",\"potentialAction\":[{\"@type\":\"SearchAction\",\"target\":{\"@type\":\"EntryPoint\",\"urlTemplate\":\"https:\/\/aeronoticias.com.pe\/noticiero\/?s={search_term_string}\"},\"query-input\":{\"@type\":\"PropertyValueSpecification\",\"valueRequired\":true,\"valueName\":\"search_term_string\"}}],\"inLanguage\":\"es\"},{\"@type\":\"Person\",\"@id\":\"https:\/\/aeronoticias.com.pe\/noticiero\/#\/schema\/person\/16212a617c73f78916b13194154243bd\",\"name\":\"Redacci\u00f3n\",\"sameAs\":[\"http:\/\/Redacci\u00f3n\"],\"url\":\"https:\/\/aeronoticias.com.pe\/noticiero\/author\/celeste\/\"}]}<\/script>\n<!-- \/ Yoast SEO plugin. -->","yoast_head_json":{"title":"Refrenda TagAirlines su membres\u00eda con la IATA","description":"LE PERMITIR\u00c1 A LA AEROL\u00cdNEA GUATEMALTECA LA CONECTIVIDAD.","robots":{"index":"index","follow":"follow","max-snippet":"max-snippet:-1","max-image-preview":"max-image-preview:large","max-video-preview":"max-video-preview:-1"},"canonical":"https:\/\/aeronoticias.com.pe\/noticiero\/internacionales\/refrenda-tagairlines-su-membresia-con-la-iata\/","og_locale":"es_ES","og_type":"article","og_title":"Refrenda TagAirlines su membres\u00eda con la IATA","og_description":"LE PERMITIR\u00c1 A LA AEROL\u00cdNEA GUATEMALTECA LA CONECTIVIDAD.","og_url":"https:\/\/aeronoticias.com.pe\/noticiero\/internacionales\/refrenda-tagairlines-su-membresia-con-la-iata\/","og_site_name":"Aeronoticias.com.pe","article_publisher":"https:\/\/www.facebook.com\/Aeronoticias.com.pe\/","article_published_time":"2024-02-20T16:11:55+00:00","article_modified_time":"2024-02-20T16:12:00+00:00","og_image":[{"width":1200,"height":713,"url":"https:\/\/aeronoticias.com.pe\/noticiero\/wp-content\/uploads\/2024\/02\/MAV-1.jpg","type":"image\/jpeg"}],"author":"Redacci\u00f3n","twitter_card":"summary_large_image","twitter_creator":"@aeronoticias","twitter_site":"@aeronoticias","twitter_misc":{"Escrito por":"Redacci\u00f3n","Tiempo de lectura":"2 minutos"},"schema":{"@context":"https:\/\/schema.org","@graph":[{"@type":"WebPage","@id":"https:\/\/aeronoticias.com.pe\/noticiero\/internacionales\/refrenda-tagairlines-su-membresia-con-la-iata\/","url":"https:\/\/aeronoticias.com.pe\/noticiero\/internacionales\/refrenda-tagairlines-su-membresia-con-la-iata\/","name":"Refrenda TagAirlines su membres\u00eda con la IATA","isPartOf":{"@id":"https:\/\/aeronoticias.com.pe\/noticiero\/#website"},"primaryImageOfPage":{"@id":"https:\/\/aeronoticias.com.pe\/noticiero\/internacionales\/refrenda-tagairlines-su-membresia-con-la-iata\/#primaryimage"},"image":{"@id":"https:\/\/aeronoticias.com.pe\/noticiero\/internacionales\/refrenda-tagairlines-su-membresia-con-la-iata\/#primaryimage"},"thumbnailUrl":"https:\/\/aeronoticias.com.pe\/noticiero\/wp-content\/uploads\/2024\/02\/MAV-1.jpg","datePublished":"2024-02-20T16:11:55+00:00","dateModified":"2024-02-20T16:12:00+00:00","author":{"@id":"https:\/\/aeronoticias.com.pe\/noticiero\/#\/schema\/person\/16212a617c73f78916b13194154243bd"},"description":"LE PERMITIR\u00c1 A LA AEROL\u00cdNEA GUATEMALTECA LA CONECTIVIDAD.","breadcrumb":{"@id":"https:\/\/aeronoticias.com.pe\/noticiero\/internacionales\/refrenda-tagairlines-su-membresia-con-la-iata\/#breadcrumb"},"inLanguage":"es","potentialAction":[{"@type":"ReadAction","target":["https:\/\/aeronoticias.com.pe\/noticiero\/internacionales\/refrenda-tagairlines-su-membresia-con-la-iata\/"]}]},{"@type":"ImageObject","inLanguage":"es","@id":"https:\/\/aeronoticias.com.pe\/noticiero\/internacionales\/refrenda-tagairlines-su-membresia-con-la-iata\/#primaryimage","url":"https:\/\/aeronoticias.com.pe\/noticiero\/wp-content\/uploads\/2024\/02\/MAV-1.jpg","contentUrl":"https:\/\/aeronoticias.com.pe\/noticiero\/wp-content\/uploads\/2024\/02\/MAV-1.jpg","width":1200,"height":713},{"@type":"BreadcrumbList","@id":"https:\/\/aeronoticias.com.pe\/noticiero\/internacionales\/refrenda-tagairlines-su-membresia-con-la-iata\/#breadcrumb","itemListElement":[{"@type":"ListItem","position":1,"name":"Portada","item":"https:\/\/aeronoticias.com.pe\/noticiero\/"},{"@type":"ListItem","position":2,"name":"Refrenda TagAirlines su membres\u00eda con la IATA"}]},{"@type":"WebSite","@id":"https:\/\/aeronoticias.com.pe\/noticiero\/#website","url":"https:\/\/aeronoticias.com.pe\/noticiero\/","name":"Aeronoticias.com.pe","description":"Noticias de tranporte aereo, turismo, hoteles, gastronomia, actualidad, internacional","potentialAction":[{"@type":"SearchAction","target":{"@type":"EntryPoint","urlTemplate":"https:\/\/aeronoticias.com.pe\/noticiero\/?s={search_term_string}"},"query-input":{"@type":"PropertyValueSpecification","valueRequired":true,"valueName":"search_term_string"}}],"inLanguage":"es"},{"@type":"Person","@id":"https:\/\/aeronoticias.com.pe\/noticiero\/#\/schema\/person\/16212a617c73f78916b13194154243bd","name":"Redacci\u00f3n","sameAs":["http:\/\/Redacci\u00f3n"],"url":"https:\/\/aeronoticias.com.pe\/noticiero\/author\/celeste\/"}]}},"_links":{"self":[{"href":"https:\/\/aeronoticias.com.pe\/noticiero\/wp-json\/wp\/v2\/posts\/89424","targetHints":{"allow":["GET"]}}],"collection":[{"href":"https:\/\/aeronoticias.com.pe\/noticiero\/wp-json\/wp\/v2\/posts"}],"about":[{"href":"https:\/\/aeronoticias.com.pe\/noticiero\/wp-json\/wp\/v2\/types\/post"}],"author":[{"embeddable":true,"href":"https:\/\/aeronoticias.com.pe\/noticiero\/wp-json\/wp\/v2\/users\/3"}],"replies":[{"embeddable":true,"href":"https:\/\/aeronoticias.com.pe\/noticiero\/wp-json\/wp\/v2\/comments?post=89424"}],"version-history":[{"count":0,"href":"https:\/\/aeronoticias.com.pe\/noticiero\/wp-json\/wp\/v2\/posts\/89424\/revisions"}],"wp:featuredmedia":[{"embeddable":true,"href":"https:\/\/aeronoticias.com.pe\/noticiero\/wp-json\/wp\/v2\/media\/89426"}],"wp:attachment":[{"href":"https:\/\/aeronoticias.com.pe\/noticiero\/wp-json\/wp\/v2\/media?parent=89424"}],"wp:term":[{"taxonomy":"category","embeddable":true,"href":"https:\/\/aeronoticias.com.pe\/noticiero\/wp-json\/wp\/v2\/categories?post=89424"},{"taxonomy":"post_tag","embeddable":true,"href":"https:\/\/aeronoticias.com.pe\/noticiero\/wp-json\/wp\/v2\/tags?post=89424"}],"curies":[{"name":"wp","href":"https:\/\/api.w.org\/{rel}","templated":true}]}}