{"id":89471,"date":"2024-02-26T09:37:09","date_gmt":"2024-02-26T14:37:09","guid":{"rendered":"https:\/\/aeronoticias.com.pe\/noticiero\/?p=89471"},"modified":"2024-02-26T09:37:15","modified_gmt":"2024-02-26T14:37:15","slug":"hacia-huaraz-los-vuelos-comerciales-al-aeropuerto-de-anta-se-reiniciaran-en-julio","status":"publish","type":"post","link":"https:\/\/aeronoticias.com.pe\/noticiero\/nacionales\/hacia-huaraz-los-vuelos-comerciales-al-aeropuerto-de-anta-se-reiniciaran-en-julio\/","title":{"rendered":"Hacia Huaraz: los vuelos comerciales al aeropuerto de Anta se reiniciar\u00e1n en julio"},"content":{"rendered":"\n<p><strong>(Aeronoticias)<\/strong>: A partir de julio, la aerol\u00ednea Latam Airlines reiniciar\u00e1 los vuelos comerciales al aeropuerto Aeropuerto Comandante FAP Germ\u00e1n Arias Graziani, en Anta, ubicado a unos 23 kil\u00f3metros de la ciudad de Huaraz, en la regi\u00f3n de Ancash.<\/p>\n\n\n\n<p>As\u00ed lo lo inform\u00f3 la aerol\u00ednea, en un comunicado conjunto con la empresa Aeropuertos del Per\u00fa (AdP), a su vez que indic\u00f3 que culmin\u00f3 la obra que permiti\u00f3 el mejoramiento de la pista de aterrizaje del aeropuerto de Anta.<\/p>\n\n\n\n<p>AdP invirti\u00f3 US$15 millones en las obras de mantenimiento del aeropuerto anchashino y actualmente est\u00e1 trabajando en una ampliaci\u00f3n de su terminal, que permitir\u00e1 el aterrizaje de Aeronaves Airbus A-320 o equivalentes. Esto \u00faltimo se traducir\u00e1 en un incremento del flujo de pasajeros a la zona, se\u00f1alaron.<\/p>\n\n\n\n<h2 class=\"wp-block-heading\" id=\"h-cuatro-vuelos-por-semana-inicialmente\"><strong>CUATRO VUELOS POR SEMANA INICIALMENTE<\/strong><\/h2>\n\n\n\n<p>En ese sentido, Latam Airlines precis\u00f3 -en el mismo comunicado\u2013 que prev\u00e9 comenzar a volar a Huaraz con cuatro vuelos comerciales por semanas a partir de julio.<\/p>\n\n\n\n<p>\u201cEstos vuelos sumar\u00e1n al desarrollo de la regi\u00f3n, y por ello incrementaremos sus frecuencias a vuelos diarios para el mes de agosto\u201d, dijo Manuel van Oordt, CEO de LATAM Airlines Per\u00fa.<\/p>\n\n\n\n<p>Cabe destacar que el vuelo entre Lima y Huaraz durar\u00e1 50 minutos. Con el reinicio de vuelos comerciales, se espera que Huaraz reciba unos 72.000 pasajeros por a\u00f1o v\u00eda \u00e1rea, puntualizaron las empresas en la nota de prensa.<\/p>\n\n\n\n<p><strong>Fuente: forbes.pe<\/strong><\/p>\n","protected":false},"excerpt":{"rendered":"<p>(Aeronoticias): A partir de julio, la aerol\u00ednea Latam Airlines reiniciar\u00e1 los vuelos comerciales al aeropuerto Aeropuerto Comandante FAP Germ\u00e1n Arias Graziani, en Anta, ubicado a unos 23 kil\u00f3metros de la ciudad de Huaraz, en la regi\u00f3n de Ancash. As\u00ed lo lo inform\u00f3 la aerol\u00ednea, en un comunicado conjunto con la empresa Aeropuertos del Per\u00fa (AdP), [&hellip;]<\/p>\n","protected":false},"author":3,"featured_media":89472,"comment_status":"open","ping_status":"open","sticky":false,"template":"","format":"standard","meta":{"tdm_status":"","tdm_grid_status":"","footnotes":""},"categories":[32,38],"tags":[1833,4841,4842,2730],"class_list":{"0":"post-89471","1":"post","2":"type-post","3":"status-publish","4":"format-standard","5":"has-post-thumbnail","7":"category-internacional","8":"category-nacionales","9":"tag-adp","10":"tag-aeropuerto-de-anta","11":"tag-anta","12":"tag-huaraz"},"yoast_head":"<!-- This site is optimized with the Yoast SEO plugin v25.1 - https:\/\/yoast.com\/wordpress\/plugins\/seo\/ -->\n<title>Hacia Huaraz: los vuelos comerciales al aeropuerto de Anta se reiniciar\u00e1n en julio<\/title>\n<meta name=\"description\" content=\"La aerol\u00ednea Latam Airlines realizar\u00e1 cuatro vuelos semanales a partir de julio, inform\u00f3 este viernes.\" \/>\n<meta name=\"robots\" content=\"index, follow, max-snippet:-1, max-image-preview:large, max-video-preview:-1\" \/>\n<link rel=\"canonical\" href=\"https:\/\/aeronoticias.com.pe\/noticiero\/nacionales\/hacia-huaraz-los-vuelos-comerciales-al-aeropuerto-de-anta-se-reiniciaran-en-julio\/\" \/>\n<meta property=\"og:locale\" content=\"es_ES\" \/>\n<meta property=\"og:type\" content=\"article\" \/>\n<meta property=\"og:title\" content=\"Hacia Huaraz: los vuelos comerciales al aeropuerto de Anta se reiniciar\u00e1n en julio\" \/>\n<meta property=\"og:description\" content=\"La aerol\u00ednea Latam Airlines realizar\u00e1 cuatro vuelos semanales a partir de julio, inform\u00f3 este viernes.\" \/>\n<meta property=\"og:url\" content=\"https:\/\/aeronoticias.com.pe\/noticiero\/nacionales\/hacia-huaraz-los-vuelos-comerciales-al-aeropuerto-de-anta-se-reiniciaran-en-julio\/\" \/>\n<meta property=\"og:site_name\" content=\"Aeronoticias.com.pe\" \/>\n<meta property=\"article:publisher\" content=\"https:\/\/www.facebook.com\/Aeronoticias.com.pe\/\" \/>\n<meta property=\"article:published_time\" content=\"2024-02-26T14:37:09+00:00\" \/>\n<meta property=\"article:modified_time\" content=\"2024-02-26T14:37:15+00:00\" \/>\n<meta property=\"og:image\" content=\"https:\/\/aeronoticias.com.pe\/noticiero\/wp-content\/uploads\/2024\/02\/porto.jpg\" \/>\n\t<meta property=\"og:image:width\" content=\"577\" \/>\n\t<meta property=\"og:image:height\" content=\"325\" \/>\n\t<meta property=\"og:image:type\" content=\"image\/jpeg\" \/>\n<meta name=\"author\" content=\"Redacci\u00f3n\" \/>\n<meta name=\"twitter:card\" content=\"summary_large_image\" \/>\n<meta name=\"twitter:creator\" content=\"@aeronoticias\" \/>\n<meta name=\"twitter:site\" content=\"@aeronoticias\" \/>\n<meta name=\"twitter:label1\" content=\"Escrito por\" \/>\n\t<meta name=\"twitter:data1\" content=\"Redacci\u00f3n\" \/>\n\t<meta name=\"twitter:label2\" content=\"Tiempo de lectura\" \/>\n\t<meta name=\"twitter:data2\" content=\"1 minuto\" \/>\n<script type=\"application\/ld+json\" class=\"yoast-schema-graph\">{\"@context\":\"https:\/\/schema.org\",\"@graph\":[{\"@type\":\"WebPage\",\"@id\":\"https:\/\/aeronoticias.com.pe\/noticiero\/nacionales\/hacia-huaraz-los-vuelos-comerciales-al-aeropuerto-de-anta-se-reiniciaran-en-julio\/\",\"url\":\"https:\/\/aeronoticias.com.pe\/noticiero\/nacionales\/hacia-huaraz-los-vuelos-comerciales-al-aeropuerto-de-anta-se-reiniciaran-en-julio\/\",\"name\":\"Hacia Huaraz: los vuelos comerciales al aeropuerto de Anta se reiniciar\u00e1n en julio\",\"isPartOf\":{\"@id\":\"https:\/\/aeronoticias.com.pe\/noticiero\/#website\"},\"primaryImageOfPage\":{\"@id\":\"https:\/\/aeronoticias.com.pe\/noticiero\/nacionales\/hacia-huaraz-los-vuelos-comerciales-al-aeropuerto-de-anta-se-reiniciaran-en-julio\/#primaryimage\"},\"image\":{\"@id\":\"https:\/\/aeronoticias.com.pe\/noticiero\/nacionales\/hacia-huaraz-los-vuelos-comerciales-al-aeropuerto-de-anta-se-reiniciaran-en-julio\/#primaryimage\"},\"thumbnailUrl\":\"https:\/\/aeronoticias.com.pe\/noticiero\/wp-content\/uploads\/2024\/02\/porto.jpg\",\"datePublished\":\"2024-02-26T14:37:09+00:00\",\"dateModified\":\"2024-02-26T14:37:15+00:00\",\"author\":{\"@id\":\"https:\/\/aeronoticias.com.pe\/noticiero\/#\/schema\/person\/16212a617c73f78916b13194154243bd\"},\"description\":\"La aerol\u00ednea Latam Airlines realizar\u00e1 cuatro vuelos semanales a partir de julio, inform\u00f3 este viernes.\",\"breadcrumb\":{\"@id\":\"https:\/\/aeronoticias.com.pe\/noticiero\/nacionales\/hacia-huaraz-los-vuelos-comerciales-al-aeropuerto-de-anta-se-reiniciaran-en-julio\/#breadcrumb\"},\"inLanguage\":\"es\",\"potentialAction\":[{\"@type\":\"ReadAction\",\"target\":[\"https:\/\/aeronoticias.com.pe\/noticiero\/nacionales\/hacia-huaraz-los-vuelos-comerciales-al-aeropuerto-de-anta-se-reiniciaran-en-julio\/\"]}]},{\"@type\":\"ImageObject\",\"inLanguage\":\"es\",\"@id\":\"https:\/\/aeronoticias.com.pe\/noticiero\/nacionales\/hacia-huaraz-los-vuelos-comerciales-al-aeropuerto-de-anta-se-reiniciaran-en-julio\/#primaryimage\",\"url\":\"https:\/\/aeronoticias.com.pe\/noticiero\/wp-content\/uploads\/2024\/02\/porto.jpg\",\"contentUrl\":\"https:\/\/aeronoticias.com.pe\/noticiero\/wp-content\/uploads\/2024\/02\/porto.jpg\",\"width\":577,\"height\":325},{\"@type\":\"BreadcrumbList\",\"@id\":\"https:\/\/aeronoticias.com.pe\/noticiero\/nacionales\/hacia-huaraz-los-vuelos-comerciales-al-aeropuerto-de-anta-se-reiniciaran-en-julio\/#breadcrumb\",\"itemListElement\":[{\"@type\":\"ListItem\",\"position\":1,\"name\":\"Portada\",\"item\":\"https:\/\/aeronoticias.com.pe\/noticiero\/\"},{\"@type\":\"ListItem\",\"position\":2,\"name\":\"Hacia Huaraz: los vuelos comerciales al aeropuerto de Anta se reiniciar\u00e1n en julio\"}]},{\"@type\":\"WebSite\",\"@id\":\"https:\/\/aeronoticias.com.pe\/noticiero\/#website\",\"url\":\"https:\/\/aeronoticias.com.pe\/noticiero\/\",\"name\":\"Aeronoticias.com.pe\",\"description\":\"Noticias de tranporte aereo, turismo, hoteles, gastronomia, actualidad, internacional\",\"potentialAction\":[{\"@type\":\"SearchAction\",\"target\":{\"@type\":\"EntryPoint\",\"urlTemplate\":\"https:\/\/aeronoticias.com.pe\/noticiero\/?s={search_term_string}\"},\"query-input\":{\"@type\":\"PropertyValueSpecification\",\"valueRequired\":true,\"valueName\":\"search_term_string\"}}],\"inLanguage\":\"es\"},{\"@type\":\"Person\",\"@id\":\"https:\/\/aeronoticias.com.pe\/noticiero\/#\/schema\/person\/16212a617c73f78916b13194154243bd\",\"name\":\"Redacci\u00f3n\",\"sameAs\":[\"http:\/\/Redacci\u00f3n\"],\"url\":\"https:\/\/aeronoticias.com.pe\/noticiero\/author\/celeste\/\"}]}<\/script>\n<!-- \/ Yoast SEO plugin. -->","yoast_head_json":{"title":"Hacia Huaraz: los vuelos comerciales al aeropuerto de Anta se reiniciar\u00e1n en julio","description":"La aerol\u00ednea Latam Airlines realizar\u00e1 cuatro vuelos semanales a partir de julio, inform\u00f3 este viernes.","robots":{"index":"index","follow":"follow","max-snippet":"max-snippet:-1","max-image-preview":"max-image-preview:large","max-video-preview":"max-video-preview:-1"},"canonical":"https:\/\/aeronoticias.com.pe\/noticiero\/nacionales\/hacia-huaraz-los-vuelos-comerciales-al-aeropuerto-de-anta-se-reiniciaran-en-julio\/","og_locale":"es_ES","og_type":"article","og_title":"Hacia Huaraz: los vuelos comerciales al aeropuerto de Anta se reiniciar\u00e1n en julio","og_description":"La aerol\u00ednea Latam Airlines realizar\u00e1 cuatro vuelos semanales a partir de julio, inform\u00f3 este viernes.","og_url":"https:\/\/aeronoticias.com.pe\/noticiero\/nacionales\/hacia-huaraz-los-vuelos-comerciales-al-aeropuerto-de-anta-se-reiniciaran-en-julio\/","og_site_name":"Aeronoticias.com.pe","article_publisher":"https:\/\/www.facebook.com\/Aeronoticias.com.pe\/","article_published_time":"2024-02-26T14:37:09+00:00","article_modified_time":"2024-02-26T14:37:15+00:00","og_image":[{"width":577,"height":325,"url":"https:\/\/aeronoticias.com.pe\/noticiero\/wp-content\/uploads\/2024\/02\/porto.jpg","type":"image\/jpeg"}],"author":"Redacci\u00f3n","twitter_card":"summary_large_image","twitter_creator":"@aeronoticias","twitter_site":"@aeronoticias","twitter_misc":{"Escrito por":"Redacci\u00f3n","Tiempo de lectura":"1 minuto"},"schema":{"@context":"https:\/\/schema.org","@graph":[{"@type":"WebPage","@id":"https:\/\/aeronoticias.com.pe\/noticiero\/nacionales\/hacia-huaraz-los-vuelos-comerciales-al-aeropuerto-de-anta-se-reiniciaran-en-julio\/","url":"https:\/\/aeronoticias.com.pe\/noticiero\/nacionales\/hacia-huaraz-los-vuelos-comerciales-al-aeropuerto-de-anta-se-reiniciaran-en-julio\/","name":"Hacia Huaraz: los vuelos comerciales al aeropuerto de Anta se reiniciar\u00e1n en julio","isPartOf":{"@id":"https:\/\/aeronoticias.com.pe\/noticiero\/#website"},"primaryImageOfPage":{"@id":"https:\/\/aeronoticias.com.pe\/noticiero\/nacionales\/hacia-huaraz-los-vuelos-comerciales-al-aeropuerto-de-anta-se-reiniciaran-en-julio\/#primaryimage"},"image":{"@id":"https:\/\/aeronoticias.com.pe\/noticiero\/nacionales\/hacia-huaraz-los-vuelos-comerciales-al-aeropuerto-de-anta-se-reiniciaran-en-julio\/#primaryimage"},"thumbnailUrl":"https:\/\/aeronoticias.com.pe\/noticiero\/wp-content\/uploads\/2024\/02\/porto.jpg","datePublished":"2024-02-26T14:37:09+00:00","dateModified":"2024-02-26T14:37:15+00:00","author":{"@id":"https:\/\/aeronoticias.com.pe\/noticiero\/#\/schema\/person\/16212a617c73f78916b13194154243bd"},"description":"La aerol\u00ednea Latam Airlines realizar\u00e1 cuatro vuelos semanales a partir de julio, inform\u00f3 este viernes.","breadcrumb":{"@id":"https:\/\/aeronoticias.com.pe\/noticiero\/nacionales\/hacia-huaraz-los-vuelos-comerciales-al-aeropuerto-de-anta-se-reiniciaran-en-julio\/#breadcrumb"},"inLanguage":"es","potentialAction":[{"@type":"ReadAction","target":["https:\/\/aeronoticias.com.pe\/noticiero\/nacionales\/hacia-huaraz-los-vuelos-comerciales-al-aeropuerto-de-anta-se-reiniciaran-en-julio\/"]}]},{"@type":"ImageObject","inLanguage":"es","@id":"https:\/\/aeronoticias.com.pe\/noticiero\/nacionales\/hacia-huaraz-los-vuelos-comerciales-al-aeropuerto-de-anta-se-reiniciaran-en-julio\/#primaryimage","url":"https:\/\/aeronoticias.com.pe\/noticiero\/wp-content\/uploads\/2024\/02\/porto.jpg","contentUrl":"https:\/\/aeronoticias.com.pe\/noticiero\/wp-content\/uploads\/2024\/02\/porto.jpg","width":577,"height":325},{"@type":"BreadcrumbList","@id":"https:\/\/aeronoticias.com.pe\/noticiero\/nacionales\/hacia-huaraz-los-vuelos-comerciales-al-aeropuerto-de-anta-se-reiniciaran-en-julio\/#breadcrumb","itemListElement":[{"@type":"ListItem","position":1,"name":"Portada","item":"https:\/\/aeronoticias.com.pe\/noticiero\/"},{"@type":"ListItem","position":2,"name":"Hacia Huaraz: los vuelos comerciales al aeropuerto de Anta se reiniciar\u00e1n en julio"}]},{"@type":"WebSite","@id":"https:\/\/aeronoticias.com.pe\/noticiero\/#website","url":"https:\/\/aeronoticias.com.pe\/noticiero\/","name":"Aeronoticias.com.pe","description":"Noticias de tranporte aereo, turismo, hoteles, gastronomia, actualidad, internacional","potentialAction":[{"@type":"SearchAction","target":{"@type":"EntryPoint","urlTemplate":"https:\/\/aeronoticias.com.pe\/noticiero\/?s={search_term_string}"},"query-input":{"@type":"PropertyValueSpecification","valueRequired":true,"valueName":"search_term_string"}}],"inLanguage":"es"},{"@type":"Person","@id":"https:\/\/aeronoticias.com.pe\/noticiero\/#\/schema\/person\/16212a617c73f78916b13194154243bd","name":"Redacci\u00f3n","sameAs":["http:\/\/Redacci\u00f3n"],"url":"https:\/\/aeronoticias.com.pe\/noticiero\/author\/celeste\/"}]}},"_links":{"self":[{"href":"https:\/\/aeronoticias.com.pe\/noticiero\/wp-json\/wp\/v2\/posts\/89471","targetHints":{"allow":["GET"]}}],"collection":[{"href":"https:\/\/aeronoticias.com.pe\/noticiero\/wp-json\/wp\/v2\/posts"}],"about":[{"href":"https:\/\/aeronoticias.com.pe\/noticiero\/wp-json\/wp\/v2\/types\/post"}],"author":[{"embeddable":true,"href":"https:\/\/aeronoticias.com.pe\/noticiero\/wp-json\/wp\/v2\/users\/3"}],"replies":[{"embeddable":true,"href":"https:\/\/aeronoticias.com.pe\/noticiero\/wp-json\/wp\/v2\/comments?post=89471"}],"version-history":[{"count":0,"href":"https:\/\/aeronoticias.com.pe\/noticiero\/wp-json\/wp\/v2\/posts\/89471\/revisions"}],"wp:featuredmedia":[{"embeddable":true,"href":"https:\/\/aeronoticias.com.pe\/noticiero\/wp-json\/wp\/v2\/media\/89472"}],"wp:attachment":[{"href":"https:\/\/aeronoticias.com.pe\/noticiero\/wp-json\/wp\/v2\/media?parent=89471"}],"wp:term":[{"taxonomy":"category","embeddable":true,"href":"https:\/\/aeronoticias.com.pe\/noticiero\/wp-json\/wp\/v2\/categories?post=89471"},{"taxonomy":"post_tag","embeddable":true,"href":"https:\/\/aeronoticias.com.pe\/noticiero\/wp-json\/wp\/v2\/tags?post=89471"}],"curies":[{"name":"wp","href":"https:\/\/api.w.org\/{rel}","templated":true}]}}