{"id":89474,"date":"2024-02-26T09:56:54","date_gmt":"2024-02-26T14:56:54","guid":{"rendered":"https:\/\/aeronoticias.com.pe\/noticiero\/?p=89474"},"modified":"2024-02-26T09:57:02","modified_gmt":"2024-02-26T14:57:02","slug":"presenta-discover-airlines-nueva-ruta-frankfurt-tulum-para-invierno-de-2024","status":"publish","type":"post","link":"https:\/\/aeronoticias.com.pe\/noticiero\/transporte-aereo\/presenta-discover-airlines-nueva-ruta-frankfurt-tulum-para-invierno-de-2024\/","title":{"rendered":"Presenta Discover Airlines nueva ruta Frankfurt-Tulum para invierno de 2024"},"content":{"rendered":"\n<p><strong>(Aeronoticias)<\/strong>: <strong>El Aeropuerto Internacional de Tulum recibir\u00e1, en el invierno de 2024-2025, la primera conexi\u00f3n sin escalas desde Europa de Discover Airlines, lo que traer\u00e1 mayor derrama econ\u00f3mica y visitantes a los distintos destinos de Quintana Roo, se\u00f1al\u00f3 la gobernadora Mara Lezama Espinosa.<\/strong><\/p>\n\n\n\n<p>La aerol\u00ednea inform\u00f3 que ofrecer\u00e1 dos vuelos semanales sin escalas desde Frankfurt a Tulum, y ser\u00e1 la primera aerol\u00ednea europea en operar en el reci\u00e9n inaugurado Aeropuerto \u201cFelipe Carrillo Puerto\u201d de Tulum.&nbsp;<\/p>\n\n\n\n<p>Mara Lezama destac\u00f3 la respuesta a la demanda en este popular destino vacacional, adem\u00e1s de que podr\u00e1n disfrutar de las maravillas de los diversos destinos a lo largo y ancho de Quintana Roo.<\/p>\n\n\n\n<p>\u201cCelebramos la llegada de nuevas rutas a nuestros aeropuertos del Estado, recibimos con mucho gusto a los visitantes con atenci\u00f3n de calidad y calidez\u201d, dijo.\u00a0<\/p>\n\n\n\n<p>Discover Airlines que est\u00e1 integrada en la red de Lufthansa, ofrecer\u00e1 un vuelo de 12 horas m\u00e1s r\u00e1pido y conveniente desde Frankfurt, en su nueva ruta que iniciar\u00e1 desde el 12 de diciembre de 2024 hasta finales de abril de 2025.<\/p>\n\n\n\n<p><strong>Fuente: A21.com.mx<\/strong><\/p>\n","protected":false},"excerpt":{"rendered":"<p>(Aeronoticias): El Aeropuerto Internacional de Tulum recibir\u00e1, en el invierno de 2024-2025, la primera conexi\u00f3n sin escalas desde Europa de Discover Airlines, lo que traer\u00e1 mayor derrama econ\u00f3mica y visitantes a los distintos destinos de Quintana Roo, se\u00f1al\u00f3 la gobernadora Mara Lezama Espinosa. La aerol\u00ednea inform\u00f3 que ofrecer\u00e1 dos vuelos semanales sin escalas desde Frankfurt [&hellip;]<\/p>\n","protected":false},"author":3,"featured_media":89475,"comment_status":"open","ping_status":"open","sticky":false,"template":"","format":"standard","meta":{"tdm_status":"","tdm_grid_status":"","footnotes":""},"categories":[32,11],"tags":[4843,4844,4372],"class_list":{"0":"post-89474","1":"post","2":"type-post","3":"status-publish","4":"format-standard","5":"has-post-thumbnail","7":"category-internacional","8":"category-transporte-aereo","9":"tag-discover-airlines","10":"tag-ruta-frankfurt-tulum","11":"tag-tulum"},"yoast_head":"<!-- This site is optimized with the Yoast SEO plugin v25.1 - https:\/\/yoast.com\/wordpress\/plugins\/seo\/ -->\n<title>Presenta Discover Airlines nueva ruta Frankfurt-Tulum para invierno de 2024<\/title>\n<meta name=\"description\" content=\"ES LA PRIMERA AEROL\u00cdNEA EUROPEA EN OPERAR EN ESTE AEROPUERTO Y OFRECER\u00c1 DOS VUELOS SEMANALES SIN ESCALAS DESDE ALEMANIA\" \/>\n<meta name=\"robots\" content=\"index, follow, max-snippet:-1, max-image-preview:large, max-video-preview:-1\" \/>\n<link rel=\"canonical\" href=\"https:\/\/aeronoticias.com.pe\/noticiero\/transporte-aereo\/presenta-discover-airlines-nueva-ruta-frankfurt-tulum-para-invierno-de-2024\/\" \/>\n<meta property=\"og:locale\" content=\"es_ES\" \/>\n<meta property=\"og:type\" content=\"article\" \/>\n<meta property=\"og:title\" content=\"Presenta Discover Airlines nueva ruta Frankfurt-Tulum para invierno de 2024\" \/>\n<meta property=\"og:description\" content=\"ES LA PRIMERA AEROL\u00cdNEA EUROPEA EN OPERAR EN ESTE AEROPUERTO Y OFRECER\u00c1 DOS VUELOS SEMANALES SIN ESCALAS DESDE ALEMANIA\" \/>\n<meta property=\"og:url\" content=\"https:\/\/aeronoticias.com.pe\/noticiero\/transporte-aereo\/presenta-discover-airlines-nueva-ruta-frankfurt-tulum-para-invierno-de-2024\/\" \/>\n<meta property=\"og:site_name\" content=\"Aeronoticias.com.pe\" \/>\n<meta property=\"article:publisher\" content=\"https:\/\/www.facebook.com\/Aeronoticias.com.pe\/\" \/>\n<meta property=\"article:published_time\" content=\"2024-02-26T14:56:54+00:00\" \/>\n<meta property=\"article:modified_time\" content=\"2024-02-26T14:57:02+00:00\" \/>\n<meta property=\"og:image\" content=\"https:\/\/aeronoticias.com.pe\/noticiero\/wp-content\/uploads\/2024\/02\/franfurt.jpg\" \/>\n\t<meta property=\"og:image:width\" content=\"1200\" \/>\n\t<meta property=\"og:image:height\" content=\"800\" \/>\n\t<meta property=\"og:image:type\" content=\"image\/jpeg\" \/>\n<meta name=\"author\" content=\"Redacci\u00f3n\" \/>\n<meta name=\"twitter:card\" content=\"summary_large_image\" \/>\n<meta name=\"twitter:creator\" content=\"@aeronoticias\" \/>\n<meta name=\"twitter:site\" content=\"@aeronoticias\" \/>\n<meta name=\"twitter:label1\" content=\"Escrito por\" \/>\n\t<meta name=\"twitter:data1\" content=\"Redacci\u00f3n\" \/>\n\t<meta name=\"twitter:label2\" content=\"Tiempo de lectura\" \/>\n\t<meta name=\"twitter:data2\" content=\"1 minuto\" \/>\n<script type=\"application\/ld+json\" class=\"yoast-schema-graph\">{\"@context\":\"https:\/\/schema.org\",\"@graph\":[{\"@type\":\"WebPage\",\"@id\":\"https:\/\/aeronoticias.com.pe\/noticiero\/transporte-aereo\/presenta-discover-airlines-nueva-ruta-frankfurt-tulum-para-invierno-de-2024\/\",\"url\":\"https:\/\/aeronoticias.com.pe\/noticiero\/transporte-aereo\/presenta-discover-airlines-nueva-ruta-frankfurt-tulum-para-invierno-de-2024\/\",\"name\":\"Presenta Discover Airlines nueva ruta Frankfurt-Tulum para invierno de 2024\",\"isPartOf\":{\"@id\":\"https:\/\/aeronoticias.com.pe\/noticiero\/#website\"},\"primaryImageOfPage\":{\"@id\":\"https:\/\/aeronoticias.com.pe\/noticiero\/transporte-aereo\/presenta-discover-airlines-nueva-ruta-frankfurt-tulum-para-invierno-de-2024\/#primaryimage\"},\"image\":{\"@id\":\"https:\/\/aeronoticias.com.pe\/noticiero\/transporte-aereo\/presenta-discover-airlines-nueva-ruta-frankfurt-tulum-para-invierno-de-2024\/#primaryimage\"},\"thumbnailUrl\":\"https:\/\/aeronoticias.com.pe\/noticiero\/wp-content\/uploads\/2024\/02\/franfurt.jpg\",\"datePublished\":\"2024-02-26T14:56:54+00:00\",\"dateModified\":\"2024-02-26T14:57:02+00:00\",\"author\":{\"@id\":\"https:\/\/aeronoticias.com.pe\/noticiero\/#\/schema\/person\/16212a617c73f78916b13194154243bd\"},\"description\":\"ES LA PRIMERA AEROL\u00cdNEA EUROPEA EN OPERAR EN ESTE AEROPUERTO Y OFRECER\u00c1 DOS VUELOS SEMANALES SIN ESCALAS DESDE ALEMANIA\",\"breadcrumb\":{\"@id\":\"https:\/\/aeronoticias.com.pe\/noticiero\/transporte-aereo\/presenta-discover-airlines-nueva-ruta-frankfurt-tulum-para-invierno-de-2024\/#breadcrumb\"},\"inLanguage\":\"es\",\"potentialAction\":[{\"@type\":\"ReadAction\",\"target\":[\"https:\/\/aeronoticias.com.pe\/noticiero\/transporte-aereo\/presenta-discover-airlines-nueva-ruta-frankfurt-tulum-para-invierno-de-2024\/\"]}]},{\"@type\":\"ImageObject\",\"inLanguage\":\"es\",\"@id\":\"https:\/\/aeronoticias.com.pe\/noticiero\/transporte-aereo\/presenta-discover-airlines-nueva-ruta-frankfurt-tulum-para-invierno-de-2024\/#primaryimage\",\"url\":\"https:\/\/aeronoticias.com.pe\/noticiero\/wp-content\/uploads\/2024\/02\/franfurt.jpg\",\"contentUrl\":\"https:\/\/aeronoticias.com.pe\/noticiero\/wp-content\/uploads\/2024\/02\/franfurt.jpg\",\"width\":1200,\"height\":800},{\"@type\":\"BreadcrumbList\",\"@id\":\"https:\/\/aeronoticias.com.pe\/noticiero\/transporte-aereo\/presenta-discover-airlines-nueva-ruta-frankfurt-tulum-para-invierno-de-2024\/#breadcrumb\",\"itemListElement\":[{\"@type\":\"ListItem\",\"position\":1,\"name\":\"Portada\",\"item\":\"https:\/\/aeronoticias.com.pe\/noticiero\/\"},{\"@type\":\"ListItem\",\"position\":2,\"name\":\"Presenta Discover Airlines nueva ruta Frankfurt-Tulum para invierno de 2024\"}]},{\"@type\":\"WebSite\",\"@id\":\"https:\/\/aeronoticias.com.pe\/noticiero\/#website\",\"url\":\"https:\/\/aeronoticias.com.pe\/noticiero\/\",\"name\":\"Aeronoticias.com.pe\",\"description\":\"Noticias de tranporte aereo, turismo, hoteles, gastronomia, actualidad, internacional\",\"potentialAction\":[{\"@type\":\"SearchAction\",\"target\":{\"@type\":\"EntryPoint\",\"urlTemplate\":\"https:\/\/aeronoticias.com.pe\/noticiero\/?s={search_term_string}\"},\"query-input\":{\"@type\":\"PropertyValueSpecification\",\"valueRequired\":true,\"valueName\":\"search_term_string\"}}],\"inLanguage\":\"es\"},{\"@type\":\"Person\",\"@id\":\"https:\/\/aeronoticias.com.pe\/noticiero\/#\/schema\/person\/16212a617c73f78916b13194154243bd\",\"name\":\"Redacci\u00f3n\",\"sameAs\":[\"http:\/\/Redacci\u00f3n\"],\"url\":\"https:\/\/aeronoticias.com.pe\/noticiero\/author\/celeste\/\"}]}<\/script>\n<!-- \/ Yoast SEO plugin. -->","yoast_head_json":{"title":"Presenta Discover Airlines nueva ruta Frankfurt-Tulum para invierno de 2024","description":"ES LA PRIMERA AEROL\u00cdNEA EUROPEA EN OPERAR EN ESTE AEROPUERTO Y OFRECER\u00c1 DOS VUELOS SEMANALES SIN ESCALAS DESDE ALEMANIA","robots":{"index":"index","follow":"follow","max-snippet":"max-snippet:-1","max-image-preview":"max-image-preview:large","max-video-preview":"max-video-preview:-1"},"canonical":"https:\/\/aeronoticias.com.pe\/noticiero\/transporte-aereo\/presenta-discover-airlines-nueva-ruta-frankfurt-tulum-para-invierno-de-2024\/","og_locale":"es_ES","og_type":"article","og_title":"Presenta Discover Airlines nueva ruta Frankfurt-Tulum para invierno de 2024","og_description":"ES LA PRIMERA AEROL\u00cdNEA EUROPEA EN OPERAR EN ESTE AEROPUERTO Y OFRECER\u00c1 DOS VUELOS SEMANALES SIN ESCALAS DESDE ALEMANIA","og_url":"https:\/\/aeronoticias.com.pe\/noticiero\/transporte-aereo\/presenta-discover-airlines-nueva-ruta-frankfurt-tulum-para-invierno-de-2024\/","og_site_name":"Aeronoticias.com.pe","article_publisher":"https:\/\/www.facebook.com\/Aeronoticias.com.pe\/","article_published_time":"2024-02-26T14:56:54+00:00","article_modified_time":"2024-02-26T14:57:02+00:00","og_image":[{"width":1200,"height":800,"url":"https:\/\/aeronoticias.com.pe\/noticiero\/wp-content\/uploads\/2024\/02\/franfurt.jpg","type":"image\/jpeg"}],"author":"Redacci\u00f3n","twitter_card":"summary_large_image","twitter_creator":"@aeronoticias","twitter_site":"@aeronoticias","twitter_misc":{"Escrito por":"Redacci\u00f3n","Tiempo de lectura":"1 minuto"},"schema":{"@context":"https:\/\/schema.org","@graph":[{"@type":"WebPage","@id":"https:\/\/aeronoticias.com.pe\/noticiero\/transporte-aereo\/presenta-discover-airlines-nueva-ruta-frankfurt-tulum-para-invierno-de-2024\/","url":"https:\/\/aeronoticias.com.pe\/noticiero\/transporte-aereo\/presenta-discover-airlines-nueva-ruta-frankfurt-tulum-para-invierno-de-2024\/","name":"Presenta Discover Airlines nueva ruta Frankfurt-Tulum para invierno de 2024","isPartOf":{"@id":"https:\/\/aeronoticias.com.pe\/noticiero\/#website"},"primaryImageOfPage":{"@id":"https:\/\/aeronoticias.com.pe\/noticiero\/transporte-aereo\/presenta-discover-airlines-nueva-ruta-frankfurt-tulum-para-invierno-de-2024\/#primaryimage"},"image":{"@id":"https:\/\/aeronoticias.com.pe\/noticiero\/transporte-aereo\/presenta-discover-airlines-nueva-ruta-frankfurt-tulum-para-invierno-de-2024\/#primaryimage"},"thumbnailUrl":"https:\/\/aeronoticias.com.pe\/noticiero\/wp-content\/uploads\/2024\/02\/franfurt.jpg","datePublished":"2024-02-26T14:56:54+00:00","dateModified":"2024-02-26T14:57:02+00:00","author":{"@id":"https:\/\/aeronoticias.com.pe\/noticiero\/#\/schema\/person\/16212a617c73f78916b13194154243bd"},"description":"ES LA PRIMERA AEROL\u00cdNEA EUROPEA EN OPERAR EN ESTE AEROPUERTO Y OFRECER\u00c1 DOS VUELOS SEMANALES SIN ESCALAS DESDE ALEMANIA","breadcrumb":{"@id":"https:\/\/aeronoticias.com.pe\/noticiero\/transporte-aereo\/presenta-discover-airlines-nueva-ruta-frankfurt-tulum-para-invierno-de-2024\/#breadcrumb"},"inLanguage":"es","potentialAction":[{"@type":"ReadAction","target":["https:\/\/aeronoticias.com.pe\/noticiero\/transporte-aereo\/presenta-discover-airlines-nueva-ruta-frankfurt-tulum-para-invierno-de-2024\/"]}]},{"@type":"ImageObject","inLanguage":"es","@id":"https:\/\/aeronoticias.com.pe\/noticiero\/transporte-aereo\/presenta-discover-airlines-nueva-ruta-frankfurt-tulum-para-invierno-de-2024\/#primaryimage","url":"https:\/\/aeronoticias.com.pe\/noticiero\/wp-content\/uploads\/2024\/02\/franfurt.jpg","contentUrl":"https:\/\/aeronoticias.com.pe\/noticiero\/wp-content\/uploads\/2024\/02\/franfurt.jpg","width":1200,"height":800},{"@type":"BreadcrumbList","@id":"https:\/\/aeronoticias.com.pe\/noticiero\/transporte-aereo\/presenta-discover-airlines-nueva-ruta-frankfurt-tulum-para-invierno-de-2024\/#breadcrumb","itemListElement":[{"@type":"ListItem","position":1,"name":"Portada","item":"https:\/\/aeronoticias.com.pe\/noticiero\/"},{"@type":"ListItem","position":2,"name":"Presenta Discover Airlines nueva ruta Frankfurt-Tulum para invierno de 2024"}]},{"@type":"WebSite","@id":"https:\/\/aeronoticias.com.pe\/noticiero\/#website","url":"https:\/\/aeronoticias.com.pe\/noticiero\/","name":"Aeronoticias.com.pe","description":"Noticias de tranporte aereo, turismo, hoteles, gastronomia, actualidad, internacional","potentialAction":[{"@type":"SearchAction","target":{"@type":"EntryPoint","urlTemplate":"https:\/\/aeronoticias.com.pe\/noticiero\/?s={search_term_string}"},"query-input":{"@type":"PropertyValueSpecification","valueRequired":true,"valueName":"search_term_string"}}],"inLanguage":"es"},{"@type":"Person","@id":"https:\/\/aeronoticias.com.pe\/noticiero\/#\/schema\/person\/16212a617c73f78916b13194154243bd","name":"Redacci\u00f3n","sameAs":["http:\/\/Redacci\u00f3n"],"url":"https:\/\/aeronoticias.com.pe\/noticiero\/author\/celeste\/"}]}},"_links":{"self":[{"href":"https:\/\/aeronoticias.com.pe\/noticiero\/wp-json\/wp\/v2\/posts\/89474","targetHints":{"allow":["GET"]}}],"collection":[{"href":"https:\/\/aeronoticias.com.pe\/noticiero\/wp-json\/wp\/v2\/posts"}],"about":[{"href":"https:\/\/aeronoticias.com.pe\/noticiero\/wp-json\/wp\/v2\/types\/post"}],"author":[{"embeddable":true,"href":"https:\/\/aeronoticias.com.pe\/noticiero\/wp-json\/wp\/v2\/users\/3"}],"replies":[{"embeddable":true,"href":"https:\/\/aeronoticias.com.pe\/noticiero\/wp-json\/wp\/v2\/comments?post=89474"}],"version-history":[{"count":0,"href":"https:\/\/aeronoticias.com.pe\/noticiero\/wp-json\/wp\/v2\/posts\/89474\/revisions"}],"wp:featuredmedia":[{"embeddable":true,"href":"https:\/\/aeronoticias.com.pe\/noticiero\/wp-json\/wp\/v2\/media\/89475"}],"wp:attachment":[{"href":"https:\/\/aeronoticias.com.pe\/noticiero\/wp-json\/wp\/v2\/media?parent=89474"}],"wp:term":[{"taxonomy":"category","embeddable":true,"href":"https:\/\/aeronoticias.com.pe\/noticiero\/wp-json\/wp\/v2\/categories?post=89474"},{"taxonomy":"post_tag","embeddable":true,"href":"https:\/\/aeronoticias.com.pe\/noticiero\/wp-json\/wp\/v2\/tags?post=89474"}],"curies":[{"name":"wp","href":"https:\/\/api.w.org\/{rel}","templated":true}]}}