{"id":89484,"date":"2024-02-27T09:37:10","date_gmt":"2024-02-27T14:37:10","guid":{"rendered":"https:\/\/aeronoticias.com.pe\/noticiero\/?p=89484"},"modified":"2024-02-27T09:37:21","modified_gmt":"2024-02-27T14:37:21","slug":"solicitan-a-presidencia-pronta-liquidacion-a-trabajadores-de-interjet","status":"publish","type":"post","link":"https:\/\/aeronoticias.com.pe\/noticiero\/transporte-aereo\/solicitan-a-presidencia-pronta-liquidacion-a-trabajadores-de-interjet\/","title":{"rendered":"Solicitan a Presidencia pronta liquidaci\u00f3n a trabajadores de Interjet"},"content":{"rendered":"\n<p><strong>(Aeronoticias)<\/strong>: <strong>El movimiento #FamiliaInterjet hizo un llamado al Presidente de la Rep\u00fablica para que exija al s\u00edndico Alfonso Ascencio Trujeque cumplir con su funci\u00f3n de pagar la liquidaci\u00f3n a los trabajadores de Interjet y con ello poder levantar la huelga y reiniciar operaciones.\u00a0<\/strong><\/p>\n\n\n\n<p>A trav\u00e9s de una videoentrevista, integrantes del grupo #FamiliaInterjet lamentaron que el s\u00edndico, nombrado por la Secretar\u00eda de Infraestructura, Comunicaciones y Transportes (SICT), hasta ahora no haya acatado lo dicho por la dependencia.<\/p>\n\n\n\n<p>Por ello, expresaron que esperar\u00e1n a que se cumpla el plazo que concluye este mes de febrero para que se ejecute el pago de su liquidaci\u00f3n, de lo contrario, buscar\u00e1n nuevas maneras de presionar, incluso no descartan cerrar las pistas del aeropuerto capitalino.<\/p>\n\n\n\n<p>El capit\u00e1n Mauricio Morales puntualiz\u00f3 que el principal objetivo de este movimiento es lograr la dispersi\u00f3n de los recursos que ya se encuentran en el Banco del Bienestar y que representan aproximadamente 829 millones de pesos, m\u00e1s los intereses que se han obtenido.<\/p>\n\n\n\n<p><strong>Denunci\u00f3 que el s\u00edndico Alfonso Ascencio Trujeque no ha querido iniciar dicho proceso, adem\u00e1s de que no da ning\u00fan motivo por el cual no lleve a cabo esta operaci\u00f3n, a pesar de que la SICT ya solicit\u00f3 que se realice.<\/strong><\/p>\n\n\n\n<p>Record\u00f3 que, en noviembre, \u00faltima fecha en que tuvieron comunicaci\u00f3n con el s\u00edndico, \u00e9ste argument\u00f3 que el dinero estaba en investigaci\u00f3n sobre su procedencia para evitar que fuera fraudulento. Pero, posteriormente, indican que \u201cno recibe llamadas, no deja mensajes con sus asistentes, con sus abogados, nadie nos da una respuesta clara y concreta y, la \u00faltima que nos dio esta semana fue que si queremos saber m\u00e1s de nuestro proceso, que nos acerquemos al Juzgado Segundo de lo Procesal\u201d, dijo.<\/p>\n\n\n\n<p>Record\u00f3 que la funci\u00f3n del s\u00edndico es dar resultados y agilizar el proceso, adem\u00e1s de salvaguardar a la empresa, pero lamentablemente \u201ca esta persona no se le ve intenci\u00f3n\u201d, afirm\u00f3.\u00a0<\/p>\n\n\n\n<p>\u201cCreo que la \u00fanica intenci\u00f3n es desaparecer el dinero, porque en los \u00faltimos meses ha metido facturas que no deber\u00eda, porque todo ese dinero, por prelaci\u00f3n, nos corresponde. Es necesario que se inicie con el pago hacia los empleados, antes de tocar un s\u00f3lo peso para cualquier otro movimiento\u201d, dijo.<\/p>\n\n\n\n<p>Por su parte, Gabriela Flores, sobrecargo mayor de Interjet exigi\u00f3 justicia y pronta respuesta, por ello, dijo, \u201clos m\u00e1s de 4,112 trabajadores sindicalizados y de confianza demandamos al Presidente Andr\u00e9s Manuel L\u00f3pez Obrador exija al s\u00edndico pague el 100% del laudo ya ganado\u201d.<\/p>\n\n\n\n<p>Mencion\u00f3 que los m\u00e1s de 829 millones de pesos, representan dinero que se recaud\u00f3 de cuentas de Interjet que estaban embargadas y no puede ser que el s\u00edndico argumente que, de ese recurso, le pertenecen 29 millones por honorarios, \u201ccuando no estamos de acuerdo que tome dinero que no le corresponde\u201d.<\/p>\n\n\n\n<p><strong>Por su parte, el capit\u00e1n Eduardo Alatriste mencion\u00f3 que no pueden dejarle ni un centavo al s\u00edndico, porque ese dinero es de los trabajadores y por ello le piden al Presidente que esa persona cumpla con la ley, para poder regresar a volar.<\/strong><\/p>\n\n\n\n<p>Mientras que Esther Guijosa, jefe de aeropuerto de estaci\u00f3n M\u00e9xico en Interjet, dijo que exigen al Ejecutivo Federal les ayuden para que el s\u00edndico disperse ya esos recursos.<\/p>\n\n\n\n<p>\u201cNos gustar\u00eda que se le diera la oportunidad a Interjet de retomar el vuelo\u201d, remarc\u00f3.<\/p>\n\n\n\n<p>Los trabajadores coincidieron en que, si no se llevan a cabo las acciones pertinentes para el \u00faltimo minuto del mes de febrero, ejecutar\u00e1n otras medidas de presi\u00f3n, entre ellas el bloquear las dos pistas del aeropuerto capitalino, extern\u00f3 la sobrecargo mayor, Alejandra \u00c1valos, quien tambi\u00e9n fue trabajadora de Mexicana de Aviaci\u00f3n,<\/p>\n\n\n\n<p>Morales, dijo, que los trabajadores ya presentaron una demanda ante el Juzgado Segundo de lo Concursal para ver en qu\u00e9 forma el s\u00edndico inicia la dispersi\u00f3n.<\/p>\n\n\n\n<p><strong>Fuente: A21.com.mx<\/strong><\/p>\n","protected":false},"excerpt":{"rendered":"<p>(Aeronoticias): El movimiento #FamiliaInterjet hizo un llamado al Presidente de la Rep\u00fablica para que exija al s\u00edndico Alfonso Ascencio Trujeque cumplir con su funci\u00f3n de pagar la liquidaci\u00f3n a los trabajadores de Interjet y con ello poder levantar la huelga y reiniciar operaciones.\u00a0 A trav\u00e9s de una videoentrevista, integrantes del grupo #FamiliaInterjet lamentaron que el [&hellip;]<\/p>\n","protected":false},"author":3,"featured_media":89485,"comment_status":"open","ping_status":"open","sticky":false,"template":"","format":"standard","meta":{"tdm_status":"","tdm_grid_status":"","footnotes":""},"categories":[32,11],"tags":[253,4847,2029],"class_list":{"0":"post-89484","1":"post","2":"type-post","3":"status-publish","4":"format-standard","5":"has-post-thumbnail","7":"category-internacional","8":"category-transporte-aereo","9":"tag-interjet","10":"tag-reiniciar-operaciones","11":"tag-sict"},"yoast_head":"<!-- This site is optimized with the Yoast SEO plugin v25.1 - https:\/\/yoast.com\/wordpress\/plugins\/seo\/ -->\n<title>Solicitan a Presidencia pronta liquidaci\u00f3n a trabajadores de Interjet<\/title>\n<meta name=\"description\" content=\"DENUNCIAN QUE EL S\u00cdNDICO NO QUIERE RESOLVER EL TEMA.\" \/>\n<meta name=\"robots\" content=\"index, follow, max-snippet:-1, max-image-preview:large, max-video-preview:-1\" \/>\n<link rel=\"canonical\" href=\"https:\/\/aeronoticias.com.pe\/noticiero\/transporte-aereo\/solicitan-a-presidencia-pronta-liquidacion-a-trabajadores-de-interjet\/\" \/>\n<meta property=\"og:locale\" content=\"es_ES\" \/>\n<meta property=\"og:type\" content=\"article\" \/>\n<meta property=\"og:title\" content=\"Solicitan a Presidencia pronta liquidaci\u00f3n a trabajadores de Interjet\" \/>\n<meta property=\"og:description\" content=\"DENUNCIAN QUE EL S\u00cdNDICO NO QUIERE RESOLVER EL TEMA.\" \/>\n<meta property=\"og:url\" content=\"https:\/\/aeronoticias.com.pe\/noticiero\/transporte-aereo\/solicitan-a-presidencia-pronta-liquidacion-a-trabajadores-de-interjet\/\" \/>\n<meta property=\"og:site_name\" content=\"Aeronoticias.com.pe\" \/>\n<meta property=\"article:publisher\" content=\"https:\/\/www.facebook.com\/Aeronoticias.com.pe\/\" \/>\n<meta property=\"article:published_time\" content=\"2024-02-27T14:37:10+00:00\" \/>\n<meta property=\"article:modified_time\" content=\"2024-02-27T14:37:21+00:00\" \/>\n<meta property=\"og:image\" content=\"https:\/\/aeronoticias.com.pe\/noticiero\/wp-content\/uploads\/2024\/02\/INTER.jpg\" \/>\n\t<meta property=\"og:image:width\" content=\"1200\" \/>\n\t<meta property=\"og:image:height\" content=\"748\" \/>\n\t<meta property=\"og:image:type\" content=\"image\/jpeg\" \/>\n<meta name=\"author\" content=\"Redacci\u00f3n\" \/>\n<meta name=\"twitter:card\" content=\"summary_large_image\" \/>\n<meta name=\"twitter:creator\" content=\"@aeronoticias\" \/>\n<meta name=\"twitter:site\" content=\"@aeronoticias\" \/>\n<meta name=\"twitter:label1\" content=\"Escrito por\" \/>\n\t<meta name=\"twitter:data1\" content=\"Redacci\u00f3n\" \/>\n\t<meta name=\"twitter:label2\" content=\"Tiempo de lectura\" \/>\n\t<meta name=\"twitter:data2\" content=\"3 minutos\" \/>\n<script type=\"application\/ld+json\" class=\"yoast-schema-graph\">{\"@context\":\"https:\/\/schema.org\",\"@graph\":[{\"@type\":\"WebPage\",\"@id\":\"https:\/\/aeronoticias.com.pe\/noticiero\/transporte-aereo\/solicitan-a-presidencia-pronta-liquidacion-a-trabajadores-de-interjet\/\",\"url\":\"https:\/\/aeronoticias.com.pe\/noticiero\/transporte-aereo\/solicitan-a-presidencia-pronta-liquidacion-a-trabajadores-de-interjet\/\",\"name\":\"Solicitan a Presidencia pronta liquidaci\u00f3n a trabajadores de Interjet\",\"isPartOf\":{\"@id\":\"https:\/\/aeronoticias.com.pe\/noticiero\/#website\"},\"primaryImageOfPage\":{\"@id\":\"https:\/\/aeronoticias.com.pe\/noticiero\/transporte-aereo\/solicitan-a-presidencia-pronta-liquidacion-a-trabajadores-de-interjet\/#primaryimage\"},\"image\":{\"@id\":\"https:\/\/aeronoticias.com.pe\/noticiero\/transporte-aereo\/solicitan-a-presidencia-pronta-liquidacion-a-trabajadores-de-interjet\/#primaryimage\"},\"thumbnailUrl\":\"https:\/\/aeronoticias.com.pe\/noticiero\/wp-content\/uploads\/2024\/02\/INTER.jpg\",\"datePublished\":\"2024-02-27T14:37:10+00:00\",\"dateModified\":\"2024-02-27T14:37:21+00:00\",\"author\":{\"@id\":\"https:\/\/aeronoticias.com.pe\/noticiero\/#\/schema\/person\/16212a617c73f78916b13194154243bd\"},\"description\":\"DENUNCIAN QUE EL S\u00cdNDICO NO QUIERE RESOLVER EL TEMA.\",\"breadcrumb\":{\"@id\":\"https:\/\/aeronoticias.com.pe\/noticiero\/transporte-aereo\/solicitan-a-presidencia-pronta-liquidacion-a-trabajadores-de-interjet\/#breadcrumb\"},\"inLanguage\":\"es\",\"potentialAction\":[{\"@type\":\"ReadAction\",\"target\":[\"https:\/\/aeronoticias.com.pe\/noticiero\/transporte-aereo\/solicitan-a-presidencia-pronta-liquidacion-a-trabajadores-de-interjet\/\"]}]},{\"@type\":\"ImageObject\",\"inLanguage\":\"es\",\"@id\":\"https:\/\/aeronoticias.com.pe\/noticiero\/transporte-aereo\/solicitan-a-presidencia-pronta-liquidacion-a-trabajadores-de-interjet\/#primaryimage\",\"url\":\"https:\/\/aeronoticias.com.pe\/noticiero\/wp-content\/uploads\/2024\/02\/INTER.jpg\",\"contentUrl\":\"https:\/\/aeronoticias.com.pe\/noticiero\/wp-content\/uploads\/2024\/02\/INTER.jpg\",\"width\":1200,\"height\":748},{\"@type\":\"BreadcrumbList\",\"@id\":\"https:\/\/aeronoticias.com.pe\/noticiero\/transporte-aereo\/solicitan-a-presidencia-pronta-liquidacion-a-trabajadores-de-interjet\/#breadcrumb\",\"itemListElement\":[{\"@type\":\"ListItem\",\"position\":1,\"name\":\"Portada\",\"item\":\"https:\/\/aeronoticias.com.pe\/noticiero\/\"},{\"@type\":\"ListItem\",\"position\":2,\"name\":\"Solicitan a Presidencia pronta liquidaci\u00f3n a trabajadores de Interjet\"}]},{\"@type\":\"WebSite\",\"@id\":\"https:\/\/aeronoticias.com.pe\/noticiero\/#website\",\"url\":\"https:\/\/aeronoticias.com.pe\/noticiero\/\",\"name\":\"Aeronoticias.com.pe\",\"description\":\"Noticias de tranporte aereo, turismo, hoteles, gastronomia, actualidad, internacional\",\"potentialAction\":[{\"@type\":\"SearchAction\",\"target\":{\"@type\":\"EntryPoint\",\"urlTemplate\":\"https:\/\/aeronoticias.com.pe\/noticiero\/?s={search_term_string}\"},\"query-input\":{\"@type\":\"PropertyValueSpecification\",\"valueRequired\":true,\"valueName\":\"search_term_string\"}}],\"inLanguage\":\"es\"},{\"@type\":\"Person\",\"@id\":\"https:\/\/aeronoticias.com.pe\/noticiero\/#\/schema\/person\/16212a617c73f78916b13194154243bd\",\"name\":\"Redacci\u00f3n\",\"sameAs\":[\"http:\/\/Redacci\u00f3n\"],\"url\":\"https:\/\/aeronoticias.com.pe\/noticiero\/author\/celeste\/\"}]}<\/script>\n<!-- \/ Yoast SEO plugin. -->","yoast_head_json":{"title":"Solicitan a Presidencia pronta liquidaci\u00f3n a trabajadores de Interjet","description":"DENUNCIAN QUE EL S\u00cdNDICO NO QUIERE RESOLVER EL TEMA.","robots":{"index":"index","follow":"follow","max-snippet":"max-snippet:-1","max-image-preview":"max-image-preview:large","max-video-preview":"max-video-preview:-1"},"canonical":"https:\/\/aeronoticias.com.pe\/noticiero\/transporte-aereo\/solicitan-a-presidencia-pronta-liquidacion-a-trabajadores-de-interjet\/","og_locale":"es_ES","og_type":"article","og_title":"Solicitan a Presidencia pronta liquidaci\u00f3n a trabajadores de Interjet","og_description":"DENUNCIAN QUE EL S\u00cdNDICO NO QUIERE RESOLVER EL TEMA.","og_url":"https:\/\/aeronoticias.com.pe\/noticiero\/transporte-aereo\/solicitan-a-presidencia-pronta-liquidacion-a-trabajadores-de-interjet\/","og_site_name":"Aeronoticias.com.pe","article_publisher":"https:\/\/www.facebook.com\/Aeronoticias.com.pe\/","article_published_time":"2024-02-27T14:37:10+00:00","article_modified_time":"2024-02-27T14:37:21+00:00","og_image":[{"width":1200,"height":748,"url":"https:\/\/aeronoticias.com.pe\/noticiero\/wp-content\/uploads\/2024\/02\/INTER.jpg","type":"image\/jpeg"}],"author":"Redacci\u00f3n","twitter_card":"summary_large_image","twitter_creator":"@aeronoticias","twitter_site":"@aeronoticias","twitter_misc":{"Escrito por":"Redacci\u00f3n","Tiempo de lectura":"3 minutos"},"schema":{"@context":"https:\/\/schema.org","@graph":[{"@type":"WebPage","@id":"https:\/\/aeronoticias.com.pe\/noticiero\/transporte-aereo\/solicitan-a-presidencia-pronta-liquidacion-a-trabajadores-de-interjet\/","url":"https:\/\/aeronoticias.com.pe\/noticiero\/transporte-aereo\/solicitan-a-presidencia-pronta-liquidacion-a-trabajadores-de-interjet\/","name":"Solicitan a Presidencia pronta liquidaci\u00f3n a trabajadores de Interjet","isPartOf":{"@id":"https:\/\/aeronoticias.com.pe\/noticiero\/#website"},"primaryImageOfPage":{"@id":"https:\/\/aeronoticias.com.pe\/noticiero\/transporte-aereo\/solicitan-a-presidencia-pronta-liquidacion-a-trabajadores-de-interjet\/#primaryimage"},"image":{"@id":"https:\/\/aeronoticias.com.pe\/noticiero\/transporte-aereo\/solicitan-a-presidencia-pronta-liquidacion-a-trabajadores-de-interjet\/#primaryimage"},"thumbnailUrl":"https:\/\/aeronoticias.com.pe\/noticiero\/wp-content\/uploads\/2024\/02\/INTER.jpg","datePublished":"2024-02-27T14:37:10+00:00","dateModified":"2024-02-27T14:37:21+00:00","author":{"@id":"https:\/\/aeronoticias.com.pe\/noticiero\/#\/schema\/person\/16212a617c73f78916b13194154243bd"},"description":"DENUNCIAN QUE EL S\u00cdNDICO NO QUIERE RESOLVER EL TEMA.","breadcrumb":{"@id":"https:\/\/aeronoticias.com.pe\/noticiero\/transporte-aereo\/solicitan-a-presidencia-pronta-liquidacion-a-trabajadores-de-interjet\/#breadcrumb"},"inLanguage":"es","potentialAction":[{"@type":"ReadAction","target":["https:\/\/aeronoticias.com.pe\/noticiero\/transporte-aereo\/solicitan-a-presidencia-pronta-liquidacion-a-trabajadores-de-interjet\/"]}]},{"@type":"ImageObject","inLanguage":"es","@id":"https:\/\/aeronoticias.com.pe\/noticiero\/transporte-aereo\/solicitan-a-presidencia-pronta-liquidacion-a-trabajadores-de-interjet\/#primaryimage","url":"https:\/\/aeronoticias.com.pe\/noticiero\/wp-content\/uploads\/2024\/02\/INTER.jpg","contentUrl":"https:\/\/aeronoticias.com.pe\/noticiero\/wp-content\/uploads\/2024\/02\/INTER.jpg","width":1200,"height":748},{"@type":"BreadcrumbList","@id":"https:\/\/aeronoticias.com.pe\/noticiero\/transporte-aereo\/solicitan-a-presidencia-pronta-liquidacion-a-trabajadores-de-interjet\/#breadcrumb","itemListElement":[{"@type":"ListItem","position":1,"name":"Portada","item":"https:\/\/aeronoticias.com.pe\/noticiero\/"},{"@type":"ListItem","position":2,"name":"Solicitan a Presidencia pronta liquidaci\u00f3n a trabajadores de Interjet"}]},{"@type":"WebSite","@id":"https:\/\/aeronoticias.com.pe\/noticiero\/#website","url":"https:\/\/aeronoticias.com.pe\/noticiero\/","name":"Aeronoticias.com.pe","description":"Noticias de tranporte aereo, turismo, hoteles, gastronomia, actualidad, internacional","potentialAction":[{"@type":"SearchAction","target":{"@type":"EntryPoint","urlTemplate":"https:\/\/aeronoticias.com.pe\/noticiero\/?s={search_term_string}"},"query-input":{"@type":"PropertyValueSpecification","valueRequired":true,"valueName":"search_term_string"}}],"inLanguage":"es"},{"@type":"Person","@id":"https:\/\/aeronoticias.com.pe\/noticiero\/#\/schema\/person\/16212a617c73f78916b13194154243bd","name":"Redacci\u00f3n","sameAs":["http:\/\/Redacci\u00f3n"],"url":"https:\/\/aeronoticias.com.pe\/noticiero\/author\/celeste\/"}]}},"_links":{"self":[{"href":"https:\/\/aeronoticias.com.pe\/noticiero\/wp-json\/wp\/v2\/posts\/89484","targetHints":{"allow":["GET"]}}],"collection":[{"href":"https:\/\/aeronoticias.com.pe\/noticiero\/wp-json\/wp\/v2\/posts"}],"about":[{"href":"https:\/\/aeronoticias.com.pe\/noticiero\/wp-json\/wp\/v2\/types\/post"}],"author":[{"embeddable":true,"href":"https:\/\/aeronoticias.com.pe\/noticiero\/wp-json\/wp\/v2\/users\/3"}],"replies":[{"embeddable":true,"href":"https:\/\/aeronoticias.com.pe\/noticiero\/wp-json\/wp\/v2\/comments?post=89484"}],"version-history":[{"count":0,"href":"https:\/\/aeronoticias.com.pe\/noticiero\/wp-json\/wp\/v2\/posts\/89484\/revisions"}],"wp:featuredmedia":[{"embeddable":true,"href":"https:\/\/aeronoticias.com.pe\/noticiero\/wp-json\/wp\/v2\/media\/89485"}],"wp:attachment":[{"href":"https:\/\/aeronoticias.com.pe\/noticiero\/wp-json\/wp\/v2\/media?parent=89484"}],"wp:term":[{"taxonomy":"category","embeddable":true,"href":"https:\/\/aeronoticias.com.pe\/noticiero\/wp-json\/wp\/v2\/categories?post=89484"},{"taxonomy":"post_tag","embeddable":true,"href":"https:\/\/aeronoticias.com.pe\/noticiero\/wp-json\/wp\/v2\/tags?post=89484"}],"curies":[{"name":"wp","href":"https:\/\/api.w.org\/{rel}","templated":true}]}}