{"id":89487,"date":"2024-02-27T10:08:44","date_gmt":"2024-02-27T15:08:44","guid":{"rendered":"https:\/\/aeronoticias.com.pe\/noticiero\/?p=89487"},"modified":"2024-02-27T10:08:49","modified_gmt":"2024-02-27T15:08:49","slug":"el-fabricante-chino-comac-exhibira-sus-aviones-c919-y-arj21-en-5-paises-del-sudeste-asiatico","status":"publish","type":"post","link":"https:\/\/aeronoticias.com.pe\/noticiero\/mundo\/mundo-mundo-2\/el-fabricante-chino-comac-exhibira-sus-aviones-c919-y-arj21-en-5-paises-del-sudeste-asiatico\/","title":{"rendered":"El fabricante chino COMAC exhibir\u00e1 sus aviones C919 y ARJ21 en 5 pa\u00edses del Sudeste Asi\u00e1tico"},"content":{"rendered":"\n<p><strong>(Aeronoticias)<\/strong>: <strong>COMAC<\/strong>\u00a0realizar\u00e1 exhibiciones a\u00e9reas de sus aeronaves<strong>\u00a0C919 y ARJ21<\/strong>\u00a0en cinco pa\u00edses del Sudeste Asi\u00e1tico, seg\u00fan anunci\u00f3 este martes el fabricante estatal chino de aviones.<\/p>\n\n\n\n<p>Durante las pr\u00f3ximas dos semanas, ambos aviones realizar\u00e1n vuelos de exhibici\u00f3n en Vietnam, Laos, Camboya, Malasia e Indonesia, seg\u00fan inform\u00f3 en un comunicado el fabricante aeron\u00e1utico con sede en Shanghai.<\/p>\n\n\n\n<p><strong><em><a href=\"https:\/\/aviacionaldia.com\/2024\/01\/china-eastern-recibe-su-cuarto-avion-comac-c919.html\">China Eastern recibe su cuarto avi\u00f3n COMAC C919<\/a><\/em><\/strong><\/p>\n\n\n\n<p>El C919 y ARJ21 llegaron este lunes a Vietnam para participar en una exhibici\u00f3n a\u00e9rea, despu\u00e9s de que el domingo concluyera el Sal\u00f3n Aeron\u00e1utico de Singapur.<\/p>\n\n\n\n<p>\u00abEl objetivo principal de estos vuelos es \u2026 mostrar el buen rendimiento de los aviones y sentar las bases para una futura expansi\u00f3n del mercado en el Sudeste Asi\u00e1tico\u00bb, a\u00f1adi\u00f3 la empresa.<\/p>\n\n\n\n<p>China ha declarado que este a\u00f1o quiere conseguir un mayor reconocimiento internacional para el C919, incluida la certificaci\u00f3n de la Agencia de Seguridad A\u00e9rea de la Uni\u00f3n Europea. Hasta la fecha, el avi\u00f3n ha recibido m\u00e1s de 1.000 pedidos, la mayor\u00eda de ellos de aerol\u00edneas y arrendadores chinos.<\/p>\n\n\n\n<p><strong>Fuente: aviacionaldia.com<\/strong><\/p>\n","protected":false},"excerpt":{"rendered":"<p>(Aeronoticias): COMAC\u00a0realizar\u00e1 exhibiciones a\u00e9reas de sus aeronaves\u00a0C919 y ARJ21\u00a0en cinco pa\u00edses del Sudeste Asi\u00e1tico, seg\u00fan anunci\u00f3 este martes el fabricante estatal chino de aviones. Durante las pr\u00f3ximas dos semanas, ambos aviones realizar\u00e1n vuelos de exhibici\u00f3n en Vietnam, Laos, Camboya, Malasia e Indonesia, seg\u00fan inform\u00f3 en un comunicado el fabricante aeron\u00e1utico con sede en Shanghai. China [&hellip;]<\/p>\n","protected":false},"author":3,"featured_media":89488,"comment_status":"open","ping_status":"open","sticky":false,"template":"","format":"standard","meta":{"tdm_status":"","tdm_grid_status":"","footnotes":""},"categories":[64,65],"tags":[4849,4848],"class_list":{"0":"post-89487","1":"post","2":"type-post","3":"status-publish","4":"format-standard","5":"has-post-thumbnail","7":"category-mundo-mundo","8":"category-mundo-mundo-2","9":"tag-fabricante-chino","10":"tag-sudeste-asiatico"},"yoast_head":"<!-- This site is optimized with the Yoast SEO plugin v25.1 - https:\/\/yoast.com\/wordpress\/plugins\/seo\/ -->\n<title>El fabricante chino COMAC exhibir\u00e1 sus aviones C919 y ARJ21 en 5 pa\u00edses del Sudeste Asi\u00e1tico<\/title>\n<meta name=\"description\" content=\"Portal de noticias del Per\u00fa sobre el transporte a\u00e9reo, aviaci\u00f3n, turismo, hoteleria, actualidad.\" \/>\n<meta name=\"robots\" content=\"index, follow, max-snippet:-1, max-image-preview:large, max-video-preview:-1\" \/>\n<link rel=\"canonical\" href=\"https:\/\/aeronoticias.com.pe\/noticiero\/mundo\/mundo-mundo-2\/el-fabricante-chino-comac-exhibira-sus-aviones-c919-y-arj21-en-5-paises-del-sudeste-asiatico\/\" \/>\n<meta property=\"og:locale\" content=\"es_ES\" \/>\n<meta property=\"og:type\" content=\"article\" \/>\n<meta property=\"og:title\" content=\"El fabricante chino COMAC exhibir\u00e1 sus aviones C919 y ARJ21 en 5 pa\u00edses del Sudeste Asi\u00e1tico\" \/>\n<meta property=\"og:description\" content=\"Portal de noticias del Per\u00fa sobre el transporte a\u00e9reo, aviaci\u00f3n, turismo, hoteleria, actualidad.\" \/>\n<meta property=\"og:url\" content=\"https:\/\/aeronoticias.com.pe\/noticiero\/mundo\/mundo-mundo-2\/el-fabricante-chino-comac-exhibira-sus-aviones-c919-y-arj21-en-5-paises-del-sudeste-asiatico\/\" \/>\n<meta property=\"og:site_name\" content=\"Aeronoticias.com.pe\" \/>\n<meta property=\"article:publisher\" content=\"https:\/\/www.facebook.com\/Aeronoticias.com.pe\/\" \/>\n<meta property=\"article:published_time\" content=\"2024-02-27T15:08:44+00:00\" \/>\n<meta property=\"article:modified_time\" content=\"2024-02-27T15:08:49+00:00\" \/>\n<meta property=\"og:image\" content=\"https:\/\/aeronoticias.com.pe\/noticiero\/wp-content\/uploads\/2024\/02\/NAVE-1.jpg\" \/>\n\t<meta property=\"og:image:width\" content=\"795\" \/>\n\t<meta property=\"og:image:height\" content=\"399\" \/>\n\t<meta property=\"og:image:type\" content=\"image\/jpeg\" \/>\n<meta name=\"author\" content=\"Redacci\u00f3n\" \/>\n<meta name=\"twitter:card\" content=\"summary_large_image\" \/>\n<meta name=\"twitter:creator\" content=\"@aeronoticias\" \/>\n<meta name=\"twitter:site\" content=\"@aeronoticias\" \/>\n<meta name=\"twitter:label1\" content=\"Escrito por\" \/>\n\t<meta name=\"twitter:data1\" content=\"Redacci\u00f3n\" \/>\n\t<meta name=\"twitter:label2\" content=\"Tiempo de lectura\" \/>\n\t<meta name=\"twitter:data2\" content=\"1 minuto\" \/>\n<script type=\"application\/ld+json\" class=\"yoast-schema-graph\">{\"@context\":\"https:\/\/schema.org\",\"@graph\":[{\"@type\":\"WebPage\",\"@id\":\"https:\/\/aeronoticias.com.pe\/noticiero\/mundo\/mundo-mundo-2\/el-fabricante-chino-comac-exhibira-sus-aviones-c919-y-arj21-en-5-paises-del-sudeste-asiatico\/\",\"url\":\"https:\/\/aeronoticias.com.pe\/noticiero\/mundo\/mundo-mundo-2\/el-fabricante-chino-comac-exhibira-sus-aviones-c919-y-arj21-en-5-paises-del-sudeste-asiatico\/\",\"name\":\"El fabricante chino COMAC exhibir\u00e1 sus aviones C919 y ARJ21 en 5 pa\u00edses del Sudeste Asi\u00e1tico\",\"isPartOf\":{\"@id\":\"https:\/\/aeronoticias.com.pe\/noticiero\/#website\"},\"primaryImageOfPage\":{\"@id\":\"https:\/\/aeronoticias.com.pe\/noticiero\/mundo\/mundo-mundo-2\/el-fabricante-chino-comac-exhibira-sus-aviones-c919-y-arj21-en-5-paises-del-sudeste-asiatico\/#primaryimage\"},\"image\":{\"@id\":\"https:\/\/aeronoticias.com.pe\/noticiero\/mundo\/mundo-mundo-2\/el-fabricante-chino-comac-exhibira-sus-aviones-c919-y-arj21-en-5-paises-del-sudeste-asiatico\/#primaryimage\"},\"thumbnailUrl\":\"https:\/\/aeronoticias.com.pe\/noticiero\/wp-content\/uploads\/2024\/02\/NAVE-1.jpg\",\"datePublished\":\"2024-02-27T15:08:44+00:00\",\"dateModified\":\"2024-02-27T15:08:49+00:00\",\"author\":{\"@id\":\"https:\/\/aeronoticias.com.pe\/noticiero\/#\/schema\/person\/16212a617c73f78916b13194154243bd\"},\"description\":\"Portal de noticias del Per\u00fa sobre el transporte a\u00e9reo, aviaci\u00f3n, turismo, hoteleria, actualidad.\",\"breadcrumb\":{\"@id\":\"https:\/\/aeronoticias.com.pe\/noticiero\/mundo\/mundo-mundo-2\/el-fabricante-chino-comac-exhibira-sus-aviones-c919-y-arj21-en-5-paises-del-sudeste-asiatico\/#breadcrumb\"},\"inLanguage\":\"es\",\"potentialAction\":[{\"@type\":\"ReadAction\",\"target\":[\"https:\/\/aeronoticias.com.pe\/noticiero\/mundo\/mundo-mundo-2\/el-fabricante-chino-comac-exhibira-sus-aviones-c919-y-arj21-en-5-paises-del-sudeste-asiatico\/\"]}]},{\"@type\":\"ImageObject\",\"inLanguage\":\"es\",\"@id\":\"https:\/\/aeronoticias.com.pe\/noticiero\/mundo\/mundo-mundo-2\/el-fabricante-chino-comac-exhibira-sus-aviones-c919-y-arj21-en-5-paises-del-sudeste-asiatico\/#primaryimage\",\"url\":\"https:\/\/aeronoticias.com.pe\/noticiero\/wp-content\/uploads\/2024\/02\/NAVE-1.jpg\",\"contentUrl\":\"https:\/\/aeronoticias.com.pe\/noticiero\/wp-content\/uploads\/2024\/02\/NAVE-1.jpg\",\"width\":795,\"height\":399},{\"@type\":\"BreadcrumbList\",\"@id\":\"https:\/\/aeronoticias.com.pe\/noticiero\/mundo\/mundo-mundo-2\/el-fabricante-chino-comac-exhibira-sus-aviones-c919-y-arj21-en-5-paises-del-sudeste-asiatico\/#breadcrumb\",\"itemListElement\":[{\"@type\":\"ListItem\",\"position\":1,\"name\":\"Portada\",\"item\":\"https:\/\/aeronoticias.com.pe\/noticiero\/\"},{\"@type\":\"ListItem\",\"position\":2,\"name\":\"El fabricante chino COMAC exhibir\u00e1 sus aviones C919 y ARJ21 en 5 pa\u00edses del Sudeste Asi\u00e1tico\"}]},{\"@type\":\"WebSite\",\"@id\":\"https:\/\/aeronoticias.com.pe\/noticiero\/#website\",\"url\":\"https:\/\/aeronoticias.com.pe\/noticiero\/\",\"name\":\"Aeronoticias.com.pe\",\"description\":\"Noticias de tranporte aereo, turismo, hoteles, gastronomia, actualidad, internacional\",\"potentialAction\":[{\"@type\":\"SearchAction\",\"target\":{\"@type\":\"EntryPoint\",\"urlTemplate\":\"https:\/\/aeronoticias.com.pe\/noticiero\/?s={search_term_string}\"},\"query-input\":{\"@type\":\"PropertyValueSpecification\",\"valueRequired\":true,\"valueName\":\"search_term_string\"}}],\"inLanguage\":\"es\"},{\"@type\":\"Person\",\"@id\":\"https:\/\/aeronoticias.com.pe\/noticiero\/#\/schema\/person\/16212a617c73f78916b13194154243bd\",\"name\":\"Redacci\u00f3n\",\"sameAs\":[\"http:\/\/Redacci\u00f3n\"],\"url\":\"https:\/\/aeronoticias.com.pe\/noticiero\/author\/celeste\/\"}]}<\/script>\n<!-- \/ Yoast SEO plugin. -->","yoast_head_json":{"title":"El fabricante chino COMAC exhibir\u00e1 sus aviones C919 y ARJ21 en 5 pa\u00edses del Sudeste Asi\u00e1tico","description":"Portal de noticias del Per\u00fa sobre el transporte a\u00e9reo, aviaci\u00f3n, turismo, hoteleria, actualidad.","robots":{"index":"index","follow":"follow","max-snippet":"max-snippet:-1","max-image-preview":"max-image-preview:large","max-video-preview":"max-video-preview:-1"},"canonical":"https:\/\/aeronoticias.com.pe\/noticiero\/mundo\/mundo-mundo-2\/el-fabricante-chino-comac-exhibira-sus-aviones-c919-y-arj21-en-5-paises-del-sudeste-asiatico\/","og_locale":"es_ES","og_type":"article","og_title":"El fabricante chino COMAC exhibir\u00e1 sus aviones C919 y ARJ21 en 5 pa\u00edses del Sudeste Asi\u00e1tico","og_description":"Portal de noticias del Per\u00fa sobre el transporte a\u00e9reo, aviaci\u00f3n, turismo, hoteleria, actualidad.","og_url":"https:\/\/aeronoticias.com.pe\/noticiero\/mundo\/mundo-mundo-2\/el-fabricante-chino-comac-exhibira-sus-aviones-c919-y-arj21-en-5-paises-del-sudeste-asiatico\/","og_site_name":"Aeronoticias.com.pe","article_publisher":"https:\/\/www.facebook.com\/Aeronoticias.com.pe\/","article_published_time":"2024-02-27T15:08:44+00:00","article_modified_time":"2024-02-27T15:08:49+00:00","og_image":[{"width":795,"height":399,"url":"https:\/\/aeronoticias.com.pe\/noticiero\/wp-content\/uploads\/2024\/02\/NAVE-1.jpg","type":"image\/jpeg"}],"author":"Redacci\u00f3n","twitter_card":"summary_large_image","twitter_creator":"@aeronoticias","twitter_site":"@aeronoticias","twitter_misc":{"Escrito por":"Redacci\u00f3n","Tiempo de lectura":"1 minuto"},"schema":{"@context":"https:\/\/schema.org","@graph":[{"@type":"WebPage","@id":"https:\/\/aeronoticias.com.pe\/noticiero\/mundo\/mundo-mundo-2\/el-fabricante-chino-comac-exhibira-sus-aviones-c919-y-arj21-en-5-paises-del-sudeste-asiatico\/","url":"https:\/\/aeronoticias.com.pe\/noticiero\/mundo\/mundo-mundo-2\/el-fabricante-chino-comac-exhibira-sus-aviones-c919-y-arj21-en-5-paises-del-sudeste-asiatico\/","name":"El fabricante chino COMAC exhibir\u00e1 sus aviones C919 y ARJ21 en 5 pa\u00edses del Sudeste Asi\u00e1tico","isPartOf":{"@id":"https:\/\/aeronoticias.com.pe\/noticiero\/#website"},"primaryImageOfPage":{"@id":"https:\/\/aeronoticias.com.pe\/noticiero\/mundo\/mundo-mundo-2\/el-fabricante-chino-comac-exhibira-sus-aviones-c919-y-arj21-en-5-paises-del-sudeste-asiatico\/#primaryimage"},"image":{"@id":"https:\/\/aeronoticias.com.pe\/noticiero\/mundo\/mundo-mundo-2\/el-fabricante-chino-comac-exhibira-sus-aviones-c919-y-arj21-en-5-paises-del-sudeste-asiatico\/#primaryimage"},"thumbnailUrl":"https:\/\/aeronoticias.com.pe\/noticiero\/wp-content\/uploads\/2024\/02\/NAVE-1.jpg","datePublished":"2024-02-27T15:08:44+00:00","dateModified":"2024-02-27T15:08:49+00:00","author":{"@id":"https:\/\/aeronoticias.com.pe\/noticiero\/#\/schema\/person\/16212a617c73f78916b13194154243bd"},"description":"Portal de noticias del Per\u00fa sobre el transporte a\u00e9reo, aviaci\u00f3n, turismo, hoteleria, actualidad.","breadcrumb":{"@id":"https:\/\/aeronoticias.com.pe\/noticiero\/mundo\/mundo-mundo-2\/el-fabricante-chino-comac-exhibira-sus-aviones-c919-y-arj21-en-5-paises-del-sudeste-asiatico\/#breadcrumb"},"inLanguage":"es","potentialAction":[{"@type":"ReadAction","target":["https:\/\/aeronoticias.com.pe\/noticiero\/mundo\/mundo-mundo-2\/el-fabricante-chino-comac-exhibira-sus-aviones-c919-y-arj21-en-5-paises-del-sudeste-asiatico\/"]}]},{"@type":"ImageObject","inLanguage":"es","@id":"https:\/\/aeronoticias.com.pe\/noticiero\/mundo\/mundo-mundo-2\/el-fabricante-chino-comac-exhibira-sus-aviones-c919-y-arj21-en-5-paises-del-sudeste-asiatico\/#primaryimage","url":"https:\/\/aeronoticias.com.pe\/noticiero\/wp-content\/uploads\/2024\/02\/NAVE-1.jpg","contentUrl":"https:\/\/aeronoticias.com.pe\/noticiero\/wp-content\/uploads\/2024\/02\/NAVE-1.jpg","width":795,"height":399},{"@type":"BreadcrumbList","@id":"https:\/\/aeronoticias.com.pe\/noticiero\/mundo\/mundo-mundo-2\/el-fabricante-chino-comac-exhibira-sus-aviones-c919-y-arj21-en-5-paises-del-sudeste-asiatico\/#breadcrumb","itemListElement":[{"@type":"ListItem","position":1,"name":"Portada","item":"https:\/\/aeronoticias.com.pe\/noticiero\/"},{"@type":"ListItem","position":2,"name":"El fabricante chino COMAC exhibir\u00e1 sus aviones C919 y ARJ21 en 5 pa\u00edses del Sudeste Asi\u00e1tico"}]},{"@type":"WebSite","@id":"https:\/\/aeronoticias.com.pe\/noticiero\/#website","url":"https:\/\/aeronoticias.com.pe\/noticiero\/","name":"Aeronoticias.com.pe","description":"Noticias de tranporte aereo, turismo, hoteles, gastronomia, actualidad, internacional","potentialAction":[{"@type":"SearchAction","target":{"@type":"EntryPoint","urlTemplate":"https:\/\/aeronoticias.com.pe\/noticiero\/?s={search_term_string}"},"query-input":{"@type":"PropertyValueSpecification","valueRequired":true,"valueName":"search_term_string"}}],"inLanguage":"es"},{"@type":"Person","@id":"https:\/\/aeronoticias.com.pe\/noticiero\/#\/schema\/person\/16212a617c73f78916b13194154243bd","name":"Redacci\u00f3n","sameAs":["http:\/\/Redacci\u00f3n"],"url":"https:\/\/aeronoticias.com.pe\/noticiero\/author\/celeste\/"}]}},"_links":{"self":[{"href":"https:\/\/aeronoticias.com.pe\/noticiero\/wp-json\/wp\/v2\/posts\/89487","targetHints":{"allow":["GET"]}}],"collection":[{"href":"https:\/\/aeronoticias.com.pe\/noticiero\/wp-json\/wp\/v2\/posts"}],"about":[{"href":"https:\/\/aeronoticias.com.pe\/noticiero\/wp-json\/wp\/v2\/types\/post"}],"author":[{"embeddable":true,"href":"https:\/\/aeronoticias.com.pe\/noticiero\/wp-json\/wp\/v2\/users\/3"}],"replies":[{"embeddable":true,"href":"https:\/\/aeronoticias.com.pe\/noticiero\/wp-json\/wp\/v2\/comments?post=89487"}],"version-history":[{"count":0,"href":"https:\/\/aeronoticias.com.pe\/noticiero\/wp-json\/wp\/v2\/posts\/89487\/revisions"}],"wp:featuredmedia":[{"embeddable":true,"href":"https:\/\/aeronoticias.com.pe\/noticiero\/wp-json\/wp\/v2\/media\/89488"}],"wp:attachment":[{"href":"https:\/\/aeronoticias.com.pe\/noticiero\/wp-json\/wp\/v2\/media?parent=89487"}],"wp:term":[{"taxonomy":"category","embeddable":true,"href":"https:\/\/aeronoticias.com.pe\/noticiero\/wp-json\/wp\/v2\/categories?post=89487"},{"taxonomy":"post_tag","embeddable":true,"href":"https:\/\/aeronoticias.com.pe\/noticiero\/wp-json\/wp\/v2\/tags?post=89487"}],"curies":[{"name":"wp","href":"https:\/\/api.w.org\/{rel}","templated":true}]}}