{"id":89527,"date":"2024-03-04T09:21:12","date_gmt":"2024-03-04T14:21:12","guid":{"rendered":"https:\/\/aeronoticias.com.pe\/noticiero\/?p=89527"},"modified":"2024-03-04T09:22:40","modified_gmt":"2024-03-04T14:22:40","slug":"contrataciones-atipicas-de-pilotos-en-europa-que-alertas-debemos-considerar","status":"publish","type":"post","link":"https:\/\/aeronoticias.com.pe\/noticiero\/transporte-aereo\/contrataciones-atipicas-de-pilotos-en-europa-que-alertas-debemos-considerar\/","title":{"rendered":"Contrataciones at\u00edpicas de pilotos en Europa: \u00bfQu\u00e9 alertas debemos considerar?"},"content":{"rendered":"\n<p><strong>(Aeronoticias)<\/strong>: <strong>Claudia Celestes \/ Aviaci\u00f3n Digital, Sp.-\u00a0<\/strong><em>En el vertiginoso mundo de la aviaci\u00f3n comercial, los pilotos son las figuras clave, pero detr\u00e1s de sus vuelos, se esconde una realidad que muchos desconocen: las<strong>\u00a0<a href=\"https:\/\/aviaciondigital.com\/preocupacion-en-ee-uu-por-la-escasez-de-pilotos\/\" target=\"_blank\" rel=\"noreferrer noopener\">contrataciones at\u00edpicas<\/a>\u00a0<\/strong>propuestas por algunas aerol\u00edneas.<\/em>\u00a0<em>La aviaci\u00f3n, considerada un sector de alto vuelo y glamour, tambi\u00e9n revela una\u00a0<strong>realidad laboral turbulenta,<\/strong>\u00a0donde las contrataciones at\u00edpicas de pilotos han pasado de ser una an\u00e9cdota a una\u00a0<strong>preocupaci\u00f3n creciente.<\/strong><\/em><\/p>\n\n\n\n<p>Estas pr\u00e1cticas, que van desde&nbsp;<strong>falsos aut\u00f3nomos<\/strong>&nbsp;hasta esquemas de \u2018<strong><em><a href=\"https:\/\/aviaciondigital.com\/incertidumbre-en-la-implementacion-de-la-nueva-ley-sobre-fatiga-de-las-tripulaciones\/\" target=\"_blank\" rel=\"noreferrer noopener\">Pay-to-Fly\u2019,<\/a><\/em><\/strong>&nbsp;presentan&nbsp;<strong>desaf\u00edos significativos<\/strong>&nbsp;en t\u00e9rminos de garantizar condiciones laborales justas y transparentes.<\/p>\n\n\n\n<div class=\"wp-block-image\"><figure class=\"aligncenter\"><img decoding=\"async\" src=\"https:\/\/aviaciondigital.com\/wp-content\/uploads\/2023\/08\/pilotos-seguridad.jpg\" alt=\"\"\/><\/figure><\/div>\n\n\n\n<p>Durante la \u00faltima d\u00e9cada, la<strong>\u00a0<a href=\"https:\/\/aviaciondigital.com\/eca-denuncia-los-abusos-laborales-en-el-empleo-atipico-de-las-tripulaciones-aereas\/\" target=\"_blank\" rel=\"noreferrer noopener\">European Cockpit Association<\/a>\u00a0(ECA)<\/strong>\u00a0ha estado vigilante, revisando minuciosamente m\u00faltiples contratos de trabajos como piloto. Los resultados son reveladores y, en muchos casos, preocupantes. Se han identificado<strong>\u00a0cl\u00e1usulas inusualmente creativas o incluso ilegales\u00a0<\/strong>que podr\u00edan pasar desapercibidas para el ojo inexperto. Para ayudar a los pilotos a identificar estas se\u00f1ales de alerta, hemos recopilado algunos ejemplos que\u00a0<strong>no deber\u00edan ser ignorados bajo ninguna circunstancia.<\/strong><\/p>\n\n\n\n<h3 class=\"wp-block-heading\" id=\"h-que-senales-de-alerta-debes-tener-en-cuenta-antes-de-firmar-un-contrato\"><strong>\u00bfQu\u00e9 se\u00f1ales de alerta debes tener en cuenta antes de firmar un contrato?<\/strong><\/h3>\n\n\n\n<p>Antes de estampar la firma en un contrato laboral, es crucial entender qu\u00e9&nbsp;<strong>tipo de relaci\u00f3n laboral&nbsp;<\/strong>se est\u00e1 afrontando. Aqu\u00ed algunas se\u00f1ales de alerta que podr\u00edan indicar una situaci\u00f3n poco favorable:<\/p>\n\n\n\n<ol class=\"wp-block-list\"><li><strong>Oferta de puesto estacional<\/strong>: \u00bfLa aerol\u00ednea ofrece \u00fanicamente un puesto de trabajo durante ciertas temporadas del a\u00f1o? Esta situaci\u00f3n podr\u00eda ser un indicio de falta de estabilidad laboral.<\/li><li><strong>Contrataci\u00f3n a trav\u00e9s de agencia<\/strong>: Si la aerol\u00ednea insiste en la firma del contrato a trav\u00e9s de una agencia en lugar de hacerlo directamente con ellos, se deber\u00edan cuestionar las razones detr\u00e1s de esta decisi\u00f3n.<\/li><li><strong>Condiciones en la formaci\u00f3n<\/strong>: \u00bfOfrecen formaci\u00f3n, pero con condiciones poco claras o exigencias econ\u00f3micas adicionales como pagos o fianzas? Esto podr\u00eda ser un indicativo de una pol\u00edtica laboral poco transparente.<\/li><li><strong>Salario inferior al est\u00e1ndar<\/strong>: Si el salario ofrecido es notablemente inferior al que ofrecer\u00eda un empleador com\u00fan, hay que preguntarse si realmente se est\u00e1 siendo valorado adecuadamente.<\/li><li><strong>Piloto \u00abaut\u00f3nomo\u00bb<\/strong>: Ser considerado un piloto \u00abaut\u00f3nomo\u00bb puede parecer atractivo a primera vista, pero puede ser una forma de eludir responsabilidades y derechos laborales fundamentales.<\/li><li><strong>Abrir cuenta en banco suizo<\/strong>: La solicitud de abrir una cuenta en un banco suizo puede levantar sospechas sobre posibles pr\u00e1cticas financieras dudosas.<\/li><li><strong>Falta de transparencia en el salario<\/strong>: Si la aerol\u00ednea se muestra reticente a discutir de manera transparente los elementos de tu salario, es hora de pedir explicaciones.<\/li><li><strong>Renuncia a derecho sindical<\/strong>: La petici\u00f3n de firmar un documento renunciando al derecho de afiliaci\u00f3n a un sindicato es una clara se\u00f1al de que los derechos laborales podr\u00edan estar en peligro.<\/li><li><strong>Rechazo a revisi\u00f3n legal<\/strong>: Si la aerol\u00ednea se niega a permitir que un abogado revise el contrato de trabajo, puede que se est\u00e9 tratando de ocultar algo.<\/li><li><strong>Cl\u00e1usulas abusivas de baja sin sueldo<\/strong>: Un contrato que permite a la aerol\u00ednea dejar aun piloto en situaci\u00f3n de baja sin sueldo durante un per\u00edodo prolongado es injusto.<\/li><li><strong>Cultura de seguridad cuestionable<\/strong>: Si la aerol\u00ednea tiene una reputaci\u00f3n cuestionable en cuanto a su cultura de seguridad, deber\u00eda reconsiderarse el trabajar con ella.<\/li><li><strong>Contabilizaci\u00f3n de d\u00edas de enfermedad como d\u00edas de descanso<\/strong>: Esta pr\u00e1ctica no solo es injusta, sino que tambi\u00e9n puede poner en riesgo la seguridad de los vuelos.<\/li><\/ol>\n\n\n\n<p>Antes de firmar cualquier contrato, es fundamental que los pilotos comprendan plenamente las implicaciones y condiciones del mismo, ya que la falta de atenci\u00f3n a estas se\u00f1ales de alerta podr\u00eda llevar a\u00a0<strong>situaciones laborales precarias\u00a0<\/strong>e incluso,\u00a0<strong>poner en peligro la seguridad de los vuelos.<\/strong><\/p>\n\n\n\n<figure class=\"wp-block-image\"><img decoding=\"async\" src=\"https:\/\/aviaciondigital.com\/wp-content\/uploads\/2021\/12\/Despido-piloto.jpg\" alt=\"\"\/><\/figure>\n\n\n\n<h3 class=\"wp-block-heading\" id=\"h-mas-turbulencias-en-tierra-que-en-el-aire\"><strong>M\u00e1s turbulencias en tierra, que en el aire\u2026<\/strong><\/h3>\n\n\n\n<p>Como bien dice el refr\u00e1n, m\u00e1s vale prevenir que lamentar. En este caso, parece que los pilotos tienen que sortear<strong>&nbsp;m\u00e1s obst\u00e1culos en tierra firme<\/strong>&nbsp;que en los cielos europeos, donde una sombra se cierne sobre la profesi\u00f3n de piloto, y no es precisamente la turbulencia atmosf\u00e9rica la que preocupa, sino la<strong>&nbsp;proliferaci\u00f3n de empleos at\u00edpicos<\/strong>&nbsp;en una industria que alguna vez se consider\u00f3 de \u00e9lite.<\/p>\n\n\n\n<h3 class=\"wp-block-heading\"><em><strong>Un estudio revelador<\/strong><\/em><\/h3>\n\n\n\n<p>El&nbsp;<strong>estudio \u2018Ricardo\u2019 sobre el empleo y las condiciones laborales&nbsp;<\/strong>en 2019 revel\u00f3 la situaci\u00f3n precaria de los pilotos en Europa. Con una amplia muestra que incluy\u00f3 a miles de profesionales y diversas entidades relacionadas con la aviaci\u00f3n, los resultados fueron claros:&nbsp;<strong>el 20% de los pilotos&nbsp;<\/strong>estaban empleados de manera at\u00edpica. Estas formas de empleo abarcan desde&nbsp;<strong>contratos de cero horas<\/strong>&nbsp;hasta trabajar como&nbsp;<strong>aut\u00f3nomos<\/strong>, e incluso incluyen el controvertido esquema&nbsp;<strong>\u00abPay-to-Fly\u00bb<\/strong>, donde los pilotos pagan por el privilegio de volar. \u00bfPagar por trabajar? Parece una idea absurda, pero para muchos j\u00f3venes pilotos, es la \u00fanica forma de adquirir experiencia de vuelo en aviones comerciales. Con hasta un&nbsp;<strong>12% de pilotos en aerol\u00edneas ch\u00e1rter participando en este esquema,&nbsp;<\/strong>la idea de pagar para trabajar cobra una nueva dimensi\u00f3n.<\/p>\n\n\n\n<p>El estudio tambi\u00e9n se\u00f1al\u00f3 que\u00a0<strong>alrededor del 9% de los pilotos se consideran aut\u00f3nomos,<\/strong>\u00a0aunque esta cifra var\u00eda seg\u00fan el pa\u00eds y el tipo de aerol\u00ednea. Sorprendentemente, el\u00a0<strong>88% de estos aut\u00f3nomos est\u00e1n contratados a trav\u00e9s de intermediarios,<\/strong>\u00a0lo que plantea serias dudas sobre la verdadera naturaleza de su autonom\u00eda laboral.\u00a0<strong><a href=\"https:\/\/aviaciondigital.com\/ryanair-alerta-de-ajustes-en-las-tarifas-por-problemas-en-la-entrega-de-aviones\/\" target=\"_blank\" rel=\"noreferrer noopener\">Ryanair\u00a0<\/a><\/strong>lidera en esta pr\u00e1ctica, con\u00a0<strong>casi el 60% de sus pilotos siendo \u2018aut\u00f3nomos\u2019<\/strong>, seguido de cerca por\u00a0<strong><a href=\"https:\/\/aviaciondigital.com\/wizz-air-abu-dhabi-lanzara-su-primer-vuelo-a-tel-aviv\/\" target=\"_blank\" rel=\"noreferrer noopener\">Wizzair<\/a><\/strong>.<\/p>\n\n\n\n<div class=\"wp-block-image\"><figure class=\"aligncenter\"><img decoding=\"async\" src=\"https:\/\/aviaciondigital.com\/wp-content\/uploads\/2019\/08\/cnn-piloto-alcohol-e1679992483189.jpg\" alt=\"\"\/><\/figure><\/div>\n\n\n\n<h3 class=\"wp-block-heading\" id=\"h-quienes-son-los-mas-afectados\"><strong>\u00bfQui\u00e9nes son los m\u00e1s afectados?<\/strong><\/h3>\n\n\n\n<p>Los j\u00f3venes pilotos se encuentran entre los m\u00e1s afectados, con<strong>&nbsp;casi el 40% de los pilotos de entre 20 y 30 a\u00f1os sin una relaci\u00f3n laboral directa<\/strong>&nbsp;con la aerol\u00ednea para la que vuelan. Esta generaci\u00f3n est\u00e1 siendo empujada a las profundidades de la incertidumbre laboral desde el principio de sus carreras, lo que plantea serias preguntas sobre el futuro de la profesi\u00f3n.<\/p>\n\n\n\n<p>Adem\u00e1s, las<strong>&nbsp;aerol\u00edneas de bajo costo son las principales protagonistas<\/strong>&nbsp;en este drama laboral. M\u00e1s de la mitad de los pilotos en estas compa\u00f1\u00edas no est\u00e1n empleados directamente, sino que trabajan a trav\u00e9s de&nbsp;<strong>agencias temporales o como aut\u00f3nomos.<\/strong>&nbsp;La distinci\u00f3n entre las aerol\u00edneas tradicionales y las de bajo costo es clara: mientras que las primeras mantienen una proporci\u00f3n m\u00ednima de empleo at\u00edpico, las segundas se est\u00e1n convirtiendo en \u00ab<em>usuarios<\/em>\u00bb destacados de estas pr\u00e1cticas. El panorama se complica a\u00fan m\u00e1s cuando descubrimos que&nbsp;<strong>una gran cantidad de pilotos aut\u00f3nomos trabajan para aerol\u00edneas de bajo costo.&nbsp;<\/strong>\u00bfQui\u00e9n dir\u00eda que volar un avi\u00f3n se convertir\u00eda en una profesi\u00f3n independiente?<\/p>\n\n\n\n<h3 class=\"wp-block-heading\"><strong>\u00bfPor qu\u00e9 deber\u00edamos preocuparnos?<\/strong><\/h3>\n\n\n\n<p>La preocupaci\u00f3n se extiende m\u00e1s all\u00e1 de las estad\u00edsticas.<em>&nbsp;\u00bfC\u00f3mo afecta este panorama al&nbsp;<strong>nivel de seguridad de los vuelos<\/strong>? \u00bfQu\u00e9 pasa con las condiciones laborales y la calidad del servicio a bordo?<\/em><\/p>\n\n\n\n<p>La creciente prevalencia del empleo at\u00edpico en la aviaci\u00f3n no solo&nbsp;<strong>socava la estabilidad laboral de los pilotos<\/strong>, sino que tambi\u00e9n puede&nbsp;<strong>afectar negativamente las decisiones de seguridad en la cabina de vuelo<\/strong>. Despu\u00e9s de todo,&nbsp;<em>\u00bfCu\u00e1nto puede concentrarse un piloto en volar con preocupaciones sobre su estabilidad financiera?<\/em><\/p>\n\n\n\n<p>Adem\u00e1s, este estudio tambi\u00e9n resalta que la&nbsp;<strong>complejidad regulatoria y legal&nbsp;<\/strong>que rodea estas pr\u00e1cticas, solo agrava la situaci\u00f3n. Desde la falta de aplicaci\u00f3n efectiva de las leyes laborales hasta la confusi\u00f3n&nbsp;<strong>sobre qu\u00e9 normativas se aplican en el sector<\/strong>, el estudio pone de relieve la necesidad de una&nbsp;<strong>mayor claridad y acci\u00f3n<\/strong>&nbsp;por parte de las autoridades competentes.<\/p>\n\n\n\n<p>Por lo tanto, es hora de que las autoridades pol\u00edticas, las aerol\u00edneas y los propios pilotos aborden esta cuesti\u00f3n de frente. Se necesitan\u00a0<strong>medidas regulatorias para garantizar que los pilotos reciban condiciones laborales justas y estables<\/strong>, independientemente de la aerol\u00ednea para la que vuelen. Las aerol\u00edneas tambi\u00e9n deben asumir su responsabilidad social y dejar de aprovecharse de las pr\u00e1cticas laborales precarias.<\/p>\n\n\n\n<p>En \u00faltima instancia, los pasajeros tambi\u00e9n tienen un papel que desempe\u00f1ar. Al&nbsp;<strong>exigir est\u00e1ndares laborales \u00e9ticos<\/strong>&nbsp;en la industria de la aviaci\u00f3n, podemos contribuir a crear un entorno m\u00e1s seguro y equitativo para todos los involucrados.<\/p>\n\n\n\n<h3 class=\"wp-block-heading\" id=\"h-desafio-para-los-aspirantes-garantizar-una-oferta-de-pilotos-cualificados\"><strong>Desaf\u00edo para los aspirantes: Garantizar una oferta de pilotos cualificados<\/strong><\/h3>\n\n\n\n<p>Como un viento de frente en la pista de despegue, la forma at\u00edpica y precaria de empleo de las tripulaciones a\u00e9reas tambi\u00e9n act\u00faa como\u00a0<strong>una importante barrera de entrada a la profesi\u00f3n<\/strong>. Especialmente en tiempos de crecimiento, la industria de la aviaci\u00f3n necesita un<strong>\u00a0n\u00famero significativo de pilotos nuevos y bien calificados<\/strong>\u00a0para volar el creciente n\u00famero de aviones. Sin embargo, adem\u00e1s de la ya dura realidad cotidiana del trabajo de piloto, los precarios contratos de agencia de intermediaci\u00f3n, los sistemas artificiales de \u00ab<em>autoempleo<\/em>\u00ab, los contratos de cero horas o los sistemas\u00a0<em>\u00abPay-to-Fly\u00bb\u00a0<\/em>definitivamente no son algo que atraer\u00e1 a las nuevas generaciones.<\/p>\n\n\n\n<figure class=\"wp-block-image\"><img decoding=\"async\" src=\"https:\/\/aviaciondigital.com\/wp-content\/uploads\/2020\/11\/Abuso-laboral-e1643266897941.jpg\" alt=\"\"\/><\/figure>\n\n\n\n<p>En la b\u00fasqueda de mantener una industria aeron\u00e1utica pr\u00f3spera y segura, la necesidad de\u00a0<strong>nutrir la profesi\u00f3n de piloto con talento comprometido<\/strong>\u00a0es innegable. Sin embargo, este objetivo se ve obstaculizado por la presencia de contratos de empleo at\u00edpicos y precarios. La vitalidad de la industria depende en gran medida de la\u00a0<strong>existencia de contratos laborales directos y seguros<\/strong>, regidos por la legislaci\u00f3n local. Las pr\u00e1cticas laborales poco convencionales, por el contrario, representan un\u00a0<strong>desaf\u00edo significativo<\/strong>\u00a0para aquellos que aspiran a iniciar una carrera en la aviaci\u00f3n y que actuar\u00e1n como un importante\u00a0<strong>elemento disuasorio.<\/strong><\/p>\n\n\n\n<p><strong>Fuente: aviaciondigital.com<\/strong><\/p>\n","protected":false},"excerpt":{"rendered":"<p>(Aeronoticias): Claudia Celestes \/ Aviaci\u00f3n Digital, Sp.-\u00a0En el vertiginoso mundo de la aviaci\u00f3n comercial, los pilotos son las figuras clave, pero detr\u00e1s de sus vuelos, se esconde una realidad que muchos desconocen: las\u00a0contrataciones at\u00edpicas\u00a0propuestas por algunas aerol\u00edneas.\u00a0La aviaci\u00f3n, considerada un sector de alto vuelo y glamour, tambi\u00e9n revela una\u00a0realidad laboral turbulenta,\u00a0donde las contrataciones at\u00edpicas de [&hellip;]<\/p>\n","protected":false},"author":3,"featured_media":89528,"comment_status":"open","ping_status":"open","sticky":false,"template":"","format":"standard","meta":{"tdm_status":"","tdm_grid_status":"","footnotes":""},"categories":[32,11],"tags":[4863,119,4864],"class_list":{"0":"post-89527","1":"post","2":"type-post","3":"status-publish","4":"format-standard","5":"has-post-thumbnail","7":"category-internacional","8":"category-transporte-aereo","9":"tag-contrataciones-atipicas","10":"tag-europa","11":"tag-pilotos-en-europa"},"yoast_head":"<!-- This site is optimized with the Yoast SEO plugin v25.1 - https:\/\/yoast.com\/wordpress\/plugins\/seo\/ -->\n<title>Contrataciones at\u00edpicas de pilotos en Europa: \u00bfQu\u00e9 alertas debemos considerar?<\/title>\n<meta name=\"description\" content=\"La European Cockpit Association (ECA) advierte sobre cl\u00e1usulas inusuales en contratos de pilotos.\" \/>\n<meta name=\"robots\" content=\"index, follow, max-snippet:-1, max-image-preview:large, max-video-preview:-1\" \/>\n<link rel=\"canonical\" href=\"https:\/\/aeronoticias.com.pe\/noticiero\/transporte-aereo\/contrataciones-atipicas-de-pilotos-en-europa-que-alertas-debemos-considerar\/\" \/>\n<meta property=\"og:locale\" content=\"es_ES\" \/>\n<meta property=\"og:type\" content=\"article\" \/>\n<meta property=\"og:title\" content=\"Contrataciones at\u00edpicas de pilotos en Europa: \u00bfQu\u00e9 alertas debemos considerar?\" \/>\n<meta property=\"og:description\" content=\"La European Cockpit Association (ECA) advierte sobre cl\u00e1usulas inusuales en contratos de pilotos.\" \/>\n<meta property=\"og:url\" content=\"https:\/\/aeronoticias.com.pe\/noticiero\/transporte-aereo\/contrataciones-atipicas-de-pilotos-en-europa-que-alertas-debemos-considerar\/\" \/>\n<meta property=\"og:site_name\" content=\"Aeronoticias.com.pe\" \/>\n<meta property=\"article:publisher\" content=\"https:\/\/www.facebook.com\/Aeronoticias.com.pe\/\" \/>\n<meta property=\"article:published_time\" content=\"2024-03-04T14:21:12+00:00\" \/>\n<meta property=\"article:modified_time\" content=\"2024-03-04T14:22:40+00:00\" \/>\n<meta property=\"og:image\" content=\"https:\/\/aeronoticias.com.pe\/noticiero\/wp-content\/uploads\/2024\/03\/carri.jpg\" \/>\n\t<meta property=\"og:image:width\" content=\"700\" \/>\n\t<meta property=\"og:image:height\" content=\"466\" \/>\n\t<meta property=\"og:image:type\" content=\"image\/jpeg\" \/>\n<meta name=\"author\" content=\"Redacci\u00f3n\" \/>\n<meta name=\"twitter:card\" content=\"summary_large_image\" \/>\n<meta name=\"twitter:creator\" content=\"@aeronoticias\" \/>\n<meta name=\"twitter:site\" content=\"@aeronoticias\" \/>\n<meta name=\"twitter:label1\" content=\"Escrito por\" \/>\n\t<meta name=\"twitter:data1\" content=\"Redacci\u00f3n\" \/>\n\t<meta name=\"twitter:label2\" content=\"Tiempo de lectura\" \/>\n\t<meta name=\"twitter:data2\" content=\"9 minutos\" \/>\n<script type=\"application\/ld+json\" class=\"yoast-schema-graph\">{\"@context\":\"https:\/\/schema.org\",\"@graph\":[{\"@type\":\"WebPage\",\"@id\":\"https:\/\/aeronoticias.com.pe\/noticiero\/transporte-aereo\/contrataciones-atipicas-de-pilotos-en-europa-que-alertas-debemos-considerar\/\",\"url\":\"https:\/\/aeronoticias.com.pe\/noticiero\/transporte-aereo\/contrataciones-atipicas-de-pilotos-en-europa-que-alertas-debemos-considerar\/\",\"name\":\"Contrataciones at\u00edpicas de pilotos en Europa: \u00bfQu\u00e9 alertas debemos considerar?\",\"isPartOf\":{\"@id\":\"https:\/\/aeronoticias.com.pe\/noticiero\/#website\"},\"primaryImageOfPage\":{\"@id\":\"https:\/\/aeronoticias.com.pe\/noticiero\/transporte-aereo\/contrataciones-atipicas-de-pilotos-en-europa-que-alertas-debemos-considerar\/#primaryimage\"},\"image\":{\"@id\":\"https:\/\/aeronoticias.com.pe\/noticiero\/transporte-aereo\/contrataciones-atipicas-de-pilotos-en-europa-que-alertas-debemos-considerar\/#primaryimage\"},\"thumbnailUrl\":\"https:\/\/aeronoticias.com.pe\/noticiero\/wp-content\/uploads\/2024\/03\/carri.jpg\",\"datePublished\":\"2024-03-04T14:21:12+00:00\",\"dateModified\":\"2024-03-04T14:22:40+00:00\",\"author\":{\"@id\":\"https:\/\/aeronoticias.com.pe\/noticiero\/#\/schema\/person\/16212a617c73f78916b13194154243bd\"},\"description\":\"La European Cockpit Association (ECA) advierte sobre cl\u00e1usulas inusuales en contratos de pilotos.\",\"breadcrumb\":{\"@id\":\"https:\/\/aeronoticias.com.pe\/noticiero\/transporte-aereo\/contrataciones-atipicas-de-pilotos-en-europa-que-alertas-debemos-considerar\/#breadcrumb\"},\"inLanguage\":\"es\",\"potentialAction\":[{\"@type\":\"ReadAction\",\"target\":[\"https:\/\/aeronoticias.com.pe\/noticiero\/transporte-aereo\/contrataciones-atipicas-de-pilotos-en-europa-que-alertas-debemos-considerar\/\"]}]},{\"@type\":\"ImageObject\",\"inLanguage\":\"es\",\"@id\":\"https:\/\/aeronoticias.com.pe\/noticiero\/transporte-aereo\/contrataciones-atipicas-de-pilotos-en-europa-que-alertas-debemos-considerar\/#primaryimage\",\"url\":\"https:\/\/aeronoticias.com.pe\/noticiero\/wp-content\/uploads\/2024\/03\/carri.jpg\",\"contentUrl\":\"https:\/\/aeronoticias.com.pe\/noticiero\/wp-content\/uploads\/2024\/03\/carri.jpg\",\"width\":700,\"height\":466,\"caption\":\"Pilot with bags\"},{\"@type\":\"BreadcrumbList\",\"@id\":\"https:\/\/aeronoticias.com.pe\/noticiero\/transporte-aereo\/contrataciones-atipicas-de-pilotos-en-europa-que-alertas-debemos-considerar\/#breadcrumb\",\"itemListElement\":[{\"@type\":\"ListItem\",\"position\":1,\"name\":\"Portada\",\"item\":\"https:\/\/aeronoticias.com.pe\/noticiero\/\"},{\"@type\":\"ListItem\",\"position\":2,\"name\":\"Contrataciones at\u00edpicas de pilotos en Europa: \u00bfQu\u00e9 alertas debemos considerar?\"}]},{\"@type\":\"WebSite\",\"@id\":\"https:\/\/aeronoticias.com.pe\/noticiero\/#website\",\"url\":\"https:\/\/aeronoticias.com.pe\/noticiero\/\",\"name\":\"Aeronoticias.com.pe\",\"description\":\"Noticias de tranporte aereo, turismo, hoteles, gastronomia, actualidad, internacional\",\"potentialAction\":[{\"@type\":\"SearchAction\",\"target\":{\"@type\":\"EntryPoint\",\"urlTemplate\":\"https:\/\/aeronoticias.com.pe\/noticiero\/?s={search_term_string}\"},\"query-input\":{\"@type\":\"PropertyValueSpecification\",\"valueRequired\":true,\"valueName\":\"search_term_string\"}}],\"inLanguage\":\"es\"},{\"@type\":\"Person\",\"@id\":\"https:\/\/aeronoticias.com.pe\/noticiero\/#\/schema\/person\/16212a617c73f78916b13194154243bd\",\"name\":\"Redacci\u00f3n\",\"sameAs\":[\"http:\/\/Redacci\u00f3n\"],\"url\":\"https:\/\/aeronoticias.com.pe\/noticiero\/author\/celeste\/\"}]}<\/script>\n<!-- \/ Yoast SEO plugin. -->","yoast_head_json":{"title":"Contrataciones at\u00edpicas de pilotos en Europa: \u00bfQu\u00e9 alertas debemos considerar?","description":"La European Cockpit Association (ECA) advierte sobre cl\u00e1usulas inusuales en contratos de pilotos.","robots":{"index":"index","follow":"follow","max-snippet":"max-snippet:-1","max-image-preview":"max-image-preview:large","max-video-preview":"max-video-preview:-1"},"canonical":"https:\/\/aeronoticias.com.pe\/noticiero\/transporte-aereo\/contrataciones-atipicas-de-pilotos-en-europa-que-alertas-debemos-considerar\/","og_locale":"es_ES","og_type":"article","og_title":"Contrataciones at\u00edpicas de pilotos en Europa: \u00bfQu\u00e9 alertas debemos considerar?","og_description":"La European Cockpit Association (ECA) advierte sobre cl\u00e1usulas inusuales en contratos de pilotos.","og_url":"https:\/\/aeronoticias.com.pe\/noticiero\/transporte-aereo\/contrataciones-atipicas-de-pilotos-en-europa-que-alertas-debemos-considerar\/","og_site_name":"Aeronoticias.com.pe","article_publisher":"https:\/\/www.facebook.com\/Aeronoticias.com.pe\/","article_published_time":"2024-03-04T14:21:12+00:00","article_modified_time":"2024-03-04T14:22:40+00:00","og_image":[{"width":700,"height":466,"url":"https:\/\/aeronoticias.com.pe\/noticiero\/wp-content\/uploads\/2024\/03\/carri.jpg","type":"image\/jpeg"}],"author":"Redacci\u00f3n","twitter_card":"summary_large_image","twitter_creator":"@aeronoticias","twitter_site":"@aeronoticias","twitter_misc":{"Escrito por":"Redacci\u00f3n","Tiempo de lectura":"9 minutos"},"schema":{"@context":"https:\/\/schema.org","@graph":[{"@type":"WebPage","@id":"https:\/\/aeronoticias.com.pe\/noticiero\/transporte-aereo\/contrataciones-atipicas-de-pilotos-en-europa-que-alertas-debemos-considerar\/","url":"https:\/\/aeronoticias.com.pe\/noticiero\/transporte-aereo\/contrataciones-atipicas-de-pilotos-en-europa-que-alertas-debemos-considerar\/","name":"Contrataciones at\u00edpicas de pilotos en Europa: \u00bfQu\u00e9 alertas debemos considerar?","isPartOf":{"@id":"https:\/\/aeronoticias.com.pe\/noticiero\/#website"},"primaryImageOfPage":{"@id":"https:\/\/aeronoticias.com.pe\/noticiero\/transporte-aereo\/contrataciones-atipicas-de-pilotos-en-europa-que-alertas-debemos-considerar\/#primaryimage"},"image":{"@id":"https:\/\/aeronoticias.com.pe\/noticiero\/transporte-aereo\/contrataciones-atipicas-de-pilotos-en-europa-que-alertas-debemos-considerar\/#primaryimage"},"thumbnailUrl":"https:\/\/aeronoticias.com.pe\/noticiero\/wp-content\/uploads\/2024\/03\/carri.jpg","datePublished":"2024-03-04T14:21:12+00:00","dateModified":"2024-03-04T14:22:40+00:00","author":{"@id":"https:\/\/aeronoticias.com.pe\/noticiero\/#\/schema\/person\/16212a617c73f78916b13194154243bd"},"description":"La European Cockpit Association (ECA) advierte sobre cl\u00e1usulas inusuales en contratos de pilotos.","breadcrumb":{"@id":"https:\/\/aeronoticias.com.pe\/noticiero\/transporte-aereo\/contrataciones-atipicas-de-pilotos-en-europa-que-alertas-debemos-considerar\/#breadcrumb"},"inLanguage":"es","potentialAction":[{"@type":"ReadAction","target":["https:\/\/aeronoticias.com.pe\/noticiero\/transporte-aereo\/contrataciones-atipicas-de-pilotos-en-europa-que-alertas-debemos-considerar\/"]}]},{"@type":"ImageObject","inLanguage":"es","@id":"https:\/\/aeronoticias.com.pe\/noticiero\/transporte-aereo\/contrataciones-atipicas-de-pilotos-en-europa-que-alertas-debemos-considerar\/#primaryimage","url":"https:\/\/aeronoticias.com.pe\/noticiero\/wp-content\/uploads\/2024\/03\/carri.jpg","contentUrl":"https:\/\/aeronoticias.com.pe\/noticiero\/wp-content\/uploads\/2024\/03\/carri.jpg","width":700,"height":466,"caption":"Pilot with bags"},{"@type":"BreadcrumbList","@id":"https:\/\/aeronoticias.com.pe\/noticiero\/transporte-aereo\/contrataciones-atipicas-de-pilotos-en-europa-que-alertas-debemos-considerar\/#breadcrumb","itemListElement":[{"@type":"ListItem","position":1,"name":"Portada","item":"https:\/\/aeronoticias.com.pe\/noticiero\/"},{"@type":"ListItem","position":2,"name":"Contrataciones at\u00edpicas de pilotos en Europa: \u00bfQu\u00e9 alertas debemos considerar?"}]},{"@type":"WebSite","@id":"https:\/\/aeronoticias.com.pe\/noticiero\/#website","url":"https:\/\/aeronoticias.com.pe\/noticiero\/","name":"Aeronoticias.com.pe","description":"Noticias de tranporte aereo, turismo, hoteles, gastronomia, actualidad, internacional","potentialAction":[{"@type":"SearchAction","target":{"@type":"EntryPoint","urlTemplate":"https:\/\/aeronoticias.com.pe\/noticiero\/?s={search_term_string}"},"query-input":{"@type":"PropertyValueSpecification","valueRequired":true,"valueName":"search_term_string"}}],"inLanguage":"es"},{"@type":"Person","@id":"https:\/\/aeronoticias.com.pe\/noticiero\/#\/schema\/person\/16212a617c73f78916b13194154243bd","name":"Redacci\u00f3n","sameAs":["http:\/\/Redacci\u00f3n"],"url":"https:\/\/aeronoticias.com.pe\/noticiero\/author\/celeste\/"}]}},"_links":{"self":[{"href":"https:\/\/aeronoticias.com.pe\/noticiero\/wp-json\/wp\/v2\/posts\/89527","targetHints":{"allow":["GET"]}}],"collection":[{"href":"https:\/\/aeronoticias.com.pe\/noticiero\/wp-json\/wp\/v2\/posts"}],"about":[{"href":"https:\/\/aeronoticias.com.pe\/noticiero\/wp-json\/wp\/v2\/types\/post"}],"author":[{"embeddable":true,"href":"https:\/\/aeronoticias.com.pe\/noticiero\/wp-json\/wp\/v2\/users\/3"}],"replies":[{"embeddable":true,"href":"https:\/\/aeronoticias.com.pe\/noticiero\/wp-json\/wp\/v2\/comments?post=89527"}],"version-history":[{"count":0,"href":"https:\/\/aeronoticias.com.pe\/noticiero\/wp-json\/wp\/v2\/posts\/89527\/revisions"}],"wp:featuredmedia":[{"embeddable":true,"href":"https:\/\/aeronoticias.com.pe\/noticiero\/wp-json\/wp\/v2\/media\/89528"}],"wp:attachment":[{"href":"https:\/\/aeronoticias.com.pe\/noticiero\/wp-json\/wp\/v2\/media?parent=89527"}],"wp:term":[{"taxonomy":"category","embeddable":true,"href":"https:\/\/aeronoticias.com.pe\/noticiero\/wp-json\/wp\/v2\/categories?post=89527"},{"taxonomy":"post_tag","embeddable":true,"href":"https:\/\/aeronoticias.com.pe\/noticiero\/wp-json\/wp\/v2\/tags?post=89527"}],"curies":[{"name":"wp","href":"https:\/\/api.w.org\/{rel}","templated":true}]}}