{"id":89581,"date":"2024-03-05T14:29:43","date_gmt":"2024-03-05T19:29:43","guid":{"rendered":"https:\/\/aeronoticias.com.pe\/noticiero\/?p=89581"},"modified":"2024-03-05T14:29:54","modified_gmt":"2024-03-05T19:29:54","slug":"lograra-el-sector-aereo-en-america-latina-estabilidad-en-2024-moodys","status":"publish","type":"post","link":"https:\/\/aeronoticias.com.pe\/noticiero\/transporte-aereo\/internacional\/lograra-el-sector-aereo-en-america-latina-estabilidad-en-2024-moodys\/","title":{"rendered":"Lograr\u00e1 el sector a\u00e9reo en Am\u00e9rica Latina estabilidad en 2024: Moody&#8217;s"},"content":{"rendered":"\n<p><strong>(Aeronoticias)<\/strong>: <strong>La fuerte recuperaci\u00f3n del transporte a\u00e9reo de pasajeros y la alta demanda en los aeropuertos de Am\u00e9rica Latina se normalizar\u00e1 en 2024 a medida que las tasas de crecimiento se estabilicen y se expandan a un ritmo constante de 3% a 4%, afirm\u00f3 la calificadora de riesgo crediticio Moody&#8217;s.<\/strong><\/p>\n\n\n\n<p>Indic\u00f3 que el tr\u00e1fico a\u00e9reo ha vuelto a sus niveles prepand\u00e9micos y, en algunos casos, los ha superado en varios de los aeropuertos calificados de Am\u00e9rica Latina, gracias a la base diversificada de pasajeros en la regi\u00f3n, al atractivo de sus destinos populares y al crecimiento de la poblaci\u00f3n.<\/p>\n\n\n\n<p>\u201cEl volumen de tr\u00e1fico en los aeropuertos de Am\u00e9rica Latina var\u00eda significativamente, lo que refleja factores econ\u00f3micos, regulatorios e idiosincr\u00e1ticos individuales. Sin embargo, en t\u00e9rminos generales, el crecimiento del tr\u00e1fico a\u00e9reo ha sido s\u00f3lido &#8211; aunque desigual &#8211; en los 11 aeropuertos m\u00e1s importantes de la regi\u00f3n\u201d, se indic\u00f3 en su an\u00e1lisis.<\/p>\n\n\n\n<p>La calificadora explic\u00f3 que los aeropuertos con las tasas de crecimiento m\u00e1s altas de la regi\u00f3n se encuentran en destinos muy populares entre los turistas, los cuales incluyen el Grupo Aeroportuario del Pac\u00edfico (GAP), que opera 12 aeropuertos en la regi\u00f3n del Pac\u00edfico mexicano; el Aeropuerto Internacional de Punta Cana, en la Rep\u00fablica Dominicana; Aeropuertos del Sureste (ASUR), con nueve aeropuertos en el sudeste de M\u00e9xico; Aeropuertos Dominicanos Siglo XXI, con seis aeropuertos en la Rep\u00fablica Dominicana; y el Grupo Aeroportuario Centro Norte (OMA), con 13 aeropuertos en el centro de M\u00e9xico.&nbsp;<\/p>\n\n\n\n<p><strong>Por el contrario, el crecimiento del tr\u00e1fico ha disminuido en el caso de ACI Airport Sudam\u00e9rica, la sociedad controladora de los operadores del Aeropuerto Internacional de Carrasco en Uruguay, que depende en gran medida de la concentraci\u00f3n del tr\u00e1fico de pasajeros desde Argentina y Brasil.&nbsp;<\/strong><\/p>\n\n\n\n<p>En tanto, el Aeropuerto Internacional de la Ciudad de M\u00e9xico (AICM) tiene problemas de congesti\u00f3n y carece de un plan de expansi\u00f3n o inversi\u00f3n.<\/p>\n\n\n\n<p>Moody&#8217;s indic\u00f3 que a medida que la demanda de tr\u00e1fico contin\u00fae fortaleci\u00e9ndose y expandi\u00e9ndose a un ritmo m\u00e1s moderado durante 2024-25, los principales indicadores financieros, en promedio, seguir\u00e1n mejorando.&nbsp;<\/p>\n\n\n\n<p>Los aeropuertos que operan en Argentina y Uruguay est\u00e1n por debajo de la recuperaci\u00f3n financiera alcanzada por otros aeropuertos en la regi\u00f3n, y el tr\u00e1fico a\u00e9reo no superar\u00e1 los niveles previos a la pandemia hasta fines de 2024.&nbsp;<\/p>\n\n\n\n<p><strong>La gran mayor\u00eda de los aeropuertos calificados de la regi\u00f3n no tienen previsto realizar inversiones significativas que aumenten considerablemente sus necesidades financieras, y las inversiones de capital del sector se mantendr\u00e1n bajas en 2024-26.<\/strong><\/p>\n\n\n\n<p>El volumen de pasajeros ha sido s\u00f3lido en toda la regi\u00f3n, y el transporte total de pasajeros creci\u00f3 alrededor del 16% en los aeropuertos calificados en 2023 hasta alcanzar (y, a veces, superar) el mismo per\u00edodo en 2019.<\/p>\n\n\n\n<p><strong>Fuente: A21.com.mx<\/strong><\/p>\n","protected":false},"excerpt":{"rendered":"<p>(Aeronoticias): La fuerte recuperaci\u00f3n del transporte a\u00e9reo de pasajeros y la alta demanda en los aeropuertos de Am\u00e9rica Latina se normalizar\u00e1 en 2024 a medida que las tasas de crecimiento se estabilicen y se expandan a un ritmo constante de 3% a 4%, afirm\u00f3 la calificadora de riesgo crediticio Moody&#8217;s. Indic\u00f3 que el tr\u00e1fico a\u00e9reo [&hellip;]<\/p>\n","protected":false},"author":3,"featured_media":89582,"comment_status":"open","ping_status":"open","sticky":false,"template":"","format":"standard","meta":{"tdm_status":"","tdm_grid_status":"","footnotes":""},"categories":[32,34],"tags":[255,807,738],"class_list":{"0":"post-89581","1":"post","2":"type-post","3":"status-publish","4":"format-standard","5":"has-post-thumbnail","7":"category-internacional","8":"category-internacionales","9":"tag-aicm-2","10":"tag-america-latina","11":"tag-oma"},"yoast_head":"<!-- This site is optimized with the Yoast SEO plugin v25.1 - https:\/\/yoast.com\/wordpress\/plugins\/seo\/ -->\n<title>Lograr\u00e1 el sector a\u00e9reo en Am\u00e9rica Latina estabilidad en 2024: Moody&#039;s<\/title>\n<meta name=\"description\" content=\"Portal de noticias del Per\u00fa sobre el transporte a\u00e9reo, aviaci\u00f3n, turismo, hoteleria, actualidad.\" \/>\n<meta name=\"robots\" content=\"index, follow, max-snippet:-1, max-image-preview:large, max-video-preview:-1\" \/>\n<link rel=\"canonical\" href=\"https:\/\/aeronoticias.com.pe\/noticiero\/transporte-aereo\/internacional\/lograra-el-sector-aereo-en-america-latina-estabilidad-en-2024-moodys\/\" \/>\n<meta property=\"og:locale\" content=\"es_ES\" \/>\n<meta property=\"og:type\" content=\"article\" \/>\n<meta property=\"og:title\" content=\"Lograr\u00e1 el sector a\u00e9reo en Am\u00e9rica Latina estabilidad en 2024: Moody&#039;s\" \/>\n<meta property=\"og:description\" content=\"Portal de noticias del Per\u00fa sobre el transporte a\u00e9reo, aviaci\u00f3n, turismo, hoteleria, actualidad.\" \/>\n<meta property=\"og:url\" content=\"https:\/\/aeronoticias.com.pe\/noticiero\/transporte-aereo\/internacional\/lograra-el-sector-aereo-en-america-latina-estabilidad-en-2024-moodys\/\" \/>\n<meta property=\"og:site_name\" content=\"Aeronoticias.com.pe\" \/>\n<meta property=\"article:publisher\" content=\"https:\/\/www.facebook.com\/Aeronoticias.com.pe\/\" \/>\n<meta property=\"article:published_time\" content=\"2024-03-05T19:29:43+00:00\" \/>\n<meta property=\"article:modified_time\" content=\"2024-03-05T19:29:54+00:00\" \/>\n<meta property=\"og:image\" content=\"https:\/\/aeronoticias.com.pe\/noticiero\/wp-content\/uploads\/2024\/03\/MOO.jpg\" \/>\n\t<meta property=\"og:image:width\" content=\"1200\" \/>\n\t<meta property=\"og:image:height\" content=\"900\" \/>\n\t<meta property=\"og:image:type\" content=\"image\/jpeg\" \/>\n<meta name=\"author\" content=\"Redacci\u00f3n\" \/>\n<meta name=\"twitter:card\" content=\"summary_large_image\" \/>\n<meta name=\"twitter:creator\" content=\"@aeronoticias\" \/>\n<meta name=\"twitter:site\" content=\"@aeronoticias\" \/>\n<meta name=\"twitter:label1\" content=\"Escrito por\" \/>\n\t<meta name=\"twitter:data1\" content=\"Redacci\u00f3n\" \/>\n\t<meta name=\"twitter:label2\" content=\"Tiempo de lectura\" \/>\n\t<meta name=\"twitter:data2\" content=\"3 minutos\" \/>\n<script type=\"application\/ld+json\" class=\"yoast-schema-graph\">{\"@context\":\"https:\/\/schema.org\",\"@graph\":[{\"@type\":\"WebPage\",\"@id\":\"https:\/\/aeronoticias.com.pe\/noticiero\/transporte-aereo\/internacional\/lograra-el-sector-aereo-en-america-latina-estabilidad-en-2024-moodys\/\",\"url\":\"https:\/\/aeronoticias.com.pe\/noticiero\/transporte-aereo\/internacional\/lograra-el-sector-aereo-en-america-latina-estabilidad-en-2024-moodys\/\",\"name\":\"Lograr\u00e1 el sector a\u00e9reo en Am\u00e9rica Latina estabilidad en 2024: Moody's\",\"isPartOf\":{\"@id\":\"https:\/\/aeronoticias.com.pe\/noticiero\/#website\"},\"primaryImageOfPage\":{\"@id\":\"https:\/\/aeronoticias.com.pe\/noticiero\/transporte-aereo\/internacional\/lograra-el-sector-aereo-en-america-latina-estabilidad-en-2024-moodys\/#primaryimage\"},\"image\":{\"@id\":\"https:\/\/aeronoticias.com.pe\/noticiero\/transporte-aereo\/internacional\/lograra-el-sector-aereo-en-america-latina-estabilidad-en-2024-moodys\/#primaryimage\"},\"thumbnailUrl\":\"https:\/\/aeronoticias.com.pe\/noticiero\/wp-content\/uploads\/2024\/03\/MOO.jpg\",\"datePublished\":\"2024-03-05T19:29:43+00:00\",\"dateModified\":\"2024-03-05T19:29:54+00:00\",\"author\":{\"@id\":\"https:\/\/aeronoticias.com.pe\/noticiero\/#\/schema\/person\/16212a617c73f78916b13194154243bd\"},\"description\":\"Portal de noticias del Per\u00fa sobre el transporte a\u00e9reo, aviaci\u00f3n, turismo, hoteleria, actualidad.\",\"breadcrumb\":{\"@id\":\"https:\/\/aeronoticias.com.pe\/noticiero\/transporte-aereo\/internacional\/lograra-el-sector-aereo-en-america-latina-estabilidad-en-2024-moodys\/#breadcrumb\"},\"inLanguage\":\"es\",\"potentialAction\":[{\"@type\":\"ReadAction\",\"target\":[\"https:\/\/aeronoticias.com.pe\/noticiero\/transporte-aereo\/internacional\/lograra-el-sector-aereo-en-america-latina-estabilidad-en-2024-moodys\/\"]}]},{\"@type\":\"ImageObject\",\"inLanguage\":\"es\",\"@id\":\"https:\/\/aeronoticias.com.pe\/noticiero\/transporte-aereo\/internacional\/lograra-el-sector-aereo-en-america-latina-estabilidad-en-2024-moodys\/#primaryimage\",\"url\":\"https:\/\/aeronoticias.com.pe\/noticiero\/wp-content\/uploads\/2024\/03\/MOO.jpg\",\"contentUrl\":\"https:\/\/aeronoticias.com.pe\/noticiero\/wp-content\/uploads\/2024\/03\/MOO.jpg\",\"width\":1200,\"height\":900},{\"@type\":\"BreadcrumbList\",\"@id\":\"https:\/\/aeronoticias.com.pe\/noticiero\/transporte-aereo\/internacional\/lograra-el-sector-aereo-en-america-latina-estabilidad-en-2024-moodys\/#breadcrumb\",\"itemListElement\":[{\"@type\":\"ListItem\",\"position\":1,\"name\":\"Portada\",\"item\":\"https:\/\/aeronoticias.com.pe\/noticiero\/\"},{\"@type\":\"ListItem\",\"position\":2,\"name\":\"Lograr\u00e1 el sector a\u00e9reo en Am\u00e9rica Latina estabilidad en 2024: Moody&#8217;s\"}]},{\"@type\":\"WebSite\",\"@id\":\"https:\/\/aeronoticias.com.pe\/noticiero\/#website\",\"url\":\"https:\/\/aeronoticias.com.pe\/noticiero\/\",\"name\":\"Aeronoticias.com.pe\",\"description\":\"Noticias de tranporte aereo, turismo, hoteles, gastronomia, actualidad, internacional\",\"potentialAction\":[{\"@type\":\"SearchAction\",\"target\":{\"@type\":\"EntryPoint\",\"urlTemplate\":\"https:\/\/aeronoticias.com.pe\/noticiero\/?s={search_term_string}\"},\"query-input\":{\"@type\":\"PropertyValueSpecification\",\"valueRequired\":true,\"valueName\":\"search_term_string\"}}],\"inLanguage\":\"es\"},{\"@type\":\"Person\",\"@id\":\"https:\/\/aeronoticias.com.pe\/noticiero\/#\/schema\/person\/16212a617c73f78916b13194154243bd\",\"name\":\"Redacci\u00f3n\",\"sameAs\":[\"http:\/\/Redacci\u00f3n\"],\"url\":\"https:\/\/aeronoticias.com.pe\/noticiero\/author\/celeste\/\"}]}<\/script>\n<!-- \/ Yoast SEO plugin. -->","yoast_head_json":{"title":"Lograr\u00e1 el sector a\u00e9reo en Am\u00e9rica Latina estabilidad en 2024: Moody's","description":"Portal de noticias del Per\u00fa sobre el transporte a\u00e9reo, aviaci\u00f3n, turismo, hoteleria, actualidad.","robots":{"index":"index","follow":"follow","max-snippet":"max-snippet:-1","max-image-preview":"max-image-preview:large","max-video-preview":"max-video-preview:-1"},"canonical":"https:\/\/aeronoticias.com.pe\/noticiero\/transporte-aereo\/internacional\/lograra-el-sector-aereo-en-america-latina-estabilidad-en-2024-moodys\/","og_locale":"es_ES","og_type":"article","og_title":"Lograr\u00e1 el sector a\u00e9reo en Am\u00e9rica Latina estabilidad en 2024: Moody's","og_description":"Portal de noticias del Per\u00fa sobre el transporte a\u00e9reo, aviaci\u00f3n, turismo, hoteleria, actualidad.","og_url":"https:\/\/aeronoticias.com.pe\/noticiero\/transporte-aereo\/internacional\/lograra-el-sector-aereo-en-america-latina-estabilidad-en-2024-moodys\/","og_site_name":"Aeronoticias.com.pe","article_publisher":"https:\/\/www.facebook.com\/Aeronoticias.com.pe\/","article_published_time":"2024-03-05T19:29:43+00:00","article_modified_time":"2024-03-05T19:29:54+00:00","og_image":[{"width":1200,"height":900,"url":"https:\/\/aeronoticias.com.pe\/noticiero\/wp-content\/uploads\/2024\/03\/MOO.jpg","type":"image\/jpeg"}],"author":"Redacci\u00f3n","twitter_card":"summary_large_image","twitter_creator":"@aeronoticias","twitter_site":"@aeronoticias","twitter_misc":{"Escrito por":"Redacci\u00f3n","Tiempo de lectura":"3 minutos"},"schema":{"@context":"https:\/\/schema.org","@graph":[{"@type":"WebPage","@id":"https:\/\/aeronoticias.com.pe\/noticiero\/transporte-aereo\/internacional\/lograra-el-sector-aereo-en-america-latina-estabilidad-en-2024-moodys\/","url":"https:\/\/aeronoticias.com.pe\/noticiero\/transporte-aereo\/internacional\/lograra-el-sector-aereo-en-america-latina-estabilidad-en-2024-moodys\/","name":"Lograr\u00e1 el sector a\u00e9reo en Am\u00e9rica Latina estabilidad en 2024: Moody's","isPartOf":{"@id":"https:\/\/aeronoticias.com.pe\/noticiero\/#website"},"primaryImageOfPage":{"@id":"https:\/\/aeronoticias.com.pe\/noticiero\/transporte-aereo\/internacional\/lograra-el-sector-aereo-en-america-latina-estabilidad-en-2024-moodys\/#primaryimage"},"image":{"@id":"https:\/\/aeronoticias.com.pe\/noticiero\/transporte-aereo\/internacional\/lograra-el-sector-aereo-en-america-latina-estabilidad-en-2024-moodys\/#primaryimage"},"thumbnailUrl":"https:\/\/aeronoticias.com.pe\/noticiero\/wp-content\/uploads\/2024\/03\/MOO.jpg","datePublished":"2024-03-05T19:29:43+00:00","dateModified":"2024-03-05T19:29:54+00:00","author":{"@id":"https:\/\/aeronoticias.com.pe\/noticiero\/#\/schema\/person\/16212a617c73f78916b13194154243bd"},"description":"Portal de noticias del Per\u00fa sobre el transporte a\u00e9reo, aviaci\u00f3n, turismo, hoteleria, actualidad.","breadcrumb":{"@id":"https:\/\/aeronoticias.com.pe\/noticiero\/transporte-aereo\/internacional\/lograra-el-sector-aereo-en-america-latina-estabilidad-en-2024-moodys\/#breadcrumb"},"inLanguage":"es","potentialAction":[{"@type":"ReadAction","target":["https:\/\/aeronoticias.com.pe\/noticiero\/transporte-aereo\/internacional\/lograra-el-sector-aereo-en-america-latina-estabilidad-en-2024-moodys\/"]}]},{"@type":"ImageObject","inLanguage":"es","@id":"https:\/\/aeronoticias.com.pe\/noticiero\/transporte-aereo\/internacional\/lograra-el-sector-aereo-en-america-latina-estabilidad-en-2024-moodys\/#primaryimage","url":"https:\/\/aeronoticias.com.pe\/noticiero\/wp-content\/uploads\/2024\/03\/MOO.jpg","contentUrl":"https:\/\/aeronoticias.com.pe\/noticiero\/wp-content\/uploads\/2024\/03\/MOO.jpg","width":1200,"height":900},{"@type":"BreadcrumbList","@id":"https:\/\/aeronoticias.com.pe\/noticiero\/transporte-aereo\/internacional\/lograra-el-sector-aereo-en-america-latina-estabilidad-en-2024-moodys\/#breadcrumb","itemListElement":[{"@type":"ListItem","position":1,"name":"Portada","item":"https:\/\/aeronoticias.com.pe\/noticiero\/"},{"@type":"ListItem","position":2,"name":"Lograr\u00e1 el sector a\u00e9reo en Am\u00e9rica Latina estabilidad en 2024: Moody&#8217;s"}]},{"@type":"WebSite","@id":"https:\/\/aeronoticias.com.pe\/noticiero\/#website","url":"https:\/\/aeronoticias.com.pe\/noticiero\/","name":"Aeronoticias.com.pe","description":"Noticias de tranporte aereo, turismo, hoteles, gastronomia, actualidad, internacional","potentialAction":[{"@type":"SearchAction","target":{"@type":"EntryPoint","urlTemplate":"https:\/\/aeronoticias.com.pe\/noticiero\/?s={search_term_string}"},"query-input":{"@type":"PropertyValueSpecification","valueRequired":true,"valueName":"search_term_string"}}],"inLanguage":"es"},{"@type":"Person","@id":"https:\/\/aeronoticias.com.pe\/noticiero\/#\/schema\/person\/16212a617c73f78916b13194154243bd","name":"Redacci\u00f3n","sameAs":["http:\/\/Redacci\u00f3n"],"url":"https:\/\/aeronoticias.com.pe\/noticiero\/author\/celeste\/"}]}},"_links":{"self":[{"href":"https:\/\/aeronoticias.com.pe\/noticiero\/wp-json\/wp\/v2\/posts\/89581","targetHints":{"allow":["GET"]}}],"collection":[{"href":"https:\/\/aeronoticias.com.pe\/noticiero\/wp-json\/wp\/v2\/posts"}],"about":[{"href":"https:\/\/aeronoticias.com.pe\/noticiero\/wp-json\/wp\/v2\/types\/post"}],"author":[{"embeddable":true,"href":"https:\/\/aeronoticias.com.pe\/noticiero\/wp-json\/wp\/v2\/users\/3"}],"replies":[{"embeddable":true,"href":"https:\/\/aeronoticias.com.pe\/noticiero\/wp-json\/wp\/v2\/comments?post=89581"}],"version-history":[{"count":0,"href":"https:\/\/aeronoticias.com.pe\/noticiero\/wp-json\/wp\/v2\/posts\/89581\/revisions"}],"wp:featuredmedia":[{"embeddable":true,"href":"https:\/\/aeronoticias.com.pe\/noticiero\/wp-json\/wp\/v2\/media\/89582"}],"wp:attachment":[{"href":"https:\/\/aeronoticias.com.pe\/noticiero\/wp-json\/wp\/v2\/media?parent=89581"}],"wp:term":[{"taxonomy":"category","embeddable":true,"href":"https:\/\/aeronoticias.com.pe\/noticiero\/wp-json\/wp\/v2\/categories?post=89581"},{"taxonomy":"post_tag","embeddable":true,"href":"https:\/\/aeronoticias.com.pe\/noticiero\/wp-json\/wp\/v2\/tags?post=89581"}],"curies":[{"name":"wp","href":"https:\/\/api.w.org\/{rel}","templated":true}]}}