{"id":89585,"date":"2024-03-06T11:12:24","date_gmt":"2024-03-06T16:12:24","guid":{"rendered":"https:\/\/aeronoticias.com.pe\/noticiero\/?p=89585"},"modified":"2024-03-06T11:12:36","modified_gmt":"2024-03-06T16:12:36","slug":"emirates-e-ita-airways-firman-un-memorando-de-entendimiento-para-acuerdo-en-codigo-compartido","status":"publish","type":"post","link":"https:\/\/aeronoticias.com.pe\/noticiero\/transporte-aereo\/emirates-e-ita-airways-firman-un-memorando-de-entendimiento-para-acuerdo-en-codigo-compartido\/","title":{"rendered":"Emirates e ITA Airways firman un Memorando de Entendimiento para acuerdo en c\u00f3digo compartido"},"content":{"rendered":"\n<p><strong>(Aeronoticias)<\/strong>: <strong><a href=\"https:\/\/aviacionaldia.com\/emirates\">Emirates<\/a>\u00a0<\/strong>e<strong>\u00a0<a href=\"https:\/\/belfrycaptured.com\/fzfevaru?key=3cd18158490479e9d65844d9749eb296\" target=\"_blank\" rel=\"noreferrer noopener\">ITA Airways<\/a>\u00a0<\/strong>han firmado este mi\u00e9rcoles un Memorando de Entendimiento (MoU) para la ampliaci\u00f3n de su actual alianza interl\u00ednea a una asociaci\u00f3n de c\u00f3digo compartido. Una vez activado, el c\u00f3digo compartido aumentar\u00e1 las opciones de viaje y de conexi\u00f3n para los clientes que viajen entre Dubai, Italia y m\u00e1s all\u00e1.<\/p>\n\n\n\n<p>El MoU firmado sentar\u00e1 las bases para reforzar la asociaci\u00f3n entre ambas aerol\u00edneas, creando conexiones con una sola escala a ciudades de Italia y de toda Europa con ITA Airways, y abriendo viajes m\u00e1s sencillos y r\u00e1pidos a la red de Emirates desde Dubai con las mejores rutas, horarios y conexiones.<ins><\/ins><\/p>\n\n\n\n<p>\u00abLa estrecha colaboraci\u00f3n con ITA Airways reforzar\u00e1 nuestra presencia en interesantes ciudades de Italia y en puntos clave de Europa. Esperamos activar plenamente nuestra asociaci\u00f3n con ITA Airways en los pr\u00f3ximos meses y proporcionar un acceso sin igual a nuestras dos redes en crecimiento\u00bb, coment\u00f3 Adnan Kazim, Presidente Adjunto y Director Comercial de Emirates Airline.<\/p>\n\n\n\n<p>\u00abNos complace firmar hoy este acuerdo de c\u00f3digo compartido con Emirates. Este MoU refuerza a\u00fan m\u00e1s la estrategia comercial de crecimiento de ITA Airways y abre una ruta de acceso privilegiada a todos los pasajeros que se beneficiar\u00e1n de la conectividad v\u00eda Roma Fiumicino y Dubai\u00bb, dijo Antonino Turicchi, Presidente de ITA Airways.<\/p>\n\n\n\n<p><strong><em><a href=\"https:\/\/aviacionaldia.com\/2024\/01\/emirates-lanza-una-lujosa-ropa-de-descanso-para-la-clase-business.html\">Emirates lanza una lujosa ropa de descanso para la clase Business<\/a><\/em><\/strong><\/p>\n\n\n\n<p>En virtud del c\u00f3digo compartido previsto, los clientes de Emirates podr\u00e1n viajar sin problemas a varias ciudades de Italia desde Roma, incluidos destinos tur\u00edsticos populares como Florencia, G\u00e9nova, Palermo y Trieste, entre otros. Tambi\u00e9n podr\u00e1n conectar con ciudades de toda Europa, como Tirana, Sof\u00eda y entre otras.<ins><\/ins><\/p>\n\n\n\n<p>Por su parte, los clientes de ITA Airways se beneficiar\u00e1n de opciones significativamente mejoradas al conectar con la red de rutas de Emirates desde Dubai a trav\u00e9s de los servicios de la aerol\u00ednea en Roma.<\/p>\n\n\n\n<p>La conectividad proporcionada entre Emirates e ITA Airways ofrecer\u00e1 con el tiempo la emisi\u00f3n combinada de billetes y transferencias de equipaje sin interrupciones. El acuerdo previsto tambi\u00e9n apoyar\u00e1 las visitas entrantes a puntos italianos desde regiones de toda la red de Emirates, incluyendo Australia, Extremo Oriente, Oriente Medio\/CCG y Asia Occidental.<\/p>\n\n\n\n<p>El Memorando de Entendimiento tambi\u00e9n pretende establecer la ampliaci\u00f3n de los beneficios rec\u00edprocos de fidelidad en los programas de viajero frecuente de ambas aerol\u00edneas en una fase posterior.<\/p>\n\n\n\n<p>Una vez obtenidas las autorizaciones gubernamentales y reglamentarias necesarias, los vuelos de c\u00f3digo compartido se pondr\u00e1n progresivamente a disposici\u00f3n de los clientes a trav\u00e9s de plataformas en l\u00ednea y de agencias de viajes.<ins><\/ins><\/p>\n\n\n\n<p>Emirates vuela a Italia desde 1992. En la actualidad, la aerol\u00ednea opera 41 vuelos semanales entre Dubai y sus cuatro destinos en Italia: Roma, Mil\u00e1n, Venecia y Bolonia.<\/p>\n\n\n\n<p><strong>Fuente: aviacionaldia.com<\/strong><\/p>\n","protected":false},"excerpt":{"rendered":"<p>(Aeronoticias): Emirates\u00a0e\u00a0ITA Airways\u00a0han firmado este mi\u00e9rcoles un Memorando de Entendimiento (MoU) para la ampliaci\u00f3n de su actual alianza interl\u00ednea a una asociaci\u00f3n de c\u00f3digo compartido. Una vez activado, el c\u00f3digo compartido aumentar\u00e1 las opciones de viaje y de conexi\u00f3n para los clientes que viajen entre Dubai, Italia y m\u00e1s all\u00e1. El MoU firmado sentar\u00e1 las [&hellip;]<\/p>\n","protected":false},"author":3,"featured_media":89586,"comment_status":"open","ping_status":"open","sticky":false,"template":"","format":"standard","meta":{"tdm_status":"","tdm_grid_status":"","footnotes":""},"categories":[32,11],"tags":[4293,1616],"class_list":{"0":"post-89585","1":"post","2":"type-post","3":"status-publish","4":"format-standard","5":"has-post-thumbnail","7":"category-internacional","8":"category-transporte-aereo","9":"tag-codigo-compartido-2","10":"tag-ita-airways"},"yoast_head":"<!-- This site is optimized with the Yoast SEO plugin v25.1 - https:\/\/yoast.com\/wordpress\/plugins\/seo\/ -->\n<title>Emirates e ITA Airways firman un Memorando de Entendimiento para acuerdo en c\u00f3digo compartido<\/title>\n<meta name=\"description\" content=\"Portal de noticias del Per\u00fa sobre el transporte a\u00e9reo, aviaci\u00f3n, turismo, hoteleria, actualidad.\" \/>\n<meta name=\"robots\" content=\"index, follow, max-snippet:-1, max-image-preview:large, max-video-preview:-1\" \/>\n<link rel=\"canonical\" href=\"https:\/\/aeronoticias.com.pe\/noticiero\/transporte-aereo\/emirates-e-ita-airways-firman-un-memorando-de-entendimiento-para-acuerdo-en-codigo-compartido\/\" \/>\n<meta property=\"og:locale\" content=\"es_ES\" \/>\n<meta property=\"og:type\" content=\"article\" \/>\n<meta property=\"og:title\" content=\"Emirates e ITA Airways firman un Memorando de Entendimiento para acuerdo en c\u00f3digo compartido\" \/>\n<meta property=\"og:description\" content=\"Portal de noticias del Per\u00fa sobre el transporte a\u00e9reo, aviaci\u00f3n, turismo, hoteleria, actualidad.\" \/>\n<meta property=\"og:url\" content=\"https:\/\/aeronoticias.com.pe\/noticiero\/transporte-aereo\/emirates-e-ita-airways-firman-un-memorando-de-entendimiento-para-acuerdo-en-codigo-compartido\/\" \/>\n<meta property=\"og:site_name\" content=\"Aeronoticias.com.pe\" \/>\n<meta property=\"article:publisher\" content=\"https:\/\/www.facebook.com\/Aeronoticias.com.pe\/\" \/>\n<meta property=\"article:published_time\" content=\"2024-03-06T16:12:24+00:00\" \/>\n<meta property=\"article:modified_time\" content=\"2024-03-06T16:12:36+00:00\" \/>\n<meta property=\"og:image\" content=\"https:\/\/aeronoticias.com.pe\/noticiero\/wp-content\/uploads\/2024\/03\/emi.jpg\" \/>\n\t<meta property=\"og:image:width\" content=\"800\" \/>\n\t<meta property=\"og:image:height\" content=\"400\" \/>\n\t<meta property=\"og:image:type\" content=\"image\/jpeg\" \/>\n<meta name=\"author\" content=\"Redacci\u00f3n\" \/>\n<meta name=\"twitter:card\" content=\"summary_large_image\" \/>\n<meta name=\"twitter:creator\" content=\"@aeronoticias\" \/>\n<meta name=\"twitter:site\" content=\"@aeronoticias\" \/>\n<meta name=\"twitter:label1\" content=\"Escrito por\" \/>\n\t<meta name=\"twitter:data1\" content=\"Redacci\u00f3n\" \/>\n\t<meta name=\"twitter:label2\" content=\"Tiempo de lectura\" \/>\n\t<meta name=\"twitter:data2\" content=\"2 minutos\" \/>\n<script type=\"application\/ld+json\" class=\"yoast-schema-graph\">{\"@context\":\"https:\/\/schema.org\",\"@graph\":[{\"@type\":\"WebPage\",\"@id\":\"https:\/\/aeronoticias.com.pe\/noticiero\/transporte-aereo\/emirates-e-ita-airways-firman-un-memorando-de-entendimiento-para-acuerdo-en-codigo-compartido\/\",\"url\":\"https:\/\/aeronoticias.com.pe\/noticiero\/transporte-aereo\/emirates-e-ita-airways-firman-un-memorando-de-entendimiento-para-acuerdo-en-codigo-compartido\/\",\"name\":\"Emirates e ITA Airways firman un Memorando de Entendimiento para acuerdo en c\u00f3digo compartido\",\"isPartOf\":{\"@id\":\"https:\/\/aeronoticias.com.pe\/noticiero\/#website\"},\"primaryImageOfPage\":{\"@id\":\"https:\/\/aeronoticias.com.pe\/noticiero\/transporte-aereo\/emirates-e-ita-airways-firman-un-memorando-de-entendimiento-para-acuerdo-en-codigo-compartido\/#primaryimage\"},\"image\":{\"@id\":\"https:\/\/aeronoticias.com.pe\/noticiero\/transporte-aereo\/emirates-e-ita-airways-firman-un-memorando-de-entendimiento-para-acuerdo-en-codigo-compartido\/#primaryimage\"},\"thumbnailUrl\":\"https:\/\/aeronoticias.com.pe\/noticiero\/wp-content\/uploads\/2024\/03\/emi.jpg\",\"datePublished\":\"2024-03-06T16:12:24+00:00\",\"dateModified\":\"2024-03-06T16:12:36+00:00\",\"author\":{\"@id\":\"https:\/\/aeronoticias.com.pe\/noticiero\/#\/schema\/person\/16212a617c73f78916b13194154243bd\"},\"description\":\"Portal de noticias del Per\u00fa sobre el transporte a\u00e9reo, aviaci\u00f3n, turismo, hoteleria, actualidad.\",\"breadcrumb\":{\"@id\":\"https:\/\/aeronoticias.com.pe\/noticiero\/transporte-aereo\/emirates-e-ita-airways-firman-un-memorando-de-entendimiento-para-acuerdo-en-codigo-compartido\/#breadcrumb\"},\"inLanguage\":\"es\",\"potentialAction\":[{\"@type\":\"ReadAction\",\"target\":[\"https:\/\/aeronoticias.com.pe\/noticiero\/transporte-aereo\/emirates-e-ita-airways-firman-un-memorando-de-entendimiento-para-acuerdo-en-codigo-compartido\/\"]}]},{\"@type\":\"ImageObject\",\"inLanguage\":\"es\",\"@id\":\"https:\/\/aeronoticias.com.pe\/noticiero\/transporte-aereo\/emirates-e-ita-airways-firman-un-memorando-de-entendimiento-para-acuerdo-en-codigo-compartido\/#primaryimage\",\"url\":\"https:\/\/aeronoticias.com.pe\/noticiero\/wp-content\/uploads\/2024\/03\/emi.jpg\",\"contentUrl\":\"https:\/\/aeronoticias.com.pe\/noticiero\/wp-content\/uploads\/2024\/03\/emi.jpg\",\"width\":800,\"height\":400},{\"@type\":\"BreadcrumbList\",\"@id\":\"https:\/\/aeronoticias.com.pe\/noticiero\/transporte-aereo\/emirates-e-ita-airways-firman-un-memorando-de-entendimiento-para-acuerdo-en-codigo-compartido\/#breadcrumb\",\"itemListElement\":[{\"@type\":\"ListItem\",\"position\":1,\"name\":\"Portada\",\"item\":\"https:\/\/aeronoticias.com.pe\/noticiero\/\"},{\"@type\":\"ListItem\",\"position\":2,\"name\":\"Emirates e ITA Airways firman un Memorando de Entendimiento para acuerdo en c\u00f3digo compartido\"}]},{\"@type\":\"WebSite\",\"@id\":\"https:\/\/aeronoticias.com.pe\/noticiero\/#website\",\"url\":\"https:\/\/aeronoticias.com.pe\/noticiero\/\",\"name\":\"Aeronoticias.com.pe\",\"description\":\"Noticias de tranporte aereo, turismo, hoteles, gastronomia, actualidad, internacional\",\"potentialAction\":[{\"@type\":\"SearchAction\",\"target\":{\"@type\":\"EntryPoint\",\"urlTemplate\":\"https:\/\/aeronoticias.com.pe\/noticiero\/?s={search_term_string}\"},\"query-input\":{\"@type\":\"PropertyValueSpecification\",\"valueRequired\":true,\"valueName\":\"search_term_string\"}}],\"inLanguage\":\"es\"},{\"@type\":\"Person\",\"@id\":\"https:\/\/aeronoticias.com.pe\/noticiero\/#\/schema\/person\/16212a617c73f78916b13194154243bd\",\"name\":\"Redacci\u00f3n\",\"sameAs\":[\"http:\/\/Redacci\u00f3n\"],\"url\":\"https:\/\/aeronoticias.com.pe\/noticiero\/author\/celeste\/\"}]}<\/script>\n<!-- \/ Yoast SEO plugin. -->","yoast_head_json":{"title":"Emirates e ITA Airways firman un Memorando de Entendimiento para acuerdo en c\u00f3digo compartido","description":"Portal de noticias del Per\u00fa sobre el transporte a\u00e9reo, aviaci\u00f3n, turismo, hoteleria, actualidad.","robots":{"index":"index","follow":"follow","max-snippet":"max-snippet:-1","max-image-preview":"max-image-preview:large","max-video-preview":"max-video-preview:-1"},"canonical":"https:\/\/aeronoticias.com.pe\/noticiero\/transporte-aereo\/emirates-e-ita-airways-firman-un-memorando-de-entendimiento-para-acuerdo-en-codigo-compartido\/","og_locale":"es_ES","og_type":"article","og_title":"Emirates e ITA Airways firman un Memorando de Entendimiento para acuerdo en c\u00f3digo compartido","og_description":"Portal de noticias del Per\u00fa sobre el transporte a\u00e9reo, aviaci\u00f3n, turismo, hoteleria, actualidad.","og_url":"https:\/\/aeronoticias.com.pe\/noticiero\/transporte-aereo\/emirates-e-ita-airways-firman-un-memorando-de-entendimiento-para-acuerdo-en-codigo-compartido\/","og_site_name":"Aeronoticias.com.pe","article_publisher":"https:\/\/www.facebook.com\/Aeronoticias.com.pe\/","article_published_time":"2024-03-06T16:12:24+00:00","article_modified_time":"2024-03-06T16:12:36+00:00","og_image":[{"width":800,"height":400,"url":"https:\/\/aeronoticias.com.pe\/noticiero\/wp-content\/uploads\/2024\/03\/emi.jpg","type":"image\/jpeg"}],"author":"Redacci\u00f3n","twitter_card":"summary_large_image","twitter_creator":"@aeronoticias","twitter_site":"@aeronoticias","twitter_misc":{"Escrito por":"Redacci\u00f3n","Tiempo de lectura":"2 minutos"},"schema":{"@context":"https:\/\/schema.org","@graph":[{"@type":"WebPage","@id":"https:\/\/aeronoticias.com.pe\/noticiero\/transporte-aereo\/emirates-e-ita-airways-firman-un-memorando-de-entendimiento-para-acuerdo-en-codigo-compartido\/","url":"https:\/\/aeronoticias.com.pe\/noticiero\/transporte-aereo\/emirates-e-ita-airways-firman-un-memorando-de-entendimiento-para-acuerdo-en-codigo-compartido\/","name":"Emirates e ITA Airways firman un Memorando de Entendimiento para acuerdo en c\u00f3digo compartido","isPartOf":{"@id":"https:\/\/aeronoticias.com.pe\/noticiero\/#website"},"primaryImageOfPage":{"@id":"https:\/\/aeronoticias.com.pe\/noticiero\/transporte-aereo\/emirates-e-ita-airways-firman-un-memorando-de-entendimiento-para-acuerdo-en-codigo-compartido\/#primaryimage"},"image":{"@id":"https:\/\/aeronoticias.com.pe\/noticiero\/transporte-aereo\/emirates-e-ita-airways-firman-un-memorando-de-entendimiento-para-acuerdo-en-codigo-compartido\/#primaryimage"},"thumbnailUrl":"https:\/\/aeronoticias.com.pe\/noticiero\/wp-content\/uploads\/2024\/03\/emi.jpg","datePublished":"2024-03-06T16:12:24+00:00","dateModified":"2024-03-06T16:12:36+00:00","author":{"@id":"https:\/\/aeronoticias.com.pe\/noticiero\/#\/schema\/person\/16212a617c73f78916b13194154243bd"},"description":"Portal de noticias del Per\u00fa sobre el transporte a\u00e9reo, aviaci\u00f3n, turismo, hoteleria, actualidad.","breadcrumb":{"@id":"https:\/\/aeronoticias.com.pe\/noticiero\/transporte-aereo\/emirates-e-ita-airways-firman-un-memorando-de-entendimiento-para-acuerdo-en-codigo-compartido\/#breadcrumb"},"inLanguage":"es","potentialAction":[{"@type":"ReadAction","target":["https:\/\/aeronoticias.com.pe\/noticiero\/transporte-aereo\/emirates-e-ita-airways-firman-un-memorando-de-entendimiento-para-acuerdo-en-codigo-compartido\/"]}]},{"@type":"ImageObject","inLanguage":"es","@id":"https:\/\/aeronoticias.com.pe\/noticiero\/transporte-aereo\/emirates-e-ita-airways-firman-un-memorando-de-entendimiento-para-acuerdo-en-codigo-compartido\/#primaryimage","url":"https:\/\/aeronoticias.com.pe\/noticiero\/wp-content\/uploads\/2024\/03\/emi.jpg","contentUrl":"https:\/\/aeronoticias.com.pe\/noticiero\/wp-content\/uploads\/2024\/03\/emi.jpg","width":800,"height":400},{"@type":"BreadcrumbList","@id":"https:\/\/aeronoticias.com.pe\/noticiero\/transporte-aereo\/emirates-e-ita-airways-firman-un-memorando-de-entendimiento-para-acuerdo-en-codigo-compartido\/#breadcrumb","itemListElement":[{"@type":"ListItem","position":1,"name":"Portada","item":"https:\/\/aeronoticias.com.pe\/noticiero\/"},{"@type":"ListItem","position":2,"name":"Emirates e ITA Airways firman un Memorando de Entendimiento para acuerdo en c\u00f3digo compartido"}]},{"@type":"WebSite","@id":"https:\/\/aeronoticias.com.pe\/noticiero\/#website","url":"https:\/\/aeronoticias.com.pe\/noticiero\/","name":"Aeronoticias.com.pe","description":"Noticias de tranporte aereo, turismo, hoteles, gastronomia, actualidad, internacional","potentialAction":[{"@type":"SearchAction","target":{"@type":"EntryPoint","urlTemplate":"https:\/\/aeronoticias.com.pe\/noticiero\/?s={search_term_string}"},"query-input":{"@type":"PropertyValueSpecification","valueRequired":true,"valueName":"search_term_string"}}],"inLanguage":"es"},{"@type":"Person","@id":"https:\/\/aeronoticias.com.pe\/noticiero\/#\/schema\/person\/16212a617c73f78916b13194154243bd","name":"Redacci\u00f3n","sameAs":["http:\/\/Redacci\u00f3n"],"url":"https:\/\/aeronoticias.com.pe\/noticiero\/author\/celeste\/"}]}},"_links":{"self":[{"href":"https:\/\/aeronoticias.com.pe\/noticiero\/wp-json\/wp\/v2\/posts\/89585","targetHints":{"allow":["GET"]}}],"collection":[{"href":"https:\/\/aeronoticias.com.pe\/noticiero\/wp-json\/wp\/v2\/posts"}],"about":[{"href":"https:\/\/aeronoticias.com.pe\/noticiero\/wp-json\/wp\/v2\/types\/post"}],"author":[{"embeddable":true,"href":"https:\/\/aeronoticias.com.pe\/noticiero\/wp-json\/wp\/v2\/users\/3"}],"replies":[{"embeddable":true,"href":"https:\/\/aeronoticias.com.pe\/noticiero\/wp-json\/wp\/v2\/comments?post=89585"}],"version-history":[{"count":0,"href":"https:\/\/aeronoticias.com.pe\/noticiero\/wp-json\/wp\/v2\/posts\/89585\/revisions"}],"wp:featuredmedia":[{"embeddable":true,"href":"https:\/\/aeronoticias.com.pe\/noticiero\/wp-json\/wp\/v2\/media\/89586"}],"wp:attachment":[{"href":"https:\/\/aeronoticias.com.pe\/noticiero\/wp-json\/wp\/v2\/media?parent=89585"}],"wp:term":[{"taxonomy":"category","embeddable":true,"href":"https:\/\/aeronoticias.com.pe\/noticiero\/wp-json\/wp\/v2\/categories?post=89585"},{"taxonomy":"post_tag","embeddable":true,"href":"https:\/\/aeronoticias.com.pe\/noticiero\/wp-json\/wp\/v2\/tags?post=89585"}],"curies":[{"name":"wp","href":"https:\/\/api.w.org\/{rel}","templated":true}]}}