{"id":89588,"date":"2024-03-06T11:18:19","date_gmt":"2024-03-06T16:18:19","guid":{"rendered":"https:\/\/aeronoticias.com.pe\/noticiero\/?p=89588"},"modified":"2024-03-06T11:18:25","modified_gmt":"2024-03-06T16:18:25","slug":"peru-se-prepara-para-presentar-su-potencial-turistico-en-itb-berlin-2024","status":"publish","type":"post","link":"https:\/\/aeronoticias.com.pe\/noticiero\/mundo\/mundo-mundo-2\/peru-se-prepara-para-presentar-su-potencial-turistico-en-itb-berlin-2024\/","title":{"rendered":"Per\u00fa se prepara para presentar su potencial tur\u00edstico en ITB Berl\u00edn 2024"},"content":{"rendered":"\n<p><strong>(Aeronoticias)<\/strong>: La Comisi\u00f3n de Promoci\u00f3n del Per\u00fa para la Exportaci\u00f3n y el Turismo (PROMPER\u00da), junto a 25 empresas del sector tur\u00edstico peruano, presentar\u00e1 la diversa oferta tur\u00edstica de nuestro pa\u00eds en la feria internacional de turismo ITB, que se realizar\u00e1 del 5 al 7 de marzo en la ciudad de Berl\u00edn (Alemania).\u00a0<\/p>\n\n\n\n<p>La Internationale Tourismus Boerse es una de las ferias de turismo m\u00e1s importantes a nivel mundial y su edici\u00f3n del 2024 ofrece la oportunidad de posicionar al Per\u00fa como un destino con una amplia oferta en los segmentos de naturaleza, aventura, cultura y gastronom\u00eda. <\/p>\n\n\n\n<p>Adem\u00e1s, se busca hacer \u00e9nfasis en la sostenibilidad y las experiencias de Turismo Comunitario que se pueden realizar a lo largo del pa\u00eds.\u00a0Per\u00fa, con un stand de 300 m2, mostrar\u00e1 en la ITB Berl\u00edn 2024 la diversidad natural y cultural de la costa, sierra y amazon\u00eda. <\/p>\n\n\n\n<p>Los visitantes de la feria podr\u00e1n sumergirse en la cultura \u00fanica de Per\u00fa, degustar caf\u00e9 y pisco peruanos, y descubrir atractivos del norte como el Se\u00f1or de Sip\u00e1n. Asimismo, cuatro lugares emblem\u00e1ticos de nuestro pa\u00eds &#8211; las L\u00edneas de Nasca, la Ciudadela de Ku\u00e9lap, Machupicchu y el Ca\u00f1\u00f3n del Colca &#8211; cobrar\u00e1n vida con la ayuda de la realidad virtual.\u00a0Durante el segundo d\u00eda de feria se presentar\u00e1 oficialmente la campa\u00f1a internacional \u201cPer\u00fa Wow\u201d en el mercado alem\u00e1n. Para ello, se realizar\u00e1 un Pisco de Honor, donde los asistentes podr\u00e1n conocer informaci\u00f3n interesante sobre la campa\u00f1a, novedades de nuestro pa\u00eds y degustar delicias t\u00edpicas peruanas.\u00a0<\/p>\n\n\n\n<p>Con la participaci\u00f3n en la ITB Berl\u00edn 2024, se busca iniciar un exitoso a\u00f1o tur\u00edstico, tras una fase de recuperaci\u00f3n en 2023, en la que se espera superar los r\u00e9cords de visitantes de a\u00f1os anteriores. <\/p>\n\n\n\n<p>La presencia de Per\u00fa en la feria destaca el compromiso con la promoci\u00f3n tur\u00edstica y la relevancia del evento como espacio clave para reforzar el posicionamiento del pa\u00eds a nivel internacional.\u00a0Fortalecer la imagen positiva del Per\u00fa en el extranjero es vital para impulsar el flujo de turistas hacia nuestro pa\u00eds. El turismo receptivo tiene un rol clave en la econom\u00eda peruana, ya que genera un impacto econ\u00f3mico positivo en todos los niveles de la industria tur\u00edstica. <\/p>\n\n\n\n<p>Este aporte econ\u00f3mico no solo se extiende a los actores directos del sector, sino que tambi\u00e9n beneficia a las comunidades locales, lo cual contribuye a un desarrollo m\u00e1s equitativo y sostenible en todo el pa\u00eds.\u00a0<\/p>\n\n\n\n<p><strong>Mercado alem\u00e1n<\/strong><\/p>\n\n\n\n<p>Alemania es el tercer mercado emisor en Europa de turistas hacia el Per\u00fa. Durante el 2023, el Per\u00fa recibi\u00f3 a\u00a0 41 913 turistas alemanes. Seg\u00fan el perfil del turista alem\u00e1n 2019, elaborado por PROMPER\u00da, el gasto promedio es de USD 1 408 durante 19 noches.\u00a0<\/p>\n\n\n\n<p><strong>Fuente: Promperu.pe<\/strong><\/p>\n","protected":false},"excerpt":{"rendered":"<p>(Aeronoticias): La Comisi\u00f3n de Promoci\u00f3n del Per\u00fa para la Exportaci\u00f3n y el Turismo (PROMPER\u00da), junto a 25 empresas del sector tur\u00edstico peruano, presentar\u00e1 la diversa oferta tur\u00edstica de nuestro pa\u00eds en la feria internacional de turismo ITB, que se realizar\u00e1 del 5 al 7 de marzo en la ciudad de Berl\u00edn (Alemania).\u00a0 La Internationale Tourismus [&hellip;]<\/p>\n","protected":false},"author":3,"featured_media":89589,"comment_status":"open","ping_status":"open","sticky":false,"template":"","format":"standard","meta":{"tdm_status":"","tdm_grid_status":"","footnotes":""},"categories":[64,65],"tags":[464,179],"class_list":{"0":"post-89588","1":"post","2":"type-post","3":"status-publish","4":"format-standard","5":"has-post-thumbnail","7":"category-mundo-mundo","8":"category-mundo-mundo-2","9":"tag-alemania","10":"tag-peru-2"},"yoast_head":"<!-- This site is optimized with the Yoast SEO plugin v25.1 - https:\/\/yoast.com\/wordpress\/plugins\/seo\/ -->\n<title>Per\u00fa se prepara para presentar su potencial tur\u00edstico en ITB Berl\u00edn 2024<\/title>\n<meta name=\"description\" content=\"Se tiene como objetivo posicionar al pa\u00eds como un destino tur\u00edstico \u00fanico que ofrece una variada oferta tur\u00edstica de naturaleza, aventura, cultura y gastronom\u00eda.\" \/>\n<meta name=\"robots\" content=\"index, follow, max-snippet:-1, max-image-preview:large, max-video-preview:-1\" \/>\n<link rel=\"canonical\" href=\"https:\/\/aeronoticias.com.pe\/noticiero\/mundo\/mundo-mundo-2\/peru-se-prepara-para-presentar-su-potencial-turistico-en-itb-berlin-2024\/\" \/>\n<meta property=\"og:locale\" content=\"es_ES\" \/>\n<meta property=\"og:type\" content=\"article\" \/>\n<meta property=\"og:title\" content=\"Per\u00fa se prepara para presentar su potencial tur\u00edstico en ITB Berl\u00edn 2024\" \/>\n<meta property=\"og:description\" content=\"Se tiene como objetivo posicionar al pa\u00eds como un destino tur\u00edstico \u00fanico que ofrece una variada oferta tur\u00edstica de naturaleza, aventura, cultura y gastronom\u00eda.\" \/>\n<meta property=\"og:url\" content=\"https:\/\/aeronoticias.com.pe\/noticiero\/mundo\/mundo-mundo-2\/peru-se-prepara-para-presentar-su-potencial-turistico-en-itb-berlin-2024\/\" \/>\n<meta property=\"og:site_name\" content=\"Aeronoticias.com.pe\" \/>\n<meta property=\"article:publisher\" content=\"https:\/\/www.facebook.com\/Aeronoticias.com.pe\/\" \/>\n<meta property=\"article:published_time\" content=\"2024-03-06T16:18:19+00:00\" \/>\n<meta property=\"article:modified_time\" content=\"2024-03-06T16:18:25+00:00\" \/>\n<meta property=\"og:image\" content=\"https:\/\/aeronoticias.com.pe\/noticiero\/wp-content\/uploads\/2024\/03\/berlin.jpg\" \/>\n\t<meta property=\"og:image:width\" content=\"645\" \/>\n\t<meta property=\"og:image:height\" content=\"363\" \/>\n\t<meta property=\"og:image:type\" content=\"image\/jpeg\" \/>\n<meta name=\"author\" content=\"Redacci\u00f3n\" \/>\n<meta name=\"twitter:card\" content=\"summary_large_image\" \/>\n<meta name=\"twitter:creator\" content=\"@aeronoticias\" \/>\n<meta name=\"twitter:site\" content=\"@aeronoticias\" \/>\n<meta name=\"twitter:label1\" content=\"Escrito por\" \/>\n\t<meta name=\"twitter:data1\" content=\"Redacci\u00f3n\" \/>\n\t<meta name=\"twitter:label2\" content=\"Tiempo de lectura\" \/>\n\t<meta name=\"twitter:data2\" content=\"2 minutos\" \/>\n<script type=\"application\/ld+json\" class=\"yoast-schema-graph\">{\"@context\":\"https:\/\/schema.org\",\"@graph\":[{\"@type\":\"WebPage\",\"@id\":\"https:\/\/aeronoticias.com.pe\/noticiero\/mundo\/mundo-mundo-2\/peru-se-prepara-para-presentar-su-potencial-turistico-en-itb-berlin-2024\/\",\"url\":\"https:\/\/aeronoticias.com.pe\/noticiero\/mundo\/mundo-mundo-2\/peru-se-prepara-para-presentar-su-potencial-turistico-en-itb-berlin-2024\/\",\"name\":\"Per\u00fa se prepara para presentar su potencial tur\u00edstico en ITB Berl\u00edn 2024\",\"isPartOf\":{\"@id\":\"https:\/\/aeronoticias.com.pe\/noticiero\/#website\"},\"primaryImageOfPage\":{\"@id\":\"https:\/\/aeronoticias.com.pe\/noticiero\/mundo\/mundo-mundo-2\/peru-se-prepara-para-presentar-su-potencial-turistico-en-itb-berlin-2024\/#primaryimage\"},\"image\":{\"@id\":\"https:\/\/aeronoticias.com.pe\/noticiero\/mundo\/mundo-mundo-2\/peru-se-prepara-para-presentar-su-potencial-turistico-en-itb-berlin-2024\/#primaryimage\"},\"thumbnailUrl\":\"https:\/\/aeronoticias.com.pe\/noticiero\/wp-content\/uploads\/2024\/03\/berlin.jpg\",\"datePublished\":\"2024-03-06T16:18:19+00:00\",\"dateModified\":\"2024-03-06T16:18:25+00:00\",\"author\":{\"@id\":\"https:\/\/aeronoticias.com.pe\/noticiero\/#\/schema\/person\/16212a617c73f78916b13194154243bd\"},\"description\":\"Se tiene como objetivo posicionar al pa\u00eds como un destino tur\u00edstico \u00fanico que ofrece una variada oferta tur\u00edstica de naturaleza, aventura, cultura y gastronom\u00eda.\",\"breadcrumb\":{\"@id\":\"https:\/\/aeronoticias.com.pe\/noticiero\/mundo\/mundo-mundo-2\/peru-se-prepara-para-presentar-su-potencial-turistico-en-itb-berlin-2024\/#breadcrumb\"},\"inLanguage\":\"es\",\"potentialAction\":[{\"@type\":\"ReadAction\",\"target\":[\"https:\/\/aeronoticias.com.pe\/noticiero\/mundo\/mundo-mundo-2\/peru-se-prepara-para-presentar-su-potencial-turistico-en-itb-berlin-2024\/\"]}]},{\"@type\":\"ImageObject\",\"inLanguage\":\"es\",\"@id\":\"https:\/\/aeronoticias.com.pe\/noticiero\/mundo\/mundo-mundo-2\/peru-se-prepara-para-presentar-su-potencial-turistico-en-itb-berlin-2024\/#primaryimage\",\"url\":\"https:\/\/aeronoticias.com.pe\/noticiero\/wp-content\/uploads\/2024\/03\/berlin.jpg\",\"contentUrl\":\"https:\/\/aeronoticias.com.pe\/noticiero\/wp-content\/uploads\/2024\/03\/berlin.jpg\",\"width\":645,\"height\":363},{\"@type\":\"BreadcrumbList\",\"@id\":\"https:\/\/aeronoticias.com.pe\/noticiero\/mundo\/mundo-mundo-2\/peru-se-prepara-para-presentar-su-potencial-turistico-en-itb-berlin-2024\/#breadcrumb\",\"itemListElement\":[{\"@type\":\"ListItem\",\"position\":1,\"name\":\"Portada\",\"item\":\"https:\/\/aeronoticias.com.pe\/noticiero\/\"},{\"@type\":\"ListItem\",\"position\":2,\"name\":\"Per\u00fa se prepara para presentar su potencial tur\u00edstico en ITB Berl\u00edn 2024\"}]},{\"@type\":\"WebSite\",\"@id\":\"https:\/\/aeronoticias.com.pe\/noticiero\/#website\",\"url\":\"https:\/\/aeronoticias.com.pe\/noticiero\/\",\"name\":\"Aeronoticias.com.pe\",\"description\":\"Noticias de tranporte aereo, turismo, hoteles, gastronomia, actualidad, internacional\",\"potentialAction\":[{\"@type\":\"SearchAction\",\"target\":{\"@type\":\"EntryPoint\",\"urlTemplate\":\"https:\/\/aeronoticias.com.pe\/noticiero\/?s={search_term_string}\"},\"query-input\":{\"@type\":\"PropertyValueSpecification\",\"valueRequired\":true,\"valueName\":\"search_term_string\"}}],\"inLanguage\":\"es\"},{\"@type\":\"Person\",\"@id\":\"https:\/\/aeronoticias.com.pe\/noticiero\/#\/schema\/person\/16212a617c73f78916b13194154243bd\",\"name\":\"Redacci\u00f3n\",\"sameAs\":[\"http:\/\/Redacci\u00f3n\"],\"url\":\"https:\/\/aeronoticias.com.pe\/noticiero\/author\/celeste\/\"}]}<\/script>\n<!-- \/ Yoast SEO plugin. -->","yoast_head_json":{"title":"Per\u00fa se prepara para presentar su potencial tur\u00edstico en ITB Berl\u00edn 2024","description":"Se tiene como objetivo posicionar al pa\u00eds como un destino tur\u00edstico \u00fanico que ofrece una variada oferta tur\u00edstica de naturaleza, aventura, cultura y gastronom\u00eda.","robots":{"index":"index","follow":"follow","max-snippet":"max-snippet:-1","max-image-preview":"max-image-preview:large","max-video-preview":"max-video-preview:-1"},"canonical":"https:\/\/aeronoticias.com.pe\/noticiero\/mundo\/mundo-mundo-2\/peru-se-prepara-para-presentar-su-potencial-turistico-en-itb-berlin-2024\/","og_locale":"es_ES","og_type":"article","og_title":"Per\u00fa se prepara para presentar su potencial tur\u00edstico en ITB Berl\u00edn 2024","og_description":"Se tiene como objetivo posicionar al pa\u00eds como un destino tur\u00edstico \u00fanico que ofrece una variada oferta tur\u00edstica de naturaleza, aventura, cultura y gastronom\u00eda.","og_url":"https:\/\/aeronoticias.com.pe\/noticiero\/mundo\/mundo-mundo-2\/peru-se-prepara-para-presentar-su-potencial-turistico-en-itb-berlin-2024\/","og_site_name":"Aeronoticias.com.pe","article_publisher":"https:\/\/www.facebook.com\/Aeronoticias.com.pe\/","article_published_time":"2024-03-06T16:18:19+00:00","article_modified_time":"2024-03-06T16:18:25+00:00","og_image":[{"width":645,"height":363,"url":"https:\/\/aeronoticias.com.pe\/noticiero\/wp-content\/uploads\/2024\/03\/berlin.jpg","type":"image\/jpeg"}],"author":"Redacci\u00f3n","twitter_card":"summary_large_image","twitter_creator":"@aeronoticias","twitter_site":"@aeronoticias","twitter_misc":{"Escrito por":"Redacci\u00f3n","Tiempo de lectura":"2 minutos"},"schema":{"@context":"https:\/\/schema.org","@graph":[{"@type":"WebPage","@id":"https:\/\/aeronoticias.com.pe\/noticiero\/mundo\/mundo-mundo-2\/peru-se-prepara-para-presentar-su-potencial-turistico-en-itb-berlin-2024\/","url":"https:\/\/aeronoticias.com.pe\/noticiero\/mundo\/mundo-mundo-2\/peru-se-prepara-para-presentar-su-potencial-turistico-en-itb-berlin-2024\/","name":"Per\u00fa se prepara para presentar su potencial tur\u00edstico en ITB Berl\u00edn 2024","isPartOf":{"@id":"https:\/\/aeronoticias.com.pe\/noticiero\/#website"},"primaryImageOfPage":{"@id":"https:\/\/aeronoticias.com.pe\/noticiero\/mundo\/mundo-mundo-2\/peru-se-prepara-para-presentar-su-potencial-turistico-en-itb-berlin-2024\/#primaryimage"},"image":{"@id":"https:\/\/aeronoticias.com.pe\/noticiero\/mundo\/mundo-mundo-2\/peru-se-prepara-para-presentar-su-potencial-turistico-en-itb-berlin-2024\/#primaryimage"},"thumbnailUrl":"https:\/\/aeronoticias.com.pe\/noticiero\/wp-content\/uploads\/2024\/03\/berlin.jpg","datePublished":"2024-03-06T16:18:19+00:00","dateModified":"2024-03-06T16:18:25+00:00","author":{"@id":"https:\/\/aeronoticias.com.pe\/noticiero\/#\/schema\/person\/16212a617c73f78916b13194154243bd"},"description":"Se tiene como objetivo posicionar al pa\u00eds como un destino tur\u00edstico \u00fanico que ofrece una variada oferta tur\u00edstica de naturaleza, aventura, cultura y gastronom\u00eda.","breadcrumb":{"@id":"https:\/\/aeronoticias.com.pe\/noticiero\/mundo\/mundo-mundo-2\/peru-se-prepara-para-presentar-su-potencial-turistico-en-itb-berlin-2024\/#breadcrumb"},"inLanguage":"es","potentialAction":[{"@type":"ReadAction","target":["https:\/\/aeronoticias.com.pe\/noticiero\/mundo\/mundo-mundo-2\/peru-se-prepara-para-presentar-su-potencial-turistico-en-itb-berlin-2024\/"]}]},{"@type":"ImageObject","inLanguage":"es","@id":"https:\/\/aeronoticias.com.pe\/noticiero\/mundo\/mundo-mundo-2\/peru-se-prepara-para-presentar-su-potencial-turistico-en-itb-berlin-2024\/#primaryimage","url":"https:\/\/aeronoticias.com.pe\/noticiero\/wp-content\/uploads\/2024\/03\/berlin.jpg","contentUrl":"https:\/\/aeronoticias.com.pe\/noticiero\/wp-content\/uploads\/2024\/03\/berlin.jpg","width":645,"height":363},{"@type":"BreadcrumbList","@id":"https:\/\/aeronoticias.com.pe\/noticiero\/mundo\/mundo-mundo-2\/peru-se-prepara-para-presentar-su-potencial-turistico-en-itb-berlin-2024\/#breadcrumb","itemListElement":[{"@type":"ListItem","position":1,"name":"Portada","item":"https:\/\/aeronoticias.com.pe\/noticiero\/"},{"@type":"ListItem","position":2,"name":"Per\u00fa se prepara para presentar su potencial tur\u00edstico en ITB Berl\u00edn 2024"}]},{"@type":"WebSite","@id":"https:\/\/aeronoticias.com.pe\/noticiero\/#website","url":"https:\/\/aeronoticias.com.pe\/noticiero\/","name":"Aeronoticias.com.pe","description":"Noticias de tranporte aereo, turismo, hoteles, gastronomia, actualidad, internacional","potentialAction":[{"@type":"SearchAction","target":{"@type":"EntryPoint","urlTemplate":"https:\/\/aeronoticias.com.pe\/noticiero\/?s={search_term_string}"},"query-input":{"@type":"PropertyValueSpecification","valueRequired":true,"valueName":"search_term_string"}}],"inLanguage":"es"},{"@type":"Person","@id":"https:\/\/aeronoticias.com.pe\/noticiero\/#\/schema\/person\/16212a617c73f78916b13194154243bd","name":"Redacci\u00f3n","sameAs":["http:\/\/Redacci\u00f3n"],"url":"https:\/\/aeronoticias.com.pe\/noticiero\/author\/celeste\/"}]}},"_links":{"self":[{"href":"https:\/\/aeronoticias.com.pe\/noticiero\/wp-json\/wp\/v2\/posts\/89588","targetHints":{"allow":["GET"]}}],"collection":[{"href":"https:\/\/aeronoticias.com.pe\/noticiero\/wp-json\/wp\/v2\/posts"}],"about":[{"href":"https:\/\/aeronoticias.com.pe\/noticiero\/wp-json\/wp\/v2\/types\/post"}],"author":[{"embeddable":true,"href":"https:\/\/aeronoticias.com.pe\/noticiero\/wp-json\/wp\/v2\/users\/3"}],"replies":[{"embeddable":true,"href":"https:\/\/aeronoticias.com.pe\/noticiero\/wp-json\/wp\/v2\/comments?post=89588"}],"version-history":[{"count":0,"href":"https:\/\/aeronoticias.com.pe\/noticiero\/wp-json\/wp\/v2\/posts\/89588\/revisions"}],"wp:featuredmedia":[{"embeddable":true,"href":"https:\/\/aeronoticias.com.pe\/noticiero\/wp-json\/wp\/v2\/media\/89589"}],"wp:attachment":[{"href":"https:\/\/aeronoticias.com.pe\/noticiero\/wp-json\/wp\/v2\/media?parent=89588"}],"wp:term":[{"taxonomy":"category","embeddable":true,"href":"https:\/\/aeronoticias.com.pe\/noticiero\/wp-json\/wp\/v2\/categories?post=89588"},{"taxonomy":"post_tag","embeddable":true,"href":"https:\/\/aeronoticias.com.pe\/noticiero\/wp-json\/wp\/v2\/tags?post=89588"}],"curies":[{"name":"wp","href":"https:\/\/api.w.org\/{rel}","templated":true}]}}