{"id":89591,"date":"2024-03-06T11:32:13","date_gmt":"2024-03-06T16:32:13","guid":{"rendered":"https:\/\/aeronoticias.com.pe\/noticiero\/?p=89591"},"modified":"2024-03-06T11:32:16","modified_gmt":"2024-03-06T16:32:16","slug":"busca-espacio-iberia-traer-a-tierra-los-beneficios-de-volar-con-la-aerolinea","status":"publish","type":"post","link":"https:\/\/aeronoticias.com.pe\/noticiero\/ultimas\/1\/busca-espacio-iberia-traer-a-tierra-los-beneficios-de-volar-con-la-aerolinea\/","title":{"rendered":"Busca Espacio Iberia traer a tierra los beneficios de volar con la aerol\u00ednea"},"content":{"rendered":"\n<p><strong>(Aeronoticias)<\/strong>: Con el concepto de \u201cponer en tierra un avi\u00f3n para que la gente disfrute la experiencia de volar\u201d, la aerol\u00ednea espa\u00f1ola Iberia inaugur\u00f3 \u201cEspacio Iberia\u201d en la zona de Polanco, de la Ciudad de M\u00e9xico.<\/p>\n\n\n\n<p>Con esta instalaci\u00f3n se busca que tanto clientes como p\u00fablico en general vivan la experiencia de viajar en uno de sus aviones A350, adem\u00e1s disfrutar y probar los men\u00fas que se ofrecen en las cabinas Business, Turista Premium y Turista.<\/p>\n\n\n\n<p>Adem\u00e1s, en este lugar, los visitantes podr\u00e1n probar las butacas del nuevo A350 y degustar los men\u00fas que se sirven a bordo y conocer la historia de la empresa a trav\u00e9s de sus uniformes hist\u00f3ricos.&nbsp;<\/p>\n\n\n\n<p>Los visitantes podr\u00e1n disfrutar de la experiencia de operar un A350, esto gracias al simulador de vuelo; adem\u00e1s de participar en catas de vino, jam\u00f3n y otros productos espa\u00f1oles.<\/p>\n\n\n\n<p>Espacio Iberia se encuentra ubicado en avenida Presidente Masaryk, 299 -esquina Arist\u00f3teles), primer piso en Polanco y estar\u00e1 abierto todos los d\u00edas de la semana de 11 de la ma\u00f1ana a las 20:00 horas, la entrada y degustaciones son gratuitas.<\/p>\n\n\n\n<p>Las personas que quieran asistir deber\u00e1n registrarse en la p\u00e1gina web:&nbsp;<a href=\"http:\/\/www.espacioiberia.com\/\" target=\"_blank\" rel=\"noreferrer noopener\">www.espacioiberia.com<\/a>; la experiencia estar\u00e1 abierta hasta el 21 de marzo.<\/p>\n\n\n\n<p><strong>Importancia del mercado mexicano para Iberia<\/strong><\/p>\n\n\n\n<p>M\u00e9xico es el mercado que cuenta con una mayor conectividad en la red de Iberia en Am\u00e9rica Latina, con tres vuelos diarios y una capacidad hist\u00f3rica en 2024 de m\u00e1s de 770 mil asientos, 17% m\u00e1s que en 2019.<\/p>\n\n\n\n<p>Despu\u00e9s de dos ediciones del Espacio Iberia en Madrid, y una en Bogot\u00e1, el centro de experiencia de Iberia se traslad\u00f3 a M\u00e9xico, que es prioritario dentro de la apuesta de Iberia por Am\u00e9rica Latina, que relanz\u00f3 en 2023 y que mantiene durante este a\u00f1o.&nbsp;<\/p>\n\n\n\n<p>Junto con Colombia, M\u00e9xico es el mercado con el que Iberia tiene una mayor conectividad en su red de largo alcance, con tres vuelos diarios, lo que supone que, en 2024, contar\u00e1 con una capacidad de m\u00e1s de 770 mil asientos, la mayor cifra que ha registrado en los casi 75 a\u00f1os que lleva operativo este trayecto.<\/p>\n\n\n\n<p>La ruta Ciudad de M\u00e9xico-Madrid se opera de manera \u00edntegra con los nuevos A350 de Airbus, los aviones m\u00e1s grandes y avanzados de la flota de Iberia, equipados con la \u00faltima tecnolog\u00eda y dise\u00f1ados para volar con la m\u00e1xima eficiencia, con una reducci\u00f3n de emisiones de CO2 entre 30% y 35%.<\/p>\n\n\n\n<p><strong>Fuente: A21.com.mx<\/strong><\/p>\n","protected":false},"excerpt":{"rendered":"<p>(Aeronoticias): Con el concepto de \u201cponer en tierra un avi\u00f3n para que la gente disfrute la experiencia de volar\u201d, la aerol\u00ednea espa\u00f1ola Iberia inaugur\u00f3 \u201cEspacio Iberia\u201d en la zona de Polanco, de la Ciudad de M\u00e9xico. Con esta instalaci\u00f3n se busca que tanto clientes como p\u00fablico en general vivan la experiencia de viajar en uno [&hellip;]<\/p>\n","protected":false},"author":3,"featured_media":89592,"comment_status":"open","ping_status":"open","sticky":false,"template":"","format":"standard","meta":{"tdm_status":"","tdm_grid_status":"","footnotes":""},"categories":[30,8],"tags":[268,4891],"class_list":{"0":"post-89591","1":"post","2":"type-post","3":"status-publish","4":"format-standard","5":"has-post-thumbnail","7":"category-30","8":"category-ultimas","9":"tag-iberia","10":"tag-mercado-mexicano"},"yoast_head":"<!-- This site is optimized with the Yoast SEO plugin v25.1 - https:\/\/yoast.com\/wordpress\/plugins\/seo\/ -->\n<title>Busca Espacio Iberia traer a tierra los beneficios de volar con la aerol\u00ednea<\/title>\n<meta name=\"description\" content=\"M\u00c9XICO, UNO DE LOS MERCADOS IMPORTANTES PARA LA COMPA\u00d1\u00cdA.\" \/>\n<meta name=\"robots\" content=\"index, follow, max-snippet:-1, max-image-preview:large, max-video-preview:-1\" \/>\n<link rel=\"canonical\" href=\"https:\/\/aeronoticias.com.pe\/noticiero\/ultimas\/1\/busca-espacio-iberia-traer-a-tierra-los-beneficios-de-volar-con-la-aerolinea\/\" \/>\n<meta property=\"og:locale\" content=\"es_ES\" \/>\n<meta property=\"og:type\" content=\"article\" \/>\n<meta property=\"og:title\" content=\"Busca Espacio Iberia traer a tierra los beneficios de volar con la aerol\u00ednea\" \/>\n<meta property=\"og:description\" content=\"M\u00c9XICO, UNO DE LOS MERCADOS IMPORTANTES PARA LA COMPA\u00d1\u00cdA.\" \/>\n<meta property=\"og:url\" content=\"https:\/\/aeronoticias.com.pe\/noticiero\/ultimas\/1\/busca-espacio-iberia-traer-a-tierra-los-beneficios-de-volar-con-la-aerolinea\/\" \/>\n<meta property=\"og:site_name\" content=\"Aeronoticias.com.pe\" \/>\n<meta property=\"article:publisher\" content=\"https:\/\/www.facebook.com\/Aeronoticias.com.pe\/\" \/>\n<meta property=\"article:published_time\" content=\"2024-03-06T16:32:13+00:00\" \/>\n<meta property=\"article:modified_time\" content=\"2024-03-06T16:32:16+00:00\" \/>\n<meta property=\"og:image\" content=\"https:\/\/aeronoticias.com.pe\/noticiero\/wp-content\/uploads\/2024\/03\/iberia.jpeg\" \/>\n\t<meta property=\"og:image:width\" content=\"1600\" \/>\n\t<meta property=\"og:image:height\" content=\"1200\" \/>\n\t<meta property=\"og:image:type\" content=\"image\/jpeg\" \/>\n<meta name=\"author\" content=\"Redacci\u00f3n\" \/>\n<meta name=\"twitter:card\" content=\"summary_large_image\" \/>\n<meta name=\"twitter:creator\" content=\"@aeronoticias\" \/>\n<meta name=\"twitter:site\" content=\"@aeronoticias\" \/>\n<meta name=\"twitter:label1\" content=\"Escrito por\" \/>\n\t<meta name=\"twitter:data1\" content=\"Redacci\u00f3n\" \/>\n\t<meta name=\"twitter:label2\" content=\"Tiempo de lectura\" \/>\n\t<meta name=\"twitter:data2\" content=\"2 minutos\" \/>\n<script type=\"application\/ld+json\" class=\"yoast-schema-graph\">{\"@context\":\"https:\/\/schema.org\",\"@graph\":[{\"@type\":\"WebPage\",\"@id\":\"https:\/\/aeronoticias.com.pe\/noticiero\/ultimas\/1\/busca-espacio-iberia-traer-a-tierra-los-beneficios-de-volar-con-la-aerolinea\/\",\"url\":\"https:\/\/aeronoticias.com.pe\/noticiero\/ultimas\/1\/busca-espacio-iberia-traer-a-tierra-los-beneficios-de-volar-con-la-aerolinea\/\",\"name\":\"Busca Espacio Iberia traer a tierra los beneficios de volar con la aerol\u00ednea\",\"isPartOf\":{\"@id\":\"https:\/\/aeronoticias.com.pe\/noticiero\/#website\"},\"primaryImageOfPage\":{\"@id\":\"https:\/\/aeronoticias.com.pe\/noticiero\/ultimas\/1\/busca-espacio-iberia-traer-a-tierra-los-beneficios-de-volar-con-la-aerolinea\/#primaryimage\"},\"image\":{\"@id\":\"https:\/\/aeronoticias.com.pe\/noticiero\/ultimas\/1\/busca-espacio-iberia-traer-a-tierra-los-beneficios-de-volar-con-la-aerolinea\/#primaryimage\"},\"thumbnailUrl\":\"https:\/\/aeronoticias.com.pe\/noticiero\/wp-content\/uploads\/2024\/03\/iberia.jpeg\",\"datePublished\":\"2024-03-06T16:32:13+00:00\",\"dateModified\":\"2024-03-06T16:32:16+00:00\",\"author\":{\"@id\":\"https:\/\/aeronoticias.com.pe\/noticiero\/#\/schema\/person\/16212a617c73f78916b13194154243bd\"},\"description\":\"M\u00c9XICO, UNO DE LOS MERCADOS IMPORTANTES PARA LA COMPA\u00d1\u00cdA.\",\"breadcrumb\":{\"@id\":\"https:\/\/aeronoticias.com.pe\/noticiero\/ultimas\/1\/busca-espacio-iberia-traer-a-tierra-los-beneficios-de-volar-con-la-aerolinea\/#breadcrumb\"},\"inLanguage\":\"es\",\"potentialAction\":[{\"@type\":\"ReadAction\",\"target\":[\"https:\/\/aeronoticias.com.pe\/noticiero\/ultimas\/1\/busca-espacio-iberia-traer-a-tierra-los-beneficios-de-volar-con-la-aerolinea\/\"]}]},{\"@type\":\"ImageObject\",\"inLanguage\":\"es\",\"@id\":\"https:\/\/aeronoticias.com.pe\/noticiero\/ultimas\/1\/busca-espacio-iberia-traer-a-tierra-los-beneficios-de-volar-con-la-aerolinea\/#primaryimage\",\"url\":\"https:\/\/aeronoticias.com.pe\/noticiero\/wp-content\/uploads\/2024\/03\/iberia.jpeg\",\"contentUrl\":\"https:\/\/aeronoticias.com.pe\/noticiero\/wp-content\/uploads\/2024\/03\/iberia.jpeg\",\"width\":1600,\"height\":1200},{\"@type\":\"BreadcrumbList\",\"@id\":\"https:\/\/aeronoticias.com.pe\/noticiero\/ultimas\/1\/busca-espacio-iberia-traer-a-tierra-los-beneficios-de-volar-con-la-aerolinea\/#breadcrumb\",\"itemListElement\":[{\"@type\":\"ListItem\",\"position\":1,\"name\":\"Portada\",\"item\":\"https:\/\/aeronoticias.com.pe\/noticiero\/\"},{\"@type\":\"ListItem\",\"position\":2,\"name\":\"Busca Espacio Iberia traer a tierra los beneficios de volar con la aerol\u00ednea\"}]},{\"@type\":\"WebSite\",\"@id\":\"https:\/\/aeronoticias.com.pe\/noticiero\/#website\",\"url\":\"https:\/\/aeronoticias.com.pe\/noticiero\/\",\"name\":\"Aeronoticias.com.pe\",\"description\":\"Noticias de tranporte aereo, turismo, hoteles, gastronomia, actualidad, internacional\",\"potentialAction\":[{\"@type\":\"SearchAction\",\"target\":{\"@type\":\"EntryPoint\",\"urlTemplate\":\"https:\/\/aeronoticias.com.pe\/noticiero\/?s={search_term_string}\"},\"query-input\":{\"@type\":\"PropertyValueSpecification\",\"valueRequired\":true,\"valueName\":\"search_term_string\"}}],\"inLanguage\":\"es\"},{\"@type\":\"Person\",\"@id\":\"https:\/\/aeronoticias.com.pe\/noticiero\/#\/schema\/person\/16212a617c73f78916b13194154243bd\",\"name\":\"Redacci\u00f3n\",\"sameAs\":[\"http:\/\/Redacci\u00f3n\"],\"url\":\"https:\/\/aeronoticias.com.pe\/noticiero\/author\/celeste\/\"}]}<\/script>\n<!-- \/ Yoast SEO plugin. -->","yoast_head_json":{"title":"Busca Espacio Iberia traer a tierra los beneficios de volar con la aerol\u00ednea","description":"M\u00c9XICO, UNO DE LOS MERCADOS IMPORTANTES PARA LA COMPA\u00d1\u00cdA.","robots":{"index":"index","follow":"follow","max-snippet":"max-snippet:-1","max-image-preview":"max-image-preview:large","max-video-preview":"max-video-preview:-1"},"canonical":"https:\/\/aeronoticias.com.pe\/noticiero\/ultimas\/1\/busca-espacio-iberia-traer-a-tierra-los-beneficios-de-volar-con-la-aerolinea\/","og_locale":"es_ES","og_type":"article","og_title":"Busca Espacio Iberia traer a tierra los beneficios de volar con la aerol\u00ednea","og_description":"M\u00c9XICO, UNO DE LOS MERCADOS IMPORTANTES PARA LA COMPA\u00d1\u00cdA.","og_url":"https:\/\/aeronoticias.com.pe\/noticiero\/ultimas\/1\/busca-espacio-iberia-traer-a-tierra-los-beneficios-de-volar-con-la-aerolinea\/","og_site_name":"Aeronoticias.com.pe","article_publisher":"https:\/\/www.facebook.com\/Aeronoticias.com.pe\/","article_published_time":"2024-03-06T16:32:13+00:00","article_modified_time":"2024-03-06T16:32:16+00:00","og_image":[{"width":1600,"height":1200,"url":"https:\/\/aeronoticias.com.pe\/noticiero\/wp-content\/uploads\/2024\/03\/iberia.jpeg","type":"image\/jpeg"}],"author":"Redacci\u00f3n","twitter_card":"summary_large_image","twitter_creator":"@aeronoticias","twitter_site":"@aeronoticias","twitter_misc":{"Escrito por":"Redacci\u00f3n","Tiempo de lectura":"2 minutos"},"schema":{"@context":"https:\/\/schema.org","@graph":[{"@type":"WebPage","@id":"https:\/\/aeronoticias.com.pe\/noticiero\/ultimas\/1\/busca-espacio-iberia-traer-a-tierra-los-beneficios-de-volar-con-la-aerolinea\/","url":"https:\/\/aeronoticias.com.pe\/noticiero\/ultimas\/1\/busca-espacio-iberia-traer-a-tierra-los-beneficios-de-volar-con-la-aerolinea\/","name":"Busca Espacio Iberia traer a tierra los beneficios de volar con la aerol\u00ednea","isPartOf":{"@id":"https:\/\/aeronoticias.com.pe\/noticiero\/#website"},"primaryImageOfPage":{"@id":"https:\/\/aeronoticias.com.pe\/noticiero\/ultimas\/1\/busca-espacio-iberia-traer-a-tierra-los-beneficios-de-volar-con-la-aerolinea\/#primaryimage"},"image":{"@id":"https:\/\/aeronoticias.com.pe\/noticiero\/ultimas\/1\/busca-espacio-iberia-traer-a-tierra-los-beneficios-de-volar-con-la-aerolinea\/#primaryimage"},"thumbnailUrl":"https:\/\/aeronoticias.com.pe\/noticiero\/wp-content\/uploads\/2024\/03\/iberia.jpeg","datePublished":"2024-03-06T16:32:13+00:00","dateModified":"2024-03-06T16:32:16+00:00","author":{"@id":"https:\/\/aeronoticias.com.pe\/noticiero\/#\/schema\/person\/16212a617c73f78916b13194154243bd"},"description":"M\u00c9XICO, UNO DE LOS MERCADOS IMPORTANTES PARA LA COMPA\u00d1\u00cdA.","breadcrumb":{"@id":"https:\/\/aeronoticias.com.pe\/noticiero\/ultimas\/1\/busca-espacio-iberia-traer-a-tierra-los-beneficios-de-volar-con-la-aerolinea\/#breadcrumb"},"inLanguage":"es","potentialAction":[{"@type":"ReadAction","target":["https:\/\/aeronoticias.com.pe\/noticiero\/ultimas\/1\/busca-espacio-iberia-traer-a-tierra-los-beneficios-de-volar-con-la-aerolinea\/"]}]},{"@type":"ImageObject","inLanguage":"es","@id":"https:\/\/aeronoticias.com.pe\/noticiero\/ultimas\/1\/busca-espacio-iberia-traer-a-tierra-los-beneficios-de-volar-con-la-aerolinea\/#primaryimage","url":"https:\/\/aeronoticias.com.pe\/noticiero\/wp-content\/uploads\/2024\/03\/iberia.jpeg","contentUrl":"https:\/\/aeronoticias.com.pe\/noticiero\/wp-content\/uploads\/2024\/03\/iberia.jpeg","width":1600,"height":1200},{"@type":"BreadcrumbList","@id":"https:\/\/aeronoticias.com.pe\/noticiero\/ultimas\/1\/busca-espacio-iberia-traer-a-tierra-los-beneficios-de-volar-con-la-aerolinea\/#breadcrumb","itemListElement":[{"@type":"ListItem","position":1,"name":"Portada","item":"https:\/\/aeronoticias.com.pe\/noticiero\/"},{"@type":"ListItem","position":2,"name":"Busca Espacio Iberia traer a tierra los beneficios de volar con la aerol\u00ednea"}]},{"@type":"WebSite","@id":"https:\/\/aeronoticias.com.pe\/noticiero\/#website","url":"https:\/\/aeronoticias.com.pe\/noticiero\/","name":"Aeronoticias.com.pe","description":"Noticias de tranporte aereo, turismo, hoteles, gastronomia, actualidad, internacional","potentialAction":[{"@type":"SearchAction","target":{"@type":"EntryPoint","urlTemplate":"https:\/\/aeronoticias.com.pe\/noticiero\/?s={search_term_string}"},"query-input":{"@type":"PropertyValueSpecification","valueRequired":true,"valueName":"search_term_string"}}],"inLanguage":"es"},{"@type":"Person","@id":"https:\/\/aeronoticias.com.pe\/noticiero\/#\/schema\/person\/16212a617c73f78916b13194154243bd","name":"Redacci\u00f3n","sameAs":["http:\/\/Redacci\u00f3n"],"url":"https:\/\/aeronoticias.com.pe\/noticiero\/author\/celeste\/"}]}},"_links":{"self":[{"href":"https:\/\/aeronoticias.com.pe\/noticiero\/wp-json\/wp\/v2\/posts\/89591","targetHints":{"allow":["GET"]}}],"collection":[{"href":"https:\/\/aeronoticias.com.pe\/noticiero\/wp-json\/wp\/v2\/posts"}],"about":[{"href":"https:\/\/aeronoticias.com.pe\/noticiero\/wp-json\/wp\/v2\/types\/post"}],"author":[{"embeddable":true,"href":"https:\/\/aeronoticias.com.pe\/noticiero\/wp-json\/wp\/v2\/users\/3"}],"replies":[{"embeddable":true,"href":"https:\/\/aeronoticias.com.pe\/noticiero\/wp-json\/wp\/v2\/comments?post=89591"}],"version-history":[{"count":0,"href":"https:\/\/aeronoticias.com.pe\/noticiero\/wp-json\/wp\/v2\/posts\/89591\/revisions"}],"wp:featuredmedia":[{"embeddable":true,"href":"https:\/\/aeronoticias.com.pe\/noticiero\/wp-json\/wp\/v2\/media\/89592"}],"wp:attachment":[{"href":"https:\/\/aeronoticias.com.pe\/noticiero\/wp-json\/wp\/v2\/media?parent=89591"}],"wp:term":[{"taxonomy":"category","embeddable":true,"href":"https:\/\/aeronoticias.com.pe\/noticiero\/wp-json\/wp\/v2\/categories?post=89591"},{"taxonomy":"post_tag","embeddable":true,"href":"https:\/\/aeronoticias.com.pe\/noticiero\/wp-json\/wp\/v2\/tags?post=89591"}],"curies":[{"name":"wp","href":"https:\/\/api.w.org\/{rel}","templated":true}]}}