{"id":89594,"date":"2024-03-07T09:53:03","date_gmt":"2024-03-07T14:53:03","guid":{"rendered":"https:\/\/aeronoticias.com.pe\/noticiero\/?p=89594"},"modified":"2024-03-07T09:53:06","modified_gmt":"2024-03-07T14:53:06","slug":"jetsmart-abrio-operaciones-en-ecuador-con-vuelo-entre-lima-y-quito","status":"publish","type":"post","link":"https:\/\/aeronoticias.com.pe\/noticiero\/transporte-aereo\/jetsmart-abrio-operaciones-en-ecuador-con-vuelo-entre-lima-y-quito\/","title":{"rendered":"JetSmart abri\u00f3 operaciones en Ecuador con vuelo entre Lima y Quito"},"content":{"rendered":"\n<p><strong>(Aeronoticias)<\/strong>: La aerol\u00ednea chilena de bajo costo JetSmart inici\u00f3 este mi\u00e9rcoles sus operaciones en Ecuador con la puesta en marcha de la ruta entre Lima y Quito, a la que a partir del 2 de abril se sumar\u00e1 tambi\u00e9n la ruta entre Lima y Guayaquil.<\/p>\n\n\n\n<p>Ambas tendr\u00e1n tres frecuencias semanales, pues la conexi\u00f3n Lima-Quito se operar\u00e1 mi\u00e9rcoles, viernes y domingo, y la conexi\u00f3n Lima-Guayaquil funcionar\u00e1 inicialmente los martes, jueves y s\u00e1bados.<\/p>\n\n\n\n<p>La aerol\u00ednea competir\u00e1 as\u00ed directamente con la tambi\u00e9n chilena Latam, la \u00fanica compa\u00f1\u00eda a\u00e9rea que actualmente opera entre las capitales de Per\u00fa y de Ecuador.<\/p>\n\n\n\n<p>De esta forma, el fondo estadounidense Indigo Partners, al que pertenece JetSmart, suma a Ecuador a su red de pa\u00edses donde ya est\u00e1 presente dentro del mercado a\u00e9reo, como es el caso de Colombia, Brasil, Uruguay, Paraguay, Argentina, Chile y Per\u00fa.<\/p>\n\n\n\n<p>En el acto del vuelo inaugural, celebrado en el aeropuerto internacional Mariscal Sucre de Quito, el ministro de Transporte y Obras P\u00fablicas, Roberto Luque, se\u00f1al\u00f3 que \u201cLima y Quito tienen muchos lazos que hoy en d\u00eda pueden ser conectados con pasajes convenientes\u201d.<\/p>\n\n\n\n<p>Luque afirm\u00f3 que JetSmart ser\u00e1 \u201cuna alternativa para que ecuatorianos y peruanos puedan cruzar sus pa\u00edses y aprovechar los destinos tur\u00edsticos\u201d.<\/p>\n\n\n\n<p>De su lado, el ministro de Turismo, Niels Olsen, dio la bienvenida a la aerol\u00ednea y dese\u00f3 que pueda incrementar frecuencias en el corto plazo.<\/p>\n\n\n\n<p>La conectividad a\u00e9rea de Ecuador tambi\u00e9n creci\u00f3 este mi\u00e9rcoles la aerol\u00ednea paname\u00f1a Copa Airlines, que aument\u00f3 de tres a cuatro las frecuencias de su ruta entre Ciudad de Panam\u00e1 y Manta.<\/p>\n\n\n\n<p><strong>Fuente: forbes.pe<\/strong><\/p>\n","protected":false},"excerpt":{"rendered":"<p>(Aeronoticias): La aerol\u00ednea chilena de bajo costo JetSmart inici\u00f3 este mi\u00e9rcoles sus operaciones en Ecuador con la puesta en marcha de la ruta entre Lima y Quito, a la que a partir del 2 de abril se sumar\u00e1 tambi\u00e9n la ruta entre Lima y Guayaquil. Ambas tendr\u00e1n tres frecuencias semanales, pues la conexi\u00f3n Lima-Quito se [&hellip;]<\/p>\n","protected":false},"author":3,"featured_media":89595,"comment_status":"open","ping_status":"open","sticky":false,"template":"","format":"standard","meta":{"tdm_status":"","tdm_grid_status":"","footnotes":""},"categories":[32,11],"tags":[199,389,434],"class_list":{"0":"post-89594","1":"post","2":"type-post","3":"status-publish","4":"format-standard","5":"has-post-thumbnail","7":"category-internacional","8":"category-transporte-aereo","9":"tag-ecuador","10":"tag-jetsmart","11":"tag-lima"},"yoast_head":"<!-- This site is optimized with the Yoast SEO plugin v25.1 - https:\/\/yoast.com\/wordpress\/plugins\/seo\/ -->\n<title>JetSmart abri\u00f3 operaciones en Ecuador con vuelo entre Lima y Quito<\/title>\n<meta name=\"description\" content=\"La aerol\u00ednea low cost competir\u00e1 con Latam Airlines en la ruta Lima-Quito..\" \/>\n<meta name=\"robots\" content=\"index, follow, max-snippet:-1, max-image-preview:large, max-video-preview:-1\" \/>\n<link rel=\"canonical\" href=\"https:\/\/aeronoticias.com.pe\/noticiero\/transporte-aereo\/jetsmart-abrio-operaciones-en-ecuador-con-vuelo-entre-lima-y-quito\/\" \/>\n<meta property=\"og:locale\" content=\"es_ES\" \/>\n<meta property=\"og:type\" content=\"article\" \/>\n<meta property=\"og:title\" content=\"JetSmart abri\u00f3 operaciones en Ecuador con vuelo entre Lima y Quito\" \/>\n<meta property=\"og:description\" content=\"La aerol\u00ednea low cost competir\u00e1 con Latam Airlines en la ruta Lima-Quito..\" \/>\n<meta property=\"og:url\" content=\"https:\/\/aeronoticias.com.pe\/noticiero\/transporte-aereo\/jetsmart-abrio-operaciones-en-ecuador-con-vuelo-entre-lima-y-quito\/\" \/>\n<meta property=\"og:site_name\" content=\"Aeronoticias.com.pe\" \/>\n<meta property=\"article:publisher\" content=\"https:\/\/www.facebook.com\/Aeronoticias.com.pe\/\" \/>\n<meta property=\"article:published_time\" content=\"2024-03-07T14:53:03+00:00\" \/>\n<meta property=\"article:modified_time\" content=\"2024-03-07T14:53:06+00:00\" \/>\n<meta property=\"og:image\" content=\"https:\/\/aeronoticias.com.pe\/noticiero\/wp-content\/uploads\/2024\/03\/jet.jpg\" \/>\n\t<meta property=\"og:image:width\" content=\"576\" \/>\n\t<meta property=\"og:image:height\" content=\"321\" \/>\n\t<meta property=\"og:image:type\" content=\"image\/jpeg\" \/>\n<meta name=\"author\" content=\"Redacci\u00f3n\" \/>\n<meta name=\"twitter:card\" content=\"summary_large_image\" \/>\n<meta name=\"twitter:creator\" content=\"@aeronoticias\" \/>\n<meta name=\"twitter:site\" content=\"@aeronoticias\" \/>\n<meta name=\"twitter:label1\" content=\"Escrito por\" \/>\n\t<meta name=\"twitter:data1\" content=\"Redacci\u00f3n\" \/>\n\t<meta name=\"twitter:label2\" content=\"Tiempo de lectura\" \/>\n\t<meta name=\"twitter:data2\" content=\"1 minuto\" \/>\n<script type=\"application\/ld+json\" class=\"yoast-schema-graph\">{\"@context\":\"https:\/\/schema.org\",\"@graph\":[{\"@type\":\"WebPage\",\"@id\":\"https:\/\/aeronoticias.com.pe\/noticiero\/transporte-aereo\/jetsmart-abrio-operaciones-en-ecuador-con-vuelo-entre-lima-y-quito\/\",\"url\":\"https:\/\/aeronoticias.com.pe\/noticiero\/transporte-aereo\/jetsmart-abrio-operaciones-en-ecuador-con-vuelo-entre-lima-y-quito\/\",\"name\":\"JetSmart abri\u00f3 operaciones en Ecuador con vuelo entre Lima y Quito\",\"isPartOf\":{\"@id\":\"https:\/\/aeronoticias.com.pe\/noticiero\/#website\"},\"primaryImageOfPage\":{\"@id\":\"https:\/\/aeronoticias.com.pe\/noticiero\/transporte-aereo\/jetsmart-abrio-operaciones-en-ecuador-con-vuelo-entre-lima-y-quito\/#primaryimage\"},\"image\":{\"@id\":\"https:\/\/aeronoticias.com.pe\/noticiero\/transporte-aereo\/jetsmart-abrio-operaciones-en-ecuador-con-vuelo-entre-lima-y-quito\/#primaryimage\"},\"thumbnailUrl\":\"https:\/\/aeronoticias.com.pe\/noticiero\/wp-content\/uploads\/2024\/03\/jet.jpg\",\"datePublished\":\"2024-03-07T14:53:03+00:00\",\"dateModified\":\"2024-03-07T14:53:06+00:00\",\"author\":{\"@id\":\"https:\/\/aeronoticias.com.pe\/noticiero\/#\/schema\/person\/16212a617c73f78916b13194154243bd\"},\"description\":\"La aerol\u00ednea low cost competir\u00e1 con Latam Airlines en la ruta Lima-Quito..\",\"breadcrumb\":{\"@id\":\"https:\/\/aeronoticias.com.pe\/noticiero\/transporte-aereo\/jetsmart-abrio-operaciones-en-ecuador-con-vuelo-entre-lima-y-quito\/#breadcrumb\"},\"inLanguage\":\"es\",\"potentialAction\":[{\"@type\":\"ReadAction\",\"target\":[\"https:\/\/aeronoticias.com.pe\/noticiero\/transporte-aereo\/jetsmart-abrio-operaciones-en-ecuador-con-vuelo-entre-lima-y-quito\/\"]}]},{\"@type\":\"ImageObject\",\"inLanguage\":\"es\",\"@id\":\"https:\/\/aeronoticias.com.pe\/noticiero\/transporte-aereo\/jetsmart-abrio-operaciones-en-ecuador-con-vuelo-entre-lima-y-quito\/#primaryimage\",\"url\":\"https:\/\/aeronoticias.com.pe\/noticiero\/wp-content\/uploads\/2024\/03\/jet.jpg\",\"contentUrl\":\"https:\/\/aeronoticias.com.pe\/noticiero\/wp-content\/uploads\/2024\/03\/jet.jpg\",\"width\":576,\"height\":321},{\"@type\":\"BreadcrumbList\",\"@id\":\"https:\/\/aeronoticias.com.pe\/noticiero\/transporte-aereo\/jetsmart-abrio-operaciones-en-ecuador-con-vuelo-entre-lima-y-quito\/#breadcrumb\",\"itemListElement\":[{\"@type\":\"ListItem\",\"position\":1,\"name\":\"Portada\",\"item\":\"https:\/\/aeronoticias.com.pe\/noticiero\/\"},{\"@type\":\"ListItem\",\"position\":2,\"name\":\"JetSmart abri\u00f3 operaciones en Ecuador con vuelo entre Lima y Quito\"}]},{\"@type\":\"WebSite\",\"@id\":\"https:\/\/aeronoticias.com.pe\/noticiero\/#website\",\"url\":\"https:\/\/aeronoticias.com.pe\/noticiero\/\",\"name\":\"Aeronoticias.com.pe\",\"description\":\"Noticias de tranporte aereo, turismo, hoteles, gastronomia, actualidad, internacional\",\"potentialAction\":[{\"@type\":\"SearchAction\",\"target\":{\"@type\":\"EntryPoint\",\"urlTemplate\":\"https:\/\/aeronoticias.com.pe\/noticiero\/?s={search_term_string}\"},\"query-input\":{\"@type\":\"PropertyValueSpecification\",\"valueRequired\":true,\"valueName\":\"search_term_string\"}}],\"inLanguage\":\"es\"},{\"@type\":\"Person\",\"@id\":\"https:\/\/aeronoticias.com.pe\/noticiero\/#\/schema\/person\/16212a617c73f78916b13194154243bd\",\"name\":\"Redacci\u00f3n\",\"sameAs\":[\"http:\/\/Redacci\u00f3n\"],\"url\":\"https:\/\/aeronoticias.com.pe\/noticiero\/author\/celeste\/\"}]}<\/script>\n<!-- \/ Yoast SEO plugin. -->","yoast_head_json":{"title":"JetSmart abri\u00f3 operaciones en Ecuador con vuelo entre Lima y Quito","description":"La aerol\u00ednea low cost competir\u00e1 con Latam Airlines en la ruta Lima-Quito..","robots":{"index":"index","follow":"follow","max-snippet":"max-snippet:-1","max-image-preview":"max-image-preview:large","max-video-preview":"max-video-preview:-1"},"canonical":"https:\/\/aeronoticias.com.pe\/noticiero\/transporte-aereo\/jetsmart-abrio-operaciones-en-ecuador-con-vuelo-entre-lima-y-quito\/","og_locale":"es_ES","og_type":"article","og_title":"JetSmart abri\u00f3 operaciones en Ecuador con vuelo entre Lima y Quito","og_description":"La aerol\u00ednea low cost competir\u00e1 con Latam Airlines en la ruta Lima-Quito..","og_url":"https:\/\/aeronoticias.com.pe\/noticiero\/transporte-aereo\/jetsmart-abrio-operaciones-en-ecuador-con-vuelo-entre-lima-y-quito\/","og_site_name":"Aeronoticias.com.pe","article_publisher":"https:\/\/www.facebook.com\/Aeronoticias.com.pe\/","article_published_time":"2024-03-07T14:53:03+00:00","article_modified_time":"2024-03-07T14:53:06+00:00","og_image":[{"width":576,"height":321,"url":"https:\/\/aeronoticias.com.pe\/noticiero\/wp-content\/uploads\/2024\/03\/jet.jpg","type":"image\/jpeg"}],"author":"Redacci\u00f3n","twitter_card":"summary_large_image","twitter_creator":"@aeronoticias","twitter_site":"@aeronoticias","twitter_misc":{"Escrito por":"Redacci\u00f3n","Tiempo de lectura":"1 minuto"},"schema":{"@context":"https:\/\/schema.org","@graph":[{"@type":"WebPage","@id":"https:\/\/aeronoticias.com.pe\/noticiero\/transporte-aereo\/jetsmart-abrio-operaciones-en-ecuador-con-vuelo-entre-lima-y-quito\/","url":"https:\/\/aeronoticias.com.pe\/noticiero\/transporte-aereo\/jetsmart-abrio-operaciones-en-ecuador-con-vuelo-entre-lima-y-quito\/","name":"JetSmart abri\u00f3 operaciones en Ecuador con vuelo entre Lima y Quito","isPartOf":{"@id":"https:\/\/aeronoticias.com.pe\/noticiero\/#website"},"primaryImageOfPage":{"@id":"https:\/\/aeronoticias.com.pe\/noticiero\/transporte-aereo\/jetsmart-abrio-operaciones-en-ecuador-con-vuelo-entre-lima-y-quito\/#primaryimage"},"image":{"@id":"https:\/\/aeronoticias.com.pe\/noticiero\/transporte-aereo\/jetsmart-abrio-operaciones-en-ecuador-con-vuelo-entre-lima-y-quito\/#primaryimage"},"thumbnailUrl":"https:\/\/aeronoticias.com.pe\/noticiero\/wp-content\/uploads\/2024\/03\/jet.jpg","datePublished":"2024-03-07T14:53:03+00:00","dateModified":"2024-03-07T14:53:06+00:00","author":{"@id":"https:\/\/aeronoticias.com.pe\/noticiero\/#\/schema\/person\/16212a617c73f78916b13194154243bd"},"description":"La aerol\u00ednea low cost competir\u00e1 con Latam Airlines en la ruta Lima-Quito..","breadcrumb":{"@id":"https:\/\/aeronoticias.com.pe\/noticiero\/transporte-aereo\/jetsmart-abrio-operaciones-en-ecuador-con-vuelo-entre-lima-y-quito\/#breadcrumb"},"inLanguage":"es","potentialAction":[{"@type":"ReadAction","target":["https:\/\/aeronoticias.com.pe\/noticiero\/transporte-aereo\/jetsmart-abrio-operaciones-en-ecuador-con-vuelo-entre-lima-y-quito\/"]}]},{"@type":"ImageObject","inLanguage":"es","@id":"https:\/\/aeronoticias.com.pe\/noticiero\/transporte-aereo\/jetsmart-abrio-operaciones-en-ecuador-con-vuelo-entre-lima-y-quito\/#primaryimage","url":"https:\/\/aeronoticias.com.pe\/noticiero\/wp-content\/uploads\/2024\/03\/jet.jpg","contentUrl":"https:\/\/aeronoticias.com.pe\/noticiero\/wp-content\/uploads\/2024\/03\/jet.jpg","width":576,"height":321},{"@type":"BreadcrumbList","@id":"https:\/\/aeronoticias.com.pe\/noticiero\/transporte-aereo\/jetsmart-abrio-operaciones-en-ecuador-con-vuelo-entre-lima-y-quito\/#breadcrumb","itemListElement":[{"@type":"ListItem","position":1,"name":"Portada","item":"https:\/\/aeronoticias.com.pe\/noticiero\/"},{"@type":"ListItem","position":2,"name":"JetSmart abri\u00f3 operaciones en Ecuador con vuelo entre Lima y Quito"}]},{"@type":"WebSite","@id":"https:\/\/aeronoticias.com.pe\/noticiero\/#website","url":"https:\/\/aeronoticias.com.pe\/noticiero\/","name":"Aeronoticias.com.pe","description":"Noticias de tranporte aereo, turismo, hoteles, gastronomia, actualidad, internacional","potentialAction":[{"@type":"SearchAction","target":{"@type":"EntryPoint","urlTemplate":"https:\/\/aeronoticias.com.pe\/noticiero\/?s={search_term_string}"},"query-input":{"@type":"PropertyValueSpecification","valueRequired":true,"valueName":"search_term_string"}}],"inLanguage":"es"},{"@type":"Person","@id":"https:\/\/aeronoticias.com.pe\/noticiero\/#\/schema\/person\/16212a617c73f78916b13194154243bd","name":"Redacci\u00f3n","sameAs":["http:\/\/Redacci\u00f3n"],"url":"https:\/\/aeronoticias.com.pe\/noticiero\/author\/celeste\/"}]}},"_links":{"self":[{"href":"https:\/\/aeronoticias.com.pe\/noticiero\/wp-json\/wp\/v2\/posts\/89594","targetHints":{"allow":["GET"]}}],"collection":[{"href":"https:\/\/aeronoticias.com.pe\/noticiero\/wp-json\/wp\/v2\/posts"}],"about":[{"href":"https:\/\/aeronoticias.com.pe\/noticiero\/wp-json\/wp\/v2\/types\/post"}],"author":[{"embeddable":true,"href":"https:\/\/aeronoticias.com.pe\/noticiero\/wp-json\/wp\/v2\/users\/3"}],"replies":[{"embeddable":true,"href":"https:\/\/aeronoticias.com.pe\/noticiero\/wp-json\/wp\/v2\/comments?post=89594"}],"version-history":[{"count":0,"href":"https:\/\/aeronoticias.com.pe\/noticiero\/wp-json\/wp\/v2\/posts\/89594\/revisions"}],"wp:featuredmedia":[{"embeddable":true,"href":"https:\/\/aeronoticias.com.pe\/noticiero\/wp-json\/wp\/v2\/media\/89595"}],"wp:attachment":[{"href":"https:\/\/aeronoticias.com.pe\/noticiero\/wp-json\/wp\/v2\/media?parent=89594"}],"wp:term":[{"taxonomy":"category","embeddable":true,"href":"https:\/\/aeronoticias.com.pe\/noticiero\/wp-json\/wp\/v2\/categories?post=89594"},{"taxonomy":"post_tag","embeddable":true,"href":"https:\/\/aeronoticias.com.pe\/noticiero\/wp-json\/wp\/v2\/tags?post=89594"}],"curies":[{"name":"wp","href":"https:\/\/api.w.org\/{rel}","templated":true}]}}