{"id":89748,"date":"2024-03-20T15:33:37","date_gmt":"2024-03-20T20:33:37","guid":{"rendered":"https:\/\/aeronoticias.com.pe\/noticiero\/?p=89748"},"modified":"2024-03-20T15:33:48","modified_gmt":"2024-03-20T20:33:48","slug":"beca-latam-premia-a-dos-nuevas-jovenes-en-su-segunda-edicion-para-que-mas-mujeres-se-inserten-en-la-industria-aeronautica","status":"publish","type":"post","link":"https:\/\/aeronoticias.com.pe\/noticiero\/transporte-aereo\/beca-latam-premia-a-dos-nuevas-jovenes-en-su-segunda-edicion-para-que-mas-mujeres-se-inserten-en-la-industria-aeronautica\/","title":{"rendered":"\u201cBeca LATAM\u201d premia a dos nuevas j\u00f3venes en su segunda edici\u00f3n para que m\u00e1s mujeres se inserten en la industria aeron\u00e1utica"},"content":{"rendered":"\n<p><strong>(Aeronoticias)<\/strong>: En l\u00ednea con sus avances en inclusi\u00f3n y diversidad, LATAM Airlines Per\u00fa, entreg\u00f3 su \u201cBeca LATAM\u201d a dos nuevas estudiantes que podr\u00e1n acceder a estudios especializados en aeron\u00e1utica en TECSUP durante el 2024.<\/p>\n\n\n\n<p>Valerie Armejo Quica\u00f1o e Itati Koralagamage Castillo, ambas estudiantes de diecisiete a\u00f1os de edad, pertenecientes a las ciudades de Pisco y Lima, respectivamente, fueron las dos receptoras de esta segunda edici\u00f3n de la Beca LATAM, un iniciativa que cubre al 50% los costos acad\u00e9micos para que ambas estudien las carreras de Avi\u00f3nica y Mec\u00e1nica Aeron\u00e1utica en el instituto superior TECSUP.<\/p>\n\n\n\n<p>Con esta beca, la aerol\u00ednea promueve la inserci\u00f3n de m\u00e1s talento femenino en la industria aeron\u00e1utica permitiendo que estudiantes egresadas de colegios p\u00fablicos y privados puedan insertarse a un mercado desafiante y altamente competitivo.<\/p>\n\n\n\n<p>La Beca LATAM, que inici\u00f3 el a\u00f1o pasado con sus primeras becarias, no solo cubre el 50% de los gastos acad\u00e9micos de ambas estudiantes durante tres a\u00f1os (del 1ro al 6to ciclo, consecutivamente) sino que incluye adem\u00e1s la matr\u00edcula de ambas receptoras, quienes son elegidas despu\u00e9s de un riguroso proceso de postulaci\u00f3n que incluye entrevistas con las postulantes y un examen de conocimientos.<\/p>\n\n\n\n<p>\u201cEsta es la segunda vez que ponemos nuestro grano de arena en la reducci\u00f3n de la brecha de g\u00e9nero que existe a\u00fan en nuestra industria, particularmente en espacios t\u00e9cnicos especializados como las \u00e1reas de operaciones y mantenimiento aeron\u00e1utico. Con Beca LATAM, celebramos a aquellas j\u00f3venes que quieren volar alto y marcar una diferencia en el pa\u00eds. Es un privilegio continuar con esta iniciativa, y celebrar con estas chicas, el que LATAM cumple 25 a\u00f1os volando hacia el Per\u00fa que so\u00f1amos\u201d, asegur\u00f3 Esteban Luconi, Gerente de Mantenimiento de LATAM Airlines Per\u00fa presente en la ceremonia de reconocimiento.<\/p>\n\n\n\n<p>\u201cBeca LATAM\u201d fortalece el compromiso que tiene la aerol\u00ednea nacional de acercar la industria aeron\u00e1utica a diferentes sectores formativos, sumando la experiencia de un aliado estrat\u00e9gico de excelente nivel, como es TECSUP, en el marco de su pol\u00edtica de inclusi\u00f3n y diversidad.<\/p>\n\n\n\n<p>Las dos becarias iniciar\u00e1n sus estudios el pr\u00f3ximo 25 de marzo.<\/p>\n\n\n\n<p><strong>Fuente: aerolatinnews.com<\/strong><\/p>\n","protected":false},"excerpt":{"rendered":"<p>(Aeronoticias): En l\u00ednea con sus avances en inclusi\u00f3n y diversidad, LATAM Airlines Per\u00fa, entreg\u00f3 su \u201cBeca LATAM\u201d a dos nuevas estudiantes que podr\u00e1n acceder a estudios especializados en aeron\u00e1utica en TECSUP durante el 2024. Valerie Armejo Quica\u00f1o e Itati Koralagamage Castillo, ambas estudiantes de diecisiete a\u00f1os de edad, pertenecientes a las ciudades de Pisco y [&hellip;]<\/p>\n","protected":false},"author":3,"featured_media":89749,"comment_status":"open","ping_status":"open","sticky":false,"template":"","format":"standard","meta":{"tdm_status":"","tdm_grid_status":"","footnotes":""},"categories":[32,11],"tags":[4973,102],"class_list":{"0":"post-89748","1":"post","2":"type-post","3":"status-publish","4":"format-standard","5":"has-post-thumbnail","7":"category-internacional","8":"category-transporte-aereo","9":"tag-industria-aenautica","10":"tag-latam"},"yoast_head":"<!-- This site is optimized with the Yoast SEO plugin v25.1 - https:\/\/yoast.com\/wordpress\/plugins\/seo\/ -->\n<title>\u201cBeca LATAM\u201d premia a dos nuevas j\u00f3venes en su segunda edici\u00f3n para que m\u00e1s mujeres se inserten en la industria aeron\u00e1utica<\/title>\n<meta name=\"description\" content=\"Portal de noticias del Per\u00fa sobre el transporte a\u00e9reo, aviaci\u00f3n, turismo, hoteleria, actualidad.\" \/>\n<meta name=\"robots\" content=\"index, follow, max-snippet:-1, max-image-preview:large, max-video-preview:-1\" \/>\n<link rel=\"canonical\" href=\"https:\/\/aeronoticias.com.pe\/noticiero\/transporte-aereo\/beca-latam-premia-a-dos-nuevas-jovenes-en-su-segunda-edicion-para-que-mas-mujeres-se-inserten-en-la-industria-aeronautica\/\" \/>\n<meta property=\"og:locale\" content=\"es_ES\" \/>\n<meta property=\"og:type\" content=\"article\" \/>\n<meta property=\"og:title\" content=\"\u201cBeca LATAM\u201d premia a dos nuevas j\u00f3venes en su segunda edici\u00f3n para que m\u00e1s mujeres se inserten en la industria aeron\u00e1utica\" \/>\n<meta property=\"og:description\" content=\"Portal de noticias del Per\u00fa sobre el transporte a\u00e9reo, aviaci\u00f3n, turismo, hoteleria, actualidad.\" \/>\n<meta property=\"og:url\" content=\"https:\/\/aeronoticias.com.pe\/noticiero\/transporte-aereo\/beca-latam-premia-a-dos-nuevas-jovenes-en-su-segunda-edicion-para-que-mas-mujeres-se-inserten-en-la-industria-aeronautica\/\" \/>\n<meta property=\"og:site_name\" content=\"Aeronoticias.com.pe\" \/>\n<meta property=\"article:publisher\" content=\"https:\/\/www.facebook.com\/Aeronoticias.com.pe\/\" \/>\n<meta property=\"article:published_time\" content=\"2024-03-20T20:33:37+00:00\" \/>\n<meta property=\"article:modified_time\" content=\"2024-03-20T20:33:48+00:00\" \/>\n<meta property=\"og:image\" content=\"https:\/\/aeronoticias.com.pe\/noticiero\/wp-content\/uploads\/2024\/03\/BECAS.jpeg\" \/>\n\t<meta property=\"og:image:width\" content=\"2048\" \/>\n\t<meta property=\"og:image:height\" content=\"1425\" \/>\n\t<meta property=\"og:image:type\" content=\"image\/jpeg\" \/>\n<meta name=\"author\" content=\"Redacci\u00f3n\" \/>\n<meta name=\"twitter:card\" content=\"summary_large_image\" \/>\n<meta name=\"twitter:creator\" content=\"@aeronoticias\" \/>\n<meta name=\"twitter:site\" content=\"@aeronoticias\" \/>\n<meta name=\"twitter:label1\" content=\"Escrito por\" \/>\n\t<meta name=\"twitter:data1\" content=\"Redacci\u00f3n\" \/>\n\t<meta name=\"twitter:label2\" content=\"Tiempo de lectura\" \/>\n\t<meta name=\"twitter:data2\" content=\"2 minutos\" \/>\n<script type=\"application\/ld+json\" class=\"yoast-schema-graph\">{\"@context\":\"https:\/\/schema.org\",\"@graph\":[{\"@type\":\"WebPage\",\"@id\":\"https:\/\/aeronoticias.com.pe\/noticiero\/transporte-aereo\/beca-latam-premia-a-dos-nuevas-jovenes-en-su-segunda-edicion-para-que-mas-mujeres-se-inserten-en-la-industria-aeronautica\/\",\"url\":\"https:\/\/aeronoticias.com.pe\/noticiero\/transporte-aereo\/beca-latam-premia-a-dos-nuevas-jovenes-en-su-segunda-edicion-para-que-mas-mujeres-se-inserten-en-la-industria-aeronautica\/\",\"name\":\"\u201cBeca LATAM\u201d premia a dos nuevas j\u00f3venes en su segunda edici\u00f3n para que m\u00e1s mujeres se inserten en la industria aeron\u00e1utica\",\"isPartOf\":{\"@id\":\"https:\/\/aeronoticias.com.pe\/noticiero\/#website\"},\"primaryImageOfPage\":{\"@id\":\"https:\/\/aeronoticias.com.pe\/noticiero\/transporte-aereo\/beca-latam-premia-a-dos-nuevas-jovenes-en-su-segunda-edicion-para-que-mas-mujeres-se-inserten-en-la-industria-aeronautica\/#primaryimage\"},\"image\":{\"@id\":\"https:\/\/aeronoticias.com.pe\/noticiero\/transporte-aereo\/beca-latam-premia-a-dos-nuevas-jovenes-en-su-segunda-edicion-para-que-mas-mujeres-se-inserten-en-la-industria-aeronautica\/#primaryimage\"},\"thumbnailUrl\":\"https:\/\/aeronoticias.com.pe\/noticiero\/wp-content\/uploads\/2024\/03\/BECAS.jpeg\",\"datePublished\":\"2024-03-20T20:33:37+00:00\",\"dateModified\":\"2024-03-20T20:33:48+00:00\",\"author\":{\"@id\":\"https:\/\/aeronoticias.com.pe\/noticiero\/#\/schema\/person\/16212a617c73f78916b13194154243bd\"},\"description\":\"Portal de noticias del Per\u00fa sobre el transporte a\u00e9reo, aviaci\u00f3n, turismo, hoteleria, actualidad.\",\"breadcrumb\":{\"@id\":\"https:\/\/aeronoticias.com.pe\/noticiero\/transporte-aereo\/beca-latam-premia-a-dos-nuevas-jovenes-en-su-segunda-edicion-para-que-mas-mujeres-se-inserten-en-la-industria-aeronautica\/#breadcrumb\"},\"inLanguage\":\"es\",\"potentialAction\":[{\"@type\":\"ReadAction\",\"target\":[\"https:\/\/aeronoticias.com.pe\/noticiero\/transporte-aereo\/beca-latam-premia-a-dos-nuevas-jovenes-en-su-segunda-edicion-para-que-mas-mujeres-se-inserten-en-la-industria-aeronautica\/\"]}]},{\"@type\":\"ImageObject\",\"inLanguage\":\"es\",\"@id\":\"https:\/\/aeronoticias.com.pe\/noticiero\/transporte-aereo\/beca-latam-premia-a-dos-nuevas-jovenes-en-su-segunda-edicion-para-que-mas-mujeres-se-inserten-en-la-industria-aeronautica\/#primaryimage\",\"url\":\"https:\/\/aeronoticias.com.pe\/noticiero\/wp-content\/uploads\/2024\/03\/BECAS.jpeg\",\"contentUrl\":\"https:\/\/aeronoticias.com.pe\/noticiero\/wp-content\/uploads\/2024\/03\/BECAS.jpeg\",\"width\":2048,\"height\":1425},{\"@type\":\"BreadcrumbList\",\"@id\":\"https:\/\/aeronoticias.com.pe\/noticiero\/transporte-aereo\/beca-latam-premia-a-dos-nuevas-jovenes-en-su-segunda-edicion-para-que-mas-mujeres-se-inserten-en-la-industria-aeronautica\/#breadcrumb\",\"itemListElement\":[{\"@type\":\"ListItem\",\"position\":1,\"name\":\"Portada\",\"item\":\"https:\/\/aeronoticias.com.pe\/noticiero\/\"},{\"@type\":\"ListItem\",\"position\":2,\"name\":\"\u201cBeca LATAM\u201d premia a dos nuevas j\u00f3venes en su segunda edici\u00f3n para que m\u00e1s mujeres se inserten en la industria aeron\u00e1utica\"}]},{\"@type\":\"WebSite\",\"@id\":\"https:\/\/aeronoticias.com.pe\/noticiero\/#website\",\"url\":\"https:\/\/aeronoticias.com.pe\/noticiero\/\",\"name\":\"Aeronoticias.com.pe\",\"description\":\"Noticias de tranporte aereo, turismo, hoteles, gastronomia, actualidad, internacional\",\"potentialAction\":[{\"@type\":\"SearchAction\",\"target\":{\"@type\":\"EntryPoint\",\"urlTemplate\":\"https:\/\/aeronoticias.com.pe\/noticiero\/?s={search_term_string}\"},\"query-input\":{\"@type\":\"PropertyValueSpecification\",\"valueRequired\":true,\"valueName\":\"search_term_string\"}}],\"inLanguage\":\"es\"},{\"@type\":\"Person\",\"@id\":\"https:\/\/aeronoticias.com.pe\/noticiero\/#\/schema\/person\/16212a617c73f78916b13194154243bd\",\"name\":\"Redacci\u00f3n\",\"sameAs\":[\"http:\/\/Redacci\u00f3n\"],\"url\":\"https:\/\/aeronoticias.com.pe\/noticiero\/author\/celeste\/\"}]}<\/script>\n<!-- \/ Yoast SEO plugin. -->","yoast_head_json":{"title":"\u201cBeca LATAM\u201d premia a dos nuevas j\u00f3venes en su segunda edici\u00f3n para que m\u00e1s mujeres se inserten en la industria aeron\u00e1utica","description":"Portal de noticias del Per\u00fa sobre el transporte a\u00e9reo, aviaci\u00f3n, turismo, hoteleria, actualidad.","robots":{"index":"index","follow":"follow","max-snippet":"max-snippet:-1","max-image-preview":"max-image-preview:large","max-video-preview":"max-video-preview:-1"},"canonical":"https:\/\/aeronoticias.com.pe\/noticiero\/transporte-aereo\/beca-latam-premia-a-dos-nuevas-jovenes-en-su-segunda-edicion-para-que-mas-mujeres-se-inserten-en-la-industria-aeronautica\/","og_locale":"es_ES","og_type":"article","og_title":"\u201cBeca LATAM\u201d premia a dos nuevas j\u00f3venes en su segunda edici\u00f3n para que m\u00e1s mujeres se inserten en la industria aeron\u00e1utica","og_description":"Portal de noticias del Per\u00fa sobre el transporte a\u00e9reo, aviaci\u00f3n, turismo, hoteleria, actualidad.","og_url":"https:\/\/aeronoticias.com.pe\/noticiero\/transporte-aereo\/beca-latam-premia-a-dos-nuevas-jovenes-en-su-segunda-edicion-para-que-mas-mujeres-se-inserten-en-la-industria-aeronautica\/","og_site_name":"Aeronoticias.com.pe","article_publisher":"https:\/\/www.facebook.com\/Aeronoticias.com.pe\/","article_published_time":"2024-03-20T20:33:37+00:00","article_modified_time":"2024-03-20T20:33:48+00:00","og_image":[{"width":2048,"height":1425,"url":"https:\/\/aeronoticias.com.pe\/noticiero\/wp-content\/uploads\/2024\/03\/BECAS.jpeg","type":"image\/jpeg"}],"author":"Redacci\u00f3n","twitter_card":"summary_large_image","twitter_creator":"@aeronoticias","twitter_site":"@aeronoticias","twitter_misc":{"Escrito por":"Redacci\u00f3n","Tiempo de lectura":"2 minutos"},"schema":{"@context":"https:\/\/schema.org","@graph":[{"@type":"WebPage","@id":"https:\/\/aeronoticias.com.pe\/noticiero\/transporte-aereo\/beca-latam-premia-a-dos-nuevas-jovenes-en-su-segunda-edicion-para-que-mas-mujeres-se-inserten-en-la-industria-aeronautica\/","url":"https:\/\/aeronoticias.com.pe\/noticiero\/transporte-aereo\/beca-latam-premia-a-dos-nuevas-jovenes-en-su-segunda-edicion-para-que-mas-mujeres-se-inserten-en-la-industria-aeronautica\/","name":"\u201cBeca LATAM\u201d premia a dos nuevas j\u00f3venes en su segunda edici\u00f3n para que m\u00e1s mujeres se inserten en la industria aeron\u00e1utica","isPartOf":{"@id":"https:\/\/aeronoticias.com.pe\/noticiero\/#website"},"primaryImageOfPage":{"@id":"https:\/\/aeronoticias.com.pe\/noticiero\/transporte-aereo\/beca-latam-premia-a-dos-nuevas-jovenes-en-su-segunda-edicion-para-que-mas-mujeres-se-inserten-en-la-industria-aeronautica\/#primaryimage"},"image":{"@id":"https:\/\/aeronoticias.com.pe\/noticiero\/transporte-aereo\/beca-latam-premia-a-dos-nuevas-jovenes-en-su-segunda-edicion-para-que-mas-mujeres-se-inserten-en-la-industria-aeronautica\/#primaryimage"},"thumbnailUrl":"https:\/\/aeronoticias.com.pe\/noticiero\/wp-content\/uploads\/2024\/03\/BECAS.jpeg","datePublished":"2024-03-20T20:33:37+00:00","dateModified":"2024-03-20T20:33:48+00:00","author":{"@id":"https:\/\/aeronoticias.com.pe\/noticiero\/#\/schema\/person\/16212a617c73f78916b13194154243bd"},"description":"Portal de noticias del Per\u00fa sobre el transporte a\u00e9reo, aviaci\u00f3n, turismo, hoteleria, actualidad.","breadcrumb":{"@id":"https:\/\/aeronoticias.com.pe\/noticiero\/transporte-aereo\/beca-latam-premia-a-dos-nuevas-jovenes-en-su-segunda-edicion-para-que-mas-mujeres-se-inserten-en-la-industria-aeronautica\/#breadcrumb"},"inLanguage":"es","potentialAction":[{"@type":"ReadAction","target":["https:\/\/aeronoticias.com.pe\/noticiero\/transporte-aereo\/beca-latam-premia-a-dos-nuevas-jovenes-en-su-segunda-edicion-para-que-mas-mujeres-se-inserten-en-la-industria-aeronautica\/"]}]},{"@type":"ImageObject","inLanguage":"es","@id":"https:\/\/aeronoticias.com.pe\/noticiero\/transporte-aereo\/beca-latam-premia-a-dos-nuevas-jovenes-en-su-segunda-edicion-para-que-mas-mujeres-se-inserten-en-la-industria-aeronautica\/#primaryimage","url":"https:\/\/aeronoticias.com.pe\/noticiero\/wp-content\/uploads\/2024\/03\/BECAS.jpeg","contentUrl":"https:\/\/aeronoticias.com.pe\/noticiero\/wp-content\/uploads\/2024\/03\/BECAS.jpeg","width":2048,"height":1425},{"@type":"BreadcrumbList","@id":"https:\/\/aeronoticias.com.pe\/noticiero\/transporte-aereo\/beca-latam-premia-a-dos-nuevas-jovenes-en-su-segunda-edicion-para-que-mas-mujeres-se-inserten-en-la-industria-aeronautica\/#breadcrumb","itemListElement":[{"@type":"ListItem","position":1,"name":"Portada","item":"https:\/\/aeronoticias.com.pe\/noticiero\/"},{"@type":"ListItem","position":2,"name":"\u201cBeca LATAM\u201d premia a dos nuevas j\u00f3venes en su segunda edici\u00f3n para que m\u00e1s mujeres se inserten en la industria aeron\u00e1utica"}]},{"@type":"WebSite","@id":"https:\/\/aeronoticias.com.pe\/noticiero\/#website","url":"https:\/\/aeronoticias.com.pe\/noticiero\/","name":"Aeronoticias.com.pe","description":"Noticias de tranporte aereo, turismo, hoteles, gastronomia, actualidad, internacional","potentialAction":[{"@type":"SearchAction","target":{"@type":"EntryPoint","urlTemplate":"https:\/\/aeronoticias.com.pe\/noticiero\/?s={search_term_string}"},"query-input":{"@type":"PropertyValueSpecification","valueRequired":true,"valueName":"search_term_string"}}],"inLanguage":"es"},{"@type":"Person","@id":"https:\/\/aeronoticias.com.pe\/noticiero\/#\/schema\/person\/16212a617c73f78916b13194154243bd","name":"Redacci\u00f3n","sameAs":["http:\/\/Redacci\u00f3n"],"url":"https:\/\/aeronoticias.com.pe\/noticiero\/author\/celeste\/"}]}},"_links":{"self":[{"href":"https:\/\/aeronoticias.com.pe\/noticiero\/wp-json\/wp\/v2\/posts\/89748","targetHints":{"allow":["GET"]}}],"collection":[{"href":"https:\/\/aeronoticias.com.pe\/noticiero\/wp-json\/wp\/v2\/posts"}],"about":[{"href":"https:\/\/aeronoticias.com.pe\/noticiero\/wp-json\/wp\/v2\/types\/post"}],"author":[{"embeddable":true,"href":"https:\/\/aeronoticias.com.pe\/noticiero\/wp-json\/wp\/v2\/users\/3"}],"replies":[{"embeddable":true,"href":"https:\/\/aeronoticias.com.pe\/noticiero\/wp-json\/wp\/v2\/comments?post=89748"}],"version-history":[{"count":0,"href":"https:\/\/aeronoticias.com.pe\/noticiero\/wp-json\/wp\/v2\/posts\/89748\/revisions"}],"wp:featuredmedia":[{"embeddable":true,"href":"https:\/\/aeronoticias.com.pe\/noticiero\/wp-json\/wp\/v2\/media\/89749"}],"wp:attachment":[{"href":"https:\/\/aeronoticias.com.pe\/noticiero\/wp-json\/wp\/v2\/media?parent=89748"}],"wp:term":[{"taxonomy":"category","embeddable":true,"href":"https:\/\/aeronoticias.com.pe\/noticiero\/wp-json\/wp\/v2\/categories?post=89748"},{"taxonomy":"post_tag","embeddable":true,"href":"https:\/\/aeronoticias.com.pe\/noticiero\/wp-json\/wp\/v2\/tags?post=89748"}],"curies":[{"name":"wp","href":"https:\/\/api.w.org\/{rel}","templated":true}]}}