{"id":89751,"date":"2024-03-20T15:38:23","date_gmt":"2024-03-20T20:38:23","guid":{"rendered":"https:\/\/aeronoticias.com.pe\/noticiero\/?p=89751"},"modified":"2024-03-20T15:38:26","modified_gmt":"2024-03-20T20:38:26","slug":"jetblue-dejara-de-volar-a-peru-en-junio-tras-10-anos-de-vuelos-entre-lima-y-fort-lauderdale","status":"publish","type":"post","link":"https:\/\/aeronoticias.com.pe\/noticiero\/ultimas\/1\/jetblue-dejara-de-volar-a-peru-en-junio-tras-10-anos-de-vuelos-entre-lima-y-fort-lauderdale\/","title":{"rendered":"JetBlue dejar\u00e1 de volar a Per\u00fa en junio tras 10 a\u00f1os de vuelos entre Lima y Fort Lauderdale"},"content":{"rendered":"\n<p><strong>(Aenoticias)<\/strong>: JetBlue recortar\u00e1 varias rutas y frecuencias tanto a nivel nacional como internacional, afectando a tres mercados clave en Sudam\u00e9rica.<\/p>\n\n\n\n<p>A partir del 13 de junio, jetBlue cancelar\u00e1 sus operaciones en Kansas City (MCI); Bogot\u00e1 (BOG), Colombia; Quito (UIO) en Quito, Ecuador; y en Lima (LIM), Per\u00fa.<\/p>\n\n\n\n<p>Jetblue opera vuelos entre Lima y Fort Lauderdale desde finales del a\u00f1o 2013 y solo suspendi\u00f3 vuelos en esta ruta durante el primer a\u00f1o de la pandemia de Covid-19.<\/p>\n\n\n\n<p>En la web de la aerol\u00ednea ya solo se encuentran vuelos entre Lima y Fort Lauderdale hasta el 12 de junio.<\/p>\n\n\n\n<p>La aerol\u00ednea continuar\u00e1 volando en Sudam\u00e9rica volando desde Fort Lauderdale a Guayaquil y Medell\u00edn; como as\u00ed tambi\u00e9n Nueva York con Georgetown, Guayaquil y Cartagena.<\/p>\n\n\n\n<p>Adem\u00e1s, Jetblue tambi\u00e9n recortar\u00e1 varias rutas desde Los \u00c1ngeles (LAX) hacia destinos como Las Vegas (LAS), Miami (MIA), Reno-Tahoe (RNO), San Francisco (SFO) y Seattle-Tacoma (SEA), Liberia (LIR) en Costa Rica, Canc\u00fan (CUN) y Puerto Vallarta (PVR) en M\u00e9xico. Estos ajustes se deben a la falta de slots suficientes en LAX y a la dependencia prevista de la fusi\u00f3n con Spirit Airlines.<\/p>\n\n\n\n<p><strong>Fuente: notitransportes.com<\/strong><\/p>\n","protected":false},"excerpt":{"rendered":"<p>(Aenoticias): JetBlue recortar\u00e1 varias rutas y frecuencias tanto a nivel nacional como internacional, afectando a tres mercados clave en Sudam\u00e9rica. A partir del 13 de junio, jetBlue cancelar\u00e1 sus operaciones en Kansas City (MCI); Bogot\u00e1 (BOG), Colombia; Quito (UIO) en Quito, Ecuador; y en Lima (LIM), Per\u00fa. Jetblue opera vuelos entre Lima y Fort Lauderdale [&hellip;]<\/p>\n","protected":false},"author":3,"featured_media":89752,"comment_status":"open","ping_status":"open","sticky":false,"template":"","format":"standard","meta":{"tdm_status":"","tdm_grid_status":"","footnotes":""},"categories":[8,30],"tags":[179],"class_list":{"0":"post-89751","1":"post","2":"type-post","3":"status-publish","4":"format-standard","5":"has-post-thumbnail","7":"category-ultimas","8":"category-30","9":"tag-peru-2"},"yoast_head":"<!-- This site is optimized with the Yoast SEO plugin v25.1 - https:\/\/yoast.com\/wordpress\/plugins\/seo\/ -->\n<title>JetBlue dejar\u00e1 de volar a Per\u00fa en junio tras 10 a\u00f1os de vuelos entre Lima y Fort Lauderdale<\/title>\n<meta name=\"description\" content=\"En la web de la aerol\u00ednea ya solo se encuentran vuelos entre Lima y Fort Lauderdale hasta el 12 de junio.\" \/>\n<meta name=\"robots\" content=\"index, follow, max-snippet:-1, max-image-preview:large, max-video-preview:-1\" \/>\n<link rel=\"canonical\" href=\"https:\/\/aeronoticias.com.pe\/noticiero\/ultimas\/1\/jetblue-dejara-de-volar-a-peru-en-junio-tras-10-anos-de-vuelos-entre-lima-y-fort-lauderdale\/\" \/>\n<meta property=\"og:locale\" content=\"es_ES\" \/>\n<meta property=\"og:type\" content=\"article\" \/>\n<meta property=\"og:title\" content=\"JetBlue dejar\u00e1 de volar a Per\u00fa en junio tras 10 a\u00f1os de vuelos entre Lima y Fort Lauderdale\" \/>\n<meta property=\"og:description\" content=\"En la web de la aerol\u00ednea ya solo se encuentran vuelos entre Lima y Fort Lauderdale hasta el 12 de junio.\" \/>\n<meta property=\"og:url\" content=\"https:\/\/aeronoticias.com.pe\/noticiero\/ultimas\/1\/jetblue-dejara-de-volar-a-peru-en-junio-tras-10-anos-de-vuelos-entre-lima-y-fort-lauderdale\/\" \/>\n<meta property=\"og:site_name\" content=\"Aeronoticias.com.pe\" \/>\n<meta property=\"article:publisher\" content=\"https:\/\/www.facebook.com\/Aeronoticias.com.pe\/\" \/>\n<meta property=\"article:published_time\" content=\"2024-03-20T20:38:23+00:00\" \/>\n<meta property=\"article:modified_time\" content=\"2024-03-20T20:38:26+00:00\" \/>\n<meta property=\"og:image\" content=\"https:\/\/aeronoticias.com.pe\/noticiero\/wp-content\/uploads\/2024\/03\/jet-2.jpg\" \/>\n\t<meta property=\"og:image:width\" content=\"1023\" \/>\n\t<meta property=\"og:image:height\" content=\"575\" \/>\n\t<meta property=\"og:image:type\" content=\"image\/jpeg\" \/>\n<meta name=\"author\" content=\"Redacci\u00f3n\" \/>\n<meta name=\"twitter:card\" content=\"summary_large_image\" \/>\n<meta name=\"twitter:creator\" content=\"@aeronoticias\" \/>\n<meta name=\"twitter:site\" content=\"@aeronoticias\" \/>\n<meta name=\"twitter:label1\" content=\"Escrito por\" \/>\n\t<meta name=\"twitter:data1\" content=\"Redacci\u00f3n\" \/>\n\t<meta name=\"twitter:label2\" content=\"Tiempo de lectura\" \/>\n\t<meta name=\"twitter:data2\" content=\"1 minuto\" \/>\n<script type=\"application\/ld+json\" class=\"yoast-schema-graph\">{\"@context\":\"https:\/\/schema.org\",\"@graph\":[{\"@type\":\"WebPage\",\"@id\":\"https:\/\/aeronoticias.com.pe\/noticiero\/ultimas\/1\/jetblue-dejara-de-volar-a-peru-en-junio-tras-10-anos-de-vuelos-entre-lima-y-fort-lauderdale\/\",\"url\":\"https:\/\/aeronoticias.com.pe\/noticiero\/ultimas\/1\/jetblue-dejara-de-volar-a-peru-en-junio-tras-10-anos-de-vuelos-entre-lima-y-fort-lauderdale\/\",\"name\":\"JetBlue dejar\u00e1 de volar a Per\u00fa en junio tras 10 a\u00f1os de vuelos entre Lima y Fort Lauderdale\",\"isPartOf\":{\"@id\":\"https:\/\/aeronoticias.com.pe\/noticiero\/#website\"},\"primaryImageOfPage\":{\"@id\":\"https:\/\/aeronoticias.com.pe\/noticiero\/ultimas\/1\/jetblue-dejara-de-volar-a-peru-en-junio-tras-10-anos-de-vuelos-entre-lima-y-fort-lauderdale\/#primaryimage\"},\"image\":{\"@id\":\"https:\/\/aeronoticias.com.pe\/noticiero\/ultimas\/1\/jetblue-dejara-de-volar-a-peru-en-junio-tras-10-anos-de-vuelos-entre-lima-y-fort-lauderdale\/#primaryimage\"},\"thumbnailUrl\":\"https:\/\/aeronoticias.com.pe\/noticiero\/wp-content\/uploads\/2024\/03\/jet-2.jpg\",\"datePublished\":\"2024-03-20T20:38:23+00:00\",\"dateModified\":\"2024-03-20T20:38:26+00:00\",\"author\":{\"@id\":\"https:\/\/aeronoticias.com.pe\/noticiero\/#\/schema\/person\/16212a617c73f78916b13194154243bd\"},\"description\":\"En la web de la aerol\u00ednea ya solo se encuentran vuelos entre Lima y Fort Lauderdale hasta el 12 de junio.\",\"breadcrumb\":{\"@id\":\"https:\/\/aeronoticias.com.pe\/noticiero\/ultimas\/1\/jetblue-dejara-de-volar-a-peru-en-junio-tras-10-anos-de-vuelos-entre-lima-y-fort-lauderdale\/#breadcrumb\"},\"inLanguage\":\"es\",\"potentialAction\":[{\"@type\":\"ReadAction\",\"target\":[\"https:\/\/aeronoticias.com.pe\/noticiero\/ultimas\/1\/jetblue-dejara-de-volar-a-peru-en-junio-tras-10-anos-de-vuelos-entre-lima-y-fort-lauderdale\/\"]}]},{\"@type\":\"ImageObject\",\"inLanguage\":\"es\",\"@id\":\"https:\/\/aeronoticias.com.pe\/noticiero\/ultimas\/1\/jetblue-dejara-de-volar-a-peru-en-junio-tras-10-anos-de-vuelos-entre-lima-y-fort-lauderdale\/#primaryimage\",\"url\":\"https:\/\/aeronoticias.com.pe\/noticiero\/wp-content\/uploads\/2024\/03\/jet-2.jpg\",\"contentUrl\":\"https:\/\/aeronoticias.com.pe\/noticiero\/wp-content\/uploads\/2024\/03\/jet-2.jpg\",\"width\":1023,\"height\":575},{\"@type\":\"BreadcrumbList\",\"@id\":\"https:\/\/aeronoticias.com.pe\/noticiero\/ultimas\/1\/jetblue-dejara-de-volar-a-peru-en-junio-tras-10-anos-de-vuelos-entre-lima-y-fort-lauderdale\/#breadcrumb\",\"itemListElement\":[{\"@type\":\"ListItem\",\"position\":1,\"name\":\"Portada\",\"item\":\"https:\/\/aeronoticias.com.pe\/noticiero\/\"},{\"@type\":\"ListItem\",\"position\":2,\"name\":\"JetBlue dejar\u00e1 de volar a Per\u00fa en junio tras 10 a\u00f1os de vuelos entre Lima y Fort Lauderdale\"}]},{\"@type\":\"WebSite\",\"@id\":\"https:\/\/aeronoticias.com.pe\/noticiero\/#website\",\"url\":\"https:\/\/aeronoticias.com.pe\/noticiero\/\",\"name\":\"Aeronoticias.com.pe\",\"description\":\"Noticias de tranporte aereo, turismo, hoteles, gastronomia, actualidad, internacional\",\"potentialAction\":[{\"@type\":\"SearchAction\",\"target\":{\"@type\":\"EntryPoint\",\"urlTemplate\":\"https:\/\/aeronoticias.com.pe\/noticiero\/?s={search_term_string}\"},\"query-input\":{\"@type\":\"PropertyValueSpecification\",\"valueRequired\":true,\"valueName\":\"search_term_string\"}}],\"inLanguage\":\"es\"},{\"@type\":\"Person\",\"@id\":\"https:\/\/aeronoticias.com.pe\/noticiero\/#\/schema\/person\/16212a617c73f78916b13194154243bd\",\"name\":\"Redacci\u00f3n\",\"sameAs\":[\"http:\/\/Redacci\u00f3n\"],\"url\":\"https:\/\/aeronoticias.com.pe\/noticiero\/author\/celeste\/\"}]}<\/script>\n<!-- \/ Yoast SEO plugin. -->","yoast_head_json":{"title":"JetBlue dejar\u00e1 de volar a Per\u00fa en junio tras 10 a\u00f1os de vuelos entre Lima y Fort Lauderdale","description":"En la web de la aerol\u00ednea ya solo se encuentran vuelos entre Lima y Fort Lauderdale hasta el 12 de junio.","robots":{"index":"index","follow":"follow","max-snippet":"max-snippet:-1","max-image-preview":"max-image-preview:large","max-video-preview":"max-video-preview:-1"},"canonical":"https:\/\/aeronoticias.com.pe\/noticiero\/ultimas\/1\/jetblue-dejara-de-volar-a-peru-en-junio-tras-10-anos-de-vuelos-entre-lima-y-fort-lauderdale\/","og_locale":"es_ES","og_type":"article","og_title":"JetBlue dejar\u00e1 de volar a Per\u00fa en junio tras 10 a\u00f1os de vuelos entre Lima y Fort Lauderdale","og_description":"En la web de la aerol\u00ednea ya solo se encuentran vuelos entre Lima y Fort Lauderdale hasta el 12 de junio.","og_url":"https:\/\/aeronoticias.com.pe\/noticiero\/ultimas\/1\/jetblue-dejara-de-volar-a-peru-en-junio-tras-10-anos-de-vuelos-entre-lima-y-fort-lauderdale\/","og_site_name":"Aeronoticias.com.pe","article_publisher":"https:\/\/www.facebook.com\/Aeronoticias.com.pe\/","article_published_time":"2024-03-20T20:38:23+00:00","article_modified_time":"2024-03-20T20:38:26+00:00","og_image":[{"width":1023,"height":575,"url":"https:\/\/aeronoticias.com.pe\/noticiero\/wp-content\/uploads\/2024\/03\/jet-2.jpg","type":"image\/jpeg"}],"author":"Redacci\u00f3n","twitter_card":"summary_large_image","twitter_creator":"@aeronoticias","twitter_site":"@aeronoticias","twitter_misc":{"Escrito por":"Redacci\u00f3n","Tiempo de lectura":"1 minuto"},"schema":{"@context":"https:\/\/schema.org","@graph":[{"@type":"WebPage","@id":"https:\/\/aeronoticias.com.pe\/noticiero\/ultimas\/1\/jetblue-dejara-de-volar-a-peru-en-junio-tras-10-anos-de-vuelos-entre-lima-y-fort-lauderdale\/","url":"https:\/\/aeronoticias.com.pe\/noticiero\/ultimas\/1\/jetblue-dejara-de-volar-a-peru-en-junio-tras-10-anos-de-vuelos-entre-lima-y-fort-lauderdale\/","name":"JetBlue dejar\u00e1 de volar a Per\u00fa en junio tras 10 a\u00f1os de vuelos entre Lima y Fort Lauderdale","isPartOf":{"@id":"https:\/\/aeronoticias.com.pe\/noticiero\/#website"},"primaryImageOfPage":{"@id":"https:\/\/aeronoticias.com.pe\/noticiero\/ultimas\/1\/jetblue-dejara-de-volar-a-peru-en-junio-tras-10-anos-de-vuelos-entre-lima-y-fort-lauderdale\/#primaryimage"},"image":{"@id":"https:\/\/aeronoticias.com.pe\/noticiero\/ultimas\/1\/jetblue-dejara-de-volar-a-peru-en-junio-tras-10-anos-de-vuelos-entre-lima-y-fort-lauderdale\/#primaryimage"},"thumbnailUrl":"https:\/\/aeronoticias.com.pe\/noticiero\/wp-content\/uploads\/2024\/03\/jet-2.jpg","datePublished":"2024-03-20T20:38:23+00:00","dateModified":"2024-03-20T20:38:26+00:00","author":{"@id":"https:\/\/aeronoticias.com.pe\/noticiero\/#\/schema\/person\/16212a617c73f78916b13194154243bd"},"description":"En la web de la aerol\u00ednea ya solo se encuentran vuelos entre Lima y Fort Lauderdale hasta el 12 de junio.","breadcrumb":{"@id":"https:\/\/aeronoticias.com.pe\/noticiero\/ultimas\/1\/jetblue-dejara-de-volar-a-peru-en-junio-tras-10-anos-de-vuelos-entre-lima-y-fort-lauderdale\/#breadcrumb"},"inLanguage":"es","potentialAction":[{"@type":"ReadAction","target":["https:\/\/aeronoticias.com.pe\/noticiero\/ultimas\/1\/jetblue-dejara-de-volar-a-peru-en-junio-tras-10-anos-de-vuelos-entre-lima-y-fort-lauderdale\/"]}]},{"@type":"ImageObject","inLanguage":"es","@id":"https:\/\/aeronoticias.com.pe\/noticiero\/ultimas\/1\/jetblue-dejara-de-volar-a-peru-en-junio-tras-10-anos-de-vuelos-entre-lima-y-fort-lauderdale\/#primaryimage","url":"https:\/\/aeronoticias.com.pe\/noticiero\/wp-content\/uploads\/2024\/03\/jet-2.jpg","contentUrl":"https:\/\/aeronoticias.com.pe\/noticiero\/wp-content\/uploads\/2024\/03\/jet-2.jpg","width":1023,"height":575},{"@type":"BreadcrumbList","@id":"https:\/\/aeronoticias.com.pe\/noticiero\/ultimas\/1\/jetblue-dejara-de-volar-a-peru-en-junio-tras-10-anos-de-vuelos-entre-lima-y-fort-lauderdale\/#breadcrumb","itemListElement":[{"@type":"ListItem","position":1,"name":"Portada","item":"https:\/\/aeronoticias.com.pe\/noticiero\/"},{"@type":"ListItem","position":2,"name":"JetBlue dejar\u00e1 de volar a Per\u00fa en junio tras 10 a\u00f1os de vuelos entre Lima y Fort Lauderdale"}]},{"@type":"WebSite","@id":"https:\/\/aeronoticias.com.pe\/noticiero\/#website","url":"https:\/\/aeronoticias.com.pe\/noticiero\/","name":"Aeronoticias.com.pe","description":"Noticias de tranporte aereo, turismo, hoteles, gastronomia, actualidad, internacional","potentialAction":[{"@type":"SearchAction","target":{"@type":"EntryPoint","urlTemplate":"https:\/\/aeronoticias.com.pe\/noticiero\/?s={search_term_string}"},"query-input":{"@type":"PropertyValueSpecification","valueRequired":true,"valueName":"search_term_string"}}],"inLanguage":"es"},{"@type":"Person","@id":"https:\/\/aeronoticias.com.pe\/noticiero\/#\/schema\/person\/16212a617c73f78916b13194154243bd","name":"Redacci\u00f3n","sameAs":["http:\/\/Redacci\u00f3n"],"url":"https:\/\/aeronoticias.com.pe\/noticiero\/author\/celeste\/"}]}},"_links":{"self":[{"href":"https:\/\/aeronoticias.com.pe\/noticiero\/wp-json\/wp\/v2\/posts\/89751","targetHints":{"allow":["GET"]}}],"collection":[{"href":"https:\/\/aeronoticias.com.pe\/noticiero\/wp-json\/wp\/v2\/posts"}],"about":[{"href":"https:\/\/aeronoticias.com.pe\/noticiero\/wp-json\/wp\/v2\/types\/post"}],"author":[{"embeddable":true,"href":"https:\/\/aeronoticias.com.pe\/noticiero\/wp-json\/wp\/v2\/users\/3"}],"replies":[{"embeddable":true,"href":"https:\/\/aeronoticias.com.pe\/noticiero\/wp-json\/wp\/v2\/comments?post=89751"}],"version-history":[{"count":0,"href":"https:\/\/aeronoticias.com.pe\/noticiero\/wp-json\/wp\/v2\/posts\/89751\/revisions"}],"wp:featuredmedia":[{"embeddable":true,"href":"https:\/\/aeronoticias.com.pe\/noticiero\/wp-json\/wp\/v2\/media\/89752"}],"wp:attachment":[{"href":"https:\/\/aeronoticias.com.pe\/noticiero\/wp-json\/wp\/v2\/media?parent=89751"}],"wp:term":[{"taxonomy":"category","embeddable":true,"href":"https:\/\/aeronoticias.com.pe\/noticiero\/wp-json\/wp\/v2\/categories?post=89751"},{"taxonomy":"post_tag","embeddable":true,"href":"https:\/\/aeronoticias.com.pe\/noticiero\/wp-json\/wp\/v2\/tags?post=89751"}],"curies":[{"name":"wp","href":"https:\/\/api.w.org\/{rel}","templated":true}]}}