{"id":89754,"date":"2024-03-21T13:04:45","date_gmt":"2024-03-21T18:04:45","guid":{"rendered":"https:\/\/aeronoticias.com.pe\/noticiero\/?p=89754"},"modified":"2024-03-21T13:04:50","modified_gmt":"2024-03-21T18:04:50","slug":"iberia-recibe-su-vigesimo-segundo-airbus-a350","status":"publish","type":"post","link":"https:\/\/aeronoticias.com.pe\/noticiero\/transporte-aereo\/iberia-recibe-su-vigesimo-segundo-airbus-a350\/","title":{"rendered":"Iberia recibe su vig\u00e9simo segundo Airbus A350"},"content":{"rendered":"\n<p><strong>(Aeronoticias)<\/strong>: <a href=\"https:\/\/aviacionaldia.com\/iberia\"><strong>Iberia<\/strong><\/a> se ha querido sumar a la celebraci\u00f3n del bicentenario de la Polic\u00eda Nacional y ha bautizado su nuevo avi\u00f3n, el vig\u00e9simo segundo Airbus A350 de la aerol\u00ednea, con el nombre del cuerpo estatal m\u00e1s antiguo de Espa\u00f1a.<\/p>\n\n\n\n<p>El A350, con matr\u00edcula EC-OFM y nombre \u201cBicentenario Polic\u00eda Nacional\u201d, incorporado a la flota de Iberia durante este mes de marzo, empez\u00f3 a operar la semana pasada.<\/p>\n\n\n\n<p><strong><em>\u2192&nbsp;<a href=\"https:\/\/aviacionaldia.com\/2024\/03\/iberia-celebra-75-anos-conectando-madrid-con-ciudad-de-mexico.html\">Iberia celebra 75 a\u00f1os conectando Madrid con Ciudad de M\u00e9xico<\/a><\/em><\/strong><\/p>\n\n\n\n<p>El acto de celebraci\u00f3n, que ha tenido lugar en La Mu\u00f1oza, lo han presidido el presidente de Iberia, Fernando Candela, y el director general de la Polic\u00eda Nacional, Francisco Pardo. Tambi\u00e9n ha participado una formaci\u00f3n de agentes de diferentes unidades y de varios coches patrulla y motos uniformadas que han escoltado al nuevo A350 de la aerol\u00ednea.<\/p>\n\n\n\n<p>\u201cLos agentes de la Polic\u00eda Nacional y los trabajadores de Iberia estamos all\u00ed juntos, cada d\u00eda, con el objetivo de facilitar los viajes de millones de personas para que su experiencia sea lo m\u00e1s placentera y segura posible\u201d, coment\u00f3 Fernando Candela.<\/p>\n\n\n\n<p>Por su parte, Francisco Pardo ha se\u00f1alado que \u201choy despega una gran ilusi\u00f3n de la mano de una gran compa\u00f1\u00eda como es Iberia. La aerol\u00ednea nos da ha dado esta oportunidad de rotular una de sus aeronaves con el Bicentenario de la Polic\u00eda Nacional. Para nosotros ser\u00e1 un verdadero placer ver despegar vuestro avi\u00f3n portando orgullosamente el nombre de la Polic\u00eda Nacional por el espacio a\u00e9reo\u201d.<\/p>\n\n\n\n<p><strong>Fuente: aviacionaldia.com<\/strong><\/p>\n","protected":false},"excerpt":{"rendered":"<p>(Aeronoticias): Iberia se ha querido sumar a la celebraci\u00f3n del bicentenario de la Polic\u00eda Nacional y ha bautizado su nuevo avi\u00f3n, el vig\u00e9simo segundo Airbus A350 de la aerol\u00ednea, con el nombre del cuerpo estatal m\u00e1s antiguo de Espa\u00f1a. El A350, con matr\u00edcula EC-OFM y nombre \u201cBicentenario Polic\u00eda Nacional\u201d, incorporado a la flota de Iberia [&hellip;]<\/p>\n","protected":false},"author":3,"featured_media":89755,"comment_status":"open","ping_status":"open","sticky":false,"template":"","format":"standard","meta":{"tdm_status":"","tdm_grid_status":"","footnotes":""},"categories":[32,11],"tags":[962,4976,270,228],"class_list":{"0":"post-89754","1":"post","2":"type-post","3":"status-publish","4":"format-standard","5":"has-post-thumbnail","7":"category-internacional","8":"category-transporte-aereo","9":"tag-airbus-a350","10":"tag-ec-ofm","11":"tag-madrid","12":"tag-mexico"},"yoast_head":"<!-- This site is optimized with the Yoast SEO plugin v25.1 - https:\/\/yoast.com\/wordpress\/plugins\/seo\/ -->\n<title>Iberia recibe su vig\u00e9simo segundo Airbus A350<\/title>\n<meta name=\"description\" content=\"Portal de noticias del Per\u00fa sobre el transporte a\u00e9reo, aviaci\u00f3n, turismo, hoteleria, actualidad.\" \/>\n<meta name=\"robots\" content=\"index, follow, max-snippet:-1, max-image-preview:large, max-video-preview:-1\" \/>\n<link rel=\"canonical\" href=\"https:\/\/aeronoticias.com.pe\/noticiero\/transporte-aereo\/iberia-recibe-su-vigesimo-segundo-airbus-a350\/\" \/>\n<meta property=\"og:locale\" content=\"es_ES\" \/>\n<meta property=\"og:type\" content=\"article\" \/>\n<meta property=\"og:title\" content=\"Iberia recibe su vig\u00e9simo segundo Airbus A350\" \/>\n<meta property=\"og:description\" content=\"Portal de noticias del Per\u00fa sobre el transporte a\u00e9reo, aviaci\u00f3n, turismo, hoteleria, actualidad.\" \/>\n<meta property=\"og:url\" content=\"https:\/\/aeronoticias.com.pe\/noticiero\/transporte-aereo\/iberia-recibe-su-vigesimo-segundo-airbus-a350\/\" \/>\n<meta property=\"og:site_name\" content=\"Aeronoticias.com.pe\" \/>\n<meta property=\"article:publisher\" content=\"https:\/\/www.facebook.com\/Aeronoticias.com.pe\/\" \/>\n<meta property=\"article:published_time\" content=\"2024-03-21T18:04:45+00:00\" \/>\n<meta property=\"article:modified_time\" content=\"2024-03-21T18:04:50+00:00\" \/>\n<meta property=\"og:image\" content=\"https:\/\/aeronoticias.com.pe\/noticiero\/wp-content\/uploads\/2024\/03\/iberia.jpg\" \/>\n\t<meta property=\"og:image:width\" content=\"800\" \/>\n\t<meta property=\"og:image:height\" content=\"400\" \/>\n\t<meta property=\"og:image:type\" content=\"image\/jpeg\" \/>\n<meta name=\"author\" content=\"Redacci\u00f3n\" \/>\n<meta name=\"twitter:card\" content=\"summary_large_image\" \/>\n<meta name=\"twitter:creator\" content=\"@aeronoticias\" \/>\n<meta name=\"twitter:site\" content=\"@aeronoticias\" \/>\n<meta name=\"twitter:label1\" content=\"Escrito por\" \/>\n\t<meta name=\"twitter:data1\" content=\"Redacci\u00f3n\" \/>\n\t<meta name=\"twitter:label2\" content=\"Tiempo de lectura\" \/>\n\t<meta name=\"twitter:data2\" content=\"1 minuto\" \/>\n<script type=\"application\/ld+json\" class=\"yoast-schema-graph\">{\"@context\":\"https:\/\/schema.org\",\"@graph\":[{\"@type\":\"WebPage\",\"@id\":\"https:\/\/aeronoticias.com.pe\/noticiero\/transporte-aereo\/iberia-recibe-su-vigesimo-segundo-airbus-a350\/\",\"url\":\"https:\/\/aeronoticias.com.pe\/noticiero\/transporte-aereo\/iberia-recibe-su-vigesimo-segundo-airbus-a350\/\",\"name\":\"Iberia recibe su vig\u00e9simo segundo Airbus A350\",\"isPartOf\":{\"@id\":\"https:\/\/aeronoticias.com.pe\/noticiero\/#website\"},\"primaryImageOfPage\":{\"@id\":\"https:\/\/aeronoticias.com.pe\/noticiero\/transporte-aereo\/iberia-recibe-su-vigesimo-segundo-airbus-a350\/#primaryimage\"},\"image\":{\"@id\":\"https:\/\/aeronoticias.com.pe\/noticiero\/transporte-aereo\/iberia-recibe-su-vigesimo-segundo-airbus-a350\/#primaryimage\"},\"thumbnailUrl\":\"https:\/\/aeronoticias.com.pe\/noticiero\/wp-content\/uploads\/2024\/03\/iberia.jpg\",\"datePublished\":\"2024-03-21T18:04:45+00:00\",\"dateModified\":\"2024-03-21T18:04:50+00:00\",\"author\":{\"@id\":\"https:\/\/aeronoticias.com.pe\/noticiero\/#\/schema\/person\/16212a617c73f78916b13194154243bd\"},\"description\":\"Portal de noticias del Per\u00fa sobre el transporte a\u00e9reo, aviaci\u00f3n, turismo, hoteleria, actualidad.\",\"breadcrumb\":{\"@id\":\"https:\/\/aeronoticias.com.pe\/noticiero\/transporte-aereo\/iberia-recibe-su-vigesimo-segundo-airbus-a350\/#breadcrumb\"},\"inLanguage\":\"es\",\"potentialAction\":[{\"@type\":\"ReadAction\",\"target\":[\"https:\/\/aeronoticias.com.pe\/noticiero\/transporte-aereo\/iberia-recibe-su-vigesimo-segundo-airbus-a350\/\"]}]},{\"@type\":\"ImageObject\",\"inLanguage\":\"es\",\"@id\":\"https:\/\/aeronoticias.com.pe\/noticiero\/transporte-aereo\/iberia-recibe-su-vigesimo-segundo-airbus-a350\/#primaryimage\",\"url\":\"https:\/\/aeronoticias.com.pe\/noticiero\/wp-content\/uploads\/2024\/03\/iberia.jpg\",\"contentUrl\":\"https:\/\/aeronoticias.com.pe\/noticiero\/wp-content\/uploads\/2024\/03\/iberia.jpg\",\"width\":800,\"height\":400},{\"@type\":\"BreadcrumbList\",\"@id\":\"https:\/\/aeronoticias.com.pe\/noticiero\/transporte-aereo\/iberia-recibe-su-vigesimo-segundo-airbus-a350\/#breadcrumb\",\"itemListElement\":[{\"@type\":\"ListItem\",\"position\":1,\"name\":\"Portada\",\"item\":\"https:\/\/aeronoticias.com.pe\/noticiero\/\"},{\"@type\":\"ListItem\",\"position\":2,\"name\":\"Iberia recibe su vig\u00e9simo segundo Airbus A350\"}]},{\"@type\":\"WebSite\",\"@id\":\"https:\/\/aeronoticias.com.pe\/noticiero\/#website\",\"url\":\"https:\/\/aeronoticias.com.pe\/noticiero\/\",\"name\":\"Aeronoticias.com.pe\",\"description\":\"Noticias de tranporte aereo, turismo, hoteles, gastronomia, actualidad, internacional\",\"potentialAction\":[{\"@type\":\"SearchAction\",\"target\":{\"@type\":\"EntryPoint\",\"urlTemplate\":\"https:\/\/aeronoticias.com.pe\/noticiero\/?s={search_term_string}\"},\"query-input\":{\"@type\":\"PropertyValueSpecification\",\"valueRequired\":true,\"valueName\":\"search_term_string\"}}],\"inLanguage\":\"es\"},{\"@type\":\"Person\",\"@id\":\"https:\/\/aeronoticias.com.pe\/noticiero\/#\/schema\/person\/16212a617c73f78916b13194154243bd\",\"name\":\"Redacci\u00f3n\",\"sameAs\":[\"http:\/\/Redacci\u00f3n\"],\"url\":\"https:\/\/aeronoticias.com.pe\/noticiero\/author\/celeste\/\"}]}<\/script>\n<!-- \/ Yoast SEO plugin. -->","yoast_head_json":{"title":"Iberia recibe su vig\u00e9simo segundo Airbus A350","description":"Portal de noticias del Per\u00fa sobre el transporte a\u00e9reo, aviaci\u00f3n, turismo, hoteleria, actualidad.","robots":{"index":"index","follow":"follow","max-snippet":"max-snippet:-1","max-image-preview":"max-image-preview:large","max-video-preview":"max-video-preview:-1"},"canonical":"https:\/\/aeronoticias.com.pe\/noticiero\/transporte-aereo\/iberia-recibe-su-vigesimo-segundo-airbus-a350\/","og_locale":"es_ES","og_type":"article","og_title":"Iberia recibe su vig\u00e9simo segundo Airbus A350","og_description":"Portal de noticias del Per\u00fa sobre el transporte a\u00e9reo, aviaci\u00f3n, turismo, hoteleria, actualidad.","og_url":"https:\/\/aeronoticias.com.pe\/noticiero\/transporte-aereo\/iberia-recibe-su-vigesimo-segundo-airbus-a350\/","og_site_name":"Aeronoticias.com.pe","article_publisher":"https:\/\/www.facebook.com\/Aeronoticias.com.pe\/","article_published_time":"2024-03-21T18:04:45+00:00","article_modified_time":"2024-03-21T18:04:50+00:00","og_image":[{"width":800,"height":400,"url":"https:\/\/aeronoticias.com.pe\/noticiero\/wp-content\/uploads\/2024\/03\/iberia.jpg","type":"image\/jpeg"}],"author":"Redacci\u00f3n","twitter_card":"summary_large_image","twitter_creator":"@aeronoticias","twitter_site":"@aeronoticias","twitter_misc":{"Escrito por":"Redacci\u00f3n","Tiempo de lectura":"1 minuto"},"schema":{"@context":"https:\/\/schema.org","@graph":[{"@type":"WebPage","@id":"https:\/\/aeronoticias.com.pe\/noticiero\/transporte-aereo\/iberia-recibe-su-vigesimo-segundo-airbus-a350\/","url":"https:\/\/aeronoticias.com.pe\/noticiero\/transporte-aereo\/iberia-recibe-su-vigesimo-segundo-airbus-a350\/","name":"Iberia recibe su vig\u00e9simo segundo Airbus A350","isPartOf":{"@id":"https:\/\/aeronoticias.com.pe\/noticiero\/#website"},"primaryImageOfPage":{"@id":"https:\/\/aeronoticias.com.pe\/noticiero\/transporte-aereo\/iberia-recibe-su-vigesimo-segundo-airbus-a350\/#primaryimage"},"image":{"@id":"https:\/\/aeronoticias.com.pe\/noticiero\/transporte-aereo\/iberia-recibe-su-vigesimo-segundo-airbus-a350\/#primaryimage"},"thumbnailUrl":"https:\/\/aeronoticias.com.pe\/noticiero\/wp-content\/uploads\/2024\/03\/iberia.jpg","datePublished":"2024-03-21T18:04:45+00:00","dateModified":"2024-03-21T18:04:50+00:00","author":{"@id":"https:\/\/aeronoticias.com.pe\/noticiero\/#\/schema\/person\/16212a617c73f78916b13194154243bd"},"description":"Portal de noticias del Per\u00fa sobre el transporte a\u00e9reo, aviaci\u00f3n, turismo, hoteleria, actualidad.","breadcrumb":{"@id":"https:\/\/aeronoticias.com.pe\/noticiero\/transporte-aereo\/iberia-recibe-su-vigesimo-segundo-airbus-a350\/#breadcrumb"},"inLanguage":"es","potentialAction":[{"@type":"ReadAction","target":["https:\/\/aeronoticias.com.pe\/noticiero\/transporte-aereo\/iberia-recibe-su-vigesimo-segundo-airbus-a350\/"]}]},{"@type":"ImageObject","inLanguage":"es","@id":"https:\/\/aeronoticias.com.pe\/noticiero\/transporte-aereo\/iberia-recibe-su-vigesimo-segundo-airbus-a350\/#primaryimage","url":"https:\/\/aeronoticias.com.pe\/noticiero\/wp-content\/uploads\/2024\/03\/iberia.jpg","contentUrl":"https:\/\/aeronoticias.com.pe\/noticiero\/wp-content\/uploads\/2024\/03\/iberia.jpg","width":800,"height":400},{"@type":"BreadcrumbList","@id":"https:\/\/aeronoticias.com.pe\/noticiero\/transporte-aereo\/iberia-recibe-su-vigesimo-segundo-airbus-a350\/#breadcrumb","itemListElement":[{"@type":"ListItem","position":1,"name":"Portada","item":"https:\/\/aeronoticias.com.pe\/noticiero\/"},{"@type":"ListItem","position":2,"name":"Iberia recibe su vig\u00e9simo segundo Airbus A350"}]},{"@type":"WebSite","@id":"https:\/\/aeronoticias.com.pe\/noticiero\/#website","url":"https:\/\/aeronoticias.com.pe\/noticiero\/","name":"Aeronoticias.com.pe","description":"Noticias de tranporte aereo, turismo, hoteles, gastronomia, actualidad, internacional","potentialAction":[{"@type":"SearchAction","target":{"@type":"EntryPoint","urlTemplate":"https:\/\/aeronoticias.com.pe\/noticiero\/?s={search_term_string}"},"query-input":{"@type":"PropertyValueSpecification","valueRequired":true,"valueName":"search_term_string"}}],"inLanguage":"es"},{"@type":"Person","@id":"https:\/\/aeronoticias.com.pe\/noticiero\/#\/schema\/person\/16212a617c73f78916b13194154243bd","name":"Redacci\u00f3n","sameAs":["http:\/\/Redacci\u00f3n"],"url":"https:\/\/aeronoticias.com.pe\/noticiero\/author\/celeste\/"}]}},"_links":{"self":[{"href":"https:\/\/aeronoticias.com.pe\/noticiero\/wp-json\/wp\/v2\/posts\/89754","targetHints":{"allow":["GET"]}}],"collection":[{"href":"https:\/\/aeronoticias.com.pe\/noticiero\/wp-json\/wp\/v2\/posts"}],"about":[{"href":"https:\/\/aeronoticias.com.pe\/noticiero\/wp-json\/wp\/v2\/types\/post"}],"author":[{"embeddable":true,"href":"https:\/\/aeronoticias.com.pe\/noticiero\/wp-json\/wp\/v2\/users\/3"}],"replies":[{"embeddable":true,"href":"https:\/\/aeronoticias.com.pe\/noticiero\/wp-json\/wp\/v2\/comments?post=89754"}],"version-history":[{"count":0,"href":"https:\/\/aeronoticias.com.pe\/noticiero\/wp-json\/wp\/v2\/posts\/89754\/revisions"}],"wp:featuredmedia":[{"embeddable":true,"href":"https:\/\/aeronoticias.com.pe\/noticiero\/wp-json\/wp\/v2\/media\/89755"}],"wp:attachment":[{"href":"https:\/\/aeronoticias.com.pe\/noticiero\/wp-json\/wp\/v2\/media?parent=89754"}],"wp:term":[{"taxonomy":"category","embeddable":true,"href":"https:\/\/aeronoticias.com.pe\/noticiero\/wp-json\/wp\/v2\/categories?post=89754"},{"taxonomy":"post_tag","embeddable":true,"href":"https:\/\/aeronoticias.com.pe\/noticiero\/wp-json\/wp\/v2\/tags?post=89754"}],"curies":[{"name":"wp","href":"https:\/\/api.w.org\/{rel}","templated":true}]}}