{"id":89757,"date":"2024-03-22T09:18:46","date_gmt":"2024-03-22T14:18:46","guid":{"rendered":"https:\/\/aeronoticias.com.pe\/noticiero\/?p=89757"},"modified":"2024-03-22T09:18:52","modified_gmt":"2024-03-22T14:18:52","slug":"crece-7-6-trafico-aereo-en-latinoamerica-y-el-caribe-alta","status":"publish","type":"post","link":"https:\/\/aeronoticias.com.pe\/noticiero\/transporte-aereo\/crece-7-6-trafico-aereo-en-latinoamerica-y-el-caribe-alta\/","title":{"rendered":"Crece 7.6% tr\u00e1fico a\u00e9reo en Latinoam\u00e9rica y el Caribe: ALTA"},"content":{"rendered":"\n<p><strong>(Aeronoticias)<\/strong>: El presente a\u00f1o comenz\u00f3 con buenas alas. El tr\u00e1fico de pasajeros en Latinoam\u00e9rica y El Caribe creci\u00f3 7.6% en enero de este a\u00f1o, incremento que se traduce en casi 3 millones de pasajeros adicionales frente a enero de 2023, afirm\u00f3 la Asociaci\u00f3n Latinoamericana y de El Caribe de Transporte A\u00e9reo (ALTA).<\/p>\n\n\n\n<p>Esta cifra super\u00f3 no s\u00f3lo el volumen de pasajeros de enero de 2023, sino tambi\u00e9n el pico registrado en julio del a\u00f1o pasado.<\/p>\n\n\n\n<p>En enero se transportaron en, desde y hacia la regi\u00f3n 41.7 millones de pasajeros, seg\u00fan el m\u00e1s reciente Reporte del Tr\u00e1fico de Pasajeros de ALTA.<\/p>\n\n\n\n<p>\u00abEl reporte de este mes refleja un inicio de a\u00f1o espectacular. El incremento en las frecuencias de vuelo y la capacidad ofrecida tanto en el mercado dom\u00e9stico como internacional subrayan el potencial de crecimiento continuo de nuestros pa\u00edses en lo que respecta a un servicio esencial. Estos datos nos indican que el 2024 se perfila como un a\u00f1o prometedor para la regi\u00f3n\u00bb, afirm\u00f3 Jos\u00e9 Ricardo Botelho, director ejecutivo y CEO de ALTA.<\/p>\n\n\n\n<p>El reporte se\u00f1ala que la oferta de asientos tambi\u00e9n experiment\u00f3 un crecimiento, alcanzando los 51.2 millones de asientos disponibles, 5% m\u00e1s en comparaci\u00f3n con 2023.&nbsp;<\/p>\n\n\n\n<p>Destaca el crecimiento en el mercado internacional, con un incremento del 15.7%, mientras que el mercado dom\u00e9stico vio una reducci\u00f3n del 3.5%.<\/p>\n\n\n\n<p>\u00abLas cifras positivas del tr\u00e1fico de pasajeros de enero no solo son un indicador de un sector en auge, sino tambi\u00e9n una llamada de atenci\u00f3n sobre la importancia de fomentar el desarrollo de la aviaci\u00f3n en nuestra regi\u00f3n\u201d, afirm\u00f3 el directivo.<\/p>\n\n\n\n<p>Agreg\u00f3 que estos datos reflejan un panorama alentador; sin embargo, para capitalizar plenamente este impulso positivo, es fundamental establecer un entorno propicio que brinde seguridad jur\u00eddica, previsibilidad y competitividad necesarias para el crecimiento continuo de la aviaci\u00f3n.&nbsp;<\/p>\n\n\n\n<p>\u201cEstas cifras son un recordatorio de que la aviaci\u00f3n no solo es un medio de transporte, sino tambi\u00e9n una industria vital que requiere atenci\u00f3n y apoyo para prosperar y contribuir plenamente al progreso de nuestra regi\u00f3n\u00bb, recuerda Botelho.<\/p>\n\n\n\n<p><strong>Mercado dom\u00e9stico<\/strong><\/p>\n\n\n\n<p>Venezuela destac\u00f3 como uno de los pa\u00edses con mayor crecimiento en el mercado dom\u00e9stico. Con un movimiento de 199,291 pasajeros, alcanz\u00f3 un alza del 36% en comparaci\u00f3n con el 2023. Por su parte, Chile experiment\u00f3 un importante aumento del 21% en el tr\u00e1fico dom\u00e9stico, sumando 1.7 millones de pasajeros.<\/p>\n\n\n\n<p>Brasil registr\u00f3 un movimiento de 8.1 millones de pasajeros, alcanzando el 98% del volumen de tr\u00e1fico observado en el mismo per\u00edodo de 2023.&nbsp;<\/p>\n\n\n\n<p>El mercado dom\u00e9stico de Colombia, por su parte, creci\u00f3 2% con respecto a 2023, transportando un total de 2.8 millones de pasajeros, dato representa una leve desaceleraci\u00f3n en comparaci\u00f3n con diciembre, cuando se registr\u00f3 un crecimiento del 4%.<\/p>\n\n\n\n<p>M\u00e9xico experiment\u00f3 una disminuci\u00f3n del 3% en el n\u00famero total de pasajeros transportados, alcanzando los 4.8 millones. Esta cifra se\u00f1ala una continuaci\u00f3n en la tendencia de desaceleraci\u00f3n, siguiendo una reducci\u00f3n del 1% en el mercado dom\u00e9stico observada en diciembre.<\/p>\n\n\n\n<p>\u201cDesde junio de 2023, el mercado dom\u00e9stico mexicano ha enfrentado desaf\u00edos debido a las inspecciones requeridas para los motores GTF, lo cual ha resultado en la inmovilizaci\u00f3n temporal de algunas aeronaves mientras se realizan las revisiones. Adicionalmente, tras el reciente regreso de M\u00e9xico a la Categor\u00eda 1 por parte de la FAA, las aerol\u00edneas locales han podido incrementar la capacidad ofrecida hacia Estados Unidos, reflejando un esfuerzo por expandir su presencia y servicios en este importante mercado\u201d, explica el reporte.&nbsp;<\/p>\n\n\n\n<p><strong>Mercado internacional<\/strong><\/p>\n\n\n\n<p>El incremento en el tr\u00e1fico internacional de la regi\u00f3n tambi\u00e9n fue notable, con un alza del 14%, que representan a 20.3 millones de pasajeros. Venezuela destac\u00f3 nuevamente en este \u00e1mbito con un aumento del 58%, siendo Caracas-Madrid (+33%) la ruta con mayor crecimiento.&nbsp;<\/p>\n\n\n\n<p>Colombia tambi\u00e9n demostr\u00f3 un crecimiento importante transportando a 1.9 millones de pasajeros internacionales, lo que representa un aumento del 30% en comparaci\u00f3n con enero de 2023, y 457.939 pasajeros adicionales.&nbsp;<\/p>\n\n\n\n<p>Brasil, de igual manera, experiment\u00f3 un aumento del 26% en pasajeros internacionales, alcanzando 2.3 millones.<\/p>\n\n\n\n<p><strong>Fuente: A21.com.mx<\/strong><\/p>\n","protected":false},"excerpt":{"rendered":"<p>(Aeronoticias): El presente a\u00f1o comenz\u00f3 con buenas alas. El tr\u00e1fico de pasajeros en Latinoam\u00e9rica y El Caribe creci\u00f3 7.6% en enero de este a\u00f1o, incremento que se traduce en casi 3 millones de pasajeros adicionales frente a enero de 2023, afirm\u00f3 la Asociaci\u00f3n Latinoamericana y de El Caribe de Transporte A\u00e9reo (ALTA). Esta cifra super\u00f3 [&hellip;]<\/p>\n","protected":false},"author":3,"featured_media":89759,"comment_status":"open","ping_status":"open","sticky":false,"template":"","format":"standard","meta":{"tdm_status":"","tdm_grid_status":"","footnotes":""},"categories":[32,11],"tags":[1853,1847],"class_list":{"0":"post-89757","1":"post","2":"type-post","3":"status-publish","4":"format-standard","5":"has-post-thumbnail","7":"category-internacional","8":"category-transporte-aereo","9":"tag-ceo","10":"tag-trafico-aereo-2"},"yoast_head":"<!-- This site is optimized with the Yoast SEO plugin v25.1 - https:\/\/yoast.com\/wordpress\/plugins\/seo\/ -->\n<title>Crece 7.6% tr\u00e1fico a\u00e9reo en Latinoam\u00e9rica y el Caribe: ALTA<\/title>\n<meta name=\"description\" content=\"Portal de noticias del Per\u00fa sobre el transporte a\u00e9reo, aviaci\u00f3n, turismo, hoteleria, actualidad.\" \/>\n<meta name=\"robots\" content=\"index, follow, max-snippet:-1, max-image-preview:large, max-video-preview:-1\" \/>\n<link rel=\"canonical\" href=\"https:\/\/aeronoticias.com.pe\/noticiero\/transporte-aereo\/crece-7-6-trafico-aereo-en-latinoamerica-y-el-caribe-alta\/\" \/>\n<meta property=\"og:locale\" content=\"es_ES\" \/>\n<meta property=\"og:type\" content=\"article\" \/>\n<meta property=\"og:title\" content=\"Crece 7.6% tr\u00e1fico a\u00e9reo en Latinoam\u00e9rica y el Caribe: ALTA\" \/>\n<meta property=\"og:description\" content=\"Portal de noticias del Per\u00fa sobre el transporte a\u00e9reo, aviaci\u00f3n, turismo, hoteleria, actualidad.\" \/>\n<meta property=\"og:url\" content=\"https:\/\/aeronoticias.com.pe\/noticiero\/transporte-aereo\/crece-7-6-trafico-aereo-en-latinoamerica-y-el-caribe-alta\/\" \/>\n<meta property=\"og:site_name\" content=\"Aeronoticias.com.pe\" \/>\n<meta property=\"article:publisher\" content=\"https:\/\/www.facebook.com\/Aeronoticias.com.pe\/\" \/>\n<meta property=\"article:published_time\" content=\"2024-03-22T14:18:46+00:00\" \/>\n<meta property=\"article:modified_time\" content=\"2024-03-22T14:18:52+00:00\" \/>\n<meta property=\"og:image\" content=\"https:\/\/aeronoticias.com.pe\/noticiero\/wp-content\/uploads\/2024\/03\/ALTA.jpg\" \/>\n\t<meta property=\"og:image:width\" content=\"1280\" \/>\n\t<meta property=\"og:image:height\" content=\"722\" \/>\n\t<meta property=\"og:image:type\" content=\"image\/jpeg\" \/>\n<meta name=\"author\" content=\"Redacci\u00f3n\" \/>\n<meta name=\"twitter:card\" content=\"summary_large_image\" \/>\n<meta name=\"twitter:creator\" content=\"@aeronoticias\" \/>\n<meta name=\"twitter:site\" content=\"@aeronoticias\" \/>\n<meta name=\"twitter:label1\" content=\"Escrito por\" \/>\n\t<meta name=\"twitter:data1\" content=\"Redacci\u00f3n\" \/>\n\t<meta name=\"twitter:label2\" content=\"Tiempo de lectura\" \/>\n\t<meta name=\"twitter:data2\" content=\"3 minutos\" \/>\n<script type=\"application\/ld+json\" class=\"yoast-schema-graph\">{\"@context\":\"https:\/\/schema.org\",\"@graph\":[{\"@type\":\"WebPage\",\"@id\":\"https:\/\/aeronoticias.com.pe\/noticiero\/transporte-aereo\/crece-7-6-trafico-aereo-en-latinoamerica-y-el-caribe-alta\/\",\"url\":\"https:\/\/aeronoticias.com.pe\/noticiero\/transporte-aereo\/crece-7-6-trafico-aereo-en-latinoamerica-y-el-caribe-alta\/\",\"name\":\"Crece 7.6% tr\u00e1fico a\u00e9reo en Latinoam\u00e9rica y el Caribe: ALTA\",\"isPartOf\":{\"@id\":\"https:\/\/aeronoticias.com.pe\/noticiero\/#website\"},\"primaryImageOfPage\":{\"@id\":\"https:\/\/aeronoticias.com.pe\/noticiero\/transporte-aereo\/crece-7-6-trafico-aereo-en-latinoamerica-y-el-caribe-alta\/#primaryimage\"},\"image\":{\"@id\":\"https:\/\/aeronoticias.com.pe\/noticiero\/transporte-aereo\/crece-7-6-trafico-aereo-en-latinoamerica-y-el-caribe-alta\/#primaryimage\"},\"thumbnailUrl\":\"https:\/\/aeronoticias.com.pe\/noticiero\/wp-content\/uploads\/2024\/03\/ALTA.jpg\",\"datePublished\":\"2024-03-22T14:18:46+00:00\",\"dateModified\":\"2024-03-22T14:18:52+00:00\",\"author\":{\"@id\":\"https:\/\/aeronoticias.com.pe\/noticiero\/#\/schema\/person\/16212a617c73f78916b13194154243bd\"},\"description\":\"Portal de noticias del Per\u00fa sobre el transporte a\u00e9reo, aviaci\u00f3n, turismo, hoteleria, actualidad.\",\"breadcrumb\":{\"@id\":\"https:\/\/aeronoticias.com.pe\/noticiero\/transporte-aereo\/crece-7-6-trafico-aereo-en-latinoamerica-y-el-caribe-alta\/#breadcrumb\"},\"inLanguage\":\"es\",\"potentialAction\":[{\"@type\":\"ReadAction\",\"target\":[\"https:\/\/aeronoticias.com.pe\/noticiero\/transporte-aereo\/crece-7-6-trafico-aereo-en-latinoamerica-y-el-caribe-alta\/\"]}]},{\"@type\":\"ImageObject\",\"inLanguage\":\"es\",\"@id\":\"https:\/\/aeronoticias.com.pe\/noticiero\/transporte-aereo\/crece-7-6-trafico-aereo-en-latinoamerica-y-el-caribe-alta\/#primaryimage\",\"url\":\"https:\/\/aeronoticias.com.pe\/noticiero\/wp-content\/uploads\/2024\/03\/ALTA.jpg\",\"contentUrl\":\"https:\/\/aeronoticias.com.pe\/noticiero\/wp-content\/uploads\/2024\/03\/ALTA.jpg\",\"width\":1280,\"height\":722},{\"@type\":\"BreadcrumbList\",\"@id\":\"https:\/\/aeronoticias.com.pe\/noticiero\/transporte-aereo\/crece-7-6-trafico-aereo-en-latinoamerica-y-el-caribe-alta\/#breadcrumb\",\"itemListElement\":[{\"@type\":\"ListItem\",\"position\":1,\"name\":\"Portada\",\"item\":\"https:\/\/aeronoticias.com.pe\/noticiero\/\"},{\"@type\":\"ListItem\",\"position\":2,\"name\":\"Crece 7.6% tr\u00e1fico a\u00e9reo en Latinoam\u00e9rica y el Caribe: ALTA\"}]},{\"@type\":\"WebSite\",\"@id\":\"https:\/\/aeronoticias.com.pe\/noticiero\/#website\",\"url\":\"https:\/\/aeronoticias.com.pe\/noticiero\/\",\"name\":\"Aeronoticias.com.pe\",\"description\":\"Noticias de tranporte aereo, turismo, hoteles, gastronomia, actualidad, internacional\",\"potentialAction\":[{\"@type\":\"SearchAction\",\"target\":{\"@type\":\"EntryPoint\",\"urlTemplate\":\"https:\/\/aeronoticias.com.pe\/noticiero\/?s={search_term_string}\"},\"query-input\":{\"@type\":\"PropertyValueSpecification\",\"valueRequired\":true,\"valueName\":\"search_term_string\"}}],\"inLanguage\":\"es\"},{\"@type\":\"Person\",\"@id\":\"https:\/\/aeronoticias.com.pe\/noticiero\/#\/schema\/person\/16212a617c73f78916b13194154243bd\",\"name\":\"Redacci\u00f3n\",\"sameAs\":[\"http:\/\/Redacci\u00f3n\"],\"url\":\"https:\/\/aeronoticias.com.pe\/noticiero\/author\/celeste\/\"}]}<\/script>\n<!-- \/ Yoast SEO plugin. -->","yoast_head_json":{"title":"Crece 7.6% tr\u00e1fico a\u00e9reo en Latinoam\u00e9rica y el Caribe: ALTA","description":"Portal de noticias del Per\u00fa sobre el transporte a\u00e9reo, aviaci\u00f3n, turismo, hoteleria, actualidad.","robots":{"index":"index","follow":"follow","max-snippet":"max-snippet:-1","max-image-preview":"max-image-preview:large","max-video-preview":"max-video-preview:-1"},"canonical":"https:\/\/aeronoticias.com.pe\/noticiero\/transporte-aereo\/crece-7-6-trafico-aereo-en-latinoamerica-y-el-caribe-alta\/","og_locale":"es_ES","og_type":"article","og_title":"Crece 7.6% tr\u00e1fico a\u00e9reo en Latinoam\u00e9rica y el Caribe: ALTA","og_description":"Portal de noticias del Per\u00fa sobre el transporte a\u00e9reo, aviaci\u00f3n, turismo, hoteleria, actualidad.","og_url":"https:\/\/aeronoticias.com.pe\/noticiero\/transporte-aereo\/crece-7-6-trafico-aereo-en-latinoamerica-y-el-caribe-alta\/","og_site_name":"Aeronoticias.com.pe","article_publisher":"https:\/\/www.facebook.com\/Aeronoticias.com.pe\/","article_published_time":"2024-03-22T14:18:46+00:00","article_modified_time":"2024-03-22T14:18:52+00:00","og_image":[{"width":1280,"height":722,"url":"https:\/\/aeronoticias.com.pe\/noticiero\/wp-content\/uploads\/2024\/03\/ALTA.jpg","type":"image\/jpeg"}],"author":"Redacci\u00f3n","twitter_card":"summary_large_image","twitter_creator":"@aeronoticias","twitter_site":"@aeronoticias","twitter_misc":{"Escrito por":"Redacci\u00f3n","Tiempo de lectura":"3 minutos"},"schema":{"@context":"https:\/\/schema.org","@graph":[{"@type":"WebPage","@id":"https:\/\/aeronoticias.com.pe\/noticiero\/transporte-aereo\/crece-7-6-trafico-aereo-en-latinoamerica-y-el-caribe-alta\/","url":"https:\/\/aeronoticias.com.pe\/noticiero\/transporte-aereo\/crece-7-6-trafico-aereo-en-latinoamerica-y-el-caribe-alta\/","name":"Crece 7.6% tr\u00e1fico a\u00e9reo en Latinoam\u00e9rica y el Caribe: ALTA","isPartOf":{"@id":"https:\/\/aeronoticias.com.pe\/noticiero\/#website"},"primaryImageOfPage":{"@id":"https:\/\/aeronoticias.com.pe\/noticiero\/transporte-aereo\/crece-7-6-trafico-aereo-en-latinoamerica-y-el-caribe-alta\/#primaryimage"},"image":{"@id":"https:\/\/aeronoticias.com.pe\/noticiero\/transporte-aereo\/crece-7-6-trafico-aereo-en-latinoamerica-y-el-caribe-alta\/#primaryimage"},"thumbnailUrl":"https:\/\/aeronoticias.com.pe\/noticiero\/wp-content\/uploads\/2024\/03\/ALTA.jpg","datePublished":"2024-03-22T14:18:46+00:00","dateModified":"2024-03-22T14:18:52+00:00","author":{"@id":"https:\/\/aeronoticias.com.pe\/noticiero\/#\/schema\/person\/16212a617c73f78916b13194154243bd"},"description":"Portal de noticias del Per\u00fa sobre el transporte a\u00e9reo, aviaci\u00f3n, turismo, hoteleria, actualidad.","breadcrumb":{"@id":"https:\/\/aeronoticias.com.pe\/noticiero\/transporte-aereo\/crece-7-6-trafico-aereo-en-latinoamerica-y-el-caribe-alta\/#breadcrumb"},"inLanguage":"es","potentialAction":[{"@type":"ReadAction","target":["https:\/\/aeronoticias.com.pe\/noticiero\/transporte-aereo\/crece-7-6-trafico-aereo-en-latinoamerica-y-el-caribe-alta\/"]}]},{"@type":"ImageObject","inLanguage":"es","@id":"https:\/\/aeronoticias.com.pe\/noticiero\/transporte-aereo\/crece-7-6-trafico-aereo-en-latinoamerica-y-el-caribe-alta\/#primaryimage","url":"https:\/\/aeronoticias.com.pe\/noticiero\/wp-content\/uploads\/2024\/03\/ALTA.jpg","contentUrl":"https:\/\/aeronoticias.com.pe\/noticiero\/wp-content\/uploads\/2024\/03\/ALTA.jpg","width":1280,"height":722},{"@type":"BreadcrumbList","@id":"https:\/\/aeronoticias.com.pe\/noticiero\/transporte-aereo\/crece-7-6-trafico-aereo-en-latinoamerica-y-el-caribe-alta\/#breadcrumb","itemListElement":[{"@type":"ListItem","position":1,"name":"Portada","item":"https:\/\/aeronoticias.com.pe\/noticiero\/"},{"@type":"ListItem","position":2,"name":"Crece 7.6% tr\u00e1fico a\u00e9reo en Latinoam\u00e9rica y el Caribe: ALTA"}]},{"@type":"WebSite","@id":"https:\/\/aeronoticias.com.pe\/noticiero\/#website","url":"https:\/\/aeronoticias.com.pe\/noticiero\/","name":"Aeronoticias.com.pe","description":"Noticias de tranporte aereo, turismo, hoteles, gastronomia, actualidad, internacional","potentialAction":[{"@type":"SearchAction","target":{"@type":"EntryPoint","urlTemplate":"https:\/\/aeronoticias.com.pe\/noticiero\/?s={search_term_string}"},"query-input":{"@type":"PropertyValueSpecification","valueRequired":true,"valueName":"search_term_string"}}],"inLanguage":"es"},{"@type":"Person","@id":"https:\/\/aeronoticias.com.pe\/noticiero\/#\/schema\/person\/16212a617c73f78916b13194154243bd","name":"Redacci\u00f3n","sameAs":["http:\/\/Redacci\u00f3n"],"url":"https:\/\/aeronoticias.com.pe\/noticiero\/author\/celeste\/"}]}},"_links":{"self":[{"href":"https:\/\/aeronoticias.com.pe\/noticiero\/wp-json\/wp\/v2\/posts\/89757","targetHints":{"allow":["GET"]}}],"collection":[{"href":"https:\/\/aeronoticias.com.pe\/noticiero\/wp-json\/wp\/v2\/posts"}],"about":[{"href":"https:\/\/aeronoticias.com.pe\/noticiero\/wp-json\/wp\/v2\/types\/post"}],"author":[{"embeddable":true,"href":"https:\/\/aeronoticias.com.pe\/noticiero\/wp-json\/wp\/v2\/users\/3"}],"replies":[{"embeddable":true,"href":"https:\/\/aeronoticias.com.pe\/noticiero\/wp-json\/wp\/v2\/comments?post=89757"}],"version-history":[{"count":0,"href":"https:\/\/aeronoticias.com.pe\/noticiero\/wp-json\/wp\/v2\/posts\/89757\/revisions"}],"wp:featuredmedia":[{"embeddable":true,"href":"https:\/\/aeronoticias.com.pe\/noticiero\/wp-json\/wp\/v2\/media\/89759"}],"wp:attachment":[{"href":"https:\/\/aeronoticias.com.pe\/noticiero\/wp-json\/wp\/v2\/media?parent=89757"}],"wp:term":[{"taxonomy":"category","embeddable":true,"href":"https:\/\/aeronoticias.com.pe\/noticiero\/wp-json\/wp\/v2\/categories?post=89757"},{"taxonomy":"post_tag","embeddable":true,"href":"https:\/\/aeronoticias.com.pe\/noticiero\/wp-json\/wp\/v2\/tags?post=89757"}],"curies":[{"name":"wp","href":"https:\/\/api.w.org\/{rel}","templated":true}]}}