{"id":89878,"date":"2024-04-12T15:19:23","date_gmt":"2024-04-12T20:19:23","guid":{"rendered":"https:\/\/aeronoticias.com.pe\/noticiero\/?p=89878"},"modified":"2024-04-12T15:19:34","modified_gmt":"2024-04-12T20:19:34","slug":"espana-aeropuertos-de-aena-registran-record-de-pasajeros-y-carga-en-marzo","status":"publish","type":"post","link":"https:\/\/aeronoticias.com.pe\/noticiero\/internacionales\/espana-aeropuertos-de-aena-registran-record-de-pasajeros-y-carga-en-marzo\/","title":{"rendered":"Espa\u00f1a: Aeropuertos de Aena registran r\u00e9cord de pasajeros y carga en marzo"},"content":{"rendered":"\n<p><strong>(Aeronoticias)<\/strong>: Los aeropuertos de la red de\u00a0<strong>Aena en Espa\u00f1a<\/strong>\u00a0han cerrado el tercer mes de 2024 con r\u00e9cord hist\u00f3rico de pasajeros y de carga en un mes de marzo, manteniendo la tendencia de crecimiento desde el inicio del a\u00f1o y de gran parte del a\u00f1o pasado.<\/p>\n\n\n\n<p>En marzo de 2024 que, a diferencia del a\u00f1o anterior, incluy\u00f3 los d\u00edas de Semana Santa, Aena recibi\u00f3 a 22.857.159 pasajeros, un 13,8% m\u00e1s que en el mismo mes de 2023; gestion\u00f3 191.378 movimientos de aeronaves, un 6% m\u00e1s que en 2023; y se movieron 106.012 toneladas de mercanc\u00eda, un 9,8% m\u00e1s que el a\u00f1o pasado.<ins><\/ins><\/p>\n\n\n\n<p>Del total de viajeros de marzo, 22.795.921 correspondieron a pasajeros comerciales: 14.987.650 viajaron en vuelos internacionales, un 16,6% m\u00e1s respecto a marzo de 2023, mientras que lo hicieron en vuelos nacionales 7.808.271, un 9,3% m\u00e1s que el a\u00f1o pasado.<\/p>\n\n\n\n<p><strong><em><a href=\"https:\/\/aviacionaldia.com\/2024\/04\/tromso-y-salzburgo-nuevos-destinos-de-iberia-para-la-temporada-de-invierno.html\">Tromso y Salzburgo, nuevos destinos de Iberia para la temporada de invierno<\/a><\/em><\/strong><\/p>\n\n\n\n<p>Durante el primer trimestre de 2024 han pasado por los aeropuertos de Aena 60.750.987 viajeros (un 13,2% m\u00e1s que en 2023), se registraron 524.525 movimientos de aeronaves (+6,8%) y se transportaron 293.253 toneladas de mercanc\u00eda, un 16,6% m\u00e1s que en el mismo periodo de 2023.<\/p>\n\n\n\n<h2 class=\"wp-block-heading\"><strong>Pasajeros<\/strong><\/h2>\n\n\n\n<p>El Aeropuerto Adolfo Su\u00e1rez Madrid-Barajas registr\u00f3 el mayor n\u00famero de pasajeros en el tercer mes del a\u00f1o con 5.342.624, lo que representa un crecimiento del 10,8% frente a marzo del pasado a\u00f1o.<\/p>\n\n\n\n<p>Le siguen Josep Tarradellas Barcelona-El Prat, con 4.280.537 (+13,8% respecto a 2023); M\u00e1laga-Costa del Sol, con 1.752.668 (+18,8%); Palma de Mallorca, con 1.529.030 (+13,7%); Gran Canaria, con 1.479.738 (+14,7%); Tenerife Sur, con 1.346.732 (+16,2%) y Alicante-Elche Miguel Hern\u00e1ndez, con 1.267.879 (+21,3%).<ins><\/ins><\/p>\n\n\n\n<p>Adem\u00e1s del conjunto de la red de Aena, durante el mes de marzo se batieron r\u00e9cord de pasajeros en los aeropuertos Adolfo Su\u00e1rez Madrid-Barajas, Josep Tarradellas Barcelona-El Prat, Palma de Mallorca, Gran Canaria, Alicante-Elche Miguel Hern\u00e1ndez, M\u00e1laga-Costa del Sol, Sevilla, Valencia, Tenerife Norte-Ciudad de La Laguna, Tenerife Sur, C\u00e9sar Manrique-Lanzarote, Asturias, Bilbao, Ibiza, El Hierro, Fuerteventura, Santiago-Rosal\u00eda de Castro, Menorca, Badajoz, Son Bonet, La Palma y La Gomera.<\/p>\n\n\n\n<h2 class=\"wp-block-heading\"><strong>Operaciones<\/strong><\/h2>\n\n\n\n<p>En cuanto a operaciones, el aeropuerto con m\u00e1s movimientos en marzo fue Adolfo Su\u00e1rez Madrid-Barajas, con un total de 34.265 (+9,4% respecto a 2023), seguido de Josep Tarradellas Barcelona-El Prat, con 27.013 vuelos (+11,7%); Gran Canaria, con 13.221 (+13,3%); Palma de Mallorca, con 12.459 (+6%); M\u00e1laga-Costa del Sol, con 12.117 (+11,1%); Tenerife Sur, con 8.614 (+11,1%) y Alicante-Elche Miguel Hern\u00e1ndez, con 7.890 aterrizajes y despegues (+16%).<\/p>\n\n\n\n<p>En el segundo mes de 2024 alcanzaron r\u00e9cord de movimientos los aeropuertos de Palma de Mallorca, Fuerteventura, M\u00e1laga-Costa del Sol, Gran Canaria, Tenerife Norte Ciudad de La Laguna, Tenerife Sur, C\u00e9sar Manrique-Lanzarote y Logro\u00f1o.<\/p>\n\n\n\n<h2 class=\"wp-block-heading\"><strong>Carga<\/strong><\/h2>\n\n\n\n<p>Respecto al tr\u00e1fico de carga, el aeropuerto con mayor volumen fue Adolfo Su\u00e1rez Madrid-Barajas, con 65.205 toneladas, un 14,4% m\u00e1s con respecto al mismo mes de 2023. Le siguen los aeropuertos Josep Tarradellas Barcelona-El Prat, con 15.345 toneladas (+13,5%); Zaragoza, que registr\u00f3 13.397 toneladas (+11,3%), y Vitoria, con 5.844 toneladas (-13,7%).<\/p>\n\n\n\n<p><strong>Fuente: aviacionaldia.com<\/strong><\/p>\n","protected":false},"excerpt":{"rendered":"<p>(Aeronoticias): Los aeropuertos de la red de\u00a0Aena en Espa\u00f1a\u00a0han cerrado el tercer mes de 2024 con r\u00e9cord hist\u00f3rico de pasajeros y de carga en un mes de marzo, manteniendo la tendencia de crecimiento desde el inicio del a\u00f1o y de gran parte del a\u00f1o pasado. En marzo de 2024 que, a diferencia del a\u00f1o anterior, [&hellip;]<\/p>\n","protected":false},"author":3,"featured_media":89879,"comment_status":"open","ping_status":"open","sticky":false,"template":"","format":"standard","meta":{"tdm_status":"","tdm_grid_status":"","footnotes":""},"categories":[32,34],"tags":[451,4801],"class_list":{"0":"post-89878","1":"post","2":"type-post","3":"status-publish","4":"format-standard","5":"has-post-thumbnail","7":"category-internacional","9":"tag-espana","10":"tag-record-de-pasajeros"},"yoast_head":"<!-- This site is optimized with the Yoast SEO plugin v25.1 - https:\/\/yoast.com\/wordpress\/plugins\/seo\/ -->\n<title>Espa\u00f1a: Aeropuertos de Aena registran r\u00e9cord de pasajeros y carga en marzo<\/title>\n<meta name=\"description\" content=\"Portal de noticias del Per\u00fa sobre el transporte a\u00e9reo, aviaci\u00f3n, turismo, hoteleria, actualidad.\" \/>\n<meta name=\"robots\" content=\"index, follow, max-snippet:-1, max-image-preview:large, max-video-preview:-1\" \/>\n<link rel=\"canonical\" href=\"https:\/\/aeronoticias.com.pe\/noticiero\/internacionales\/espana-aeropuertos-de-aena-registran-record-de-pasajeros-y-carga-en-marzo\/\" \/>\n<meta property=\"og:locale\" content=\"es_ES\" \/>\n<meta property=\"og:type\" content=\"article\" \/>\n<meta property=\"og:title\" content=\"Espa\u00f1a: Aeropuertos de Aena registran r\u00e9cord de pasajeros y carga en marzo\" \/>\n<meta property=\"og:description\" content=\"Portal de noticias del Per\u00fa sobre el transporte a\u00e9reo, aviaci\u00f3n, turismo, hoteleria, actualidad.\" \/>\n<meta property=\"og:url\" content=\"https:\/\/aeronoticias.com.pe\/noticiero\/internacionales\/espana-aeropuertos-de-aena-registran-record-de-pasajeros-y-carga-en-marzo\/\" \/>\n<meta property=\"og:site_name\" content=\"Aeronoticias.com.pe\" \/>\n<meta property=\"article:publisher\" content=\"https:\/\/www.facebook.com\/Aeronoticias.com.pe\/\" \/>\n<meta property=\"article:published_time\" content=\"2024-04-12T20:19:23+00:00\" \/>\n<meta property=\"article:modified_time\" content=\"2024-04-12T20:19:34+00:00\" \/>\n<meta property=\"og:image\" content=\"https:\/\/aeronoticias.com.pe\/noticiero\/wp-content\/uploads\/2024\/04\/espa.jpg\" \/>\n\t<meta property=\"og:image:width\" content=\"786\" \/>\n\t<meta property=\"og:image:height\" content=\"398\" \/>\n\t<meta property=\"og:image:type\" content=\"image\/jpeg\" \/>\n<meta name=\"author\" content=\"Redacci\u00f3n\" \/>\n<meta name=\"twitter:card\" content=\"summary_large_image\" \/>\n<meta name=\"twitter:creator\" content=\"@aeronoticias\" \/>\n<meta name=\"twitter:site\" content=\"@aeronoticias\" \/>\n<meta name=\"twitter:label1\" content=\"Escrito por\" \/>\n\t<meta name=\"twitter:data1\" content=\"Redacci\u00f3n\" \/>\n\t<meta name=\"twitter:label2\" content=\"Tiempo de lectura\" \/>\n\t<meta name=\"twitter:data2\" content=\"2 minutos\" \/>\n<script type=\"application\/ld+json\" class=\"yoast-schema-graph\">{\"@context\":\"https:\/\/schema.org\",\"@graph\":[{\"@type\":\"WebPage\",\"@id\":\"https:\/\/aeronoticias.com.pe\/noticiero\/internacionales\/espana-aeropuertos-de-aena-registran-record-de-pasajeros-y-carga-en-marzo\/\",\"url\":\"https:\/\/aeronoticias.com.pe\/noticiero\/internacionales\/espana-aeropuertos-de-aena-registran-record-de-pasajeros-y-carga-en-marzo\/\",\"name\":\"Espa\u00f1a: Aeropuertos de Aena registran r\u00e9cord de pasajeros y carga en marzo\",\"isPartOf\":{\"@id\":\"https:\/\/aeronoticias.com.pe\/noticiero\/#website\"},\"primaryImageOfPage\":{\"@id\":\"https:\/\/aeronoticias.com.pe\/noticiero\/internacionales\/espana-aeropuertos-de-aena-registran-record-de-pasajeros-y-carga-en-marzo\/#primaryimage\"},\"image\":{\"@id\":\"https:\/\/aeronoticias.com.pe\/noticiero\/internacionales\/espana-aeropuertos-de-aena-registran-record-de-pasajeros-y-carga-en-marzo\/#primaryimage\"},\"thumbnailUrl\":\"https:\/\/aeronoticias.com.pe\/noticiero\/wp-content\/uploads\/2024\/04\/espa.jpg\",\"datePublished\":\"2024-04-12T20:19:23+00:00\",\"dateModified\":\"2024-04-12T20:19:34+00:00\",\"author\":{\"@id\":\"https:\/\/aeronoticias.com.pe\/noticiero\/#\/schema\/person\/16212a617c73f78916b13194154243bd\"},\"description\":\"Portal de noticias del Per\u00fa sobre el transporte a\u00e9reo, aviaci\u00f3n, turismo, hoteleria, actualidad.\",\"breadcrumb\":{\"@id\":\"https:\/\/aeronoticias.com.pe\/noticiero\/internacionales\/espana-aeropuertos-de-aena-registran-record-de-pasajeros-y-carga-en-marzo\/#breadcrumb\"},\"inLanguage\":\"es\",\"potentialAction\":[{\"@type\":\"ReadAction\",\"target\":[\"https:\/\/aeronoticias.com.pe\/noticiero\/internacionales\/espana-aeropuertos-de-aena-registran-record-de-pasajeros-y-carga-en-marzo\/\"]}]},{\"@type\":\"ImageObject\",\"inLanguage\":\"es\",\"@id\":\"https:\/\/aeronoticias.com.pe\/noticiero\/internacionales\/espana-aeropuertos-de-aena-registran-record-de-pasajeros-y-carga-en-marzo\/#primaryimage\",\"url\":\"https:\/\/aeronoticias.com.pe\/noticiero\/wp-content\/uploads\/2024\/04\/espa.jpg\",\"contentUrl\":\"https:\/\/aeronoticias.com.pe\/noticiero\/wp-content\/uploads\/2024\/04\/espa.jpg\",\"width\":786,\"height\":398},{\"@type\":\"BreadcrumbList\",\"@id\":\"https:\/\/aeronoticias.com.pe\/noticiero\/internacionales\/espana-aeropuertos-de-aena-registran-record-de-pasajeros-y-carga-en-marzo\/#breadcrumb\",\"itemListElement\":[{\"@type\":\"ListItem\",\"position\":1,\"name\":\"Portada\",\"item\":\"https:\/\/aeronoticias.com.pe\/noticiero\/\"},{\"@type\":\"ListItem\",\"position\":2,\"name\":\"Espa\u00f1a: Aeropuertos de Aena registran r\u00e9cord de pasajeros y carga en marzo\"}]},{\"@type\":\"WebSite\",\"@id\":\"https:\/\/aeronoticias.com.pe\/noticiero\/#website\",\"url\":\"https:\/\/aeronoticias.com.pe\/noticiero\/\",\"name\":\"Aeronoticias.com.pe\",\"description\":\"Noticias de tranporte aereo, turismo, hoteles, gastronomia, actualidad, internacional\",\"potentialAction\":[{\"@type\":\"SearchAction\",\"target\":{\"@type\":\"EntryPoint\",\"urlTemplate\":\"https:\/\/aeronoticias.com.pe\/noticiero\/?s={search_term_string}\"},\"query-input\":{\"@type\":\"PropertyValueSpecification\",\"valueRequired\":true,\"valueName\":\"search_term_string\"}}],\"inLanguage\":\"es\"},{\"@type\":\"Person\",\"@id\":\"https:\/\/aeronoticias.com.pe\/noticiero\/#\/schema\/person\/16212a617c73f78916b13194154243bd\",\"name\":\"Redacci\u00f3n\",\"sameAs\":[\"http:\/\/Redacci\u00f3n\"],\"url\":\"https:\/\/aeronoticias.com.pe\/noticiero\/author\/celeste\/\"}]}<\/script>\n<!-- \/ Yoast SEO plugin. -->","yoast_head_json":{"title":"Espa\u00f1a: Aeropuertos de Aena registran r\u00e9cord de pasajeros y carga en marzo","description":"Portal de noticias del Per\u00fa sobre el transporte a\u00e9reo, aviaci\u00f3n, turismo, hoteleria, actualidad.","robots":{"index":"index","follow":"follow","max-snippet":"max-snippet:-1","max-image-preview":"max-image-preview:large","max-video-preview":"max-video-preview:-1"},"canonical":"https:\/\/aeronoticias.com.pe\/noticiero\/internacionales\/espana-aeropuertos-de-aena-registran-record-de-pasajeros-y-carga-en-marzo\/","og_locale":"es_ES","og_type":"article","og_title":"Espa\u00f1a: Aeropuertos de Aena registran r\u00e9cord de pasajeros y carga en marzo","og_description":"Portal de noticias del Per\u00fa sobre el transporte a\u00e9reo, aviaci\u00f3n, turismo, hoteleria, actualidad.","og_url":"https:\/\/aeronoticias.com.pe\/noticiero\/internacionales\/espana-aeropuertos-de-aena-registran-record-de-pasajeros-y-carga-en-marzo\/","og_site_name":"Aeronoticias.com.pe","article_publisher":"https:\/\/www.facebook.com\/Aeronoticias.com.pe\/","article_published_time":"2024-04-12T20:19:23+00:00","article_modified_time":"2024-04-12T20:19:34+00:00","og_image":[{"width":786,"height":398,"url":"https:\/\/aeronoticias.com.pe\/noticiero\/wp-content\/uploads\/2024\/04\/espa.jpg","type":"image\/jpeg"}],"author":"Redacci\u00f3n","twitter_card":"summary_large_image","twitter_creator":"@aeronoticias","twitter_site":"@aeronoticias","twitter_misc":{"Escrito por":"Redacci\u00f3n","Tiempo de lectura":"2 minutos"},"schema":{"@context":"https:\/\/schema.org","@graph":[{"@type":"WebPage","@id":"https:\/\/aeronoticias.com.pe\/noticiero\/internacionales\/espana-aeropuertos-de-aena-registran-record-de-pasajeros-y-carga-en-marzo\/","url":"https:\/\/aeronoticias.com.pe\/noticiero\/internacionales\/espana-aeropuertos-de-aena-registran-record-de-pasajeros-y-carga-en-marzo\/","name":"Espa\u00f1a: Aeropuertos de Aena registran r\u00e9cord de pasajeros y carga en marzo","isPartOf":{"@id":"https:\/\/aeronoticias.com.pe\/noticiero\/#website"},"primaryImageOfPage":{"@id":"https:\/\/aeronoticias.com.pe\/noticiero\/internacionales\/espana-aeropuertos-de-aena-registran-record-de-pasajeros-y-carga-en-marzo\/#primaryimage"},"image":{"@id":"https:\/\/aeronoticias.com.pe\/noticiero\/internacionales\/espana-aeropuertos-de-aena-registran-record-de-pasajeros-y-carga-en-marzo\/#primaryimage"},"thumbnailUrl":"https:\/\/aeronoticias.com.pe\/noticiero\/wp-content\/uploads\/2024\/04\/espa.jpg","datePublished":"2024-04-12T20:19:23+00:00","dateModified":"2024-04-12T20:19:34+00:00","author":{"@id":"https:\/\/aeronoticias.com.pe\/noticiero\/#\/schema\/person\/16212a617c73f78916b13194154243bd"},"description":"Portal de noticias del Per\u00fa sobre el transporte a\u00e9reo, aviaci\u00f3n, turismo, hoteleria, actualidad.","breadcrumb":{"@id":"https:\/\/aeronoticias.com.pe\/noticiero\/internacionales\/espana-aeropuertos-de-aena-registran-record-de-pasajeros-y-carga-en-marzo\/#breadcrumb"},"inLanguage":"es","potentialAction":[{"@type":"ReadAction","target":["https:\/\/aeronoticias.com.pe\/noticiero\/internacionales\/espana-aeropuertos-de-aena-registran-record-de-pasajeros-y-carga-en-marzo\/"]}]},{"@type":"ImageObject","inLanguage":"es","@id":"https:\/\/aeronoticias.com.pe\/noticiero\/internacionales\/espana-aeropuertos-de-aena-registran-record-de-pasajeros-y-carga-en-marzo\/#primaryimage","url":"https:\/\/aeronoticias.com.pe\/noticiero\/wp-content\/uploads\/2024\/04\/espa.jpg","contentUrl":"https:\/\/aeronoticias.com.pe\/noticiero\/wp-content\/uploads\/2024\/04\/espa.jpg","width":786,"height":398},{"@type":"BreadcrumbList","@id":"https:\/\/aeronoticias.com.pe\/noticiero\/internacionales\/espana-aeropuertos-de-aena-registran-record-de-pasajeros-y-carga-en-marzo\/#breadcrumb","itemListElement":[{"@type":"ListItem","position":1,"name":"Portada","item":"https:\/\/aeronoticias.com.pe\/noticiero\/"},{"@type":"ListItem","position":2,"name":"Espa\u00f1a: Aeropuertos de Aena registran r\u00e9cord de pasajeros y carga en marzo"}]},{"@type":"WebSite","@id":"https:\/\/aeronoticias.com.pe\/noticiero\/#website","url":"https:\/\/aeronoticias.com.pe\/noticiero\/","name":"Aeronoticias.com.pe","description":"Noticias de tranporte aereo, turismo, hoteles, gastronomia, actualidad, internacional","potentialAction":[{"@type":"SearchAction","target":{"@type":"EntryPoint","urlTemplate":"https:\/\/aeronoticias.com.pe\/noticiero\/?s={search_term_string}"},"query-input":{"@type":"PropertyValueSpecification","valueRequired":true,"valueName":"search_term_string"}}],"inLanguage":"es"},{"@type":"Person","@id":"https:\/\/aeronoticias.com.pe\/noticiero\/#\/schema\/person\/16212a617c73f78916b13194154243bd","name":"Redacci\u00f3n","sameAs":["http:\/\/Redacci\u00f3n"],"url":"https:\/\/aeronoticias.com.pe\/noticiero\/author\/celeste\/"}]}},"_links":{"self":[{"href":"https:\/\/aeronoticias.com.pe\/noticiero\/wp-json\/wp\/v2\/posts\/89878","targetHints":{"allow":["GET"]}}],"collection":[{"href":"https:\/\/aeronoticias.com.pe\/noticiero\/wp-json\/wp\/v2\/posts"}],"about":[{"href":"https:\/\/aeronoticias.com.pe\/noticiero\/wp-json\/wp\/v2\/types\/post"}],"author":[{"embeddable":true,"href":"https:\/\/aeronoticias.com.pe\/noticiero\/wp-json\/wp\/v2\/users\/3"}],"replies":[{"embeddable":true,"href":"https:\/\/aeronoticias.com.pe\/noticiero\/wp-json\/wp\/v2\/comments?post=89878"}],"version-history":[{"count":0,"href":"https:\/\/aeronoticias.com.pe\/noticiero\/wp-json\/wp\/v2\/posts\/89878\/revisions"}],"wp:featuredmedia":[{"embeddable":true,"href":"https:\/\/aeronoticias.com.pe\/noticiero\/wp-json\/wp\/v2\/media\/89879"}],"wp:attachment":[{"href":"https:\/\/aeronoticias.com.pe\/noticiero\/wp-json\/wp\/v2\/media?parent=89878"}],"wp:term":[{"taxonomy":"category","embeddable":true,"href":"https:\/\/aeronoticias.com.pe\/noticiero\/wp-json\/wp\/v2\/categories?post=89878"},{"taxonomy":"post_tag","embeddable":true,"href":"https:\/\/aeronoticias.com.pe\/noticiero\/wp-json\/wp\/v2\/tags?post=89878"}],"curies":[{"name":"wp","href":"https:\/\/api.w.org\/{rel}","templated":true}]}}