{"id":89881,"date":"2024-04-15T12:20:37","date_gmt":"2024-04-15T17:20:37","guid":{"rendered":"https:\/\/aeronoticias.com.pe\/noticiero\/?p=89881"},"modified":"2024-04-15T12:20:46","modified_gmt":"2024-04-15T17:20:46","slug":"los-vuelos-de-los-emiratos-arabes-afectados-por-el-cierre-del-espacio-aereo-en-la-region","status":"publish","type":"post","link":"https:\/\/aeronoticias.com.pe\/noticiero\/transporte-aereo\/los-vuelos-de-los-emiratos-arabes-afectados-por-el-cierre-del-espacio-aereo-en-la-region\/","title":{"rendered":"Los vuelos de los Emiratos \u00c1rabes, afectados por el cierre del espacio a\u00e9reo en la regi\u00f3n"},"content":{"rendered":"\n<p><strong>(Aeronoticias)<\/strong>: Algunos vuelos hacia y desde<strong>\u00a0Emiratos \u00c1rabes Unidos<\/strong>\u00a0se han visto afectados debido a que varios pa\u00edses de la regi\u00f3n cerraron temporalmente sus\u00a0<strong>espacios a\u00e9reos<\/strong>. Como resultado, dos vuelos de\u00a0<strong>Flydubai\u00a0<\/strong>que despegaron hacia<strong>\u00a0Amm\u00e1n<\/strong>, Jordania, y\u00a0<strong>Tel Aviv<\/strong>, Israel, tuvieron que regresar a<strong>\u00a0Dubai<\/strong>.<\/p>\n\n\n\n<figure class=\"wp-block-image\"><img decoding=\"async\" src=\"https:\/\/www.elcorreo.ae\/media\/elcorreo\/images\/2024\/04\/14\/2024041409025593938.jpg\" alt=\"Una captura de pantalla de la aplicaci\u00f3n de vuelos en tiempo real a las 9.00 hora de EAU de este domingo, 14 de abril 2024. (Flightradar24)\"\/><figcaption>Una captura de pantalla de la aplicaci\u00f3n de vuelos en tiempo real a las 9.00 hora de EAU de este domingo, 14 de abril 2024. (Flightradar24)<br><\/figcaption><\/figure>\n\n\n\n<p>La vuelta de los aviones se produjo cuando&nbsp;<strong>Ir\u00e1n<\/strong>&nbsp;inici\u00f3 un ataque a\u00e9reo contra Israel en&nbsp;<strong>represalia<\/strong>&nbsp;por lo que llam\u00f3 un ataque israel\u00ed a su Consulado de&nbsp;<strong>Damasco<\/strong>&nbsp;el 1 de abril que mat\u00f3 a siete oficiales de la&nbsp;<strong>Guardia Revolucionaria<\/strong>.<\/p>\n\n\n\n<p><strong>Etihad Airways<\/strong>, con sede en<strong>&nbsp;Abu Dhabi<\/strong>, anunci\u00f3 que cambiar\u00e1 la ruta de varios de sus vuelos&nbsp;<strong>europeos y norteamericanos<\/strong>&nbsp;el domingo 14 de abril para sobrevolar&nbsp;<strong>Arabia Saudita<\/strong>&nbsp;y Egipto tras la \u201cnotificaci\u00f3n del cierre del espacio a\u00e9reo sobre Israel, Jordania e&nbsp;<strong>Irak<\/strong>\u201d.<\/p>\n\n\n\n<p>\u201cEs probable que esto cause algunas&nbsp;<strong>perturbaciones&nbsp;<\/strong>y retrasos en varios vuelos a lo largo del d\u00eda. Esta es una situaci\u00f3n en desarrollo y la aerol\u00ednea est\u00e1 monitoreando continuamente las&nbsp;<strong>actualizaciones&nbsp;<\/strong>de seguridad y espacio a\u00e9reo\u201d, declar\u00f3 un portavoz de la aerol\u00ednea al diario&nbsp;<em><strong>Khaleej Times<\/strong><\/em>&nbsp;en un comunicado.<\/p>\n\n\n\n<p>\u201cLos vuelos de Etihad Airways s\u00f3lo operan a trav\u00e9s del espacio a\u00e9reo aprobado. La&nbsp;<strong>seguridad&nbsp;<\/strong>es siempre nuestra m\u00e1xima prioridad y&nbsp;<strong>nunca<\/strong>&nbsp;operar\u00edamos un vuelo a menos que fuera seguro hacerlo\u201d.<\/p>\n\n\n\n<p>La aerol\u00ednea recomend\u00f3 a los clientes que comprobaran el<strong>&nbsp;estado<\/strong>&nbsp;de su vuelo en su sitio web.<\/p>\n\n\n\n<p>Flydubai dijo que algunos de sus vuelos se han visto&nbsp;<strong>afectados<\/strong>&nbsp;por el cierre temporal \u00abde varios espacios a\u00e9reos en la regi\u00f3n\u00bb. La&nbsp;aerol\u00ednea se\u00f1al\u00f3 que est\u00e1 en \u201ccontacto directo\u201d con&nbsp;<strong>pasajeros<\/strong>&nbsp;cuyos planes de viaje se han visto afectados. \u00abContinuamos siguiendo de cerca la<strong>&nbsp;situaci\u00f3n<\/strong>&nbsp;y haremos las&nbsp;<strong>modificaciones<\/strong>&nbsp;correspondientes en nuestro calendario\u00bb, a\u00f1adi\u00f3 el portavoz, disculp\u00e1ndose \u00abpor las molestias causadas\u00bb.<\/p>\n\n\n\n<p>Israel, Irak y<strong>&nbsp;L\u00edbano&nbsp;<\/strong>han cerrado sus espacios a\u00e9reos como medida de precauci\u00f3n ante el aumento de las tensiones.&nbsp;<strong>Egipto<\/strong>&nbsp;anunci\u00f3 que sus defensas a\u00e9reas estaban en \u201calerta m\u00e1xima\u201d.<\/p>\n\n\n\n<p>En un comunicado publicado en X,\u00a0<strong>Kuwait Airways<\/strong>\u00a0escribi\u00f3 que est\u00e1 desviando todos los vuelos entrantes y salientes de \u00abzonas de tensi\u00f3n\u00bb en vista de la situaci\u00f3n de seguridad en la regi\u00f3n.<\/p>\n\n\n\n<p><strong>Fuente: elcorreo.ae<\/strong><\/p>\n","protected":false},"excerpt":{"rendered":"<p>(Aeronoticias): Algunos vuelos hacia y desde\u00a0Emiratos \u00c1rabes Unidos\u00a0se han visto afectados debido a que varios pa\u00edses de la regi\u00f3n cerraron temporalmente sus\u00a0espacios a\u00e9reos. Como resultado, dos vuelos de\u00a0Flydubai\u00a0que despegaron hacia\u00a0Amm\u00e1n, Jordania, y\u00a0Tel Aviv, Israel, tuvieron que regresar a\u00a0Dubai. La vuelta de los aviones se produjo cuando&nbsp;Ir\u00e1n&nbsp;inici\u00f3 un ataque a\u00e9reo contra Israel en&nbsp;represalia&nbsp;por lo que llam\u00f3 [&hellip;]<\/p>\n","protected":false},"author":3,"featured_media":89882,"comment_status":"open","ping_status":"open","sticky":false,"template":"","format":"standard","meta":{"tdm_status":"","tdm_grid_status":"","footnotes":""},"categories":[32,11],"tags":[1871,162,3053,128],"class_list":{"0":"post-89881","1":"post","2":"type-post","3":"status-publish","4":"format-standard","5":"has-post-thumbnail","7":"category-internacional","8":"category-transporte-aereo","9":"tag-cierre-de-espacio-aereo","10":"tag-dubai","11":"tag-emiratos-arabes","12":"tag-etihad-airways"},"yoast_head":"<!-- This site is optimized with the Yoast SEO plugin v25.1 - https:\/\/yoast.com\/wordpress\/plugins\/seo\/ -->\n<title>Los vuelos de los Emiratos \u00c1rabes, afectados por el cierre del espacio a\u00e9reo en la regi\u00f3n<\/title>\n<meta name=\"description\" content=\"\u201cLos vuelos de Etihad Airways s\u00f3lo operan a trav\u00e9s del espacio a\u00e9reo aprobado, la seguridad es siempre nuestra m\u00e1xima prioridad&quot;\" \/>\n<meta name=\"robots\" content=\"index, follow, max-snippet:-1, max-image-preview:large, max-video-preview:-1\" \/>\n<link rel=\"canonical\" href=\"https:\/\/aeronoticias.com.pe\/noticiero\/transporte-aereo\/los-vuelos-de-los-emiratos-arabes-afectados-por-el-cierre-del-espacio-aereo-en-la-region\/\" \/>\n<meta property=\"og:locale\" content=\"es_ES\" \/>\n<meta property=\"og:type\" content=\"article\" \/>\n<meta property=\"og:title\" content=\"Los vuelos de los Emiratos \u00c1rabes, afectados por el cierre del espacio a\u00e9reo en la regi\u00f3n\" \/>\n<meta property=\"og:description\" content=\"\u201cLos vuelos de Etihad Airways s\u00f3lo operan a trav\u00e9s del espacio a\u00e9reo aprobado, la seguridad es siempre nuestra m\u00e1xima prioridad&quot;\" \/>\n<meta property=\"og:url\" content=\"https:\/\/aeronoticias.com.pe\/noticiero\/transporte-aereo\/los-vuelos-de-los-emiratos-arabes-afectados-por-el-cierre-del-espacio-aereo-en-la-region\/\" \/>\n<meta property=\"og:site_name\" content=\"Aeronoticias.com.pe\" \/>\n<meta property=\"article:publisher\" content=\"https:\/\/www.facebook.com\/Aeronoticias.com.pe\/\" \/>\n<meta property=\"article:published_time\" content=\"2024-04-15T17:20:37+00:00\" \/>\n<meta property=\"article:modified_time\" content=\"2024-04-15T17:20:46+00:00\" \/>\n<meta property=\"og:image\" content=\"https:\/\/aeronoticias.com.pe\/noticiero\/wp-content\/uploads\/2024\/04\/nav-1.jpg\" \/>\n\t<meta property=\"og:image:width\" content=\"992\" \/>\n\t<meta property=\"og:image:height\" content=\"646\" \/>\n\t<meta property=\"og:image:type\" content=\"image\/jpeg\" \/>\n<meta name=\"author\" content=\"Redacci\u00f3n\" \/>\n<meta name=\"twitter:card\" content=\"summary_large_image\" \/>\n<meta name=\"twitter:creator\" content=\"@aeronoticias\" \/>\n<meta name=\"twitter:site\" content=\"@aeronoticias\" \/>\n<meta name=\"twitter:label1\" content=\"Escrito por\" \/>\n\t<meta name=\"twitter:data1\" content=\"Redacci\u00f3n\" \/>\n\t<meta name=\"twitter:label2\" content=\"Tiempo de lectura\" \/>\n\t<meta name=\"twitter:data2\" content=\"2 minutos\" \/>\n<script type=\"application\/ld+json\" class=\"yoast-schema-graph\">{\"@context\":\"https:\/\/schema.org\",\"@graph\":[{\"@type\":\"WebPage\",\"@id\":\"https:\/\/aeronoticias.com.pe\/noticiero\/transporte-aereo\/los-vuelos-de-los-emiratos-arabes-afectados-por-el-cierre-del-espacio-aereo-en-la-region\/\",\"url\":\"https:\/\/aeronoticias.com.pe\/noticiero\/transporte-aereo\/los-vuelos-de-los-emiratos-arabes-afectados-por-el-cierre-del-espacio-aereo-en-la-region\/\",\"name\":\"Los vuelos de los Emiratos \u00c1rabes, afectados por el cierre del espacio a\u00e9reo en la regi\u00f3n\",\"isPartOf\":{\"@id\":\"https:\/\/aeronoticias.com.pe\/noticiero\/#website\"},\"primaryImageOfPage\":{\"@id\":\"https:\/\/aeronoticias.com.pe\/noticiero\/transporte-aereo\/los-vuelos-de-los-emiratos-arabes-afectados-por-el-cierre-del-espacio-aereo-en-la-region\/#primaryimage\"},\"image\":{\"@id\":\"https:\/\/aeronoticias.com.pe\/noticiero\/transporte-aereo\/los-vuelos-de-los-emiratos-arabes-afectados-por-el-cierre-del-espacio-aereo-en-la-region\/#primaryimage\"},\"thumbnailUrl\":\"https:\/\/aeronoticias.com.pe\/noticiero\/wp-content\/uploads\/2024\/04\/nav-1.jpg\",\"datePublished\":\"2024-04-15T17:20:37+00:00\",\"dateModified\":\"2024-04-15T17:20:46+00:00\",\"author\":{\"@id\":\"https:\/\/aeronoticias.com.pe\/noticiero\/#\/schema\/person\/16212a617c73f78916b13194154243bd\"},\"description\":\"\u201cLos vuelos de Etihad Airways s\u00f3lo operan a trav\u00e9s del espacio a\u00e9reo aprobado, la seguridad es siempre nuestra m\u00e1xima prioridad\\\"\",\"breadcrumb\":{\"@id\":\"https:\/\/aeronoticias.com.pe\/noticiero\/transporte-aereo\/los-vuelos-de-los-emiratos-arabes-afectados-por-el-cierre-del-espacio-aereo-en-la-region\/#breadcrumb\"},\"inLanguage\":\"es\",\"potentialAction\":[{\"@type\":\"ReadAction\",\"target\":[\"https:\/\/aeronoticias.com.pe\/noticiero\/transporte-aereo\/los-vuelos-de-los-emiratos-arabes-afectados-por-el-cierre-del-espacio-aereo-en-la-region\/\"]}]},{\"@type\":\"ImageObject\",\"inLanguage\":\"es\",\"@id\":\"https:\/\/aeronoticias.com.pe\/noticiero\/transporte-aereo\/los-vuelos-de-los-emiratos-arabes-afectados-por-el-cierre-del-espacio-aereo-en-la-region\/#primaryimage\",\"url\":\"https:\/\/aeronoticias.com.pe\/noticiero\/wp-content\/uploads\/2024\/04\/nav-1.jpg\",\"contentUrl\":\"https:\/\/aeronoticias.com.pe\/noticiero\/wp-content\/uploads\/2024\/04\/nav-1.jpg\",\"width\":992,\"height\":646},{\"@type\":\"BreadcrumbList\",\"@id\":\"https:\/\/aeronoticias.com.pe\/noticiero\/transporte-aereo\/los-vuelos-de-los-emiratos-arabes-afectados-por-el-cierre-del-espacio-aereo-en-la-region\/#breadcrumb\",\"itemListElement\":[{\"@type\":\"ListItem\",\"position\":1,\"name\":\"Portada\",\"item\":\"https:\/\/aeronoticias.com.pe\/noticiero\/\"},{\"@type\":\"ListItem\",\"position\":2,\"name\":\"Los vuelos de los Emiratos \u00c1rabes, afectados por el cierre del espacio a\u00e9reo en la regi\u00f3n\"}]},{\"@type\":\"WebSite\",\"@id\":\"https:\/\/aeronoticias.com.pe\/noticiero\/#website\",\"url\":\"https:\/\/aeronoticias.com.pe\/noticiero\/\",\"name\":\"Aeronoticias.com.pe\",\"description\":\"Noticias de tranporte aereo, turismo, hoteles, gastronomia, actualidad, internacional\",\"potentialAction\":[{\"@type\":\"SearchAction\",\"target\":{\"@type\":\"EntryPoint\",\"urlTemplate\":\"https:\/\/aeronoticias.com.pe\/noticiero\/?s={search_term_string}\"},\"query-input\":{\"@type\":\"PropertyValueSpecification\",\"valueRequired\":true,\"valueName\":\"search_term_string\"}}],\"inLanguage\":\"es\"},{\"@type\":\"Person\",\"@id\":\"https:\/\/aeronoticias.com.pe\/noticiero\/#\/schema\/person\/16212a617c73f78916b13194154243bd\",\"name\":\"Redacci\u00f3n\",\"sameAs\":[\"http:\/\/Redacci\u00f3n\"],\"url\":\"https:\/\/aeronoticias.com.pe\/noticiero\/author\/celeste\/\"}]}<\/script>\n<!-- \/ Yoast SEO plugin. -->","yoast_head_json":{"title":"Los vuelos de los Emiratos \u00c1rabes, afectados por el cierre del espacio a\u00e9reo en la regi\u00f3n","description":"\u201cLos vuelos de Etihad Airways s\u00f3lo operan a trav\u00e9s del espacio a\u00e9reo aprobado, la seguridad es siempre nuestra m\u00e1xima prioridad\"","robots":{"index":"index","follow":"follow","max-snippet":"max-snippet:-1","max-image-preview":"max-image-preview:large","max-video-preview":"max-video-preview:-1"},"canonical":"https:\/\/aeronoticias.com.pe\/noticiero\/transporte-aereo\/los-vuelos-de-los-emiratos-arabes-afectados-por-el-cierre-del-espacio-aereo-en-la-region\/","og_locale":"es_ES","og_type":"article","og_title":"Los vuelos de los Emiratos \u00c1rabes, afectados por el cierre del espacio a\u00e9reo en la regi\u00f3n","og_description":"\u201cLos vuelos de Etihad Airways s\u00f3lo operan a trav\u00e9s del espacio a\u00e9reo aprobado, la seguridad es siempre nuestra m\u00e1xima prioridad\"","og_url":"https:\/\/aeronoticias.com.pe\/noticiero\/transporte-aereo\/los-vuelos-de-los-emiratos-arabes-afectados-por-el-cierre-del-espacio-aereo-en-la-region\/","og_site_name":"Aeronoticias.com.pe","article_publisher":"https:\/\/www.facebook.com\/Aeronoticias.com.pe\/","article_published_time":"2024-04-15T17:20:37+00:00","article_modified_time":"2024-04-15T17:20:46+00:00","og_image":[{"width":992,"height":646,"url":"https:\/\/aeronoticias.com.pe\/noticiero\/wp-content\/uploads\/2024\/04\/nav-1.jpg","type":"image\/jpeg"}],"author":"Redacci\u00f3n","twitter_card":"summary_large_image","twitter_creator":"@aeronoticias","twitter_site":"@aeronoticias","twitter_misc":{"Escrito por":"Redacci\u00f3n","Tiempo de lectura":"2 minutos"},"schema":{"@context":"https:\/\/schema.org","@graph":[{"@type":"WebPage","@id":"https:\/\/aeronoticias.com.pe\/noticiero\/transporte-aereo\/los-vuelos-de-los-emiratos-arabes-afectados-por-el-cierre-del-espacio-aereo-en-la-region\/","url":"https:\/\/aeronoticias.com.pe\/noticiero\/transporte-aereo\/los-vuelos-de-los-emiratos-arabes-afectados-por-el-cierre-del-espacio-aereo-en-la-region\/","name":"Los vuelos de los Emiratos \u00c1rabes, afectados por el cierre del espacio a\u00e9reo en la regi\u00f3n","isPartOf":{"@id":"https:\/\/aeronoticias.com.pe\/noticiero\/#website"},"primaryImageOfPage":{"@id":"https:\/\/aeronoticias.com.pe\/noticiero\/transporte-aereo\/los-vuelos-de-los-emiratos-arabes-afectados-por-el-cierre-del-espacio-aereo-en-la-region\/#primaryimage"},"image":{"@id":"https:\/\/aeronoticias.com.pe\/noticiero\/transporte-aereo\/los-vuelos-de-los-emiratos-arabes-afectados-por-el-cierre-del-espacio-aereo-en-la-region\/#primaryimage"},"thumbnailUrl":"https:\/\/aeronoticias.com.pe\/noticiero\/wp-content\/uploads\/2024\/04\/nav-1.jpg","datePublished":"2024-04-15T17:20:37+00:00","dateModified":"2024-04-15T17:20:46+00:00","author":{"@id":"https:\/\/aeronoticias.com.pe\/noticiero\/#\/schema\/person\/16212a617c73f78916b13194154243bd"},"description":"\u201cLos vuelos de Etihad Airways s\u00f3lo operan a trav\u00e9s del espacio a\u00e9reo aprobado, la seguridad es siempre nuestra m\u00e1xima prioridad\"","breadcrumb":{"@id":"https:\/\/aeronoticias.com.pe\/noticiero\/transporte-aereo\/los-vuelos-de-los-emiratos-arabes-afectados-por-el-cierre-del-espacio-aereo-en-la-region\/#breadcrumb"},"inLanguage":"es","potentialAction":[{"@type":"ReadAction","target":["https:\/\/aeronoticias.com.pe\/noticiero\/transporte-aereo\/los-vuelos-de-los-emiratos-arabes-afectados-por-el-cierre-del-espacio-aereo-en-la-region\/"]}]},{"@type":"ImageObject","inLanguage":"es","@id":"https:\/\/aeronoticias.com.pe\/noticiero\/transporte-aereo\/los-vuelos-de-los-emiratos-arabes-afectados-por-el-cierre-del-espacio-aereo-en-la-region\/#primaryimage","url":"https:\/\/aeronoticias.com.pe\/noticiero\/wp-content\/uploads\/2024\/04\/nav-1.jpg","contentUrl":"https:\/\/aeronoticias.com.pe\/noticiero\/wp-content\/uploads\/2024\/04\/nav-1.jpg","width":992,"height":646},{"@type":"BreadcrumbList","@id":"https:\/\/aeronoticias.com.pe\/noticiero\/transporte-aereo\/los-vuelos-de-los-emiratos-arabes-afectados-por-el-cierre-del-espacio-aereo-en-la-region\/#breadcrumb","itemListElement":[{"@type":"ListItem","position":1,"name":"Portada","item":"https:\/\/aeronoticias.com.pe\/noticiero\/"},{"@type":"ListItem","position":2,"name":"Los vuelos de los Emiratos \u00c1rabes, afectados por el cierre del espacio a\u00e9reo en la regi\u00f3n"}]},{"@type":"WebSite","@id":"https:\/\/aeronoticias.com.pe\/noticiero\/#website","url":"https:\/\/aeronoticias.com.pe\/noticiero\/","name":"Aeronoticias.com.pe","description":"Noticias de tranporte aereo, turismo, hoteles, gastronomia, actualidad, internacional","potentialAction":[{"@type":"SearchAction","target":{"@type":"EntryPoint","urlTemplate":"https:\/\/aeronoticias.com.pe\/noticiero\/?s={search_term_string}"},"query-input":{"@type":"PropertyValueSpecification","valueRequired":true,"valueName":"search_term_string"}}],"inLanguage":"es"},{"@type":"Person","@id":"https:\/\/aeronoticias.com.pe\/noticiero\/#\/schema\/person\/16212a617c73f78916b13194154243bd","name":"Redacci\u00f3n","sameAs":["http:\/\/Redacci\u00f3n"],"url":"https:\/\/aeronoticias.com.pe\/noticiero\/author\/celeste\/"}]}},"_links":{"self":[{"href":"https:\/\/aeronoticias.com.pe\/noticiero\/wp-json\/wp\/v2\/posts\/89881","targetHints":{"allow":["GET"]}}],"collection":[{"href":"https:\/\/aeronoticias.com.pe\/noticiero\/wp-json\/wp\/v2\/posts"}],"about":[{"href":"https:\/\/aeronoticias.com.pe\/noticiero\/wp-json\/wp\/v2\/types\/post"}],"author":[{"embeddable":true,"href":"https:\/\/aeronoticias.com.pe\/noticiero\/wp-json\/wp\/v2\/users\/3"}],"replies":[{"embeddable":true,"href":"https:\/\/aeronoticias.com.pe\/noticiero\/wp-json\/wp\/v2\/comments?post=89881"}],"version-history":[{"count":0,"href":"https:\/\/aeronoticias.com.pe\/noticiero\/wp-json\/wp\/v2\/posts\/89881\/revisions"}],"wp:featuredmedia":[{"embeddable":true,"href":"https:\/\/aeronoticias.com.pe\/noticiero\/wp-json\/wp\/v2\/media\/89882"}],"wp:attachment":[{"href":"https:\/\/aeronoticias.com.pe\/noticiero\/wp-json\/wp\/v2\/media?parent=89881"}],"wp:term":[{"taxonomy":"category","embeddable":true,"href":"https:\/\/aeronoticias.com.pe\/noticiero\/wp-json\/wp\/v2\/categories?post=89881"},{"taxonomy":"post_tag","embeddable":true,"href":"https:\/\/aeronoticias.com.pe\/noticiero\/wp-json\/wp\/v2\/tags?post=89881"}],"curies":[{"name":"wp","href":"https:\/\/api.w.org\/{rel}","templated":true}]}}