{"id":89887,"date":"2024-04-15T13:35:38","date_gmt":"2024-04-15T18:35:38","guid":{"rendered":"https:\/\/aeronoticias.com.pe\/noticiero\/?p=89887"},"modified":"2024-04-15T13:35:41","modified_gmt":"2024-04-15T18:35:41","slug":"karin-caceres-renuncia-a-la-presidencia-de-indecopi","status":"publish","type":"post","link":"https:\/\/aeronoticias.com.pe\/noticiero\/transporte-aereo\/nacional\/karin-caceres-renuncia-a-la-presidencia-de-indecopi\/","title":{"rendered":"Karin C\u00e1ceres renuncia a la presidencia de Indecopi"},"content":{"rendered":"\n<p><strong>(Aeronoticias)<\/strong>: <strong>La abogada\u00a0<\/strong><a href=\"https:\/\/elcomercio.pe\/noticias\/karin-caceres\/?ref=ecr\/\" target=\"_blank\" rel=\"noreferrer noopener\"><strong>Karin C\u00e1ceres Durango<\/strong><\/a><strong>\u00a0present\u00f3 su renuncia al cargo de presidenta del Directorio del\u00a0<\/strong><a href=\"https:\/\/elcomercio.pe\/noticias\/indecopi\/\" target=\"_blank\" rel=\"noreferrer noopener\"><strong>Instituto Nacional de Defensa de la Competencia y de la Protecci\u00f3n de la Propiedad Intelectual (Indecopi)<\/strong><\/a><strong>.<\/strong><\/p>\n\n\n\n<p>Mediante un comunicado, C\u00e1ceres solicit\u00f3 su salida al premier Gustavo Adrianz\u00e9n, a quien agradeci\u00f3 \u201cpor la confianza otorgada para ocupar tan importante cargo\u201d. A\u00f1adi\u00f3 que continuar\u00e1 con sus funciones hasta que su renuncia sea aceptada.<\/p>\n\n\n\n<p><em><strong>\u201cNo desatender\u00e9 las funciones que vengo desarrollando hasta la notificaci\u00f3n de la aceptaci\u00f3n a mi presente renuncia\u201d,<\/strong><\/em>\u00a0se lee en el documento.<\/p>\n\n\n\n<figure class=\"wp-block-image\"><img decoding=\"async\" src=\"https:\/\/elcomercio.pe\/resizer\/E--UhMD6SyGC7_S_zB_RO7KKieM=\/620x0\/smart\/filters:format(jpeg):quality(75)\/cloudfront-us-east-1.images.arcpublishing.com\/elcomercio\/6MAVA2S5FZAH3LOYUAMJAVSM6Q.jpg\" alt=\"Renuncia de Karin C\u00e1ceres. (Foto: Twitter) \"\/><\/figure>\n\n\n\n<p>De acuerdo al diario Gesti\u00f3n, diferentes fuentes indicar\u00edan que Alberto Villanueva Eslava, miembro del Consejo Directivo, ser\u00eda quien podr\u00eda asumir el puesto que deja C\u00e1ceres.<\/p>\n\n\n\n<p>Cabe mencionar que, Karin C\u00e1ceres fue designada en marzo del 2023 en reemplazo de Juli\u00e1n Palac\u00edn Guti\u00e9rrez, quien fue retirado del cargo por no cumplir con los requisitos m\u00ednimos establecidos en la Ley N\u00b0 31419, que establece disposiciones para garantizar la idoneidad en el acceso y ejercicio de la funci\u00f3n p\u00fablica de funcionarios y directivos de libre designaci\u00f3n y remoci\u00f3n.<\/p>\n\n\n\n<p>Dicha resoluci\u00f3n llevaba las r\u00fabricas de la presidenta de la rep\u00fablica, Dina Boluarte, y del entonces presidente del Consejo de Ministros, Alberto Ot\u00e1rola.<\/p>\n\n\n\n<p><strong>Fuente: elcomercio.pe<\/strong><\/p>\n","protected":false},"excerpt":{"rendered":"<p>(Aeronoticias): La abogada\u00a0Karin C\u00e1ceres Durango\u00a0present\u00f3 su renuncia al cargo de presidenta del Directorio del\u00a0Instituto Nacional de Defensa de la Competencia y de la Protecci\u00f3n de la Propiedad Intelectual (Indecopi). Mediante un comunicado, C\u00e1ceres solicit\u00f3 su salida al premier Gustavo Adrianz\u00e9n, a quien agradeci\u00f3 \u201cpor la confianza otorgada para ocupar tan importante cargo\u201d. A\u00f1adi\u00f3 que continuar\u00e1 [&hellip;]<\/p>\n","protected":false},"author":3,"featured_media":89891,"comment_status":"open","ping_status":"open","sticky":false,"template":"","format":"standard","meta":{"tdm_status":"","tdm_grid_status":"","footnotes":""},"categories":[51,38],"tags":[5032,1367],"class_list":{"0":"post-89887","1":"post","2":"type-post","3":"status-publish","4":"format-standard","5":"has-post-thumbnail","7":"category-nacional","8":"category-nacionales","9":"tag-funcionarios-y-directivos","10":"tag-indecopi"},"yoast_head":"<!-- This site is optimized with the Yoast SEO plugin v25.1 - https:\/\/yoast.com\/wordpress\/plugins\/seo\/ -->\n<title>Karin C\u00e1ceres renuncia a la presidencia de Indecopi<\/title>\n<meta name=\"description\" content=\"La saliente titular de esta entidad reguladora, indic\u00f3 que continuar\u00e1 con sus funciones hasta que su renuncia sea aceptada.\" \/>\n<meta name=\"robots\" content=\"index, follow, max-snippet:-1, max-image-preview:large, max-video-preview:-1\" \/>\n<link rel=\"canonical\" href=\"https:\/\/aeronoticias.com.pe\/noticiero\/transporte-aereo\/nacional\/karin-caceres-renuncia-a-la-presidencia-de-indecopi\/\" \/>\n<meta property=\"og:locale\" content=\"es_ES\" \/>\n<meta property=\"og:type\" content=\"article\" \/>\n<meta property=\"og:title\" content=\"Karin C\u00e1ceres renuncia a la presidencia de Indecopi\" \/>\n<meta property=\"og:description\" content=\"La saliente titular de esta entidad reguladora, indic\u00f3 que continuar\u00e1 con sus funciones hasta que su renuncia sea aceptada.\" \/>\n<meta property=\"og:url\" content=\"https:\/\/aeronoticias.com.pe\/noticiero\/transporte-aereo\/nacional\/karin-caceres-renuncia-a-la-presidencia-de-indecopi\/\" \/>\n<meta property=\"og:site_name\" content=\"Aeronoticias.com.pe\" \/>\n<meta property=\"article:publisher\" content=\"https:\/\/www.facebook.com\/Aeronoticias.com.pe\/\" \/>\n<meta property=\"article:published_time\" content=\"2024-04-15T18:35:38+00:00\" \/>\n<meta property=\"article:modified_time\" content=\"2024-04-15T18:35:41+00:00\" \/>\n<meta property=\"og:image\" content=\"https:\/\/aeronoticias.com.pe\/noticiero\/wp-content\/uploads\/2024\/04\/karei.jpg\" \/>\n\t<meta property=\"og:image:width\" content=\"622\" \/>\n\t<meta property=\"og:image:height\" content=\"351\" \/>\n\t<meta property=\"og:image:type\" content=\"image\/jpeg\" \/>\n<meta name=\"author\" content=\"Redacci\u00f3n\" \/>\n<meta name=\"twitter:card\" content=\"summary_large_image\" \/>\n<meta name=\"twitter:creator\" content=\"@aeronoticias\" \/>\n<meta name=\"twitter:site\" content=\"@aeronoticias\" \/>\n<meta name=\"twitter:label1\" content=\"Escrito por\" \/>\n\t<meta name=\"twitter:data1\" content=\"Redacci\u00f3n\" \/>\n\t<meta name=\"twitter:label2\" content=\"Tiempo de lectura\" \/>\n\t<meta name=\"twitter:data2\" content=\"1 minuto\" \/>\n<script type=\"application\/ld+json\" class=\"yoast-schema-graph\">{\"@context\":\"https:\/\/schema.org\",\"@graph\":[{\"@type\":\"WebPage\",\"@id\":\"https:\/\/aeronoticias.com.pe\/noticiero\/transporte-aereo\/nacional\/karin-caceres-renuncia-a-la-presidencia-de-indecopi\/\",\"url\":\"https:\/\/aeronoticias.com.pe\/noticiero\/transporte-aereo\/nacional\/karin-caceres-renuncia-a-la-presidencia-de-indecopi\/\",\"name\":\"Karin C\u00e1ceres renuncia a la presidencia de Indecopi\",\"isPartOf\":{\"@id\":\"https:\/\/aeronoticias.com.pe\/noticiero\/#website\"},\"primaryImageOfPage\":{\"@id\":\"https:\/\/aeronoticias.com.pe\/noticiero\/transporte-aereo\/nacional\/karin-caceres-renuncia-a-la-presidencia-de-indecopi\/#primaryimage\"},\"image\":{\"@id\":\"https:\/\/aeronoticias.com.pe\/noticiero\/transporte-aereo\/nacional\/karin-caceres-renuncia-a-la-presidencia-de-indecopi\/#primaryimage\"},\"thumbnailUrl\":\"https:\/\/aeronoticias.com.pe\/noticiero\/wp-content\/uploads\/2024\/04\/karei.jpg\",\"datePublished\":\"2024-04-15T18:35:38+00:00\",\"dateModified\":\"2024-04-15T18:35:41+00:00\",\"author\":{\"@id\":\"https:\/\/aeronoticias.com.pe\/noticiero\/#\/schema\/person\/16212a617c73f78916b13194154243bd\"},\"description\":\"La saliente titular de esta entidad reguladora, indic\u00f3 que continuar\u00e1 con sus funciones hasta que su renuncia sea aceptada.\",\"breadcrumb\":{\"@id\":\"https:\/\/aeronoticias.com.pe\/noticiero\/transporte-aereo\/nacional\/karin-caceres-renuncia-a-la-presidencia-de-indecopi\/#breadcrumb\"},\"inLanguage\":\"es\",\"potentialAction\":[{\"@type\":\"ReadAction\",\"target\":[\"https:\/\/aeronoticias.com.pe\/noticiero\/transporte-aereo\/nacional\/karin-caceres-renuncia-a-la-presidencia-de-indecopi\/\"]}]},{\"@type\":\"ImageObject\",\"inLanguage\":\"es\",\"@id\":\"https:\/\/aeronoticias.com.pe\/noticiero\/transporte-aereo\/nacional\/karin-caceres-renuncia-a-la-presidencia-de-indecopi\/#primaryimage\",\"url\":\"https:\/\/aeronoticias.com.pe\/noticiero\/wp-content\/uploads\/2024\/04\/karei.jpg\",\"contentUrl\":\"https:\/\/aeronoticias.com.pe\/noticiero\/wp-content\/uploads\/2024\/04\/karei.jpg\",\"width\":622,\"height\":351},{\"@type\":\"BreadcrumbList\",\"@id\":\"https:\/\/aeronoticias.com.pe\/noticiero\/transporte-aereo\/nacional\/karin-caceres-renuncia-a-la-presidencia-de-indecopi\/#breadcrumb\",\"itemListElement\":[{\"@type\":\"ListItem\",\"position\":1,\"name\":\"Portada\",\"item\":\"https:\/\/aeronoticias.com.pe\/noticiero\/\"},{\"@type\":\"ListItem\",\"position\":2,\"name\":\"Karin C\u00e1ceres renuncia a la presidencia de Indecopi\"}]},{\"@type\":\"WebSite\",\"@id\":\"https:\/\/aeronoticias.com.pe\/noticiero\/#website\",\"url\":\"https:\/\/aeronoticias.com.pe\/noticiero\/\",\"name\":\"Aeronoticias.com.pe\",\"description\":\"Noticias de tranporte aereo, turismo, hoteles, gastronomia, actualidad, internacional\",\"potentialAction\":[{\"@type\":\"SearchAction\",\"target\":{\"@type\":\"EntryPoint\",\"urlTemplate\":\"https:\/\/aeronoticias.com.pe\/noticiero\/?s={search_term_string}\"},\"query-input\":{\"@type\":\"PropertyValueSpecification\",\"valueRequired\":true,\"valueName\":\"search_term_string\"}}],\"inLanguage\":\"es\"},{\"@type\":\"Person\",\"@id\":\"https:\/\/aeronoticias.com.pe\/noticiero\/#\/schema\/person\/16212a617c73f78916b13194154243bd\",\"name\":\"Redacci\u00f3n\",\"sameAs\":[\"http:\/\/Redacci\u00f3n\"],\"url\":\"https:\/\/aeronoticias.com.pe\/noticiero\/author\/celeste\/\"}]}<\/script>\n<!-- \/ Yoast SEO plugin. -->","yoast_head_json":{"title":"Karin C\u00e1ceres renuncia a la presidencia de Indecopi","description":"La saliente titular de esta entidad reguladora, indic\u00f3 que continuar\u00e1 con sus funciones hasta que su renuncia sea aceptada.","robots":{"index":"index","follow":"follow","max-snippet":"max-snippet:-1","max-image-preview":"max-image-preview:large","max-video-preview":"max-video-preview:-1"},"canonical":"https:\/\/aeronoticias.com.pe\/noticiero\/transporte-aereo\/nacional\/karin-caceres-renuncia-a-la-presidencia-de-indecopi\/","og_locale":"es_ES","og_type":"article","og_title":"Karin C\u00e1ceres renuncia a la presidencia de Indecopi","og_description":"La saliente titular de esta entidad reguladora, indic\u00f3 que continuar\u00e1 con sus funciones hasta que su renuncia sea aceptada.","og_url":"https:\/\/aeronoticias.com.pe\/noticiero\/transporte-aereo\/nacional\/karin-caceres-renuncia-a-la-presidencia-de-indecopi\/","og_site_name":"Aeronoticias.com.pe","article_publisher":"https:\/\/www.facebook.com\/Aeronoticias.com.pe\/","article_published_time":"2024-04-15T18:35:38+00:00","article_modified_time":"2024-04-15T18:35:41+00:00","og_image":[{"width":622,"height":351,"url":"https:\/\/aeronoticias.com.pe\/noticiero\/wp-content\/uploads\/2024\/04\/karei.jpg","type":"image\/jpeg"}],"author":"Redacci\u00f3n","twitter_card":"summary_large_image","twitter_creator":"@aeronoticias","twitter_site":"@aeronoticias","twitter_misc":{"Escrito por":"Redacci\u00f3n","Tiempo de lectura":"1 minuto"},"schema":{"@context":"https:\/\/schema.org","@graph":[{"@type":"WebPage","@id":"https:\/\/aeronoticias.com.pe\/noticiero\/transporte-aereo\/nacional\/karin-caceres-renuncia-a-la-presidencia-de-indecopi\/","url":"https:\/\/aeronoticias.com.pe\/noticiero\/transporte-aereo\/nacional\/karin-caceres-renuncia-a-la-presidencia-de-indecopi\/","name":"Karin C\u00e1ceres renuncia a la presidencia de Indecopi","isPartOf":{"@id":"https:\/\/aeronoticias.com.pe\/noticiero\/#website"},"primaryImageOfPage":{"@id":"https:\/\/aeronoticias.com.pe\/noticiero\/transporte-aereo\/nacional\/karin-caceres-renuncia-a-la-presidencia-de-indecopi\/#primaryimage"},"image":{"@id":"https:\/\/aeronoticias.com.pe\/noticiero\/transporte-aereo\/nacional\/karin-caceres-renuncia-a-la-presidencia-de-indecopi\/#primaryimage"},"thumbnailUrl":"https:\/\/aeronoticias.com.pe\/noticiero\/wp-content\/uploads\/2024\/04\/karei.jpg","datePublished":"2024-04-15T18:35:38+00:00","dateModified":"2024-04-15T18:35:41+00:00","author":{"@id":"https:\/\/aeronoticias.com.pe\/noticiero\/#\/schema\/person\/16212a617c73f78916b13194154243bd"},"description":"La saliente titular de esta entidad reguladora, indic\u00f3 que continuar\u00e1 con sus funciones hasta que su renuncia sea aceptada.","breadcrumb":{"@id":"https:\/\/aeronoticias.com.pe\/noticiero\/transporte-aereo\/nacional\/karin-caceres-renuncia-a-la-presidencia-de-indecopi\/#breadcrumb"},"inLanguage":"es","potentialAction":[{"@type":"ReadAction","target":["https:\/\/aeronoticias.com.pe\/noticiero\/transporte-aereo\/nacional\/karin-caceres-renuncia-a-la-presidencia-de-indecopi\/"]}]},{"@type":"ImageObject","inLanguage":"es","@id":"https:\/\/aeronoticias.com.pe\/noticiero\/transporte-aereo\/nacional\/karin-caceres-renuncia-a-la-presidencia-de-indecopi\/#primaryimage","url":"https:\/\/aeronoticias.com.pe\/noticiero\/wp-content\/uploads\/2024\/04\/karei.jpg","contentUrl":"https:\/\/aeronoticias.com.pe\/noticiero\/wp-content\/uploads\/2024\/04\/karei.jpg","width":622,"height":351},{"@type":"BreadcrumbList","@id":"https:\/\/aeronoticias.com.pe\/noticiero\/transporte-aereo\/nacional\/karin-caceres-renuncia-a-la-presidencia-de-indecopi\/#breadcrumb","itemListElement":[{"@type":"ListItem","position":1,"name":"Portada","item":"https:\/\/aeronoticias.com.pe\/noticiero\/"},{"@type":"ListItem","position":2,"name":"Karin C\u00e1ceres renuncia a la presidencia de Indecopi"}]},{"@type":"WebSite","@id":"https:\/\/aeronoticias.com.pe\/noticiero\/#website","url":"https:\/\/aeronoticias.com.pe\/noticiero\/","name":"Aeronoticias.com.pe","description":"Noticias de tranporte aereo, turismo, hoteles, gastronomia, actualidad, internacional","potentialAction":[{"@type":"SearchAction","target":{"@type":"EntryPoint","urlTemplate":"https:\/\/aeronoticias.com.pe\/noticiero\/?s={search_term_string}"},"query-input":{"@type":"PropertyValueSpecification","valueRequired":true,"valueName":"search_term_string"}}],"inLanguage":"es"},{"@type":"Person","@id":"https:\/\/aeronoticias.com.pe\/noticiero\/#\/schema\/person\/16212a617c73f78916b13194154243bd","name":"Redacci\u00f3n","sameAs":["http:\/\/Redacci\u00f3n"],"url":"https:\/\/aeronoticias.com.pe\/noticiero\/author\/celeste\/"}]}},"_links":{"self":[{"href":"https:\/\/aeronoticias.com.pe\/noticiero\/wp-json\/wp\/v2\/posts\/89887","targetHints":{"allow":["GET"]}}],"collection":[{"href":"https:\/\/aeronoticias.com.pe\/noticiero\/wp-json\/wp\/v2\/posts"}],"about":[{"href":"https:\/\/aeronoticias.com.pe\/noticiero\/wp-json\/wp\/v2\/types\/post"}],"author":[{"embeddable":true,"href":"https:\/\/aeronoticias.com.pe\/noticiero\/wp-json\/wp\/v2\/users\/3"}],"replies":[{"embeddable":true,"href":"https:\/\/aeronoticias.com.pe\/noticiero\/wp-json\/wp\/v2\/comments?post=89887"}],"version-history":[{"count":0,"href":"https:\/\/aeronoticias.com.pe\/noticiero\/wp-json\/wp\/v2\/posts\/89887\/revisions"}],"wp:featuredmedia":[{"embeddable":true,"href":"https:\/\/aeronoticias.com.pe\/noticiero\/wp-json\/wp\/v2\/media\/89891"}],"wp:attachment":[{"href":"https:\/\/aeronoticias.com.pe\/noticiero\/wp-json\/wp\/v2\/media?parent=89887"}],"wp:term":[{"taxonomy":"category","embeddable":true,"href":"https:\/\/aeronoticias.com.pe\/noticiero\/wp-json\/wp\/v2\/categories?post=89887"},{"taxonomy":"post_tag","embeddable":true,"href":"https:\/\/aeronoticias.com.pe\/noticiero\/wp-json\/wp\/v2\/tags?post=89887"}],"curies":[{"name":"wp","href":"https:\/\/api.w.org\/{rel}","templated":true}]}}