{"id":89923,"date":"2024-04-14T13:08:46","date_gmt":"2024-04-14T18:08:46","guid":{"rendered":"https:\/\/aeronoticias.com.pe\/noticiero\/?p=89923"},"modified":"2024-04-16T14:15:41","modified_gmt":"2024-04-16T19:15:41","slug":"la-voz-de-los-ninos-debe-ser-escuchada-y-acompanada-promoviendo-el-arte-y-el-deporte-por-una-cultura-de-paz","status":"publish","type":"post","link":"https:\/\/aeronoticias.com.pe\/noticiero\/cultural\/la-voz-de-los-ninos-debe-ser-escuchada-y-acompanada-promoviendo-el-arte-y-el-deporte-por-una-cultura-de-paz\/","title":{"rendered":"\u00abLa voz de los ni\u00f1os debe ser escuchada y acompa\u00f1ada\u00bb, promoviendo el Arte y el Deporte por una cultura de Paz"},"content":{"rendered":"\n<p>(Aeronoticias) La dulce y talentosa ni\u00f1a de 6 a\u00f1os de edad, Estefan\u00eda Solange Pittman Quispe, empez\u00f3 a estudiar actuaci\u00f3n en la academia EZ Casting &amp;Talleres, hace m\u00e1s de un a\u00f1o. <\/p>\n\n\n\n<p>La academia est\u00e1 bajo la direcci\u00f3n de los directores Joel Ezeta Boza y Jeniffer Vasquez Suarez y en el caso de actuaci\u00f3n las clases son dictadas por la reconocida actriz Carmela Tamayo.<br><\/p>\n\n\n\n<figure class=\"wp-block-image size-large\"><img loading=\"lazy\" decoding=\"async\" width=\"1024\" height=\"769\" src=\"https:\/\/aeronoticias.com.pe\/noticiero\/wp-content\/uploads\/2024\/04\/estefania2-1024x769.jpg\" alt=\"\" class=\"wp-image-89936\" srcset=\"https:\/\/aeronoticias.com.pe\/noticiero\/wp-content\/uploads\/2024\/04\/estefania2-1024x769.jpg 1024w, https:\/\/aeronoticias.com.pe\/noticiero\/wp-content\/uploads\/2024\/04\/estefania2-300x225.jpg 300w, https:\/\/aeronoticias.com.pe\/noticiero\/wp-content\/uploads\/2024\/04\/estefania2-768x577.jpg 768w, https:\/\/aeronoticias.com.pe\/noticiero\/wp-content\/uploads\/2024\/04\/estefania2-150x113.jpg 150w, https:\/\/aeronoticias.com.pe\/noticiero\/wp-content\/uploads\/2024\/04\/estefania2-696x523.jpg 696w, https:\/\/aeronoticias.com.pe\/noticiero\/wp-content\/uploads\/2024\/04\/estefania2-1068x802.jpg 1068w, https:\/\/aeronoticias.com.pe\/noticiero\/wp-content\/uploads\/2024\/04\/estefania2-265x198.jpg 265w, https:\/\/aeronoticias.com.pe\/noticiero\/wp-content\/uploads\/2024\/04\/estefania2.jpg 1156w\" sizes=\"auto, (max-width: 1024px) 100vw, 1024px\" \/><figcaption>Foto: Elenco \u201cUn cuento de pr\u00edncipes y princesas\u201d<\/figcaption><\/figure>\n\n\n\n<p>Estefan\u00eda ha estudiado el taller de actuaci\u00f3n para ni\u00f1os en EZ, donde en el Nivel 1 &#8211; Actuaci\u00f3n para la c\u00e1mara uno &#8211; hizo un mon\u00f3logo sobre perder el miedo, en el Nivel 2 &#8211; Actuaci\u00f3n para la c\u00e1mara dos &#8211; hizo un d\u00fao con un hermanito de escena para saber c\u00f3mo sobrellevar la p\u00e9rdida de un ser querido, en el Nivel 3 &#8211; Mini Conductores para la TV \u2013 y en el Nivel 4 &#8211; Taller Montaje &#8211; donde protagoniz\u00f3 el papel de la princesa Jazm\u00edn en la obra \u201cUn cuento de pr\u00edncipes y princesas\u201d, cuyo estreno se realiz\u00f3 el pasado 17 de marzo en el teatro \u201cBarranco 2\u201d.<br><br>Cabe se\u00f1alar, que la ni\u00f1a Estefan\u00eda no s\u00f3lo lleva clases de actuaci\u00f3n, tambi\u00e9n lleva de baile, de modelaje y  de gimnasia r\u00edtmica, que es la disciplina que le encanta practicar.<br><br><em><strong>Por: Betsy Pittman<\/strong><\/em> &#8211; <br><strong><em>       Especialista de Voz<\/em><\/strong><\/p>\n","protected":false},"excerpt":{"rendered":"<p>(Aeronoticias) La dulce y talentosa ni\u00f1a de 6 a\u00f1os de edad, Estefan\u00eda Solange Pittman Quispe, empez\u00f3 a estudiar actuaci\u00f3n en la academia EZ Casting &amp;Talleres, hace m\u00e1s de un a\u00f1o. La academia est\u00e1 bajo la direcci\u00f3n de los directores Joel Ezeta Boza y Jeniffer Vasquez Suarez y en el caso de actuaci\u00f3n las clases son [&hellip;]<\/p>\n","protected":false},"author":3,"featured_media":89938,"comment_status":"open","ping_status":"open","sticky":false,"template":"","format":"standard","meta":{"tdm_status":"","tdm_grid_status":"","footnotes":""},"categories":[26,18],"tags":[],"class_list":{"0":"post-89923","1":"post","2":"type-post","3":"status-publish","4":"format-standard","5":"has-post-thumbnail","7":"category-cultural","8":"category-institucionales"},"yoast_head":"<!-- This site is optimized with the Yoast SEO plugin v25.1 - https:\/\/yoast.com\/wordpress\/plugins\/seo\/ -->\n<title>&quot;La voz de los ni\u00f1os debe ser escuchada y acompa\u00f1ada&quot;, promoviendo el Arte y el Deporte por una cultura de Paz<\/title>\n<meta name=\"description\" content=\"La dulce y talentosa ni\u00f1a de 6 a\u00f1os de edad, Estefan\u00eda Solange Pittman Quispe, empez\u00f3 a estudiar actuaci\u00f3n en la academia EZ Casting &amp;Talleres, hace m\u00e1s de un a\u00f1o.\" \/>\n<meta name=\"robots\" content=\"index, follow, max-snippet:-1, max-image-preview:large, max-video-preview:-1\" \/>\n<link rel=\"canonical\" href=\"https:\/\/aeronoticias.com.pe\/noticiero\/cultural\/la-voz-de-los-ninos-debe-ser-escuchada-y-acompanada-promoviendo-el-arte-y-el-deporte-por-una-cultura-de-paz\/\" \/>\n<meta property=\"og:locale\" content=\"es_ES\" \/>\n<meta property=\"og:type\" content=\"article\" \/>\n<meta property=\"og:title\" content=\"&quot;La voz de los ni\u00f1os debe ser escuchada y acompa\u00f1ada&quot;, promoviendo el Arte y el Deporte por una cultura de Paz\" \/>\n<meta property=\"og:description\" content=\"La dulce y talentosa ni\u00f1a de 6 a\u00f1os de edad, Estefan\u00eda Solange Pittman Quispe, empez\u00f3 a estudiar actuaci\u00f3n en la academia EZ Casting &amp;Talleres, hace m\u00e1s de un a\u00f1o.\" \/>\n<meta property=\"og:url\" content=\"https:\/\/aeronoticias.com.pe\/noticiero\/cultural\/la-voz-de-los-ninos-debe-ser-escuchada-y-acompanada-promoviendo-el-arte-y-el-deporte-por-una-cultura-de-paz\/\" \/>\n<meta property=\"og:site_name\" content=\"Aeronoticias.com.pe\" \/>\n<meta property=\"article:publisher\" content=\"https:\/\/www.facebook.com\/Aeronoticias.com.pe\/\" \/>\n<meta property=\"article:published_time\" content=\"2024-04-14T18:08:46+00:00\" \/>\n<meta property=\"article:modified_time\" content=\"2024-04-16T19:15:41+00:00\" \/>\n<meta property=\"og:image\" content=\"https:\/\/aeronoticias.com.pe\/noticiero\/wp-content\/uploads\/2024\/04\/estefania1.jpg\" \/>\n\t<meta property=\"og:image:width\" content=\"868\" \/>\n\t<meta property=\"og:image:height\" content=\"1156\" \/>\n\t<meta property=\"og:image:type\" content=\"image\/jpeg\" \/>\n<meta name=\"author\" content=\"Redacci\u00f3n\" \/>\n<meta name=\"twitter:card\" content=\"summary_large_image\" \/>\n<meta name=\"twitter:creator\" content=\"@aeronoticias\" \/>\n<meta name=\"twitter:site\" content=\"@aeronoticias\" \/>\n<meta name=\"twitter:label1\" content=\"Escrito por\" \/>\n\t<meta name=\"twitter:data1\" content=\"Redacci\u00f3n\" \/>\n\t<meta name=\"twitter:label2\" content=\"Tiempo de lectura\" \/>\n\t<meta name=\"twitter:data2\" content=\"1 minuto\" \/>\n<script type=\"application\/ld+json\" class=\"yoast-schema-graph\">{\"@context\":\"https:\/\/schema.org\",\"@graph\":[{\"@type\":\"WebPage\",\"@id\":\"https:\/\/aeronoticias.com.pe\/noticiero\/cultural\/la-voz-de-los-ninos-debe-ser-escuchada-y-acompanada-promoviendo-el-arte-y-el-deporte-por-una-cultura-de-paz\/\",\"url\":\"https:\/\/aeronoticias.com.pe\/noticiero\/cultural\/la-voz-de-los-ninos-debe-ser-escuchada-y-acompanada-promoviendo-el-arte-y-el-deporte-por-una-cultura-de-paz\/\",\"name\":\"\\\"La voz de los ni\u00f1os debe ser escuchada y acompa\u00f1ada\\\", promoviendo el Arte y el Deporte por una cultura de Paz\",\"isPartOf\":{\"@id\":\"https:\/\/aeronoticias.com.pe\/noticiero\/#website\"},\"primaryImageOfPage\":{\"@id\":\"https:\/\/aeronoticias.com.pe\/noticiero\/cultural\/la-voz-de-los-ninos-debe-ser-escuchada-y-acompanada-promoviendo-el-arte-y-el-deporte-por-una-cultura-de-paz\/#primaryimage\"},\"image\":{\"@id\":\"https:\/\/aeronoticias.com.pe\/noticiero\/cultural\/la-voz-de-los-ninos-debe-ser-escuchada-y-acompanada-promoviendo-el-arte-y-el-deporte-por-una-cultura-de-paz\/#primaryimage\"},\"thumbnailUrl\":\"https:\/\/aeronoticias.com.pe\/noticiero\/wp-content\/uploads\/2024\/04\/estefania1.jpg\",\"datePublished\":\"2024-04-14T18:08:46+00:00\",\"dateModified\":\"2024-04-16T19:15:41+00:00\",\"author\":{\"@id\":\"https:\/\/aeronoticias.com.pe\/noticiero\/#\/schema\/person\/16212a617c73f78916b13194154243bd\"},\"description\":\"La dulce y talentosa ni\u00f1a de 6 a\u00f1os de edad, Estefan\u00eda Solange Pittman Quispe, empez\u00f3 a estudiar actuaci\u00f3n en la academia EZ Casting &Talleres, hace m\u00e1s de un a\u00f1o.\",\"breadcrumb\":{\"@id\":\"https:\/\/aeronoticias.com.pe\/noticiero\/cultural\/la-voz-de-los-ninos-debe-ser-escuchada-y-acompanada-promoviendo-el-arte-y-el-deporte-por-una-cultura-de-paz\/#breadcrumb\"},\"inLanguage\":\"es\",\"potentialAction\":[{\"@type\":\"ReadAction\",\"target\":[\"https:\/\/aeronoticias.com.pe\/noticiero\/cultural\/la-voz-de-los-ninos-debe-ser-escuchada-y-acompanada-promoviendo-el-arte-y-el-deporte-por-una-cultura-de-paz\/\"]}]},{\"@type\":\"ImageObject\",\"inLanguage\":\"es\",\"@id\":\"https:\/\/aeronoticias.com.pe\/noticiero\/cultural\/la-voz-de-los-ninos-debe-ser-escuchada-y-acompanada-promoviendo-el-arte-y-el-deporte-por-una-cultura-de-paz\/#primaryimage\",\"url\":\"https:\/\/aeronoticias.com.pe\/noticiero\/wp-content\/uploads\/2024\/04\/estefania1.jpg\",\"contentUrl\":\"https:\/\/aeronoticias.com.pe\/noticiero\/wp-content\/uploads\/2024\/04\/estefania1.jpg\",\"width\":868,\"height\":1156,\"caption\":\"Foto autorizada por los padres de la menor Estefania Piittman: Luz Quispe y Eduardo Pittman.\"},{\"@type\":\"BreadcrumbList\",\"@id\":\"https:\/\/aeronoticias.com.pe\/noticiero\/cultural\/la-voz-de-los-ninos-debe-ser-escuchada-y-acompanada-promoviendo-el-arte-y-el-deporte-por-una-cultura-de-paz\/#breadcrumb\",\"itemListElement\":[{\"@type\":\"ListItem\",\"position\":1,\"name\":\"Portada\",\"item\":\"https:\/\/aeronoticias.com.pe\/noticiero\/\"},{\"@type\":\"ListItem\",\"position\":2,\"name\":\"\u00abLa voz de los ni\u00f1os debe ser escuchada y acompa\u00f1ada\u00bb, promoviendo el Arte y el Deporte por una cultura de Paz\"}]},{\"@type\":\"WebSite\",\"@id\":\"https:\/\/aeronoticias.com.pe\/noticiero\/#website\",\"url\":\"https:\/\/aeronoticias.com.pe\/noticiero\/\",\"name\":\"Aeronoticias.com.pe\",\"description\":\"Noticias de tranporte aereo, turismo, hoteles, gastronomia, actualidad, internacional\",\"potentialAction\":[{\"@type\":\"SearchAction\",\"target\":{\"@type\":\"EntryPoint\",\"urlTemplate\":\"https:\/\/aeronoticias.com.pe\/noticiero\/?s={search_term_string}\"},\"query-input\":{\"@type\":\"PropertyValueSpecification\",\"valueRequired\":true,\"valueName\":\"search_term_string\"}}],\"inLanguage\":\"es\"},{\"@type\":\"Person\",\"@id\":\"https:\/\/aeronoticias.com.pe\/noticiero\/#\/schema\/person\/16212a617c73f78916b13194154243bd\",\"name\":\"Redacci\u00f3n\",\"sameAs\":[\"http:\/\/Redacci\u00f3n\"],\"url\":\"https:\/\/aeronoticias.com.pe\/noticiero\/author\/celeste\/\"}]}<\/script>\n<!-- \/ Yoast SEO plugin. -->","yoast_head_json":{"title":"\"La voz de los ni\u00f1os debe ser escuchada y acompa\u00f1ada\", promoviendo el Arte y el Deporte por una cultura de Paz","description":"La dulce y talentosa ni\u00f1a de 6 a\u00f1os de edad, Estefan\u00eda Solange Pittman Quispe, empez\u00f3 a estudiar actuaci\u00f3n en la academia EZ Casting &Talleres, hace m\u00e1s de un a\u00f1o.","robots":{"index":"index","follow":"follow","max-snippet":"max-snippet:-1","max-image-preview":"max-image-preview:large","max-video-preview":"max-video-preview:-1"},"canonical":"https:\/\/aeronoticias.com.pe\/noticiero\/cultural\/la-voz-de-los-ninos-debe-ser-escuchada-y-acompanada-promoviendo-el-arte-y-el-deporte-por-una-cultura-de-paz\/","og_locale":"es_ES","og_type":"article","og_title":"\"La voz de los ni\u00f1os debe ser escuchada y acompa\u00f1ada\", promoviendo el Arte y el Deporte por una cultura de Paz","og_description":"La dulce y talentosa ni\u00f1a de 6 a\u00f1os de edad, Estefan\u00eda Solange Pittman Quispe, empez\u00f3 a estudiar actuaci\u00f3n en la academia EZ Casting &Talleres, hace m\u00e1s de un a\u00f1o.","og_url":"https:\/\/aeronoticias.com.pe\/noticiero\/cultural\/la-voz-de-los-ninos-debe-ser-escuchada-y-acompanada-promoviendo-el-arte-y-el-deporte-por-una-cultura-de-paz\/","og_site_name":"Aeronoticias.com.pe","article_publisher":"https:\/\/www.facebook.com\/Aeronoticias.com.pe\/","article_published_time":"2024-04-14T18:08:46+00:00","article_modified_time":"2024-04-16T19:15:41+00:00","og_image":[{"width":868,"height":1156,"url":"https:\/\/aeronoticias.com.pe\/noticiero\/wp-content\/uploads\/2024\/04\/estefania1.jpg","type":"image\/jpeg"}],"author":"Redacci\u00f3n","twitter_card":"summary_large_image","twitter_creator":"@aeronoticias","twitter_site":"@aeronoticias","twitter_misc":{"Escrito por":"Redacci\u00f3n","Tiempo de lectura":"1 minuto"},"schema":{"@context":"https:\/\/schema.org","@graph":[{"@type":"WebPage","@id":"https:\/\/aeronoticias.com.pe\/noticiero\/cultural\/la-voz-de-los-ninos-debe-ser-escuchada-y-acompanada-promoviendo-el-arte-y-el-deporte-por-una-cultura-de-paz\/","url":"https:\/\/aeronoticias.com.pe\/noticiero\/cultural\/la-voz-de-los-ninos-debe-ser-escuchada-y-acompanada-promoviendo-el-arte-y-el-deporte-por-una-cultura-de-paz\/","name":"\"La voz de los ni\u00f1os debe ser escuchada y acompa\u00f1ada\", promoviendo el Arte y el Deporte por una cultura de Paz","isPartOf":{"@id":"https:\/\/aeronoticias.com.pe\/noticiero\/#website"},"primaryImageOfPage":{"@id":"https:\/\/aeronoticias.com.pe\/noticiero\/cultural\/la-voz-de-los-ninos-debe-ser-escuchada-y-acompanada-promoviendo-el-arte-y-el-deporte-por-una-cultura-de-paz\/#primaryimage"},"image":{"@id":"https:\/\/aeronoticias.com.pe\/noticiero\/cultural\/la-voz-de-los-ninos-debe-ser-escuchada-y-acompanada-promoviendo-el-arte-y-el-deporte-por-una-cultura-de-paz\/#primaryimage"},"thumbnailUrl":"https:\/\/aeronoticias.com.pe\/noticiero\/wp-content\/uploads\/2024\/04\/estefania1.jpg","datePublished":"2024-04-14T18:08:46+00:00","dateModified":"2024-04-16T19:15:41+00:00","author":{"@id":"https:\/\/aeronoticias.com.pe\/noticiero\/#\/schema\/person\/16212a617c73f78916b13194154243bd"},"description":"La dulce y talentosa ni\u00f1a de 6 a\u00f1os de edad, Estefan\u00eda Solange Pittman Quispe, empez\u00f3 a estudiar actuaci\u00f3n en la academia EZ Casting &Talleres, hace m\u00e1s de un a\u00f1o.","breadcrumb":{"@id":"https:\/\/aeronoticias.com.pe\/noticiero\/cultural\/la-voz-de-los-ninos-debe-ser-escuchada-y-acompanada-promoviendo-el-arte-y-el-deporte-por-una-cultura-de-paz\/#breadcrumb"},"inLanguage":"es","potentialAction":[{"@type":"ReadAction","target":["https:\/\/aeronoticias.com.pe\/noticiero\/cultural\/la-voz-de-los-ninos-debe-ser-escuchada-y-acompanada-promoviendo-el-arte-y-el-deporte-por-una-cultura-de-paz\/"]}]},{"@type":"ImageObject","inLanguage":"es","@id":"https:\/\/aeronoticias.com.pe\/noticiero\/cultural\/la-voz-de-los-ninos-debe-ser-escuchada-y-acompanada-promoviendo-el-arte-y-el-deporte-por-una-cultura-de-paz\/#primaryimage","url":"https:\/\/aeronoticias.com.pe\/noticiero\/wp-content\/uploads\/2024\/04\/estefania1.jpg","contentUrl":"https:\/\/aeronoticias.com.pe\/noticiero\/wp-content\/uploads\/2024\/04\/estefania1.jpg","width":868,"height":1156,"caption":"Foto autorizada por los padres de la menor Estefania Piittman: Luz Quispe y Eduardo Pittman."},{"@type":"BreadcrumbList","@id":"https:\/\/aeronoticias.com.pe\/noticiero\/cultural\/la-voz-de-los-ninos-debe-ser-escuchada-y-acompanada-promoviendo-el-arte-y-el-deporte-por-una-cultura-de-paz\/#breadcrumb","itemListElement":[{"@type":"ListItem","position":1,"name":"Portada","item":"https:\/\/aeronoticias.com.pe\/noticiero\/"},{"@type":"ListItem","position":2,"name":"\u00abLa voz de los ni\u00f1os debe ser escuchada y acompa\u00f1ada\u00bb, promoviendo el Arte y el Deporte por una cultura de Paz"}]},{"@type":"WebSite","@id":"https:\/\/aeronoticias.com.pe\/noticiero\/#website","url":"https:\/\/aeronoticias.com.pe\/noticiero\/","name":"Aeronoticias.com.pe","description":"Noticias de tranporte aereo, turismo, hoteles, gastronomia, actualidad, internacional","potentialAction":[{"@type":"SearchAction","target":{"@type":"EntryPoint","urlTemplate":"https:\/\/aeronoticias.com.pe\/noticiero\/?s={search_term_string}"},"query-input":{"@type":"PropertyValueSpecification","valueRequired":true,"valueName":"search_term_string"}}],"inLanguage":"es"},{"@type":"Person","@id":"https:\/\/aeronoticias.com.pe\/noticiero\/#\/schema\/person\/16212a617c73f78916b13194154243bd","name":"Redacci\u00f3n","sameAs":["http:\/\/Redacci\u00f3n"],"url":"https:\/\/aeronoticias.com.pe\/noticiero\/author\/celeste\/"}]}},"_links":{"self":[{"href":"https:\/\/aeronoticias.com.pe\/noticiero\/wp-json\/wp\/v2\/posts\/89923","targetHints":{"allow":["GET"]}}],"collection":[{"href":"https:\/\/aeronoticias.com.pe\/noticiero\/wp-json\/wp\/v2\/posts"}],"about":[{"href":"https:\/\/aeronoticias.com.pe\/noticiero\/wp-json\/wp\/v2\/types\/post"}],"author":[{"embeddable":true,"href":"https:\/\/aeronoticias.com.pe\/noticiero\/wp-json\/wp\/v2\/users\/3"}],"replies":[{"embeddable":true,"href":"https:\/\/aeronoticias.com.pe\/noticiero\/wp-json\/wp\/v2\/comments?post=89923"}],"version-history":[{"count":0,"href":"https:\/\/aeronoticias.com.pe\/noticiero\/wp-json\/wp\/v2\/posts\/89923\/revisions"}],"wp:featuredmedia":[{"embeddable":true,"href":"https:\/\/aeronoticias.com.pe\/noticiero\/wp-json\/wp\/v2\/media\/89938"}],"wp:attachment":[{"href":"https:\/\/aeronoticias.com.pe\/noticiero\/wp-json\/wp\/v2\/media?parent=89923"}],"wp:term":[{"taxonomy":"category","embeddable":true,"href":"https:\/\/aeronoticias.com.pe\/noticiero\/wp-json\/wp\/v2\/categories?post=89923"},{"taxonomy":"post_tag","embeddable":true,"href":"https:\/\/aeronoticias.com.pe\/noticiero\/wp-json\/wp\/v2\/tags?post=89923"}],"curies":[{"name":"wp","href":"https:\/\/api.w.org\/{rel}","templated":true}]}}