{"id":90141,"date":"2024-05-10T12:47:38","date_gmt":"2024-05-10T17:47:38","guid":{"rendered":"https:\/\/aeronoticias.com.pe\/noticiero\/?p=90141"},"modified":"2024-05-10T12:47:42","modified_gmt":"2024-05-10T17:47:42","slug":"iberia-sera-el-cliente-de-lanzamiento-del-airbus-a321xlr","status":"publish","type":"post","link":"https:\/\/aeronoticias.com.pe\/noticiero\/ultimas\/1\/iberia-sera-el-cliente-de-lanzamiento-del-airbus-a321xlr\/","title":{"rendered":"Iberia ser\u00e1 el cliente de lanzamiento del Airbus A321XLR"},"content":{"rendered":"\n<p><strong>(Aeronoticias)<\/strong>: La espa\u00f1ola<strong>\u00a0<a href=\"https:\/\/aviacionaldia.com\/iberia\">Iberia<\/a><\/strong>\u00a0ser\u00e1 la primera aerol\u00ednea del mundo en incorporar a su flota el\u00a0<strong>Airbus A321XLR<\/strong>, cuyas primeras rutas tentativamente ser\u00e1n Boston y Washington en Estados Unidos, seg\u00fan anunci\u00f3 este jueves el presidente de la aerol\u00ednea, Marco Sansavini.<\/p>\n\n\n\n<p>En su intervenci\u00f3n en el Foro de Expansi\u00f3n, Sansavini destac\u00f3 que, con este avi\u00f3n, que se incorporar\u00e1 a la flota de Iberia despu\u00e9s del pr\u00f3ximo verano, la aerol\u00ednea reforzar\u00e1 su red de largo radio de una manera innovadora.<\/p>\n\n\n\n<p><strong><em>&nbsp;<a href=\"https:\/\/aviacionaldia.com\/2024\/04\/tromso-y-salzburgo-nuevos-destinos-de-iberia-para-la-temporada-de-invierno.html\">Tromso y Salzburgo, nuevos destinos de Iberia para la temporada de invierno<\/a><\/em><\/strong><\/p>\n\n\n\n<p>Esto se debe a que podr\u00e1 realizar viajes transoce\u00e1nicos con un avi\u00f3n de fuselaje estrecho, que, adem\u00e1s, consume alrededor de un 30% menos de combustible por asiento, seg\u00fan ha explicado Sansavini.<\/p>\n\n\n\n<p>\u00abEs uno de estos aviones que tiene un elemento de transformaci\u00f3n del modelo de negocio\u00bb, ya que cuenta con la capacidad de volar a destinos mucho m\u00e1s largos, es decir no solo europeos, sino, por ejemplo, puede llegar hasta la costa este de Estados Unidos y hasta Canad\u00e1.<\/p>\n\n\n\n<p>La configuraci\u00f3n de este nuevo avi\u00f3n de Iberia es de 14 asientos en Business Class y 168 en Economy.<\/p>\n\n\n\n<p><strong>Fuente: aviaci\u00f3naldia.com<\/strong><\/p>\n","protected":false},"excerpt":{"rendered":"<p>(Aeronoticias): La espa\u00f1ola\u00a0Iberia\u00a0ser\u00e1 la primera aerol\u00ednea del mundo en incorporar a su flota el\u00a0Airbus A321XLR, cuyas primeras rutas tentativamente ser\u00e1n Boston y Washington en Estados Unidos, seg\u00fan anunci\u00f3 este jueves el presidente de la aerol\u00ednea, Marco Sansavini. En su intervenci\u00f3n en el Foro de Expansi\u00f3n, Sansavini destac\u00f3 que, con este avi\u00f3n, que se incorporar\u00e1 a [&hellip;]<\/p>\n","protected":false},"author":3,"featured_media":90142,"comment_status":"open","ping_status":"open","sticky":false,"template":"","format":"standard","meta":{"tdm_status":"","tdm_grid_status":"","footnotes":""},"categories":[8,30],"tags":[799,5113,268],"class_list":{"0":"post-90141","1":"post","2":"type-post","3":"status-publish","4":"format-standard","5":"has-post-thumbnail","7":"category-ultimas","8":"category-30","9":"tag-airbus-a321xlr","10":"tag-foro-de-expansion","11":"tag-iberia"},"yoast_head":"<!-- This site is optimized with the Yoast SEO plugin v25.1 - https:\/\/yoast.com\/wordpress\/plugins\/seo\/ -->\n<title>Iberia ser\u00e1 el cliente de lanzamiento del Airbus A321XLR<\/title>\n<meta name=\"description\" content=\"Portal de noticias del Per\u00fa sobre el transporte a\u00e9reo, aviaci\u00f3n, turismo, hoteleria, actualidad.\" \/>\n<meta name=\"robots\" content=\"index, follow, max-snippet:-1, max-image-preview:large, max-video-preview:-1\" \/>\n<link rel=\"canonical\" href=\"https:\/\/aeronoticias.com.pe\/noticiero\/ultimas\/1\/iberia-sera-el-cliente-de-lanzamiento-del-airbus-a321xlr\/\" \/>\n<meta property=\"og:locale\" content=\"es_ES\" \/>\n<meta property=\"og:type\" content=\"article\" \/>\n<meta property=\"og:title\" content=\"Iberia ser\u00e1 el cliente de lanzamiento del Airbus A321XLR\" \/>\n<meta property=\"og:description\" content=\"Portal de noticias del Per\u00fa sobre el transporte a\u00e9reo, aviaci\u00f3n, turismo, hoteleria, actualidad.\" \/>\n<meta property=\"og:url\" content=\"https:\/\/aeronoticias.com.pe\/noticiero\/ultimas\/1\/iberia-sera-el-cliente-de-lanzamiento-del-airbus-a321xlr\/\" \/>\n<meta property=\"og:site_name\" content=\"Aeronoticias.com.pe\" \/>\n<meta property=\"article:publisher\" content=\"https:\/\/www.facebook.com\/Aeronoticias.com.pe\/\" \/>\n<meta property=\"article:published_time\" content=\"2024-05-10T17:47:38+00:00\" \/>\n<meta property=\"article:modified_time\" content=\"2024-05-10T17:47:42+00:00\" \/>\n<meta property=\"og:image\" content=\"https:\/\/aeronoticias.com.pe\/noticiero\/wp-content\/uploads\/2024\/05\/iberiaa.jpg\" \/>\n\t<meta property=\"og:image:width\" content=\"800\" \/>\n\t<meta property=\"og:image:height\" content=\"400\" \/>\n\t<meta property=\"og:image:type\" content=\"image\/jpeg\" \/>\n<meta name=\"author\" content=\"Redacci\u00f3n\" \/>\n<meta name=\"twitter:card\" content=\"summary_large_image\" \/>\n<meta name=\"twitter:creator\" content=\"@aeronoticias\" \/>\n<meta name=\"twitter:site\" content=\"@aeronoticias\" \/>\n<meta name=\"twitter:label1\" content=\"Escrito por\" \/>\n\t<meta name=\"twitter:data1\" content=\"Redacci\u00f3n\" \/>\n\t<meta name=\"twitter:label2\" content=\"Tiempo de lectura\" \/>\n\t<meta name=\"twitter:data2\" content=\"1 minuto\" \/>\n<script type=\"application\/ld+json\" class=\"yoast-schema-graph\">{\"@context\":\"https:\/\/schema.org\",\"@graph\":[{\"@type\":\"WebPage\",\"@id\":\"https:\/\/aeronoticias.com.pe\/noticiero\/ultimas\/1\/iberia-sera-el-cliente-de-lanzamiento-del-airbus-a321xlr\/\",\"url\":\"https:\/\/aeronoticias.com.pe\/noticiero\/ultimas\/1\/iberia-sera-el-cliente-de-lanzamiento-del-airbus-a321xlr\/\",\"name\":\"Iberia ser\u00e1 el cliente de lanzamiento del Airbus A321XLR\",\"isPartOf\":{\"@id\":\"https:\/\/aeronoticias.com.pe\/noticiero\/#website\"},\"primaryImageOfPage\":{\"@id\":\"https:\/\/aeronoticias.com.pe\/noticiero\/ultimas\/1\/iberia-sera-el-cliente-de-lanzamiento-del-airbus-a321xlr\/#primaryimage\"},\"image\":{\"@id\":\"https:\/\/aeronoticias.com.pe\/noticiero\/ultimas\/1\/iberia-sera-el-cliente-de-lanzamiento-del-airbus-a321xlr\/#primaryimage\"},\"thumbnailUrl\":\"https:\/\/aeronoticias.com.pe\/noticiero\/wp-content\/uploads\/2024\/05\/iberiaa.jpg\",\"datePublished\":\"2024-05-10T17:47:38+00:00\",\"dateModified\":\"2024-05-10T17:47:42+00:00\",\"author\":{\"@id\":\"https:\/\/aeronoticias.com.pe\/noticiero\/#\/schema\/person\/16212a617c73f78916b13194154243bd\"},\"description\":\"Portal de noticias del Per\u00fa sobre el transporte a\u00e9reo, aviaci\u00f3n, turismo, hoteleria, actualidad.\",\"breadcrumb\":{\"@id\":\"https:\/\/aeronoticias.com.pe\/noticiero\/ultimas\/1\/iberia-sera-el-cliente-de-lanzamiento-del-airbus-a321xlr\/#breadcrumb\"},\"inLanguage\":\"es\",\"potentialAction\":[{\"@type\":\"ReadAction\",\"target\":[\"https:\/\/aeronoticias.com.pe\/noticiero\/ultimas\/1\/iberia-sera-el-cliente-de-lanzamiento-del-airbus-a321xlr\/\"]}]},{\"@type\":\"ImageObject\",\"inLanguage\":\"es\",\"@id\":\"https:\/\/aeronoticias.com.pe\/noticiero\/ultimas\/1\/iberia-sera-el-cliente-de-lanzamiento-del-airbus-a321xlr\/#primaryimage\",\"url\":\"https:\/\/aeronoticias.com.pe\/noticiero\/wp-content\/uploads\/2024\/05\/iberiaa.jpg\",\"contentUrl\":\"https:\/\/aeronoticias.com.pe\/noticiero\/wp-content\/uploads\/2024\/05\/iberiaa.jpg\",\"width\":800,\"height\":400},{\"@type\":\"BreadcrumbList\",\"@id\":\"https:\/\/aeronoticias.com.pe\/noticiero\/ultimas\/1\/iberia-sera-el-cliente-de-lanzamiento-del-airbus-a321xlr\/#breadcrumb\",\"itemListElement\":[{\"@type\":\"ListItem\",\"position\":1,\"name\":\"Portada\",\"item\":\"https:\/\/aeronoticias.com.pe\/noticiero\/\"},{\"@type\":\"ListItem\",\"position\":2,\"name\":\"Iberia ser\u00e1 el cliente de lanzamiento del Airbus A321XLR\"}]},{\"@type\":\"WebSite\",\"@id\":\"https:\/\/aeronoticias.com.pe\/noticiero\/#website\",\"url\":\"https:\/\/aeronoticias.com.pe\/noticiero\/\",\"name\":\"Aeronoticias.com.pe\",\"description\":\"Noticias de tranporte aereo, turismo, hoteles, gastronomia, actualidad, internacional\",\"potentialAction\":[{\"@type\":\"SearchAction\",\"target\":{\"@type\":\"EntryPoint\",\"urlTemplate\":\"https:\/\/aeronoticias.com.pe\/noticiero\/?s={search_term_string}\"},\"query-input\":{\"@type\":\"PropertyValueSpecification\",\"valueRequired\":true,\"valueName\":\"search_term_string\"}}],\"inLanguage\":\"es\"},{\"@type\":\"Person\",\"@id\":\"https:\/\/aeronoticias.com.pe\/noticiero\/#\/schema\/person\/16212a617c73f78916b13194154243bd\",\"name\":\"Redacci\u00f3n\",\"sameAs\":[\"http:\/\/Redacci\u00f3n\"],\"url\":\"https:\/\/aeronoticias.com.pe\/noticiero\/author\/celeste\/\"}]}<\/script>\n<!-- \/ Yoast SEO plugin. -->","yoast_head_json":{"title":"Iberia ser\u00e1 el cliente de lanzamiento del Airbus A321XLR","description":"Portal de noticias del Per\u00fa sobre el transporte a\u00e9reo, aviaci\u00f3n, turismo, hoteleria, actualidad.","robots":{"index":"index","follow":"follow","max-snippet":"max-snippet:-1","max-image-preview":"max-image-preview:large","max-video-preview":"max-video-preview:-1"},"canonical":"https:\/\/aeronoticias.com.pe\/noticiero\/ultimas\/1\/iberia-sera-el-cliente-de-lanzamiento-del-airbus-a321xlr\/","og_locale":"es_ES","og_type":"article","og_title":"Iberia ser\u00e1 el cliente de lanzamiento del Airbus A321XLR","og_description":"Portal de noticias del Per\u00fa sobre el transporte a\u00e9reo, aviaci\u00f3n, turismo, hoteleria, actualidad.","og_url":"https:\/\/aeronoticias.com.pe\/noticiero\/ultimas\/1\/iberia-sera-el-cliente-de-lanzamiento-del-airbus-a321xlr\/","og_site_name":"Aeronoticias.com.pe","article_publisher":"https:\/\/www.facebook.com\/Aeronoticias.com.pe\/","article_published_time":"2024-05-10T17:47:38+00:00","article_modified_time":"2024-05-10T17:47:42+00:00","og_image":[{"width":800,"height":400,"url":"https:\/\/aeronoticias.com.pe\/noticiero\/wp-content\/uploads\/2024\/05\/iberiaa.jpg","type":"image\/jpeg"}],"author":"Redacci\u00f3n","twitter_card":"summary_large_image","twitter_creator":"@aeronoticias","twitter_site":"@aeronoticias","twitter_misc":{"Escrito por":"Redacci\u00f3n","Tiempo de lectura":"1 minuto"},"schema":{"@context":"https:\/\/schema.org","@graph":[{"@type":"WebPage","@id":"https:\/\/aeronoticias.com.pe\/noticiero\/ultimas\/1\/iberia-sera-el-cliente-de-lanzamiento-del-airbus-a321xlr\/","url":"https:\/\/aeronoticias.com.pe\/noticiero\/ultimas\/1\/iberia-sera-el-cliente-de-lanzamiento-del-airbus-a321xlr\/","name":"Iberia ser\u00e1 el cliente de lanzamiento del Airbus A321XLR","isPartOf":{"@id":"https:\/\/aeronoticias.com.pe\/noticiero\/#website"},"primaryImageOfPage":{"@id":"https:\/\/aeronoticias.com.pe\/noticiero\/ultimas\/1\/iberia-sera-el-cliente-de-lanzamiento-del-airbus-a321xlr\/#primaryimage"},"image":{"@id":"https:\/\/aeronoticias.com.pe\/noticiero\/ultimas\/1\/iberia-sera-el-cliente-de-lanzamiento-del-airbus-a321xlr\/#primaryimage"},"thumbnailUrl":"https:\/\/aeronoticias.com.pe\/noticiero\/wp-content\/uploads\/2024\/05\/iberiaa.jpg","datePublished":"2024-05-10T17:47:38+00:00","dateModified":"2024-05-10T17:47:42+00:00","author":{"@id":"https:\/\/aeronoticias.com.pe\/noticiero\/#\/schema\/person\/16212a617c73f78916b13194154243bd"},"description":"Portal de noticias del Per\u00fa sobre el transporte a\u00e9reo, aviaci\u00f3n, turismo, hoteleria, actualidad.","breadcrumb":{"@id":"https:\/\/aeronoticias.com.pe\/noticiero\/ultimas\/1\/iberia-sera-el-cliente-de-lanzamiento-del-airbus-a321xlr\/#breadcrumb"},"inLanguage":"es","potentialAction":[{"@type":"ReadAction","target":["https:\/\/aeronoticias.com.pe\/noticiero\/ultimas\/1\/iberia-sera-el-cliente-de-lanzamiento-del-airbus-a321xlr\/"]}]},{"@type":"ImageObject","inLanguage":"es","@id":"https:\/\/aeronoticias.com.pe\/noticiero\/ultimas\/1\/iberia-sera-el-cliente-de-lanzamiento-del-airbus-a321xlr\/#primaryimage","url":"https:\/\/aeronoticias.com.pe\/noticiero\/wp-content\/uploads\/2024\/05\/iberiaa.jpg","contentUrl":"https:\/\/aeronoticias.com.pe\/noticiero\/wp-content\/uploads\/2024\/05\/iberiaa.jpg","width":800,"height":400},{"@type":"BreadcrumbList","@id":"https:\/\/aeronoticias.com.pe\/noticiero\/ultimas\/1\/iberia-sera-el-cliente-de-lanzamiento-del-airbus-a321xlr\/#breadcrumb","itemListElement":[{"@type":"ListItem","position":1,"name":"Portada","item":"https:\/\/aeronoticias.com.pe\/noticiero\/"},{"@type":"ListItem","position":2,"name":"Iberia ser\u00e1 el cliente de lanzamiento del Airbus A321XLR"}]},{"@type":"WebSite","@id":"https:\/\/aeronoticias.com.pe\/noticiero\/#website","url":"https:\/\/aeronoticias.com.pe\/noticiero\/","name":"Aeronoticias.com.pe","description":"Noticias de tranporte aereo, turismo, hoteles, gastronomia, actualidad, internacional","potentialAction":[{"@type":"SearchAction","target":{"@type":"EntryPoint","urlTemplate":"https:\/\/aeronoticias.com.pe\/noticiero\/?s={search_term_string}"},"query-input":{"@type":"PropertyValueSpecification","valueRequired":true,"valueName":"search_term_string"}}],"inLanguage":"es"},{"@type":"Person","@id":"https:\/\/aeronoticias.com.pe\/noticiero\/#\/schema\/person\/16212a617c73f78916b13194154243bd","name":"Redacci\u00f3n","sameAs":["http:\/\/Redacci\u00f3n"],"url":"https:\/\/aeronoticias.com.pe\/noticiero\/author\/celeste\/"}]}},"_links":{"self":[{"href":"https:\/\/aeronoticias.com.pe\/noticiero\/wp-json\/wp\/v2\/posts\/90141","targetHints":{"allow":["GET"]}}],"collection":[{"href":"https:\/\/aeronoticias.com.pe\/noticiero\/wp-json\/wp\/v2\/posts"}],"about":[{"href":"https:\/\/aeronoticias.com.pe\/noticiero\/wp-json\/wp\/v2\/types\/post"}],"author":[{"embeddable":true,"href":"https:\/\/aeronoticias.com.pe\/noticiero\/wp-json\/wp\/v2\/users\/3"}],"replies":[{"embeddable":true,"href":"https:\/\/aeronoticias.com.pe\/noticiero\/wp-json\/wp\/v2\/comments?post=90141"}],"version-history":[{"count":0,"href":"https:\/\/aeronoticias.com.pe\/noticiero\/wp-json\/wp\/v2\/posts\/90141\/revisions"}],"wp:featuredmedia":[{"embeddable":true,"href":"https:\/\/aeronoticias.com.pe\/noticiero\/wp-json\/wp\/v2\/media\/90142"}],"wp:attachment":[{"href":"https:\/\/aeronoticias.com.pe\/noticiero\/wp-json\/wp\/v2\/media?parent=90141"}],"wp:term":[{"taxonomy":"category","embeddable":true,"href":"https:\/\/aeronoticias.com.pe\/noticiero\/wp-json\/wp\/v2\/categories?post=90141"},{"taxonomy":"post_tag","embeddable":true,"href":"https:\/\/aeronoticias.com.pe\/noticiero\/wp-json\/wp\/v2\/tags?post=90141"}],"curies":[{"name":"wp","href":"https:\/\/api.w.org\/{rel}","templated":true}]}}