{"id":90144,"date":"2024-05-10T14:31:34","date_gmt":"2024-05-10T19:31:34","guid":{"rendered":"https:\/\/aeronoticias.com.pe\/noticiero\/?p=90144"},"modified":"2024-05-10T14:31:37","modified_gmt":"2024-05-10T19:31:37","slug":"registra-aviacion-en-europa-1-5-con-respecto-a-niveles-de-2019-aci-europa","status":"publish","type":"post","link":"https:\/\/aeronoticias.com.pe\/noticiero\/mundo\/mundo-mundo-2\/registra-aviacion-en-europa-1-5-con-respecto-a-niveles-de-2019-aci-europa\/","title":{"rendered":"Registra aviaci\u00f3n en Europa -1.5% con respecto a niveles de 2019: ACI Europa"},"content":{"rendered":"\n<p><strong>(Aeronoticias)<\/strong>: El Consejo Internacional de Aeropuertos para Europa (ACI Europa) public\u00f3 su informe de tr\u00e1fico a\u00e9reo para marzo y el primer trimestre (Q1) de 2024, en el cual se se\u00f1ala que el tr\u00e1fico de pasajeros aument\u00f3 un 10.2% en marzo en comparaci\u00f3n con el mismo mes del a\u00f1o pasado, con un crecimiento impulsado predominantemente por pasajeros internacionales (+11.7%) en lugar de pasajeros nacionales (+5.6%).<\/p>\n\n\n\n<p>Como resultado, el tr\u00e1fico de pasajeros estuvo muy cerca de una recuperaci\u00f3n completa, situ\u00e1ndose apenas un -1.5% por debajo de los vol\u00famenes previos a la pandemia (marzo de 2019).&nbsp;<\/p>\n\n\n\n<p>Como ha sido el caso desde el comienzo del a\u00f1o, los vol\u00famenes de pasajeros internacionales superaron los vol\u00famenes previos a la pandemia (+2.7%) mientras que el tr\u00e1fico dom\u00e9stico se mantuvo por debajo (-13.2%).<\/p>\n\n\n\n<p>Los resultados del primer trimestre son equivalentes a los datos de marzo, con el tr\u00e1fico de pasajeros en toda la red europea tambi\u00e9n aumentando un +10.2% en comparaci\u00f3n con el mismo trimestre del a\u00f1o pasado y situ\u00e1ndose un -1.3% por debajo de los vol\u00famenes previos a la pandemia (Q1 2019).<\/p>\n\n\n\n<p>\u201cEn general, el tr\u00e1fico de pasajeros ha seguido creciendo de manera din\u00e1mica durante los primeros tres meses del a\u00f1o. Aunque las vacaciones de Semana Santa cat\u00f3lica llegaron antes y ayudaron, la demanda de viajes a\u00e9reos generalmente se mantuvo fuerte frente a un contexto de condiciones macroecon\u00f3micas modestamente mejoradas en la UE y el Reino Unido\u201d, afirm\u00f3 Olivier Jankovec, director general de ACI Europa.<\/p>\n\n\n\n<p>A\u00f1adi\u00f3 que el organismo regional revis\u00f3 al alza su previsi\u00f3n de tr\u00e1fico para el a\u00f1o completo y ahora vemos que los vol\u00famenes de pasajeros en 2024 superar\u00e1n los vol\u00famenes previos a la pandemia (2019) en un +3.2%, en lugar del +1.4% anterior.&nbsp;<\/p>\n\n\n\n<p>Esto refleja perspectivas positivas para la temporada de verano, con una demanda que se mantendr\u00e1 fuerte mientras los consumidores siguen priorizando los viajes a pesar de tarifas a\u00e9reas mucho m\u00e1s altas.&nbsp;<\/p>\n\n\n\n<p>\u201cEsto tambi\u00e9n refleja una expansi\u00f3n de capacidad sostenida pero selectiva por parte de los Transportistas de Ultra Bajo Costo, as\u00ed como los mayores Transportistas de Servicio Completo finalmente acerc\u00e1ndose a sus niveles de capacidad previos a la pandemia\u201d, a\u00f1adi\u00f3 el directivo.<\/p>\n\n\n\n<p>Sin embargo, Jankovec advirti\u00f3: \u201cEl mercado sigue siendo muy fragmentado en t\u00e9rminos de rendimiento del tr\u00e1fico, con solo el 43% de los aeropuertos de Europa habiendo recuperado sus vol\u00famenes de pasajeros previos a la pandemia. Y los riesgos a la baja est\u00e1n siempre presentes, en particular relacionados con la geopol\u00edtica y las presiones de suministro\u201d.<\/p>\n\n\n\n<p><strong>Fuente: A21.com.mx<\/strong><\/p>\n","protected":false},"excerpt":{"rendered":"<p>(Aeronoticias): El Consejo Internacional de Aeropuertos para Europa (ACI Europa) public\u00f3 su informe de tr\u00e1fico a\u00e9reo para marzo y el primer trimestre (Q1) de 2024, en el cual se se\u00f1ala que el tr\u00e1fico de pasajeros aument\u00f3 un 10.2% en marzo en comparaci\u00f3n con el mismo mes del a\u00f1o pasado, con un crecimiento impulsado predominantemente por [&hellip;]<\/p>\n","protected":false},"author":3,"featured_media":90145,"comment_status":"open","ping_status":"open","sticky":false,"template":"","format":"standard","meta":{"tdm_status":"","tdm_grid_status":"","footnotes":""},"categories":[64,65],"tags":[5114,5115],"class_list":{"0":"post-90144","1":"post","2":"type-post","3":"status-publish","4":"format-standard","5":"has-post-thumbnail","7":"category-mundo-mundo","8":"category-mundo-mundo-2","9":"tag-aci-europa","10":"tag-aviacion-en-europa"},"yoast_head":"<!-- This site is optimized with the Yoast SEO plugin v25.1 - https:\/\/yoast.com\/wordpress\/plugins\/seo\/ -->\n<title>Registra aviaci\u00f3n en Europa -1.5% con respecto a niveles de 2019: ACI Europa<\/title>\n<meta name=\"description\" content=\"SIN EMBARGO, EL MERCADO SIGUE MUY FRAGMENTADO EN T\u00c9RMINOS DE RENDIMIENTO DE TR\u00c1FICO, CON SOLO EL 43% DE LOS AEROPUERTOS QUE RECUPERARON SUS VOL\u00daMENES DE PASAJEROS.\" \/>\n<meta name=\"robots\" content=\"index, follow, max-snippet:-1, max-image-preview:large, max-video-preview:-1\" \/>\n<link rel=\"canonical\" href=\"https:\/\/aeronoticias.com.pe\/noticiero\/mundo\/mundo-mundo-2\/registra-aviacion-en-europa-1-5-con-respecto-a-niveles-de-2019-aci-europa\/\" \/>\n<meta property=\"og:locale\" content=\"es_ES\" \/>\n<meta property=\"og:type\" content=\"article\" \/>\n<meta property=\"og:title\" content=\"Registra aviaci\u00f3n en Europa -1.5% con respecto a niveles de 2019: ACI Europa\" \/>\n<meta property=\"og:description\" content=\"SIN EMBARGO, EL MERCADO SIGUE MUY FRAGMENTADO EN T\u00c9RMINOS DE RENDIMIENTO DE TR\u00c1FICO, CON SOLO EL 43% DE LOS AEROPUERTOS QUE RECUPERARON SUS VOL\u00daMENES DE PASAJEROS.\" \/>\n<meta property=\"og:url\" content=\"https:\/\/aeronoticias.com.pe\/noticiero\/mundo\/mundo-mundo-2\/registra-aviacion-en-europa-1-5-con-respecto-a-niveles-de-2019-aci-europa\/\" \/>\n<meta property=\"og:site_name\" content=\"Aeronoticias.com.pe\" \/>\n<meta property=\"article:publisher\" content=\"https:\/\/www.facebook.com\/Aeronoticias.com.pe\/\" \/>\n<meta property=\"article:published_time\" content=\"2024-05-10T19:31:34+00:00\" \/>\n<meta property=\"article:modified_time\" content=\"2024-05-10T19:31:37+00:00\" \/>\n<meta property=\"og:image\" content=\"https:\/\/aeronoticias.com.pe\/noticiero\/wp-content\/uploads\/2024\/05\/air.jpg\" \/>\n\t<meta property=\"og:image:width\" content=\"1920\" \/>\n\t<meta property=\"og:image:height\" content=\"1080\" \/>\n\t<meta property=\"og:image:type\" content=\"image\/jpeg\" \/>\n<meta name=\"author\" content=\"Redacci\u00f3n\" \/>\n<meta name=\"twitter:card\" content=\"summary_large_image\" \/>\n<meta name=\"twitter:creator\" content=\"@aeronoticias\" \/>\n<meta name=\"twitter:site\" content=\"@aeronoticias\" \/>\n<meta name=\"twitter:label1\" content=\"Escrito por\" \/>\n\t<meta name=\"twitter:data1\" content=\"Redacci\u00f3n\" \/>\n\t<meta name=\"twitter:label2\" content=\"Tiempo de lectura\" \/>\n\t<meta name=\"twitter:data2\" content=\"2 minutos\" \/>\n<script type=\"application\/ld+json\" class=\"yoast-schema-graph\">{\"@context\":\"https:\/\/schema.org\",\"@graph\":[{\"@type\":\"WebPage\",\"@id\":\"https:\/\/aeronoticias.com.pe\/noticiero\/mundo\/mundo-mundo-2\/registra-aviacion-en-europa-1-5-con-respecto-a-niveles-de-2019-aci-europa\/\",\"url\":\"https:\/\/aeronoticias.com.pe\/noticiero\/mundo\/mundo-mundo-2\/registra-aviacion-en-europa-1-5-con-respecto-a-niveles-de-2019-aci-europa\/\",\"name\":\"Registra aviaci\u00f3n en Europa -1.5% con respecto a niveles de 2019: ACI Europa\",\"isPartOf\":{\"@id\":\"https:\/\/aeronoticias.com.pe\/noticiero\/#website\"},\"primaryImageOfPage\":{\"@id\":\"https:\/\/aeronoticias.com.pe\/noticiero\/mundo\/mundo-mundo-2\/registra-aviacion-en-europa-1-5-con-respecto-a-niveles-de-2019-aci-europa\/#primaryimage\"},\"image\":{\"@id\":\"https:\/\/aeronoticias.com.pe\/noticiero\/mundo\/mundo-mundo-2\/registra-aviacion-en-europa-1-5-con-respecto-a-niveles-de-2019-aci-europa\/#primaryimage\"},\"thumbnailUrl\":\"https:\/\/aeronoticias.com.pe\/noticiero\/wp-content\/uploads\/2024\/05\/air.jpg\",\"datePublished\":\"2024-05-10T19:31:34+00:00\",\"dateModified\":\"2024-05-10T19:31:37+00:00\",\"author\":{\"@id\":\"https:\/\/aeronoticias.com.pe\/noticiero\/#\/schema\/person\/16212a617c73f78916b13194154243bd\"},\"description\":\"SIN EMBARGO, EL MERCADO SIGUE MUY FRAGMENTADO EN T\u00c9RMINOS DE RENDIMIENTO DE TR\u00c1FICO, CON SOLO EL 43% DE LOS AEROPUERTOS QUE RECUPERARON SUS VOL\u00daMENES DE PASAJEROS.\",\"breadcrumb\":{\"@id\":\"https:\/\/aeronoticias.com.pe\/noticiero\/mundo\/mundo-mundo-2\/registra-aviacion-en-europa-1-5-con-respecto-a-niveles-de-2019-aci-europa\/#breadcrumb\"},\"inLanguage\":\"es\",\"potentialAction\":[{\"@type\":\"ReadAction\",\"target\":[\"https:\/\/aeronoticias.com.pe\/noticiero\/mundo\/mundo-mundo-2\/registra-aviacion-en-europa-1-5-con-respecto-a-niveles-de-2019-aci-europa\/\"]}]},{\"@type\":\"ImageObject\",\"inLanguage\":\"es\",\"@id\":\"https:\/\/aeronoticias.com.pe\/noticiero\/mundo\/mundo-mundo-2\/registra-aviacion-en-europa-1-5-con-respecto-a-niveles-de-2019-aci-europa\/#primaryimage\",\"url\":\"https:\/\/aeronoticias.com.pe\/noticiero\/wp-content\/uploads\/2024\/05\/air.jpg\",\"contentUrl\":\"https:\/\/aeronoticias.com.pe\/noticiero\/wp-content\/uploads\/2024\/05\/air.jpg\",\"width\":1920,\"height\":1080},{\"@type\":\"BreadcrumbList\",\"@id\":\"https:\/\/aeronoticias.com.pe\/noticiero\/mundo\/mundo-mundo-2\/registra-aviacion-en-europa-1-5-con-respecto-a-niveles-de-2019-aci-europa\/#breadcrumb\",\"itemListElement\":[{\"@type\":\"ListItem\",\"position\":1,\"name\":\"Portada\",\"item\":\"https:\/\/aeronoticias.com.pe\/noticiero\/\"},{\"@type\":\"ListItem\",\"position\":2,\"name\":\"Registra aviaci\u00f3n en Europa -1.5% con respecto a niveles de 2019: ACI Europa\"}]},{\"@type\":\"WebSite\",\"@id\":\"https:\/\/aeronoticias.com.pe\/noticiero\/#website\",\"url\":\"https:\/\/aeronoticias.com.pe\/noticiero\/\",\"name\":\"Aeronoticias.com.pe\",\"description\":\"Noticias de tranporte aereo, turismo, hoteles, gastronomia, actualidad, internacional\",\"potentialAction\":[{\"@type\":\"SearchAction\",\"target\":{\"@type\":\"EntryPoint\",\"urlTemplate\":\"https:\/\/aeronoticias.com.pe\/noticiero\/?s={search_term_string}\"},\"query-input\":{\"@type\":\"PropertyValueSpecification\",\"valueRequired\":true,\"valueName\":\"search_term_string\"}}],\"inLanguage\":\"es\"},{\"@type\":\"Person\",\"@id\":\"https:\/\/aeronoticias.com.pe\/noticiero\/#\/schema\/person\/16212a617c73f78916b13194154243bd\",\"name\":\"Redacci\u00f3n\",\"sameAs\":[\"http:\/\/Redacci\u00f3n\"],\"url\":\"https:\/\/aeronoticias.com.pe\/noticiero\/author\/celeste\/\"}]}<\/script>\n<!-- \/ Yoast SEO plugin. -->","yoast_head_json":{"title":"Registra aviaci\u00f3n en Europa -1.5% con respecto a niveles de 2019: ACI Europa","description":"SIN EMBARGO, EL MERCADO SIGUE MUY FRAGMENTADO EN T\u00c9RMINOS DE RENDIMIENTO DE TR\u00c1FICO, CON SOLO EL 43% DE LOS AEROPUERTOS QUE RECUPERARON SUS VOL\u00daMENES DE PASAJEROS.","robots":{"index":"index","follow":"follow","max-snippet":"max-snippet:-1","max-image-preview":"max-image-preview:large","max-video-preview":"max-video-preview:-1"},"canonical":"https:\/\/aeronoticias.com.pe\/noticiero\/mundo\/mundo-mundo-2\/registra-aviacion-en-europa-1-5-con-respecto-a-niveles-de-2019-aci-europa\/","og_locale":"es_ES","og_type":"article","og_title":"Registra aviaci\u00f3n en Europa -1.5% con respecto a niveles de 2019: ACI Europa","og_description":"SIN EMBARGO, EL MERCADO SIGUE MUY FRAGMENTADO EN T\u00c9RMINOS DE RENDIMIENTO DE TR\u00c1FICO, CON SOLO EL 43% DE LOS AEROPUERTOS QUE RECUPERARON SUS VOL\u00daMENES DE PASAJEROS.","og_url":"https:\/\/aeronoticias.com.pe\/noticiero\/mundo\/mundo-mundo-2\/registra-aviacion-en-europa-1-5-con-respecto-a-niveles-de-2019-aci-europa\/","og_site_name":"Aeronoticias.com.pe","article_publisher":"https:\/\/www.facebook.com\/Aeronoticias.com.pe\/","article_published_time":"2024-05-10T19:31:34+00:00","article_modified_time":"2024-05-10T19:31:37+00:00","og_image":[{"width":1920,"height":1080,"url":"https:\/\/aeronoticias.com.pe\/noticiero\/wp-content\/uploads\/2024\/05\/air.jpg","type":"image\/jpeg"}],"author":"Redacci\u00f3n","twitter_card":"summary_large_image","twitter_creator":"@aeronoticias","twitter_site":"@aeronoticias","twitter_misc":{"Escrito por":"Redacci\u00f3n","Tiempo de lectura":"2 minutos"},"schema":{"@context":"https:\/\/schema.org","@graph":[{"@type":"WebPage","@id":"https:\/\/aeronoticias.com.pe\/noticiero\/mundo\/mundo-mundo-2\/registra-aviacion-en-europa-1-5-con-respecto-a-niveles-de-2019-aci-europa\/","url":"https:\/\/aeronoticias.com.pe\/noticiero\/mundo\/mundo-mundo-2\/registra-aviacion-en-europa-1-5-con-respecto-a-niveles-de-2019-aci-europa\/","name":"Registra aviaci\u00f3n en Europa -1.5% con respecto a niveles de 2019: ACI Europa","isPartOf":{"@id":"https:\/\/aeronoticias.com.pe\/noticiero\/#website"},"primaryImageOfPage":{"@id":"https:\/\/aeronoticias.com.pe\/noticiero\/mundo\/mundo-mundo-2\/registra-aviacion-en-europa-1-5-con-respecto-a-niveles-de-2019-aci-europa\/#primaryimage"},"image":{"@id":"https:\/\/aeronoticias.com.pe\/noticiero\/mundo\/mundo-mundo-2\/registra-aviacion-en-europa-1-5-con-respecto-a-niveles-de-2019-aci-europa\/#primaryimage"},"thumbnailUrl":"https:\/\/aeronoticias.com.pe\/noticiero\/wp-content\/uploads\/2024\/05\/air.jpg","datePublished":"2024-05-10T19:31:34+00:00","dateModified":"2024-05-10T19:31:37+00:00","author":{"@id":"https:\/\/aeronoticias.com.pe\/noticiero\/#\/schema\/person\/16212a617c73f78916b13194154243bd"},"description":"SIN EMBARGO, EL MERCADO SIGUE MUY FRAGMENTADO EN T\u00c9RMINOS DE RENDIMIENTO DE TR\u00c1FICO, CON SOLO EL 43% DE LOS AEROPUERTOS QUE RECUPERARON SUS VOL\u00daMENES DE PASAJEROS.","breadcrumb":{"@id":"https:\/\/aeronoticias.com.pe\/noticiero\/mundo\/mundo-mundo-2\/registra-aviacion-en-europa-1-5-con-respecto-a-niveles-de-2019-aci-europa\/#breadcrumb"},"inLanguage":"es","potentialAction":[{"@type":"ReadAction","target":["https:\/\/aeronoticias.com.pe\/noticiero\/mundo\/mundo-mundo-2\/registra-aviacion-en-europa-1-5-con-respecto-a-niveles-de-2019-aci-europa\/"]}]},{"@type":"ImageObject","inLanguage":"es","@id":"https:\/\/aeronoticias.com.pe\/noticiero\/mundo\/mundo-mundo-2\/registra-aviacion-en-europa-1-5-con-respecto-a-niveles-de-2019-aci-europa\/#primaryimage","url":"https:\/\/aeronoticias.com.pe\/noticiero\/wp-content\/uploads\/2024\/05\/air.jpg","contentUrl":"https:\/\/aeronoticias.com.pe\/noticiero\/wp-content\/uploads\/2024\/05\/air.jpg","width":1920,"height":1080},{"@type":"BreadcrumbList","@id":"https:\/\/aeronoticias.com.pe\/noticiero\/mundo\/mundo-mundo-2\/registra-aviacion-en-europa-1-5-con-respecto-a-niveles-de-2019-aci-europa\/#breadcrumb","itemListElement":[{"@type":"ListItem","position":1,"name":"Portada","item":"https:\/\/aeronoticias.com.pe\/noticiero\/"},{"@type":"ListItem","position":2,"name":"Registra aviaci\u00f3n en Europa -1.5% con respecto a niveles de 2019: ACI Europa"}]},{"@type":"WebSite","@id":"https:\/\/aeronoticias.com.pe\/noticiero\/#website","url":"https:\/\/aeronoticias.com.pe\/noticiero\/","name":"Aeronoticias.com.pe","description":"Noticias de tranporte aereo, turismo, hoteles, gastronomia, actualidad, internacional","potentialAction":[{"@type":"SearchAction","target":{"@type":"EntryPoint","urlTemplate":"https:\/\/aeronoticias.com.pe\/noticiero\/?s={search_term_string}"},"query-input":{"@type":"PropertyValueSpecification","valueRequired":true,"valueName":"search_term_string"}}],"inLanguage":"es"},{"@type":"Person","@id":"https:\/\/aeronoticias.com.pe\/noticiero\/#\/schema\/person\/16212a617c73f78916b13194154243bd","name":"Redacci\u00f3n","sameAs":["http:\/\/Redacci\u00f3n"],"url":"https:\/\/aeronoticias.com.pe\/noticiero\/author\/celeste\/"}]}},"_links":{"self":[{"href":"https:\/\/aeronoticias.com.pe\/noticiero\/wp-json\/wp\/v2\/posts\/90144","targetHints":{"allow":["GET"]}}],"collection":[{"href":"https:\/\/aeronoticias.com.pe\/noticiero\/wp-json\/wp\/v2\/posts"}],"about":[{"href":"https:\/\/aeronoticias.com.pe\/noticiero\/wp-json\/wp\/v2\/types\/post"}],"author":[{"embeddable":true,"href":"https:\/\/aeronoticias.com.pe\/noticiero\/wp-json\/wp\/v2\/users\/3"}],"replies":[{"embeddable":true,"href":"https:\/\/aeronoticias.com.pe\/noticiero\/wp-json\/wp\/v2\/comments?post=90144"}],"version-history":[{"count":0,"href":"https:\/\/aeronoticias.com.pe\/noticiero\/wp-json\/wp\/v2\/posts\/90144\/revisions"}],"wp:featuredmedia":[{"embeddable":true,"href":"https:\/\/aeronoticias.com.pe\/noticiero\/wp-json\/wp\/v2\/media\/90145"}],"wp:attachment":[{"href":"https:\/\/aeronoticias.com.pe\/noticiero\/wp-json\/wp\/v2\/media?parent=90144"}],"wp:term":[{"taxonomy":"category","embeddable":true,"href":"https:\/\/aeronoticias.com.pe\/noticiero\/wp-json\/wp\/v2\/categories?post=90144"},{"taxonomy":"post_tag","embeddable":true,"href":"https:\/\/aeronoticias.com.pe\/noticiero\/wp-json\/wp\/v2\/tags?post=90144"}],"curies":[{"name":"wp","href":"https:\/\/api.w.org\/{rel}","templated":true}]}}