{"id":90298,"date":"2024-05-27T12:26:04","date_gmt":"2024-05-27T17:26:04","guid":{"rendered":"https:\/\/aeronoticias.com.pe\/noticiero\/?p=90298"},"modified":"2024-05-27T12:26:11","modified_gmt":"2024-05-27T17:26:11","slug":"air-france-presenta-una-experiencia-aeroportuaria-innovadora-y-exclusiva-en-paris-charles-de-gaulle","status":"publish","type":"post","link":"https:\/\/aeronoticias.com.pe\/noticiero\/internacionales\/air-france-presenta-una-experiencia-aeroportuaria-innovadora-y-exclusiva-en-paris-charles-de-gaulle\/","title":{"rendered":"Air France presenta una experiencia aeroportuaria innovadora y exclusiva en Par\u00eds-Charles de Gaulle"},"content":{"rendered":"\n<p><strong>(Aeronoticias)<\/strong>: Mientras se prepara para presentar su nueva cabina<strong>\u00a0La Premi\u00e8re<\/strong>\u00a0este invierno,<strong>\u00a0Air France<\/strong>\u00a0inaugurar\u00e1 en verano una experiencia aeroportuaria exclusiva para los pasajeros de esta clase, con un vest\u00edbulo de facturaci\u00f3n exclusivo y amplias suites. El objetivo es ofrecer un viaje a\u00fan m\u00e1s fluido y completamente privado a trav\u00e9s del Aeropuerto de Par\u00eds-Charles de Gaulle a partir de julio, perfectamente sincronizado con la apertura de los Juegos Ol\u00edmpicos y Paral\u00edmpicos de Par\u00eds 2024.<\/p>\n\n\n\n<h2 class=\"wp-block-heading\"><strong>Un nuevo vest\u00edbulo de facturaci\u00f3n<\/strong><\/h2>\n\n\n\n<p>A su llegada al aeropuerto, todos los clientes de La Premi\u00e8re son recibidos por un conserje que se ocupa de su equipaje. A partir de este verano, los pasajeros ser\u00e1n conducidos a un nuevo vest\u00edbulo de facturaci\u00f3n exclusivo, que marcar\u00e1 la primera etapa de su viaje personalizado por el aeropuerto. All\u00ed, un atento equipo de Air France gestionar\u00e1 todos los tr\u00e1mites relacionados con la salida. Esta zona, equipada con 15 asientos y dos salones privados, garantiza una mayor intimidad a los pasajeros.<\/p>\n\n\n\n<p>El vest\u00edbulo de facturaci\u00f3n tambi\u00e9n acoger\u00e1 a los pasajeros de La Premi\u00e8re que lleguen al aeropuerto. Los clientes podr\u00e1n relajarse despu\u00e9s del vuelo, ducharse si lo desean y recoger su equipaje facturado.<\/p>\n\n\n\n<p>Este vest\u00edbulo, un remanso de paz en medio del ajetreo del aeropuerto, encarna la elegancia y la sofisticaci\u00f3n francesas. Meticulosamente concebido por los expertos de Air France en colaboraci\u00f3n con la agencia SGK Brandimage, su dise\u00f1o combina a la perfecci\u00f3n espacios individualizados, preservando al mismo tiempo una sensaci\u00f3n general de amplitud.<\/p>\n\n\n\n<p>Una vez realizadas las formalidades, los pasajeros ser\u00e1n acompa\u00f1ados a la sala VIP La Premi\u00e8re a trav\u00e9s de un pasillo privado exclusivo con un control de seguridad espec\u00edfico.<\/p>\n\n\n\n<h2 class=\"wp-block-heading\"><strong>Una sala VIP exclusiva reservada a los pasajeros de La Premi\u00e8re<\/strong><\/h2>\n\n\n\n<p>Dise\u00f1ada por el arquitecto Didier Lefort, la sala VIP La Premi\u00e8re de Air France, de 1.000 metros cuadrados, es sin\u00f3nimo de exclusividad. Este santuario ofrece a los pasajeros un refugio tranquilo, una sensaci\u00f3n de serenidad y la promesa de una experiencia extraordinaria. Naturalmente, la gastronom\u00eda es la protagonista, con un men\u00fa meticulosamente elegido y una selecci\u00f3n de vinos elaborada por Alain Ducasse y su prestigioso equipo. En el coraz\u00f3n del sal\u00f3n se encuentra un lujoso spa y una zona de tratamientos de belleza, a cargo de Sisley, la marca francesa pionera reconocida por su cosmetolog\u00eda basada en plantas.<\/p>\n\n\n\n<h2 class=\"wp-block-heading\"><strong>Nuevas suites conectadas a la sala VIP<\/strong><\/h2>\n\n\n\n<p>Para disfrutar de la m\u00e1xima intimidad antes de un viaje o durante las escalas, los pasajeros de La Premi\u00e8re tendr\u00e1n a partir de ahora la posibilidad de reservar suites exclusivas de cerca de 45 metros cuadrados, convenientemente situadas junto a la sala VIP. Habr\u00e1 tres suites disponibles, con la posibilidad de unir dos de ellas bajo petici\u00f3n.<\/p>\n\n\n\n<p>A su llegada, un mayordomo les guiar\u00e1 personalmente por las opciones y servicios de las suites. Cada una de ellas cuenta con una amplia sala de estar, un dormitorio con cama de matrimonio, un cuarto de ba\u00f1o bien equipado y un c\u00f3modo patio exterior. Los viajeros tendr\u00e1n la oportunidad de disfrutar de un men\u00fa especialmente elaborado por Alain Ducasse y su equipo para el sal\u00f3n La Premi\u00e8re, as\u00ed como de acceder al famoso spa Sisley.<\/p>\n\n\n\n<p>Este nuevo viaje privado al aeropuerto y el acceso a la sala VIP est\u00e1n incluidos en el servicio La Premi\u00e8re de Air France. Las suites aeroportuarias se ofrecen como opci\u00f3n, a partir de 800 euros.<\/p>\n\n\n\n<h2 class=\"wp-block-heading\"><strong>Una nueva cabina La Premi\u00e8re pr\u00f3ximamente<\/strong><\/h2>\n\n\n\n<p>Tras la puesta en marcha de la nueva experiencia aeroportuaria exclusiva de Air France, la compa\u00f1\u00eda se centrar\u00e1 en la introducci\u00f3n de su cabina La Premi\u00e8re, ampliamente redise\u00f1ada, en el invierno 2024-25. Esta cabina, que establece un nuevo est\u00e1ndar en cuanto a longitud, contar\u00e1 con la configuraci\u00f3n m\u00e1s larga del mercado y ofrecer\u00e1 cinco ventanas a los pasajeros. Adem\u00e1s, dispondr\u00e1 de hasta tres espacios modulares y totalmente privados que har\u00e1n del viaje una experiencia excepcional: un asiento, una tumbona y una cama plana. Con esta configuraci\u00f3n innovadora, La Premi\u00e8re se extender\u00e1 a un mayor n\u00famero de aviones en comparaci\u00f3n con su despliegue actual.<\/p>\n\n\n\n<p>A partir del verano de 2024, Air France dispondr\u00e1 de 19 aviones Boeing 777-300ER equipados con suites La Premi\u00e8re, que volar\u00e1n a Abiy\u00e1n, Dub\u00e1i, Los \u00c1ngeles, Miami, Nueva York-JFK, San Francisco, Sao Paulo, Singapur, Tokio-Haneda y Washington.<\/p>\n\n\n\n<p><strong>Fuente: aviaciondigital.com<\/strong><\/p>\n","protected":false},"excerpt":{"rendered":"<p>(Aeronoticias): Mientras se prepara para presentar su nueva cabina\u00a0La Premi\u00e8re\u00a0este invierno,\u00a0Air France\u00a0inaugurar\u00e1 en verano una experiencia aeroportuaria exclusiva para los pasajeros de esta clase, con un vest\u00edbulo de facturaci\u00f3n exclusivo y amplias suites. El objetivo es ofrecer un viaje a\u00fan m\u00e1s fluido y completamente privado a trav\u00e9s del Aeropuerto de Par\u00eds-Charles de Gaulle a partir [&hellip;]<\/p>\n","protected":false},"author":3,"featured_media":90299,"comment_status":"open","ping_status":"open","sticky":false,"template":"","format":"standard","meta":{"tdm_status":"","tdm_grid_status":"","footnotes":""},"categories":[32,34],"tags":[239,5175],"class_list":{"0":"post-90298","1":"post","2":"type-post","3":"status-publish","4":"format-standard","5":"has-post-thumbnail","7":"category-internacional","8":"category-internacionales","9":"tag-air-france","10":"tag-paris-charles-de-gaulle"},"yoast_head":"<!-- This site is optimized with the Yoast SEO plugin v25.1 - https:\/\/yoast.com\/wordpress\/plugins\/seo\/ -->\n<title>Air France presenta una experiencia aeroportuaria innovadora y exclusiva en Par\u00eds-Charles de Gaulle<\/title>\n<meta name=\"description\" content=\"Portal de noticias del Per\u00fa sobre el transporte a\u00e9reo, aviaci\u00f3n, turismo, hoteleria, actualidad.\" \/>\n<meta name=\"robots\" content=\"index, follow, max-snippet:-1, max-image-preview:large, max-video-preview:-1\" \/>\n<link rel=\"canonical\" href=\"https:\/\/aeronoticias.com.pe\/noticiero\/internacionales\/air-france-presenta-una-experiencia-aeroportuaria-innovadora-y-exclusiva-en-paris-charles-de-gaulle\/\" \/>\n<meta property=\"og:locale\" content=\"es_ES\" \/>\n<meta property=\"og:type\" content=\"article\" \/>\n<meta property=\"og:title\" content=\"Air France presenta una experiencia aeroportuaria innovadora y exclusiva en Par\u00eds-Charles de Gaulle\" \/>\n<meta property=\"og:description\" content=\"Portal de noticias del Per\u00fa sobre el transporte a\u00e9reo, aviaci\u00f3n, turismo, hoteleria, actualidad.\" \/>\n<meta property=\"og:url\" content=\"https:\/\/aeronoticias.com.pe\/noticiero\/internacionales\/air-france-presenta-una-experiencia-aeroportuaria-innovadora-y-exclusiva-en-paris-charles-de-gaulle\/\" \/>\n<meta property=\"og:site_name\" content=\"Aeronoticias.com.pe\" \/>\n<meta property=\"article:publisher\" content=\"https:\/\/www.facebook.com\/Aeronoticias.com.pe\/\" \/>\n<meta property=\"article:published_time\" content=\"2024-05-27T17:26:04+00:00\" \/>\n<meta property=\"article:modified_time\" content=\"2024-05-27T17:26:11+00:00\" \/>\n<meta property=\"og:image\" content=\"https:\/\/aeronoticias.com.pe\/noticiero\/wp-content\/uploads\/2024\/05\/paris-1.jpg\" \/>\n\t<meta property=\"og:image:width\" content=\"800\" \/>\n\t<meta property=\"og:image:height\" content=\"400\" \/>\n\t<meta property=\"og:image:type\" content=\"image\/jpeg\" \/>\n<meta name=\"author\" content=\"Redacci\u00f3n\" \/>\n<meta name=\"twitter:card\" content=\"summary_large_image\" \/>\n<meta name=\"twitter:creator\" content=\"@aeronoticias\" \/>\n<meta name=\"twitter:site\" content=\"@aeronoticias\" \/>\n<meta name=\"twitter:label1\" content=\"Escrito por\" \/>\n\t<meta name=\"twitter:data1\" content=\"Redacci\u00f3n\" \/>\n\t<meta name=\"twitter:label2\" content=\"Tiempo de lectura\" \/>\n\t<meta name=\"twitter:data2\" content=\"4 minutos\" \/>\n<script type=\"application\/ld+json\" class=\"yoast-schema-graph\">{\"@context\":\"https:\/\/schema.org\",\"@graph\":[{\"@type\":\"WebPage\",\"@id\":\"https:\/\/aeronoticias.com.pe\/noticiero\/internacionales\/air-france-presenta-una-experiencia-aeroportuaria-innovadora-y-exclusiva-en-paris-charles-de-gaulle\/\",\"url\":\"https:\/\/aeronoticias.com.pe\/noticiero\/internacionales\/air-france-presenta-una-experiencia-aeroportuaria-innovadora-y-exclusiva-en-paris-charles-de-gaulle\/\",\"name\":\"Air France presenta una experiencia aeroportuaria innovadora y exclusiva en Par\u00eds-Charles de Gaulle\",\"isPartOf\":{\"@id\":\"https:\/\/aeronoticias.com.pe\/noticiero\/#website\"},\"primaryImageOfPage\":{\"@id\":\"https:\/\/aeronoticias.com.pe\/noticiero\/internacionales\/air-france-presenta-una-experiencia-aeroportuaria-innovadora-y-exclusiva-en-paris-charles-de-gaulle\/#primaryimage\"},\"image\":{\"@id\":\"https:\/\/aeronoticias.com.pe\/noticiero\/internacionales\/air-france-presenta-una-experiencia-aeroportuaria-innovadora-y-exclusiva-en-paris-charles-de-gaulle\/#primaryimage\"},\"thumbnailUrl\":\"https:\/\/aeronoticias.com.pe\/noticiero\/wp-content\/uploads\/2024\/05\/paris-1.jpg\",\"datePublished\":\"2024-05-27T17:26:04+00:00\",\"dateModified\":\"2024-05-27T17:26:11+00:00\",\"author\":{\"@id\":\"https:\/\/aeronoticias.com.pe\/noticiero\/#\/schema\/person\/16212a617c73f78916b13194154243bd\"},\"description\":\"Portal de noticias del Per\u00fa sobre el transporte a\u00e9reo, aviaci\u00f3n, turismo, hoteleria, actualidad.\",\"breadcrumb\":{\"@id\":\"https:\/\/aeronoticias.com.pe\/noticiero\/internacionales\/air-france-presenta-una-experiencia-aeroportuaria-innovadora-y-exclusiva-en-paris-charles-de-gaulle\/#breadcrumb\"},\"inLanguage\":\"es\",\"potentialAction\":[{\"@type\":\"ReadAction\",\"target\":[\"https:\/\/aeronoticias.com.pe\/noticiero\/internacionales\/air-france-presenta-una-experiencia-aeroportuaria-innovadora-y-exclusiva-en-paris-charles-de-gaulle\/\"]}]},{\"@type\":\"ImageObject\",\"inLanguage\":\"es\",\"@id\":\"https:\/\/aeronoticias.com.pe\/noticiero\/internacionales\/air-france-presenta-una-experiencia-aeroportuaria-innovadora-y-exclusiva-en-paris-charles-de-gaulle\/#primaryimage\",\"url\":\"https:\/\/aeronoticias.com.pe\/noticiero\/wp-content\/uploads\/2024\/05\/paris-1.jpg\",\"contentUrl\":\"https:\/\/aeronoticias.com.pe\/noticiero\/wp-content\/uploads\/2024\/05\/paris-1.jpg\",\"width\":800,\"height\":400},{\"@type\":\"BreadcrumbList\",\"@id\":\"https:\/\/aeronoticias.com.pe\/noticiero\/internacionales\/air-france-presenta-una-experiencia-aeroportuaria-innovadora-y-exclusiva-en-paris-charles-de-gaulle\/#breadcrumb\",\"itemListElement\":[{\"@type\":\"ListItem\",\"position\":1,\"name\":\"Portada\",\"item\":\"https:\/\/aeronoticias.com.pe\/noticiero\/\"},{\"@type\":\"ListItem\",\"position\":2,\"name\":\"Air France presenta una experiencia aeroportuaria innovadora y exclusiva en Par\u00eds-Charles de Gaulle\"}]},{\"@type\":\"WebSite\",\"@id\":\"https:\/\/aeronoticias.com.pe\/noticiero\/#website\",\"url\":\"https:\/\/aeronoticias.com.pe\/noticiero\/\",\"name\":\"Aeronoticias.com.pe\",\"description\":\"Noticias de tranporte aereo, turismo, hoteles, gastronomia, actualidad, internacional\",\"potentialAction\":[{\"@type\":\"SearchAction\",\"target\":{\"@type\":\"EntryPoint\",\"urlTemplate\":\"https:\/\/aeronoticias.com.pe\/noticiero\/?s={search_term_string}\"},\"query-input\":{\"@type\":\"PropertyValueSpecification\",\"valueRequired\":true,\"valueName\":\"search_term_string\"}}],\"inLanguage\":\"es\"},{\"@type\":\"Person\",\"@id\":\"https:\/\/aeronoticias.com.pe\/noticiero\/#\/schema\/person\/16212a617c73f78916b13194154243bd\",\"name\":\"Redacci\u00f3n\",\"sameAs\":[\"http:\/\/Redacci\u00f3n\"],\"url\":\"https:\/\/aeronoticias.com.pe\/noticiero\/author\/celeste\/\"}]}<\/script>\n<!-- \/ Yoast SEO plugin. -->","yoast_head_json":{"title":"Air France presenta una experiencia aeroportuaria innovadora y exclusiva en Par\u00eds-Charles de Gaulle","description":"Portal de noticias del Per\u00fa sobre el transporte a\u00e9reo, aviaci\u00f3n, turismo, hoteleria, actualidad.","robots":{"index":"index","follow":"follow","max-snippet":"max-snippet:-1","max-image-preview":"max-image-preview:large","max-video-preview":"max-video-preview:-1"},"canonical":"https:\/\/aeronoticias.com.pe\/noticiero\/internacionales\/air-france-presenta-una-experiencia-aeroportuaria-innovadora-y-exclusiva-en-paris-charles-de-gaulle\/","og_locale":"es_ES","og_type":"article","og_title":"Air France presenta una experiencia aeroportuaria innovadora y exclusiva en Par\u00eds-Charles de Gaulle","og_description":"Portal de noticias del Per\u00fa sobre el transporte a\u00e9reo, aviaci\u00f3n, turismo, hoteleria, actualidad.","og_url":"https:\/\/aeronoticias.com.pe\/noticiero\/internacionales\/air-france-presenta-una-experiencia-aeroportuaria-innovadora-y-exclusiva-en-paris-charles-de-gaulle\/","og_site_name":"Aeronoticias.com.pe","article_publisher":"https:\/\/www.facebook.com\/Aeronoticias.com.pe\/","article_published_time":"2024-05-27T17:26:04+00:00","article_modified_time":"2024-05-27T17:26:11+00:00","og_image":[{"width":800,"height":400,"url":"https:\/\/aeronoticias.com.pe\/noticiero\/wp-content\/uploads\/2024\/05\/paris-1.jpg","type":"image\/jpeg"}],"author":"Redacci\u00f3n","twitter_card":"summary_large_image","twitter_creator":"@aeronoticias","twitter_site":"@aeronoticias","twitter_misc":{"Escrito por":"Redacci\u00f3n","Tiempo de lectura":"4 minutos"},"schema":{"@context":"https:\/\/schema.org","@graph":[{"@type":"WebPage","@id":"https:\/\/aeronoticias.com.pe\/noticiero\/internacionales\/air-france-presenta-una-experiencia-aeroportuaria-innovadora-y-exclusiva-en-paris-charles-de-gaulle\/","url":"https:\/\/aeronoticias.com.pe\/noticiero\/internacionales\/air-france-presenta-una-experiencia-aeroportuaria-innovadora-y-exclusiva-en-paris-charles-de-gaulle\/","name":"Air France presenta una experiencia aeroportuaria innovadora y exclusiva en Par\u00eds-Charles de Gaulle","isPartOf":{"@id":"https:\/\/aeronoticias.com.pe\/noticiero\/#website"},"primaryImageOfPage":{"@id":"https:\/\/aeronoticias.com.pe\/noticiero\/internacionales\/air-france-presenta-una-experiencia-aeroportuaria-innovadora-y-exclusiva-en-paris-charles-de-gaulle\/#primaryimage"},"image":{"@id":"https:\/\/aeronoticias.com.pe\/noticiero\/internacionales\/air-france-presenta-una-experiencia-aeroportuaria-innovadora-y-exclusiva-en-paris-charles-de-gaulle\/#primaryimage"},"thumbnailUrl":"https:\/\/aeronoticias.com.pe\/noticiero\/wp-content\/uploads\/2024\/05\/paris-1.jpg","datePublished":"2024-05-27T17:26:04+00:00","dateModified":"2024-05-27T17:26:11+00:00","author":{"@id":"https:\/\/aeronoticias.com.pe\/noticiero\/#\/schema\/person\/16212a617c73f78916b13194154243bd"},"description":"Portal de noticias del Per\u00fa sobre el transporte a\u00e9reo, aviaci\u00f3n, turismo, hoteleria, actualidad.","breadcrumb":{"@id":"https:\/\/aeronoticias.com.pe\/noticiero\/internacionales\/air-france-presenta-una-experiencia-aeroportuaria-innovadora-y-exclusiva-en-paris-charles-de-gaulle\/#breadcrumb"},"inLanguage":"es","potentialAction":[{"@type":"ReadAction","target":["https:\/\/aeronoticias.com.pe\/noticiero\/internacionales\/air-france-presenta-una-experiencia-aeroportuaria-innovadora-y-exclusiva-en-paris-charles-de-gaulle\/"]}]},{"@type":"ImageObject","inLanguage":"es","@id":"https:\/\/aeronoticias.com.pe\/noticiero\/internacionales\/air-france-presenta-una-experiencia-aeroportuaria-innovadora-y-exclusiva-en-paris-charles-de-gaulle\/#primaryimage","url":"https:\/\/aeronoticias.com.pe\/noticiero\/wp-content\/uploads\/2024\/05\/paris-1.jpg","contentUrl":"https:\/\/aeronoticias.com.pe\/noticiero\/wp-content\/uploads\/2024\/05\/paris-1.jpg","width":800,"height":400},{"@type":"BreadcrumbList","@id":"https:\/\/aeronoticias.com.pe\/noticiero\/internacionales\/air-france-presenta-una-experiencia-aeroportuaria-innovadora-y-exclusiva-en-paris-charles-de-gaulle\/#breadcrumb","itemListElement":[{"@type":"ListItem","position":1,"name":"Portada","item":"https:\/\/aeronoticias.com.pe\/noticiero\/"},{"@type":"ListItem","position":2,"name":"Air France presenta una experiencia aeroportuaria innovadora y exclusiva en Par\u00eds-Charles de Gaulle"}]},{"@type":"WebSite","@id":"https:\/\/aeronoticias.com.pe\/noticiero\/#website","url":"https:\/\/aeronoticias.com.pe\/noticiero\/","name":"Aeronoticias.com.pe","description":"Noticias de tranporte aereo, turismo, hoteles, gastronomia, actualidad, internacional","potentialAction":[{"@type":"SearchAction","target":{"@type":"EntryPoint","urlTemplate":"https:\/\/aeronoticias.com.pe\/noticiero\/?s={search_term_string}"},"query-input":{"@type":"PropertyValueSpecification","valueRequired":true,"valueName":"search_term_string"}}],"inLanguage":"es"},{"@type":"Person","@id":"https:\/\/aeronoticias.com.pe\/noticiero\/#\/schema\/person\/16212a617c73f78916b13194154243bd","name":"Redacci\u00f3n","sameAs":["http:\/\/Redacci\u00f3n"],"url":"https:\/\/aeronoticias.com.pe\/noticiero\/author\/celeste\/"}]}},"_links":{"self":[{"href":"https:\/\/aeronoticias.com.pe\/noticiero\/wp-json\/wp\/v2\/posts\/90298","targetHints":{"allow":["GET"]}}],"collection":[{"href":"https:\/\/aeronoticias.com.pe\/noticiero\/wp-json\/wp\/v2\/posts"}],"about":[{"href":"https:\/\/aeronoticias.com.pe\/noticiero\/wp-json\/wp\/v2\/types\/post"}],"author":[{"embeddable":true,"href":"https:\/\/aeronoticias.com.pe\/noticiero\/wp-json\/wp\/v2\/users\/3"}],"replies":[{"embeddable":true,"href":"https:\/\/aeronoticias.com.pe\/noticiero\/wp-json\/wp\/v2\/comments?post=90298"}],"version-history":[{"count":0,"href":"https:\/\/aeronoticias.com.pe\/noticiero\/wp-json\/wp\/v2\/posts\/90298\/revisions"}],"wp:featuredmedia":[{"embeddable":true,"href":"https:\/\/aeronoticias.com.pe\/noticiero\/wp-json\/wp\/v2\/media\/90299"}],"wp:attachment":[{"href":"https:\/\/aeronoticias.com.pe\/noticiero\/wp-json\/wp\/v2\/media?parent=90298"}],"wp:term":[{"taxonomy":"category","embeddable":true,"href":"https:\/\/aeronoticias.com.pe\/noticiero\/wp-json\/wp\/v2\/categories?post=90298"},{"taxonomy":"post_tag","embeddable":true,"href":"https:\/\/aeronoticias.com.pe\/noticiero\/wp-json\/wp\/v2\/tags?post=90298"}],"curies":[{"name":"wp","href":"https:\/\/api.w.org\/{rel}","templated":true}]}}