{"id":90304,"date":"2024-05-28T10:49:54","date_gmt":"2024-05-28T15:49:54","guid":{"rendered":"https:\/\/aeronoticias.com.pe\/noticiero\/?p=90304"},"modified":"2024-05-28T10:50:00","modified_gmt":"2024-05-28T15:50:00","slug":"taylor-swift-y-karol-g-disparan-el-turismo-aereo-en-el-cielo-de-madrid","status":"publish","type":"post","link":"https:\/\/aeronoticias.com.pe\/noticiero\/ultimas\/1\/taylor-swift-y-karol-g-disparan-el-turismo-aereo-en-el-cielo-de-madrid\/","title":{"rendered":"Taylor Swift y Karol G. disparan el turismo a\u00e9reo en el cielo de Madrid"},"content":{"rendered":"\n<p><strong>(Aeronoticias)<\/strong>: <strong>Claudia C.\/ Aviaci\u00f3n Digital, Sp.-\u00a0<\/strong><em>La cantante\u00a0<a href=\"https:\/\/aviaciondigital.com\/estrellas-que-contaminan-el-impacto-ambiental-de-los-jets-privados\/\" target=\"_blank\" rel=\"noreferrer noopener\"><strong>Taylor Swift<\/strong><\/a>\u00a0no solo est\u00e1 arrasando en los escenarios, sino tambi\u00e9n en las pistas de aterrizaje, desatando un aut\u00e9ntico\u00a0<strong>boom de turismo a\u00e9reo hacia Madrid.\u00a0<\/strong>La estrella del pop ha demostrado que su poder de convocatoria va m\u00e1s all\u00e1 de la m\u00fasica, situando a la capital espa\u00f1ola como uno de los<strong>\u00a0destinos m\u00e1s demandados del momento.<\/strong><\/em><\/p>\n\n\n\n<p>Con sus conciertos en el horizonte, los fan\u00e1ticos de todo el mundo est\u00e1n&nbsp;<strong>reservando vuelos a la capital en masa,<\/strong>&nbsp;ansiosos por ver a Swift en vivo y disfrutar de todo lo que la ciudad tiene para ofrecer. El&nbsp;<strong>fen\u00f3meno&nbsp;<\/strong><a href=\"https:\/\/aviaciondigital.com\/estrellas-que-contaminan-el-impacto-ambiental-de-los-jets-privados\/\" target=\"_blank\" rel=\"noreferrer noopener\"><strong>Swift<\/strong><\/a>&nbsp;est\u00e1 literalmente tomando vuelo y revolucionando el turismo en Espa\u00f1a, dado el notable&nbsp;<strong>incremento en la b\u00fasqueda de vuelos y en la ocupaci\u00f3n hotelera<\/strong>&nbsp;debida a sus pr\u00f3ximos conciertos. Pero no es la \u00fanica, la sigue de cerca, Karol G.<\/p>\n\n\n\n<p>Gracias a los datos proporcionados por&nbsp;<strong>Amadeus Business Intelligence,<\/strong>&nbsp;se puede analizar de que manera estos eventos est\u00e1n influyendo en el turismo de la capital espa\u00f1ola.<\/p>\n\n\n\n<h3 class=\"wp-block-heading\" id=\"h-taylor-swift-un-iman-para-el-turismo-internacional\">T<strong>aylor Swift, un im\u00e1n para el Turismo Internacional<\/strong><\/h3>\n\n\n\n<p>El anuncio de los conciertos de\u00a0<a href=\"https:\/\/aviaciondigital.com\/estrellas-que-contaminan-el-impacto-ambiental-de-los-jets-privados\/\" target=\"_blank\" rel=\"noreferrer noopener\"><strong>Taylor Swift<\/strong><\/a>\u00a0en Madrid ha generado un notable aumento en la b\u00fasqueda de vuelos hacia la ciudad. El a\u00f1o pasado, durante las semanas 25 y 26 de 2023, se registr\u00f3 un\u00a0<strong>incremento del 44% en el tr\u00e1fico de b\u00fasquedas a Madrid.<\/strong>\u00a0Este aumento es a\u00fan m\u00e1s impresionante cuando se analiza el inter\u00e9s proveniente de Estados Unidos, con un\u00a0<strong>aumento del 100%<\/strong>\u00a0en comparaci\u00f3n con el mismo periodo del a\u00f1o anterior. Este fen\u00f3meno subraya el atractivo internacional de Taylor Swift y su capacidad para atraer a fan\u00e1ticos de todo el mundo.<\/p>\n\n\n\n<p>Asimismo, la ocupaci\u00f3n hotelera tambi\u00e9n refleja el impacto de los conciertos de Swift. A fecha del&nbsp;<strong>7 de mayo<\/strong>, la ocupaci\u00f3n hotelera en Madrid para las fechas de los conciertos&nbsp;<strong>era del 70%.<\/strong>&nbsp;Esto representa un significativo crecimiento en comparaci\u00f3n con las mismas fechas del a\u00f1o anterior, donde la ocupaci\u00f3n fue del 45% y 52%, respectivamente. La tendencia indica que la demanda de alojamiento<strong>&nbsp;continuar\u00e1 aumentando a medida que se acerquen las fechas&nbsp;<\/strong>de los conciertos.<\/p>\n\n\n\n<h3 class=\"wp-block-heading\" id=\"h-karol-g-incremento-en-el-turismo-nacional\"><strong>Karol G: Incremento en el Turismo Nacional<\/strong><\/h3>\n\n\n\n<p>Karol G, aunque con un perfil diferente al de\u00a0<a href=\"https:\/\/aviaciondigital.com\/estrellas-que-contaminan-el-impacto-ambiental-de-los-jets-privados\/\" target=\"_blank\" rel=\"noreferrer noopener\"><strong>Taylor Swift<\/strong><\/a>, tambi\u00e9n ha demostrado su\u00a0<strong>capacidad para influir en el turismo,\u00a0<\/strong>especialmente en el\u00a0<strong>\u00e1mbito nacional<\/strong>. La semana anterior a la puesta a la venta de las entradas para su concierto, se registr\u00f3 un\u00a0<strong>aumento del 187% en las b\u00fasquedas de vuelos nacionales a Madrid.<\/strong>\u00a0Este incremento es un claro indicador de la popularidad de Karol G en Espa\u00f1a y de c\u00f3mo su m\u00fasica motiva a los fan\u00e1ticos a viajar.<\/p>\n\n\n\n<figure class=\"wp-block-image\"><img decoding=\"async\" src=\"https:\/\/aviaciondigital.com\/wp-content\/uploads\/2024\/05\/GOcfnD3XYAA0YvJ-848x1024.jpg\" alt=\"\"\/><\/figure>\n\n\n\n<p>Otro aspecto interesante del impacto de Karol G es la&nbsp;<strong>preferencia de los viajeros por estancias cortas.<\/strong>&nbsp;Durante las semanas 48 y 49 de 2023, se registr\u00f3 un&nbsp;<strong>aumento del 700% en las b\u00fasquedas de viajes de fin de semana a Madrid.<\/strong>&nbsp;Este dato sugiere que muchos fan\u00e1ticos de Karol G planean&nbsp;<strong>viajes breves para asistir a su concierto,<\/strong>&nbsp;aprovechando el evento como una escapada de fin de semana.<\/p>\n\n\n\n<h3 class=\"wp-block-heading\" id=\"h-swift-vs-karol-g-atraccion-internacional-vs-nacional\"><strong>Swift vs. Karol G: Atracci\u00f3n Internacional vs. Nacional<\/strong><\/h3>\n\n\n\n<p>Mientras que&nbsp;<a href=\"https:\/\/aviaciondigital.com\/estrellas-que-contaminan-el-impacto-ambiental-de-los-jets-privados\/\" target=\"_blank\" rel=\"noreferrer noopener\"><strong>Taylor Swift<\/strong><\/a>&nbsp;tiene un&nbsp;<strong>atractivo internacional,&nbsp;<\/strong>atrayendo a fan\u00e1ticos de lugares tan lejanos como Estados Unidos, Karol G parece tener un&nbsp;<strong>impacto m\u00e1s fuerte a nivel nacional.&nbsp;<\/strong>Esta diferencia puede atribuirse a varios factores, incluyendo la barrera del idioma y la popularidad de los g\u00e9neros musicales que representan cada artista.<\/p>\n\n\n\n<p>Y por tanto, la ocupaci\u00f3n hotelera para los conciertos de&nbsp;<a href=\"https:\/\/aviaciondigital.com\/estrellas-que-contaminan-el-impacto-ambiental-de-los-jets-privados\/\" target=\"_blank\" rel=\"noreferrer noopener\"><strong>Taylor Swift<\/strong><\/a>&nbsp;sugiere una&nbsp;<strong>mayor influencia en el turismo de largo plazo,&nbsp;<\/strong>con los fan\u00e1ticos reservando alojamiento con anticipaci\u00f3n, ya que por otro lado, el aumento en las b\u00fasquedas de viajes de fin de semana para los conciertos de Karol G indica una&nbsp;<strong>tendencia hacia estancias m\u00e1s cortas<\/strong>&nbsp;y posiblemente una menor ocupaci\u00f3n hotelera prolongada.<\/p>\n\n\n\n<h3 class=\"wp-block-heading\" id=\"h-huella-ambiental-de-los-conciertos-en-el-caso-de-swift\"><strong>Huella ambiental de los conciertos en el caso de Swift<\/strong><\/h3>\n\n\n\n<p>Sin embargo, un aspecto importante a considerar es la huella ambiental de estos eventos.\u00a0<a href=\"https:\/\/aviaciondigital.com\/estrellas-que-contaminan-el-impacto-ambiental-de-los-jets-privados\/\" target=\"_blank\" rel=\"noreferrer noopener\"><strong>Taylor Swift<\/strong><\/a>\u00a0ha sido criticada por la\u00a0<strong>huella de carbono generada\u00a0<\/strong>por sus giras internacionales. El transporte a\u00e9reo de los equipos, los viajes de los fan\u00e1ticos y la log\u00edstica de los conciertos contribuyen significativamente a las emisiones de carbono.<\/p>\n\n\n\n<p>A medida que crece la conciencia sobre el cambio clim\u00e1tico, este factor podr\u00eda influir en\u00a0<strong>c\u00f3mo el p\u00fablico percibe los viajes y tomar decisiones futuras al respecto<\/strong>. Y no es precisamente una publicidad muy favorable para ella. Parece que\u00a0<a href=\"https:\/\/aviaciondigital.com\/estrellas-que-contaminan-el-impacto-ambiental-de-los-jets-privados\/\" target=\"_blank\" rel=\"noreferrer noopener\"><strong>Taylor Swift<\/strong><\/a>\u00a0tambi\u00e9n est\u00e1 generando\u00a0<strong>algo m\u00e1s<\/strong>\u00a0que sus \u00e9xitos musicales.<\/p>\n\n\n\n<p>Es por esto que el turismo musical presenta una&nbsp;<strong>dualidad interesante.<\/strong>&nbsp;Por un lado, fomenta el&nbsp;<strong>desarrollo econ\u00f3mico&nbsp;<\/strong>local y aumenta la ocupaci\u00f3n hotelera. Por otro lado, contribuye a la&nbsp;<strong>huella de carbono,<\/strong>&nbsp;un factor que no debe ser ignorado en el contexto actual de cambio clim\u00e1tico. Los datos de&nbsp;<strong>Amadeus Business Intelligence<\/strong>&nbsp;destacan la necesidad de&nbsp;<strong>equilibrar el desarrollo econ\u00f3mico con la sostenibilidad ambiental.<\/strong><\/p>\n\n\n\n<h3 class=\"wp-block-heading\" id=\"h-del-cielo-a-madrid-y-al-concierto\"><strong>Del cielo a Madrid y \u2026al concierto<\/strong><\/h3>\n\n\n\n<p>Lo cierto es que Madrid se est\u00e1 convirtiendo en&nbsp;<strong>la meca de los conciertos internacionales.<\/strong>&nbsp;La capital espa\u00f1ola no solo tiene la infraestructura necesaria para albergar grandes eventos, sino que tambi\u00e9n ofrece una<strong>&nbsp;experiencia cultural y tur\u00edstica<\/strong>&nbsp;de primera clase para los asistentes. Los datos muestran c\u00f3mo eventos musicales pueden revitalizar la econom\u00eda local, atraer a turistas y aumentar la ocupaci\u00f3n hotelera, beneficiando a una amplia gama de sectores.<\/p>\n\n\n\n<p>Sin embargo, la fiesta no est\u00e1 completa, especialmente si se piensa en los&nbsp;<strong>desaf\u00edos ambientales que a menudo pasamos por alto<\/strong>&nbsp;cuando nos dejamos llevar por la emoci\u00f3n del espect\u00e1culo. A medida que el tel\u00f3n se levanta en la industria del entretenimiento, surge la urgente necesidad de&nbsp;<strong>bailar al ritmo de la sostenibilidad.<\/strong>&nbsp;Porque, vamos\u2026<\/p>\n\n\n\n<p><strong>\u00bfQui\u00e9n quiere una fiesta sin cuidar el planeta?\u00a0<\/strong>En este mundo de conciertos y festivales, encontrar el equilibrio entre la diversi\u00f3n y el\u00a0<strong>respeto al medio ambiente\u00a0<\/strong>es la clave para asegurar que la m\u00fasica nunca se detenga\u00a0<em>(para no tener que irnos\u2026 con ella a otra parte).<\/em><\/p>\n\n\n\n<p><strong>Fuente: aviaciondigital.com<\/strong><\/p>\n","protected":false},"excerpt":{"rendered":"<p>(Aeronoticias): Claudia C.\/ Aviaci\u00f3n Digital, Sp.-\u00a0La cantante\u00a0Taylor Swift\u00a0no solo est\u00e1 arrasando en los escenarios, sino tambi\u00e9n en las pistas de aterrizaje, desatando un aut\u00e9ntico\u00a0boom de turismo a\u00e9reo hacia Madrid.\u00a0La estrella del pop ha demostrado que su poder de convocatoria va m\u00e1s all\u00e1 de la m\u00fasica, situando a la capital espa\u00f1ola como uno de los\u00a0destinos m\u00e1s [&hellip;]<\/p>\n","protected":false},"author":3,"featured_media":90305,"comment_status":"open","ping_status":"open","sticky":false,"template":"","format":"standard","meta":{"tdm_status":"","tdm_grid_status":"","footnotes":""},"categories":[30,8],"tags":[5179,5178],"class_list":{"0":"post-90304","1":"post","2":"type-post","3":"status-publish","4":"format-standard","5":"has-post-thumbnail","7":"category-30","8":"category-ultimas","9":"tag-cielos-de-madrid","10":"tag-turismo-aereo"},"yoast_head":"<!-- This site is optimized with the Yoast SEO plugin v25.1 - https:\/\/yoast.com\/wordpress\/plugins\/seo\/ -->\n<title>Taylor Swift y Karol G. disparan el turismo a\u00e9reo en el cielo de Madrid<\/title>\n<meta name=\"description\" content=\"El atractivo internacional de Taylor Swift atrae a fans desde lugares remotos como Estados Unidos hacia la capital, mientras que Karol G. parece tener un impacto m\u00e1s local.\" \/>\n<meta name=\"robots\" content=\"index, follow, max-snippet:-1, max-image-preview:large, max-video-preview:-1\" \/>\n<link rel=\"canonical\" href=\"https:\/\/aeronoticias.com.pe\/noticiero\/ultimas\/1\/taylor-swift-y-karol-g-disparan-el-turismo-aereo-en-el-cielo-de-madrid\/\" \/>\n<meta property=\"og:locale\" content=\"es_ES\" \/>\n<meta property=\"og:type\" content=\"article\" \/>\n<meta property=\"og:title\" content=\"Taylor Swift y Karol G. disparan el turismo a\u00e9reo en el cielo de Madrid\" \/>\n<meta property=\"og:description\" content=\"El atractivo internacional de Taylor Swift atrae a fans desde lugares remotos como Estados Unidos hacia la capital, mientras que Karol G. parece tener un impacto m\u00e1s local.\" \/>\n<meta property=\"og:url\" content=\"https:\/\/aeronoticias.com.pe\/noticiero\/ultimas\/1\/taylor-swift-y-karol-g-disparan-el-turismo-aereo-en-el-cielo-de-madrid\/\" \/>\n<meta property=\"og:site_name\" content=\"Aeronoticias.com.pe\" \/>\n<meta property=\"article:publisher\" content=\"https:\/\/www.facebook.com\/Aeronoticias.com.pe\/\" \/>\n<meta property=\"article:published_time\" content=\"2024-05-28T15:49:54+00:00\" \/>\n<meta property=\"article:modified_time\" content=\"2024-05-28T15:50:00+00:00\" \/>\n<meta property=\"og:image\" content=\"https:\/\/aeronoticias.com.pe\/noticiero\/wp-content\/uploads\/2024\/05\/taylor.jpg\" \/>\n\t<meta property=\"og:image:width\" content=\"1068\" \/>\n\t<meta property=\"og:image:height\" content=\"907\" \/>\n\t<meta property=\"og:image:type\" content=\"image\/jpeg\" \/>\n<meta name=\"author\" content=\"Redacci\u00f3n\" \/>\n<meta name=\"twitter:card\" content=\"summary_large_image\" \/>\n<meta name=\"twitter:creator\" content=\"@aeronoticias\" \/>\n<meta name=\"twitter:site\" content=\"@aeronoticias\" \/>\n<meta name=\"twitter:label1\" content=\"Escrito por\" \/>\n\t<meta name=\"twitter:data1\" content=\"Redacci\u00f3n\" \/>\n\t<meta name=\"twitter:label2\" content=\"Tiempo de lectura\" \/>\n\t<meta name=\"twitter:data2\" content=\"6 minutos\" \/>\n<script type=\"application\/ld+json\" class=\"yoast-schema-graph\">{\"@context\":\"https:\/\/schema.org\",\"@graph\":[{\"@type\":\"WebPage\",\"@id\":\"https:\/\/aeronoticias.com.pe\/noticiero\/ultimas\/1\/taylor-swift-y-karol-g-disparan-el-turismo-aereo-en-el-cielo-de-madrid\/\",\"url\":\"https:\/\/aeronoticias.com.pe\/noticiero\/ultimas\/1\/taylor-swift-y-karol-g-disparan-el-turismo-aereo-en-el-cielo-de-madrid\/\",\"name\":\"Taylor Swift y Karol G. disparan el turismo a\u00e9reo en el cielo de Madrid\",\"isPartOf\":{\"@id\":\"https:\/\/aeronoticias.com.pe\/noticiero\/#website\"},\"primaryImageOfPage\":{\"@id\":\"https:\/\/aeronoticias.com.pe\/noticiero\/ultimas\/1\/taylor-swift-y-karol-g-disparan-el-turismo-aereo-en-el-cielo-de-madrid\/#primaryimage\"},\"image\":{\"@id\":\"https:\/\/aeronoticias.com.pe\/noticiero\/ultimas\/1\/taylor-swift-y-karol-g-disparan-el-turismo-aereo-en-el-cielo-de-madrid\/#primaryimage\"},\"thumbnailUrl\":\"https:\/\/aeronoticias.com.pe\/noticiero\/wp-content\/uploads\/2024\/05\/taylor.jpg\",\"datePublished\":\"2024-05-28T15:49:54+00:00\",\"dateModified\":\"2024-05-28T15:50:00+00:00\",\"author\":{\"@id\":\"https:\/\/aeronoticias.com.pe\/noticiero\/#\/schema\/person\/16212a617c73f78916b13194154243bd\"},\"description\":\"El atractivo internacional de Taylor Swift atrae a fans desde lugares remotos como Estados Unidos hacia la capital, mientras que Karol G. parece tener un impacto m\u00e1s local.\",\"breadcrumb\":{\"@id\":\"https:\/\/aeronoticias.com.pe\/noticiero\/ultimas\/1\/taylor-swift-y-karol-g-disparan-el-turismo-aereo-en-el-cielo-de-madrid\/#breadcrumb\"},\"inLanguage\":\"es\",\"potentialAction\":[{\"@type\":\"ReadAction\",\"target\":[\"https:\/\/aeronoticias.com.pe\/noticiero\/ultimas\/1\/taylor-swift-y-karol-g-disparan-el-turismo-aereo-en-el-cielo-de-madrid\/\"]}]},{\"@type\":\"ImageObject\",\"inLanguage\":\"es\",\"@id\":\"https:\/\/aeronoticias.com.pe\/noticiero\/ultimas\/1\/taylor-swift-y-karol-g-disparan-el-turismo-aereo-en-el-cielo-de-madrid\/#primaryimage\",\"url\":\"https:\/\/aeronoticias.com.pe\/noticiero\/wp-content\/uploads\/2024\/05\/taylor.jpg\",\"contentUrl\":\"https:\/\/aeronoticias.com.pe\/noticiero\/wp-content\/uploads\/2024\/05\/taylor.jpg\",\"width\":1068,\"height\":907},{\"@type\":\"BreadcrumbList\",\"@id\":\"https:\/\/aeronoticias.com.pe\/noticiero\/ultimas\/1\/taylor-swift-y-karol-g-disparan-el-turismo-aereo-en-el-cielo-de-madrid\/#breadcrumb\",\"itemListElement\":[{\"@type\":\"ListItem\",\"position\":1,\"name\":\"Portada\",\"item\":\"https:\/\/aeronoticias.com.pe\/noticiero\/\"},{\"@type\":\"ListItem\",\"position\":2,\"name\":\"Taylor Swift y Karol G. disparan el turismo a\u00e9reo en el cielo de Madrid\"}]},{\"@type\":\"WebSite\",\"@id\":\"https:\/\/aeronoticias.com.pe\/noticiero\/#website\",\"url\":\"https:\/\/aeronoticias.com.pe\/noticiero\/\",\"name\":\"Aeronoticias.com.pe\",\"description\":\"Noticias de tranporte aereo, turismo, hoteles, gastronomia, actualidad, internacional\",\"potentialAction\":[{\"@type\":\"SearchAction\",\"target\":{\"@type\":\"EntryPoint\",\"urlTemplate\":\"https:\/\/aeronoticias.com.pe\/noticiero\/?s={search_term_string}\"},\"query-input\":{\"@type\":\"PropertyValueSpecification\",\"valueRequired\":true,\"valueName\":\"search_term_string\"}}],\"inLanguage\":\"es\"},{\"@type\":\"Person\",\"@id\":\"https:\/\/aeronoticias.com.pe\/noticiero\/#\/schema\/person\/16212a617c73f78916b13194154243bd\",\"name\":\"Redacci\u00f3n\",\"sameAs\":[\"http:\/\/Redacci\u00f3n\"],\"url\":\"https:\/\/aeronoticias.com.pe\/noticiero\/author\/celeste\/\"}]}<\/script>\n<!-- \/ Yoast SEO plugin. -->","yoast_head_json":{"title":"Taylor Swift y Karol G. disparan el turismo a\u00e9reo en el cielo de Madrid","description":"El atractivo internacional de Taylor Swift atrae a fans desde lugares remotos como Estados Unidos hacia la capital, mientras que Karol G. parece tener un impacto m\u00e1s local.","robots":{"index":"index","follow":"follow","max-snippet":"max-snippet:-1","max-image-preview":"max-image-preview:large","max-video-preview":"max-video-preview:-1"},"canonical":"https:\/\/aeronoticias.com.pe\/noticiero\/ultimas\/1\/taylor-swift-y-karol-g-disparan-el-turismo-aereo-en-el-cielo-de-madrid\/","og_locale":"es_ES","og_type":"article","og_title":"Taylor Swift y Karol G. disparan el turismo a\u00e9reo en el cielo de Madrid","og_description":"El atractivo internacional de Taylor Swift atrae a fans desde lugares remotos como Estados Unidos hacia la capital, mientras que Karol G. parece tener un impacto m\u00e1s local.","og_url":"https:\/\/aeronoticias.com.pe\/noticiero\/ultimas\/1\/taylor-swift-y-karol-g-disparan-el-turismo-aereo-en-el-cielo-de-madrid\/","og_site_name":"Aeronoticias.com.pe","article_publisher":"https:\/\/www.facebook.com\/Aeronoticias.com.pe\/","article_published_time":"2024-05-28T15:49:54+00:00","article_modified_time":"2024-05-28T15:50:00+00:00","og_image":[{"width":1068,"height":907,"url":"https:\/\/aeronoticias.com.pe\/noticiero\/wp-content\/uploads\/2024\/05\/taylor.jpg","type":"image\/jpeg"}],"author":"Redacci\u00f3n","twitter_card":"summary_large_image","twitter_creator":"@aeronoticias","twitter_site":"@aeronoticias","twitter_misc":{"Escrito por":"Redacci\u00f3n","Tiempo de lectura":"6 minutos"},"schema":{"@context":"https:\/\/schema.org","@graph":[{"@type":"WebPage","@id":"https:\/\/aeronoticias.com.pe\/noticiero\/ultimas\/1\/taylor-swift-y-karol-g-disparan-el-turismo-aereo-en-el-cielo-de-madrid\/","url":"https:\/\/aeronoticias.com.pe\/noticiero\/ultimas\/1\/taylor-swift-y-karol-g-disparan-el-turismo-aereo-en-el-cielo-de-madrid\/","name":"Taylor Swift y Karol G. disparan el turismo a\u00e9reo en el cielo de Madrid","isPartOf":{"@id":"https:\/\/aeronoticias.com.pe\/noticiero\/#website"},"primaryImageOfPage":{"@id":"https:\/\/aeronoticias.com.pe\/noticiero\/ultimas\/1\/taylor-swift-y-karol-g-disparan-el-turismo-aereo-en-el-cielo-de-madrid\/#primaryimage"},"image":{"@id":"https:\/\/aeronoticias.com.pe\/noticiero\/ultimas\/1\/taylor-swift-y-karol-g-disparan-el-turismo-aereo-en-el-cielo-de-madrid\/#primaryimage"},"thumbnailUrl":"https:\/\/aeronoticias.com.pe\/noticiero\/wp-content\/uploads\/2024\/05\/taylor.jpg","datePublished":"2024-05-28T15:49:54+00:00","dateModified":"2024-05-28T15:50:00+00:00","author":{"@id":"https:\/\/aeronoticias.com.pe\/noticiero\/#\/schema\/person\/16212a617c73f78916b13194154243bd"},"description":"El atractivo internacional de Taylor Swift atrae a fans desde lugares remotos como Estados Unidos hacia la capital, mientras que Karol G. parece tener un impacto m\u00e1s local.","breadcrumb":{"@id":"https:\/\/aeronoticias.com.pe\/noticiero\/ultimas\/1\/taylor-swift-y-karol-g-disparan-el-turismo-aereo-en-el-cielo-de-madrid\/#breadcrumb"},"inLanguage":"es","potentialAction":[{"@type":"ReadAction","target":["https:\/\/aeronoticias.com.pe\/noticiero\/ultimas\/1\/taylor-swift-y-karol-g-disparan-el-turismo-aereo-en-el-cielo-de-madrid\/"]}]},{"@type":"ImageObject","inLanguage":"es","@id":"https:\/\/aeronoticias.com.pe\/noticiero\/ultimas\/1\/taylor-swift-y-karol-g-disparan-el-turismo-aereo-en-el-cielo-de-madrid\/#primaryimage","url":"https:\/\/aeronoticias.com.pe\/noticiero\/wp-content\/uploads\/2024\/05\/taylor.jpg","contentUrl":"https:\/\/aeronoticias.com.pe\/noticiero\/wp-content\/uploads\/2024\/05\/taylor.jpg","width":1068,"height":907},{"@type":"BreadcrumbList","@id":"https:\/\/aeronoticias.com.pe\/noticiero\/ultimas\/1\/taylor-swift-y-karol-g-disparan-el-turismo-aereo-en-el-cielo-de-madrid\/#breadcrumb","itemListElement":[{"@type":"ListItem","position":1,"name":"Portada","item":"https:\/\/aeronoticias.com.pe\/noticiero\/"},{"@type":"ListItem","position":2,"name":"Taylor Swift y Karol G. disparan el turismo a\u00e9reo en el cielo de Madrid"}]},{"@type":"WebSite","@id":"https:\/\/aeronoticias.com.pe\/noticiero\/#website","url":"https:\/\/aeronoticias.com.pe\/noticiero\/","name":"Aeronoticias.com.pe","description":"Noticias de tranporte aereo, turismo, hoteles, gastronomia, actualidad, internacional","potentialAction":[{"@type":"SearchAction","target":{"@type":"EntryPoint","urlTemplate":"https:\/\/aeronoticias.com.pe\/noticiero\/?s={search_term_string}"},"query-input":{"@type":"PropertyValueSpecification","valueRequired":true,"valueName":"search_term_string"}}],"inLanguage":"es"},{"@type":"Person","@id":"https:\/\/aeronoticias.com.pe\/noticiero\/#\/schema\/person\/16212a617c73f78916b13194154243bd","name":"Redacci\u00f3n","sameAs":["http:\/\/Redacci\u00f3n"],"url":"https:\/\/aeronoticias.com.pe\/noticiero\/author\/celeste\/"}]}},"_links":{"self":[{"href":"https:\/\/aeronoticias.com.pe\/noticiero\/wp-json\/wp\/v2\/posts\/90304","targetHints":{"allow":["GET"]}}],"collection":[{"href":"https:\/\/aeronoticias.com.pe\/noticiero\/wp-json\/wp\/v2\/posts"}],"about":[{"href":"https:\/\/aeronoticias.com.pe\/noticiero\/wp-json\/wp\/v2\/types\/post"}],"author":[{"embeddable":true,"href":"https:\/\/aeronoticias.com.pe\/noticiero\/wp-json\/wp\/v2\/users\/3"}],"replies":[{"embeddable":true,"href":"https:\/\/aeronoticias.com.pe\/noticiero\/wp-json\/wp\/v2\/comments?post=90304"}],"version-history":[{"count":0,"href":"https:\/\/aeronoticias.com.pe\/noticiero\/wp-json\/wp\/v2\/posts\/90304\/revisions"}],"wp:featuredmedia":[{"embeddable":true,"href":"https:\/\/aeronoticias.com.pe\/noticiero\/wp-json\/wp\/v2\/media\/90305"}],"wp:attachment":[{"href":"https:\/\/aeronoticias.com.pe\/noticiero\/wp-json\/wp\/v2\/media?parent=90304"}],"wp:term":[{"taxonomy":"category","embeddable":true,"href":"https:\/\/aeronoticias.com.pe\/noticiero\/wp-json\/wp\/v2\/categories?post=90304"},{"taxonomy":"post_tag","embeddable":true,"href":"https:\/\/aeronoticias.com.pe\/noticiero\/wp-json\/wp\/v2\/tags?post=90304"}],"curies":[{"name":"wp","href":"https:\/\/api.w.org\/{rel}","templated":true}]}}