{"id":90307,"date":"2024-05-28T10:55:42","date_gmt":"2024-05-28T15:55:42","guid":{"rendered":"https:\/\/aeronoticias.com.pe\/noticiero\/?p=90307"},"modified":"2024-05-28T10:55:46","modified_gmt":"2024-05-28T15:55:46","slug":"qatar-executive-recibe-los-dos-primeros-aviones-gulfstream-g700-del-mundo","status":"publish","type":"post","link":"https:\/\/aeronoticias.com.pe\/noticiero\/transporte-aereo\/qatar-executive-recibe-los-dos-primeros-aviones-gulfstream-g700-del-mundo\/","title":{"rendered":"Qatar Executive recibe los dos primeros aviones Gulfstream G700 del mundo"},"content":{"rendered":"\n<p><strong>(Aeronoticias)<\/strong>: <strong>Qatar Executive<\/strong>, la filial de aviones corporativos del Grupo Qatar Airways, ha dado la bienvenida oficial a dos nuevos aeronaves Gulfstream G700 a la flota, convirti\u00e9ndose en el primer operador a nivel mundial del modelo.<\/p>\n\n\n\n<p>Qatar Executive es la primera compa\u00f1\u00eda a\u00e9rea que ofrece el Gulfstream G700 a los clientes de vuelos ch\u00e1rter, con lo que sigue proporcionando una flota ultramoderna con lo \u00faltimo en capacidades, lujo y rendimiento de aeronaves.<ins><\/ins><\/p>\n\n\n\n<p>\u00abHoy damos la bienvenida a la flota de Qatar Executive al avi\u00f3n de negocios de ultralargo alcance de mayores prestaciones del sector, el Gulfstream G700\u00bb, dijo el Consejero Delegado del Grupo Qatar Airways, Badr Mohammed Al-Meer.<\/p>\n\n\n\n<p>\u00abEstamos orgullosos de mejorar nuestra flota existente de 15 aviones Gulfstream G650ER para incluir el pin\u00e1culo de la excelencia de la aviaci\u00f3n de negocios y esperamos ver pronto a nuestros clientes a bordo para experimentar este avi\u00f3n tecnol\u00f3gicamente avanzado.\u00bb<\/p>\n\n\n\n<p><strong><em>\u2192&nbsp;<a href=\"https:\/\/aviacionaldia.com\/2024\/02\/qatar-airways-anuncia-la-reanudacion-de-sus-vuelos-a-lisboa-portugal.html\">Qatar Airways anuncia la reanudaci\u00f3n de sus vuelos a Lisboa, Portugal<\/a><\/em><\/strong><\/p>\n\n\n\n<p>El Presidente de Gulfstream, Mark Burns, ha declarado: \u00abQatar Executive es un valioso cliente de Gulfstream desde hace casi 10 a\u00f1os. Nos sentimos honrados de contar con ellos como socio internacional para el lanzamiento y las primeras entregas del nuevo G700. Esperamos hacer crecer su flota en los pr\u00f3ximos meses\u00bb.<\/p>\n\n\n\n<p>El G700 representa el futuro de los viajes a\u00e9reos privados, ofreciendo una experiencia de vuelo superior con un dise\u00f1o, tecnolog\u00eda, confort y estilo sin igual. La aeronave ofrece una cabina de pasajeros excepcionalmente espaciosa que consta de cuatro zonas de estar individuales, incluido un habitaci\u00f3n privada en la parte trasera con una cama fija permanente.<ins><\/ins><\/p>\n\n\n\n<p>Las cabinas a medida se han dise\u00f1ado y fabricado meticulosamente para satisfacer los est\u00e1ndares de los clientes m\u00e1s exigentes de Qatar Executive. La experiencia del pasajero se ha mejorado con un revolucionario sistema de iluminaci\u00f3n, la presi\u00f3n de cabina m\u00e1s baja del sector e iluminaci\u00f3n natural a trav\u00e9s de 20 ventanas.<\/p>\n\n\n\n<p>El G700 tambi\u00e9n da prioridad a la comodidad de los pasajeros con una cabina silenciosa, junto con una reposici\u00f3n del 100% del aire fresco cada dos o tres minutos, y un sistema de ionizaci\u00f3n del aire de la cabina, que proporciona la mayor calidad de aire posible hasta la fecha en un avi\u00f3n de negocios.<\/p>\n\n\n\n<p>Qatar Executive espera la entrega de otros ocho G700 en un futuro pr\u00f3ximo, con dos aviones ya recibidos y otros dos que llegar\u00e1n en unas semanas. La nueva flota de G700 entrar\u00e1 plenamente en servicio comercial en junio.<\/p>\n\n\n\n<p><em><strong>Fuente: aviacionaldia.com<\/strong><\/em><\/p>\n","protected":false},"excerpt":{"rendered":"<p>(Aeronoticias): Qatar Executive, la filial de aviones corporativos del Grupo Qatar Airways, ha dado la bienvenida oficial a dos nuevos aeronaves Gulfstream G700 a la flota, convirti\u00e9ndose en el primer operador a nivel mundial del modelo. Qatar Executive es la primera compa\u00f1\u00eda a\u00e9rea que ofrece el Gulfstream G700 a los clientes de vuelos ch\u00e1rter, con [&hellip;]<\/p>\n","protected":false},"author":3,"featured_media":90308,"comment_status":"open","ping_status":"open","sticky":false,"template":"","format":"standard","meta":{"tdm_status":"","tdm_grid_status":"","footnotes":""},"categories":[32,11],"tags":[5181,2086,5182],"class_list":{"0":"post-90307","1":"post","2":"type-post","3":"status-publish","4":"format-standard","5":"has-post-thumbnail","7":"category-internacional","8":"category-transporte-aereo","9":"tag-aviones-gulfstream-g700","10":"tag-qatar-executive","11":"tag-viajes-aereos-privados"},"yoast_head":"<!-- This site is optimized with the Yoast SEO plugin v25.1 - https:\/\/yoast.com\/wordpress\/plugins\/seo\/ -->\n<title>Qatar Executive recibe los dos primeros aviones Gulfstream G700 del mundo<\/title>\n<meta name=\"description\" content=\"Portal de noticias del Per\u00fa sobre el transporte a\u00e9reo, aviaci\u00f3n, turismo, hoteleria, actualidad.\" \/>\n<meta name=\"robots\" content=\"index, follow, max-snippet:-1, max-image-preview:large, max-video-preview:-1\" \/>\n<link rel=\"canonical\" href=\"https:\/\/aeronoticias.com.pe\/noticiero\/transporte-aereo\/qatar-executive-recibe-los-dos-primeros-aviones-gulfstream-g700-del-mundo\/\" \/>\n<meta property=\"og:locale\" content=\"es_ES\" \/>\n<meta property=\"og:type\" content=\"article\" \/>\n<meta property=\"og:title\" content=\"Qatar Executive recibe los dos primeros aviones Gulfstream G700 del mundo\" \/>\n<meta property=\"og:description\" content=\"Portal de noticias del Per\u00fa sobre el transporte a\u00e9reo, aviaci\u00f3n, turismo, hoteleria, actualidad.\" \/>\n<meta property=\"og:url\" content=\"https:\/\/aeronoticias.com.pe\/noticiero\/transporte-aereo\/qatar-executive-recibe-los-dos-primeros-aviones-gulfstream-g700-del-mundo\/\" \/>\n<meta property=\"og:site_name\" content=\"Aeronoticias.com.pe\" \/>\n<meta property=\"article:publisher\" content=\"https:\/\/www.facebook.com\/Aeronoticias.com.pe\/\" \/>\n<meta property=\"article:published_time\" content=\"2024-05-28T15:55:42+00:00\" \/>\n<meta property=\"article:modified_time\" content=\"2024-05-28T15:55:46+00:00\" \/>\n<meta property=\"og:image\" content=\"https:\/\/aeronoticias.com.pe\/noticiero\/wp-content\/uploads\/2024\/05\/qatar.jpg\" \/>\n\t<meta property=\"og:image:width\" content=\"800\" \/>\n\t<meta property=\"og:image:height\" content=\"400\" \/>\n\t<meta property=\"og:image:type\" content=\"image\/jpeg\" \/>\n<meta name=\"author\" content=\"Redacci\u00f3n\" \/>\n<meta name=\"twitter:card\" content=\"summary_large_image\" \/>\n<meta name=\"twitter:creator\" content=\"@aeronoticias\" \/>\n<meta name=\"twitter:site\" content=\"@aeronoticias\" \/>\n<meta name=\"twitter:label1\" content=\"Escrito por\" \/>\n\t<meta name=\"twitter:data1\" content=\"Redacci\u00f3n\" \/>\n\t<meta name=\"twitter:label2\" content=\"Tiempo de lectura\" \/>\n\t<meta name=\"twitter:data2\" content=\"2 minutos\" \/>\n<script type=\"application\/ld+json\" class=\"yoast-schema-graph\">{\"@context\":\"https:\/\/schema.org\",\"@graph\":[{\"@type\":\"WebPage\",\"@id\":\"https:\/\/aeronoticias.com.pe\/noticiero\/transporte-aereo\/qatar-executive-recibe-los-dos-primeros-aviones-gulfstream-g700-del-mundo\/\",\"url\":\"https:\/\/aeronoticias.com.pe\/noticiero\/transporte-aereo\/qatar-executive-recibe-los-dos-primeros-aviones-gulfstream-g700-del-mundo\/\",\"name\":\"Qatar Executive recibe los dos primeros aviones Gulfstream G700 del mundo\",\"isPartOf\":{\"@id\":\"https:\/\/aeronoticias.com.pe\/noticiero\/#website\"},\"primaryImageOfPage\":{\"@id\":\"https:\/\/aeronoticias.com.pe\/noticiero\/transporte-aereo\/qatar-executive-recibe-los-dos-primeros-aviones-gulfstream-g700-del-mundo\/#primaryimage\"},\"image\":{\"@id\":\"https:\/\/aeronoticias.com.pe\/noticiero\/transporte-aereo\/qatar-executive-recibe-los-dos-primeros-aviones-gulfstream-g700-del-mundo\/#primaryimage\"},\"thumbnailUrl\":\"https:\/\/aeronoticias.com.pe\/noticiero\/wp-content\/uploads\/2024\/05\/qatar.jpg\",\"datePublished\":\"2024-05-28T15:55:42+00:00\",\"dateModified\":\"2024-05-28T15:55:46+00:00\",\"author\":{\"@id\":\"https:\/\/aeronoticias.com.pe\/noticiero\/#\/schema\/person\/16212a617c73f78916b13194154243bd\"},\"description\":\"Portal de noticias del Per\u00fa sobre el transporte a\u00e9reo, aviaci\u00f3n, turismo, hoteleria, actualidad.\",\"breadcrumb\":{\"@id\":\"https:\/\/aeronoticias.com.pe\/noticiero\/transporte-aereo\/qatar-executive-recibe-los-dos-primeros-aviones-gulfstream-g700-del-mundo\/#breadcrumb\"},\"inLanguage\":\"es\",\"potentialAction\":[{\"@type\":\"ReadAction\",\"target\":[\"https:\/\/aeronoticias.com.pe\/noticiero\/transporte-aereo\/qatar-executive-recibe-los-dos-primeros-aviones-gulfstream-g700-del-mundo\/\"]}]},{\"@type\":\"ImageObject\",\"inLanguage\":\"es\",\"@id\":\"https:\/\/aeronoticias.com.pe\/noticiero\/transporte-aereo\/qatar-executive-recibe-los-dos-primeros-aviones-gulfstream-g700-del-mundo\/#primaryimage\",\"url\":\"https:\/\/aeronoticias.com.pe\/noticiero\/wp-content\/uploads\/2024\/05\/qatar.jpg\",\"contentUrl\":\"https:\/\/aeronoticias.com.pe\/noticiero\/wp-content\/uploads\/2024\/05\/qatar.jpg\",\"width\":800,\"height\":400},{\"@type\":\"BreadcrumbList\",\"@id\":\"https:\/\/aeronoticias.com.pe\/noticiero\/transporte-aereo\/qatar-executive-recibe-los-dos-primeros-aviones-gulfstream-g700-del-mundo\/#breadcrumb\",\"itemListElement\":[{\"@type\":\"ListItem\",\"position\":1,\"name\":\"Portada\",\"item\":\"https:\/\/aeronoticias.com.pe\/noticiero\/\"},{\"@type\":\"ListItem\",\"position\":2,\"name\":\"Qatar Executive recibe los dos primeros aviones Gulfstream G700 del mundo\"}]},{\"@type\":\"WebSite\",\"@id\":\"https:\/\/aeronoticias.com.pe\/noticiero\/#website\",\"url\":\"https:\/\/aeronoticias.com.pe\/noticiero\/\",\"name\":\"Aeronoticias.com.pe\",\"description\":\"Noticias de tranporte aereo, turismo, hoteles, gastronomia, actualidad, internacional\",\"potentialAction\":[{\"@type\":\"SearchAction\",\"target\":{\"@type\":\"EntryPoint\",\"urlTemplate\":\"https:\/\/aeronoticias.com.pe\/noticiero\/?s={search_term_string}\"},\"query-input\":{\"@type\":\"PropertyValueSpecification\",\"valueRequired\":true,\"valueName\":\"search_term_string\"}}],\"inLanguage\":\"es\"},{\"@type\":\"Person\",\"@id\":\"https:\/\/aeronoticias.com.pe\/noticiero\/#\/schema\/person\/16212a617c73f78916b13194154243bd\",\"name\":\"Redacci\u00f3n\",\"sameAs\":[\"http:\/\/Redacci\u00f3n\"],\"url\":\"https:\/\/aeronoticias.com.pe\/noticiero\/author\/celeste\/\"}]}<\/script>\n<!-- \/ Yoast SEO plugin. -->","yoast_head_json":{"title":"Qatar Executive recibe los dos primeros aviones Gulfstream G700 del mundo","description":"Portal de noticias del Per\u00fa sobre el transporte a\u00e9reo, aviaci\u00f3n, turismo, hoteleria, actualidad.","robots":{"index":"index","follow":"follow","max-snippet":"max-snippet:-1","max-image-preview":"max-image-preview:large","max-video-preview":"max-video-preview:-1"},"canonical":"https:\/\/aeronoticias.com.pe\/noticiero\/transporte-aereo\/qatar-executive-recibe-los-dos-primeros-aviones-gulfstream-g700-del-mundo\/","og_locale":"es_ES","og_type":"article","og_title":"Qatar Executive recibe los dos primeros aviones Gulfstream G700 del mundo","og_description":"Portal de noticias del Per\u00fa sobre el transporte a\u00e9reo, aviaci\u00f3n, turismo, hoteleria, actualidad.","og_url":"https:\/\/aeronoticias.com.pe\/noticiero\/transporte-aereo\/qatar-executive-recibe-los-dos-primeros-aviones-gulfstream-g700-del-mundo\/","og_site_name":"Aeronoticias.com.pe","article_publisher":"https:\/\/www.facebook.com\/Aeronoticias.com.pe\/","article_published_time":"2024-05-28T15:55:42+00:00","article_modified_time":"2024-05-28T15:55:46+00:00","og_image":[{"width":800,"height":400,"url":"https:\/\/aeronoticias.com.pe\/noticiero\/wp-content\/uploads\/2024\/05\/qatar.jpg","type":"image\/jpeg"}],"author":"Redacci\u00f3n","twitter_card":"summary_large_image","twitter_creator":"@aeronoticias","twitter_site":"@aeronoticias","twitter_misc":{"Escrito por":"Redacci\u00f3n","Tiempo de lectura":"2 minutos"},"schema":{"@context":"https:\/\/schema.org","@graph":[{"@type":"WebPage","@id":"https:\/\/aeronoticias.com.pe\/noticiero\/transporte-aereo\/qatar-executive-recibe-los-dos-primeros-aviones-gulfstream-g700-del-mundo\/","url":"https:\/\/aeronoticias.com.pe\/noticiero\/transporte-aereo\/qatar-executive-recibe-los-dos-primeros-aviones-gulfstream-g700-del-mundo\/","name":"Qatar Executive recibe los dos primeros aviones Gulfstream G700 del mundo","isPartOf":{"@id":"https:\/\/aeronoticias.com.pe\/noticiero\/#website"},"primaryImageOfPage":{"@id":"https:\/\/aeronoticias.com.pe\/noticiero\/transporte-aereo\/qatar-executive-recibe-los-dos-primeros-aviones-gulfstream-g700-del-mundo\/#primaryimage"},"image":{"@id":"https:\/\/aeronoticias.com.pe\/noticiero\/transporte-aereo\/qatar-executive-recibe-los-dos-primeros-aviones-gulfstream-g700-del-mundo\/#primaryimage"},"thumbnailUrl":"https:\/\/aeronoticias.com.pe\/noticiero\/wp-content\/uploads\/2024\/05\/qatar.jpg","datePublished":"2024-05-28T15:55:42+00:00","dateModified":"2024-05-28T15:55:46+00:00","author":{"@id":"https:\/\/aeronoticias.com.pe\/noticiero\/#\/schema\/person\/16212a617c73f78916b13194154243bd"},"description":"Portal de noticias del Per\u00fa sobre el transporte a\u00e9reo, aviaci\u00f3n, turismo, hoteleria, actualidad.","breadcrumb":{"@id":"https:\/\/aeronoticias.com.pe\/noticiero\/transporte-aereo\/qatar-executive-recibe-los-dos-primeros-aviones-gulfstream-g700-del-mundo\/#breadcrumb"},"inLanguage":"es","potentialAction":[{"@type":"ReadAction","target":["https:\/\/aeronoticias.com.pe\/noticiero\/transporte-aereo\/qatar-executive-recibe-los-dos-primeros-aviones-gulfstream-g700-del-mundo\/"]}]},{"@type":"ImageObject","inLanguage":"es","@id":"https:\/\/aeronoticias.com.pe\/noticiero\/transporte-aereo\/qatar-executive-recibe-los-dos-primeros-aviones-gulfstream-g700-del-mundo\/#primaryimage","url":"https:\/\/aeronoticias.com.pe\/noticiero\/wp-content\/uploads\/2024\/05\/qatar.jpg","contentUrl":"https:\/\/aeronoticias.com.pe\/noticiero\/wp-content\/uploads\/2024\/05\/qatar.jpg","width":800,"height":400},{"@type":"BreadcrumbList","@id":"https:\/\/aeronoticias.com.pe\/noticiero\/transporte-aereo\/qatar-executive-recibe-los-dos-primeros-aviones-gulfstream-g700-del-mundo\/#breadcrumb","itemListElement":[{"@type":"ListItem","position":1,"name":"Portada","item":"https:\/\/aeronoticias.com.pe\/noticiero\/"},{"@type":"ListItem","position":2,"name":"Qatar Executive recibe los dos primeros aviones Gulfstream G700 del mundo"}]},{"@type":"WebSite","@id":"https:\/\/aeronoticias.com.pe\/noticiero\/#website","url":"https:\/\/aeronoticias.com.pe\/noticiero\/","name":"Aeronoticias.com.pe","description":"Noticias de tranporte aereo, turismo, hoteles, gastronomia, actualidad, internacional","potentialAction":[{"@type":"SearchAction","target":{"@type":"EntryPoint","urlTemplate":"https:\/\/aeronoticias.com.pe\/noticiero\/?s={search_term_string}"},"query-input":{"@type":"PropertyValueSpecification","valueRequired":true,"valueName":"search_term_string"}}],"inLanguage":"es"},{"@type":"Person","@id":"https:\/\/aeronoticias.com.pe\/noticiero\/#\/schema\/person\/16212a617c73f78916b13194154243bd","name":"Redacci\u00f3n","sameAs":["http:\/\/Redacci\u00f3n"],"url":"https:\/\/aeronoticias.com.pe\/noticiero\/author\/celeste\/"}]}},"_links":{"self":[{"href":"https:\/\/aeronoticias.com.pe\/noticiero\/wp-json\/wp\/v2\/posts\/90307","targetHints":{"allow":["GET"]}}],"collection":[{"href":"https:\/\/aeronoticias.com.pe\/noticiero\/wp-json\/wp\/v2\/posts"}],"about":[{"href":"https:\/\/aeronoticias.com.pe\/noticiero\/wp-json\/wp\/v2\/types\/post"}],"author":[{"embeddable":true,"href":"https:\/\/aeronoticias.com.pe\/noticiero\/wp-json\/wp\/v2\/users\/3"}],"replies":[{"embeddable":true,"href":"https:\/\/aeronoticias.com.pe\/noticiero\/wp-json\/wp\/v2\/comments?post=90307"}],"version-history":[{"count":0,"href":"https:\/\/aeronoticias.com.pe\/noticiero\/wp-json\/wp\/v2\/posts\/90307\/revisions"}],"wp:featuredmedia":[{"embeddable":true,"href":"https:\/\/aeronoticias.com.pe\/noticiero\/wp-json\/wp\/v2\/media\/90308"}],"wp:attachment":[{"href":"https:\/\/aeronoticias.com.pe\/noticiero\/wp-json\/wp\/v2\/media?parent=90307"}],"wp:term":[{"taxonomy":"category","embeddable":true,"href":"https:\/\/aeronoticias.com.pe\/noticiero\/wp-json\/wp\/v2\/categories?post=90307"},{"taxonomy":"post_tag","embeddable":true,"href":"https:\/\/aeronoticias.com.pe\/noticiero\/wp-json\/wp\/v2\/tags?post=90307"}],"curies":[{"name":"wp","href":"https:\/\/api.w.org\/{rel}","templated":true}]}}