{"id":90313,"date":"2024-05-29T09:29:50","date_gmt":"2024-05-29T14:29:50","guid":{"rendered":"https:\/\/aeronoticias.com.pe\/noticiero\/?p=90313"},"modified":"2024-05-29T09:29:54","modified_gmt":"2024-05-29T14:29:54","slug":"aena-construira-una-nueva-calle-de-rodaje-en-el-aeropuerto-de-alicante","status":"publish","type":"post","link":"https:\/\/aeronoticias.com.pe\/noticiero\/transporte-aereo\/aena-construira-una-nueva-calle-de-rodaje-en-el-aeropuerto-de-alicante\/","title":{"rendered":"Aena construir\u00e1 una nueva calle de rodaje en el aeropuerto de Alicante"},"content":{"rendered":"\n<p><strong>(Aeronoticias)<\/strong>: <em><strong>Aviaci\u00f3n Digital, Sp. \u2013\u00a0<\/strong>La petici\u00f3n de la Comunidad Valenciana de construir\u00a0<a href=\"https:\/\/aviaciondigital.com\/aena-licitara-la-ampliacion-de-los-aeropuertos-de-alicante-y-valencia-a-finales-de-ano-y-la-generalitat-mete-prisa\/\">una segunda pista en el aeropuerto de Alicante-Elche Miguel Hern\u00e1ndez<\/a>\u00a0ha sido finalmente escuchada por Aena.\u00a0<strong>El gestor aeroportuario ha lanzado la licitaci\u00f3n del proyecto por 17.475.864 euros.<\/strong><\/em><\/p>\n\n\n\n<p>Este importe incluye tambi\u00e9n otras actuaciones de mejora y actualizaci\u00f3n en las instalaciones del aeropuerto.<strong>&nbsp;El plazo de ejecuci\u00f3n es de 2 a\u00f1os y 3 meses<\/strong>&nbsp;con el fin de no interferir en la operativa del aeropuerto. El objetivo es una gesti\u00f3n m\u00e1s eficiente del campo de vuelo.<\/p>\n\n\n\n<h2 class=\"wp-block-heading\" id=\"h-los-trabajos-en-el-aeropuerto\"><strong>Los trabajos en el aeropuerto<\/strong><\/h2>\n\n\n\n<p><strong>Se pavimentar\u00e1 la superficie ampliada por donde transitar\u00e1 la nueva calle de rodaje<\/strong>&nbsp;y se proceder\u00e1 a la adecuaci\u00f3n del sistema de drenaje y la instalaci\u00f3n de balizamiento y nuevas torres megas de iluminaci\u00f3n. La obra incluye, adem\u00e1s, la adecuaci\u00f3n y prolongaci\u00f3n del vallado y camino perimetral del recinto aeroportuario y la extensi\u00f3n de la actual barrera anti FOD (Foreing Object Damage) en la zona ampliada.<\/p>\n\n\n\n<figure class=\"wp-block-image\"><img decoding=\"async\" src=\"https:\/\/aviaciondigital.com\/wp-content\/uploads\/2024\/05\/elche-1024x488.png\" alt=\"\"\/><\/figure>\n\n\n\n<p>Los trabajos se coordinar\u00e1n con todos los agentes implicados, priorizando los horarios de menor actividad aeron\u00e1utica con el objetivo de minimizar la afectaci\u00f3n sobre la operativa.&nbsp;<strong>Esta actuaci\u00f3n<\/strong>, conjuntamente con la que se licitar\u00e1 pr\u00f3ximamente para la redacci\u00f3n del proyecto de ampliaci\u00f3n del terminal,&nbsp;<strong>dotar\u00e1n al aeropuerto de la capacidad necesaria para atender la demanda de tr\u00e1fico de los pr\u00f3ximos a\u00f1os.<\/strong><\/p>\n\n\n\n<h2 class=\"wp-block-heading\" id=\"h-peticion-expresa-de-la-comunidad-valenciana\"><strong>Petici\u00f3n expresa de la Comunidad Valenciana<\/strong><\/h2>\n\n\n\n<p>La exigencia de la comunidad aut\u00f3noma se sosten\u00eda en los informes de la c\u00e1mara de comercio de la regi\u00f3n. Unos estudios que alertaban del<strong>&nbsp;r\u00e1pido crecimiento del volumen de pasajeros de la instalaci\u00f3n que llegar\u00eda a los 26 millones en los pr\u00f3ximos a\u00f1os.&nbsp;<\/strong>Una cifra para la cual no est\u00e1 capacitado. El Gobierno de Maz\u00f3n afirmaba, adem\u00e1s, que se trataba de un agravio comparativo si se observan otras instalaciones como las de M\u00e1laga que s\u00ed cuentan con una segunda pista.<\/p>\n\n\n\n<h2 class=\"wp-block-heading\" id=\"h-la-oposicion-inicial-de-transportes\"><strong>La oposici\u00f3n inicial de Transportes<\/strong><\/h2>\n\n\n\n<p><em><a href=\"https:\/\/aviaciondigital.com\/oscar-puente-se-opone-a-la-segunda-pista-en-el-aeropuerto-de-alicante\/\"><strong>La petici\u00f3n del Gobierno valenciano de PP y VOX\u00a0<\/strong><\/a><\/em><strong><a href=\"https:\/\/aviaciondigital.com\/oscar-puente-se-opone-a-la-segunda-pista-en-el-aeropuerto-de-alicante\/\">fue\u00a0<\/a><\/strong><em><a href=\"https:\/\/aviaciondigital.com\/oscar-puente-se-opone-a-la-segunda-pista-en-el-aeropuerto-de-alicante\/\"><strong>rechazada por el ministro de Transportes, \u00d3scar Puente<\/strong><\/a>, que aseguraba que las operadoras no lo reclaman pues no existe necesidad.<\/em><\/p>\n\n\n\n<figure class=\"wp-block-image\"><img decoding=\"async\" src=\"https:\/\/aviaciondigital.com\/wp-content\/uploads\/2024\/05\/Consejo-de-Ministros-1024x531.png\" alt=\"\"\/><figcaption><em>\u00d3scar Puente en la rueda de prensa posterior al Consejo de Ministros.<\/em><\/figcaption><\/figure>\n\n\n\n<p><strong>Su argumento es que son las aerol\u00edneas las que tienen que pedirlo<\/strong>\u00a0pues son ellas las que la financiar\u00e1n a trav\u00e9s de las tasas aeroportuarias y no Transportes. Puente asegura que la Asociaci\u00f3n de L\u00edneas A\u00e9reas (ALA) le traslad\u00f3 que no hace falta una segunda pista. Sin embargo, Aena ya ha comenzado el proceso para dotar al aeropuerto de su segunda pista.<\/p>\n\n\n\n<p><strong>Fuente: aviaciondigital.com<\/strong><\/p>\n","protected":false},"excerpt":{"rendered":"<p>(Aeronoticias): Aviaci\u00f3n Digital, Sp. \u2013\u00a0La petici\u00f3n de la Comunidad Valenciana de construir\u00a0una segunda pista en el aeropuerto de Alicante-Elche Miguel Hern\u00e1ndez\u00a0ha sido finalmente escuchada por Aena.\u00a0El gestor aeroportuario ha lanzado la licitaci\u00f3n del proyecto por 17.475.864 euros. Este importe incluye tambi\u00e9n otras actuaciones de mejora y actualizaci\u00f3n en las instalaciones del aeropuerto.&nbsp;El plazo de ejecuci\u00f3n [&hellip;]<\/p>\n","protected":false},"author":3,"featured_media":90314,"comment_status":"open","ping_status":"open","sticky":false,"template":"","format":"standard","meta":{"tdm_status":"","tdm_grid_status":"","footnotes":""},"categories":[32,11],"tags":[5184,5185],"class_list":{"0":"post-90313","1":"post","2":"type-post","3":"status-publish","4":"format-standard","5":"has-post-thumbnail","7":"category-internacional","8":"category-transporte-aereo","9":"tag-aeropuerto-de-alicante","10":"tag-gestor-aeroportuario"},"yoast_head":"<!-- This site is optimized with the Yoast SEO plugin v25.1 - https:\/\/yoast.com\/wordpress\/plugins\/seo\/ -->\n<title>Aena construir\u00e1 una nueva calle de rodaje en el aeropuerto de Alicante<\/title>\n<meta name=\"description\" content=\"El ministro de Transportes, \u00d3scar Puente, se opuso inicialmente argumentando que las aerol\u00edneas no la reclamaban..\" \/>\n<meta name=\"robots\" content=\"index, follow, max-snippet:-1, max-image-preview:large, max-video-preview:-1\" \/>\n<link rel=\"canonical\" href=\"https:\/\/aeronoticias.com.pe\/noticiero\/transporte-aereo\/aena-construira-una-nueva-calle-de-rodaje-en-el-aeropuerto-de-alicante\/\" \/>\n<meta property=\"og:locale\" content=\"es_ES\" \/>\n<meta property=\"og:type\" content=\"article\" \/>\n<meta property=\"og:title\" content=\"Aena construir\u00e1 una nueva calle de rodaje en el aeropuerto de Alicante\" \/>\n<meta property=\"og:description\" content=\"El ministro de Transportes, \u00d3scar Puente, se opuso inicialmente argumentando que las aerol\u00edneas no la reclamaban..\" \/>\n<meta property=\"og:url\" content=\"https:\/\/aeronoticias.com.pe\/noticiero\/transporte-aereo\/aena-construira-una-nueva-calle-de-rodaje-en-el-aeropuerto-de-alicante\/\" \/>\n<meta property=\"og:site_name\" content=\"Aeronoticias.com.pe\" \/>\n<meta property=\"article:publisher\" content=\"https:\/\/www.facebook.com\/Aeronoticias.com.pe\/\" \/>\n<meta property=\"article:published_time\" content=\"2024-05-29T14:29:50+00:00\" \/>\n<meta property=\"article:modified_time\" content=\"2024-05-29T14:29:54+00:00\" \/>\n<meta property=\"og:image\" content=\"https:\/\/aeronoticias.com.pe\/noticiero\/wp-content\/uploads\/2024\/05\/nave1.jpg\" \/>\n\t<meta property=\"og:image:width\" content=\"900\" \/>\n\t<meta property=\"og:image:height\" content=\"601\" \/>\n\t<meta property=\"og:image:type\" content=\"image\/jpeg\" \/>\n<meta name=\"author\" content=\"Redacci\u00f3n\" \/>\n<meta name=\"twitter:card\" content=\"summary_large_image\" \/>\n<meta name=\"twitter:creator\" content=\"@aeronoticias\" \/>\n<meta name=\"twitter:site\" content=\"@aeronoticias\" \/>\n<meta name=\"twitter:label1\" content=\"Escrito por\" \/>\n\t<meta name=\"twitter:data1\" content=\"Redacci\u00f3n\" \/>\n\t<meta name=\"twitter:label2\" content=\"Tiempo de lectura\" \/>\n\t<meta name=\"twitter:data2\" content=\"2 minutos\" \/>\n<script type=\"application\/ld+json\" class=\"yoast-schema-graph\">{\"@context\":\"https:\/\/schema.org\",\"@graph\":[{\"@type\":\"WebPage\",\"@id\":\"https:\/\/aeronoticias.com.pe\/noticiero\/transporte-aereo\/aena-construira-una-nueva-calle-de-rodaje-en-el-aeropuerto-de-alicante\/\",\"url\":\"https:\/\/aeronoticias.com.pe\/noticiero\/transporte-aereo\/aena-construira-una-nueva-calle-de-rodaje-en-el-aeropuerto-de-alicante\/\",\"name\":\"Aena construir\u00e1 una nueva calle de rodaje en el aeropuerto de Alicante\",\"isPartOf\":{\"@id\":\"https:\/\/aeronoticias.com.pe\/noticiero\/#website\"},\"primaryImageOfPage\":{\"@id\":\"https:\/\/aeronoticias.com.pe\/noticiero\/transporte-aereo\/aena-construira-una-nueva-calle-de-rodaje-en-el-aeropuerto-de-alicante\/#primaryimage\"},\"image\":{\"@id\":\"https:\/\/aeronoticias.com.pe\/noticiero\/transporte-aereo\/aena-construira-una-nueva-calle-de-rodaje-en-el-aeropuerto-de-alicante\/#primaryimage\"},\"thumbnailUrl\":\"https:\/\/aeronoticias.com.pe\/noticiero\/wp-content\/uploads\/2024\/05\/nave1.jpg\",\"datePublished\":\"2024-05-29T14:29:50+00:00\",\"dateModified\":\"2024-05-29T14:29:54+00:00\",\"author\":{\"@id\":\"https:\/\/aeronoticias.com.pe\/noticiero\/#\/schema\/person\/16212a617c73f78916b13194154243bd\"},\"description\":\"El ministro de Transportes, \u00d3scar Puente, se opuso inicialmente argumentando que las aerol\u00edneas no la reclamaban..\",\"breadcrumb\":{\"@id\":\"https:\/\/aeronoticias.com.pe\/noticiero\/transporte-aereo\/aena-construira-una-nueva-calle-de-rodaje-en-el-aeropuerto-de-alicante\/#breadcrumb\"},\"inLanguage\":\"es\",\"potentialAction\":[{\"@type\":\"ReadAction\",\"target\":[\"https:\/\/aeronoticias.com.pe\/noticiero\/transporte-aereo\/aena-construira-una-nueva-calle-de-rodaje-en-el-aeropuerto-de-alicante\/\"]}]},{\"@type\":\"ImageObject\",\"inLanguage\":\"es\",\"@id\":\"https:\/\/aeronoticias.com.pe\/noticiero\/transporte-aereo\/aena-construira-una-nueva-calle-de-rodaje-en-el-aeropuerto-de-alicante\/#primaryimage\",\"url\":\"https:\/\/aeronoticias.com.pe\/noticiero\/wp-content\/uploads\/2024\/05\/nave1.jpg\",\"contentUrl\":\"https:\/\/aeronoticias.com.pe\/noticiero\/wp-content\/uploads\/2024\/05\/nave1.jpg\",\"width\":900,\"height\":601},{\"@type\":\"BreadcrumbList\",\"@id\":\"https:\/\/aeronoticias.com.pe\/noticiero\/transporte-aereo\/aena-construira-una-nueva-calle-de-rodaje-en-el-aeropuerto-de-alicante\/#breadcrumb\",\"itemListElement\":[{\"@type\":\"ListItem\",\"position\":1,\"name\":\"Portada\",\"item\":\"https:\/\/aeronoticias.com.pe\/noticiero\/\"},{\"@type\":\"ListItem\",\"position\":2,\"name\":\"Aena construir\u00e1 una nueva calle de rodaje en el aeropuerto de Alicante\"}]},{\"@type\":\"WebSite\",\"@id\":\"https:\/\/aeronoticias.com.pe\/noticiero\/#website\",\"url\":\"https:\/\/aeronoticias.com.pe\/noticiero\/\",\"name\":\"Aeronoticias.com.pe\",\"description\":\"Noticias de tranporte aereo, turismo, hoteles, gastronomia, actualidad, internacional\",\"potentialAction\":[{\"@type\":\"SearchAction\",\"target\":{\"@type\":\"EntryPoint\",\"urlTemplate\":\"https:\/\/aeronoticias.com.pe\/noticiero\/?s={search_term_string}\"},\"query-input\":{\"@type\":\"PropertyValueSpecification\",\"valueRequired\":true,\"valueName\":\"search_term_string\"}}],\"inLanguage\":\"es\"},{\"@type\":\"Person\",\"@id\":\"https:\/\/aeronoticias.com.pe\/noticiero\/#\/schema\/person\/16212a617c73f78916b13194154243bd\",\"name\":\"Redacci\u00f3n\",\"sameAs\":[\"http:\/\/Redacci\u00f3n\"],\"url\":\"https:\/\/aeronoticias.com.pe\/noticiero\/author\/celeste\/\"}]}<\/script>\n<!-- \/ Yoast SEO plugin. -->","yoast_head_json":{"title":"Aena construir\u00e1 una nueva calle de rodaje en el aeropuerto de Alicante","description":"El ministro de Transportes, \u00d3scar Puente, se opuso inicialmente argumentando que las aerol\u00edneas no la reclamaban..","robots":{"index":"index","follow":"follow","max-snippet":"max-snippet:-1","max-image-preview":"max-image-preview:large","max-video-preview":"max-video-preview:-1"},"canonical":"https:\/\/aeronoticias.com.pe\/noticiero\/transporte-aereo\/aena-construira-una-nueva-calle-de-rodaje-en-el-aeropuerto-de-alicante\/","og_locale":"es_ES","og_type":"article","og_title":"Aena construir\u00e1 una nueva calle de rodaje en el aeropuerto de Alicante","og_description":"El ministro de Transportes, \u00d3scar Puente, se opuso inicialmente argumentando que las aerol\u00edneas no la reclamaban..","og_url":"https:\/\/aeronoticias.com.pe\/noticiero\/transporte-aereo\/aena-construira-una-nueva-calle-de-rodaje-en-el-aeropuerto-de-alicante\/","og_site_name":"Aeronoticias.com.pe","article_publisher":"https:\/\/www.facebook.com\/Aeronoticias.com.pe\/","article_published_time":"2024-05-29T14:29:50+00:00","article_modified_time":"2024-05-29T14:29:54+00:00","og_image":[{"width":900,"height":601,"url":"https:\/\/aeronoticias.com.pe\/noticiero\/wp-content\/uploads\/2024\/05\/nave1.jpg","type":"image\/jpeg"}],"author":"Redacci\u00f3n","twitter_card":"summary_large_image","twitter_creator":"@aeronoticias","twitter_site":"@aeronoticias","twitter_misc":{"Escrito por":"Redacci\u00f3n","Tiempo de lectura":"2 minutos"},"schema":{"@context":"https:\/\/schema.org","@graph":[{"@type":"WebPage","@id":"https:\/\/aeronoticias.com.pe\/noticiero\/transporte-aereo\/aena-construira-una-nueva-calle-de-rodaje-en-el-aeropuerto-de-alicante\/","url":"https:\/\/aeronoticias.com.pe\/noticiero\/transporte-aereo\/aena-construira-una-nueva-calle-de-rodaje-en-el-aeropuerto-de-alicante\/","name":"Aena construir\u00e1 una nueva calle de rodaje en el aeropuerto de Alicante","isPartOf":{"@id":"https:\/\/aeronoticias.com.pe\/noticiero\/#website"},"primaryImageOfPage":{"@id":"https:\/\/aeronoticias.com.pe\/noticiero\/transporte-aereo\/aena-construira-una-nueva-calle-de-rodaje-en-el-aeropuerto-de-alicante\/#primaryimage"},"image":{"@id":"https:\/\/aeronoticias.com.pe\/noticiero\/transporte-aereo\/aena-construira-una-nueva-calle-de-rodaje-en-el-aeropuerto-de-alicante\/#primaryimage"},"thumbnailUrl":"https:\/\/aeronoticias.com.pe\/noticiero\/wp-content\/uploads\/2024\/05\/nave1.jpg","datePublished":"2024-05-29T14:29:50+00:00","dateModified":"2024-05-29T14:29:54+00:00","author":{"@id":"https:\/\/aeronoticias.com.pe\/noticiero\/#\/schema\/person\/16212a617c73f78916b13194154243bd"},"description":"El ministro de Transportes, \u00d3scar Puente, se opuso inicialmente argumentando que las aerol\u00edneas no la reclamaban..","breadcrumb":{"@id":"https:\/\/aeronoticias.com.pe\/noticiero\/transporte-aereo\/aena-construira-una-nueva-calle-de-rodaje-en-el-aeropuerto-de-alicante\/#breadcrumb"},"inLanguage":"es","potentialAction":[{"@type":"ReadAction","target":["https:\/\/aeronoticias.com.pe\/noticiero\/transporte-aereo\/aena-construira-una-nueva-calle-de-rodaje-en-el-aeropuerto-de-alicante\/"]}]},{"@type":"ImageObject","inLanguage":"es","@id":"https:\/\/aeronoticias.com.pe\/noticiero\/transporte-aereo\/aena-construira-una-nueva-calle-de-rodaje-en-el-aeropuerto-de-alicante\/#primaryimage","url":"https:\/\/aeronoticias.com.pe\/noticiero\/wp-content\/uploads\/2024\/05\/nave1.jpg","contentUrl":"https:\/\/aeronoticias.com.pe\/noticiero\/wp-content\/uploads\/2024\/05\/nave1.jpg","width":900,"height":601},{"@type":"BreadcrumbList","@id":"https:\/\/aeronoticias.com.pe\/noticiero\/transporte-aereo\/aena-construira-una-nueva-calle-de-rodaje-en-el-aeropuerto-de-alicante\/#breadcrumb","itemListElement":[{"@type":"ListItem","position":1,"name":"Portada","item":"https:\/\/aeronoticias.com.pe\/noticiero\/"},{"@type":"ListItem","position":2,"name":"Aena construir\u00e1 una nueva calle de rodaje en el aeropuerto de Alicante"}]},{"@type":"WebSite","@id":"https:\/\/aeronoticias.com.pe\/noticiero\/#website","url":"https:\/\/aeronoticias.com.pe\/noticiero\/","name":"Aeronoticias.com.pe","description":"Noticias de tranporte aereo, turismo, hoteles, gastronomia, actualidad, internacional","potentialAction":[{"@type":"SearchAction","target":{"@type":"EntryPoint","urlTemplate":"https:\/\/aeronoticias.com.pe\/noticiero\/?s={search_term_string}"},"query-input":{"@type":"PropertyValueSpecification","valueRequired":true,"valueName":"search_term_string"}}],"inLanguage":"es"},{"@type":"Person","@id":"https:\/\/aeronoticias.com.pe\/noticiero\/#\/schema\/person\/16212a617c73f78916b13194154243bd","name":"Redacci\u00f3n","sameAs":["http:\/\/Redacci\u00f3n"],"url":"https:\/\/aeronoticias.com.pe\/noticiero\/author\/celeste\/"}]}},"_links":{"self":[{"href":"https:\/\/aeronoticias.com.pe\/noticiero\/wp-json\/wp\/v2\/posts\/90313","targetHints":{"allow":["GET"]}}],"collection":[{"href":"https:\/\/aeronoticias.com.pe\/noticiero\/wp-json\/wp\/v2\/posts"}],"about":[{"href":"https:\/\/aeronoticias.com.pe\/noticiero\/wp-json\/wp\/v2\/types\/post"}],"author":[{"embeddable":true,"href":"https:\/\/aeronoticias.com.pe\/noticiero\/wp-json\/wp\/v2\/users\/3"}],"replies":[{"embeddable":true,"href":"https:\/\/aeronoticias.com.pe\/noticiero\/wp-json\/wp\/v2\/comments?post=90313"}],"version-history":[{"count":0,"href":"https:\/\/aeronoticias.com.pe\/noticiero\/wp-json\/wp\/v2\/posts\/90313\/revisions"}],"wp:featuredmedia":[{"embeddable":true,"href":"https:\/\/aeronoticias.com.pe\/noticiero\/wp-json\/wp\/v2\/media\/90314"}],"wp:attachment":[{"href":"https:\/\/aeronoticias.com.pe\/noticiero\/wp-json\/wp\/v2\/media?parent=90313"}],"wp:term":[{"taxonomy":"category","embeddable":true,"href":"https:\/\/aeronoticias.com.pe\/noticiero\/wp-json\/wp\/v2\/categories?post=90313"},{"taxonomy":"post_tag","embeddable":true,"href":"https:\/\/aeronoticias.com.pe\/noticiero\/wp-json\/wp\/v2\/tags?post=90313"}],"curies":[{"name":"wp","href":"https:\/\/api.w.org\/{rel}","templated":true}]}}