{"id":90316,"date":"2024-05-29T09:34:37","date_gmt":"2024-05-29T14:34:37","guid":{"rendered":"https:\/\/aeronoticias.com.pe\/noticiero\/?p=90316"},"modified":"2024-05-29T09:34:44","modified_gmt":"2024-05-29T14:34:44","slug":"en-medio-de-las-especulaciones-sobre-una-posible-fusion-la-brasilena-gol-inicia-conversaciones-con-azul","status":"publish","type":"post","link":"https:\/\/aeronoticias.com.pe\/noticiero\/mundo\/mundo-mundo\/en-medio-de-las-especulaciones-sobre-una-posible-fusion-la-brasilena-gol-inicia-conversaciones-con-azul\/","title":{"rendered":"En medio de las especulaciones sobre una posible fusi\u00f3n, la brasile\u00f1a GOL inicia conversaciones con Azul"},"content":{"rendered":"\n<p><strong>(Aeronoticias)<\/strong>: La empresa matriz de la aerol\u00ednea brasile\u00f1a\u00a0<strong>GOL<\/strong>\u00a0ha iniciado conversaciones con su rival\u00a0<strong>Azul\u00a0<\/strong>para \u00abexplorar oportunidades\u00bb, seg\u00fan informaron ambas compa\u00f1\u00edas este lunes, tras las informaciones difundidas en los medios de comunicaci\u00f3n a principios de a\u00f1o que apuntaban a una posible fusi\u00f3n.<\/p>\n\n\n\n<p>Azul a\u00f1adi\u00f3 en una declaraci\u00f3n de valores que no ha firmado ni formalizado ning\u00fan nuevo acuerdo en relaci\u00f3n con una posible combinaci\u00f3n de negocios con GOL, controlada por el holding de aerol\u00edneas latinoamericano Abra Group.<\/p>\n\n\n\n<p>Abra se form\u00f3 en 2022 para juntar a GOL y la colombiana Avianca en un holding com\u00fan controlado conjuntamente por los principales accionistas de ambas empresas.<\/p>\n\n\n\n<p>La semana pasada, GOL y Azul anunciaron un acuerdo de c\u00f3digo compartido que conecta sus redes y programas de fidelizaci\u00f3n, una medida que reaviv\u00f3 las especulaciones sobre una posible fusi\u00f3n entre ambas aerol\u00edneas brasile\u00f1as.<\/p>\n\n\n\n<p><strong><em>\u2192&nbsp;<a href=\"https:\/\/aviacionaldia.com\/2024\/05\/azul-recibe-un-nuevo-avion-tematico-inspirado-goofy.html\">Azul recibe un nuevo avi\u00f3n tem\u00e1tico inspirado Goofy\u202f<\/a><\/em><\/strong><\/p>\n\n\n\n<p>GOL se declar\u00f3 en quiebra en Estados Unidos a principios de a\u00f1o, tras sufrir una fuerte deuda y retrasos en las entregas del fabricante de aviones Boeing.<\/p>\n\n\n\n<p>Un posible acuerdo entre Abra Group y Azul \u00abno ser\u00eda vinculante para GOL\u00bb, dijo la aerol\u00ednea en una presentaci\u00f3n de valores el lunes sin entrar en m\u00e1s detalles.<\/p>\n\n\n\n<p>En su declaraci\u00f3n de valores, Azul afirm\u00f3 que estaba manteniendo \u00abconversaciones independientes\u00bb con Abra.<\/p>\n\n\n\n<p>El lunes, GOL indic\u00f3 que celebrar\u00eda un proceso competitivo a partir de junio para evaluar propuestas para financiar su salida del proceso de bancarrota, incluyendo \u00aboportunidades presentadas por fuentes potenciales de capital propio y de deuda.\u00bb<\/p>\n\n\n\n<p>GOL y Azul son la segunda y tercera aerol\u00edneas de Brasil, respectivamente, seg\u00fan el regulador de la aviaci\u00f3n del pa\u00eds sudamericano, la ANAC. LATAM es actualmente l\u00edder del mercado brasile\u00f1o.<\/p>\n\n\n\n<p><strong>Fuente: aviacionaldia.com<\/strong><\/p>\n","protected":false},"excerpt":{"rendered":"<p>(Aeronoticias): La empresa matriz de la aerol\u00ednea brasile\u00f1a\u00a0GOL\u00a0ha iniciado conversaciones con su rival\u00a0Azul\u00a0para \u00abexplorar oportunidades\u00bb, seg\u00fan informaron ambas compa\u00f1\u00edas este lunes, tras las informaciones difundidas en los medios de comunicaci\u00f3n a principios de a\u00f1o que apuntaban a una posible fusi\u00f3n. Azul a\u00f1adi\u00f3 en una declaraci\u00f3n de valores que no ha firmado ni formalizado ning\u00fan nuevo [&hellip;]<\/p>\n","protected":false},"author":3,"featured_media":90317,"comment_status":"open","ping_status":"open","sticky":false,"template":"","format":"standard","meta":{"tdm_status":"","tdm_grid_status":"","footnotes":""},"categories":[64,65],"tags":[5188,5186,5187],"class_list":{"0":"post-90316","1":"post","2":"type-post","3":"status-publish","4":"format-standard","5":"has-post-thumbnail","7":"category-mundo-mundo","8":"category-mundo-mundo-2","9":"tag-abra-gol-y-azul","10":"tag-aerolinea-brasilena-gol","11":"tag-avion-tematico"},"yoast_head":"<!-- This site is optimized with the Yoast SEO plugin v25.1 - https:\/\/yoast.com\/wordpress\/plugins\/seo\/ -->\n<title>En medio de las especulaciones sobre una posible fusi\u00f3n, la brasile\u00f1a GOL inicia conversaciones con Azul<\/title>\n<meta name=\"description\" content=\"Portal de noticias del Per\u00fa sobre el transporte a\u00e9reo, aviaci\u00f3n, turismo, hoteleria, actualidad.\" \/>\n<meta name=\"robots\" content=\"index, follow, max-snippet:-1, max-image-preview:large, max-video-preview:-1\" \/>\n<link rel=\"canonical\" href=\"https:\/\/aeronoticias.com.pe\/noticiero\/mundo\/mundo-mundo\/en-medio-de-las-especulaciones-sobre-una-posible-fusion-la-brasilena-gol-inicia-conversaciones-con-azul\/\" \/>\n<meta property=\"og:locale\" content=\"es_ES\" \/>\n<meta property=\"og:type\" content=\"article\" \/>\n<meta property=\"og:title\" content=\"En medio de las especulaciones sobre una posible fusi\u00f3n, la brasile\u00f1a GOL inicia conversaciones con Azul\" \/>\n<meta property=\"og:description\" content=\"Portal de noticias del Per\u00fa sobre el transporte a\u00e9reo, aviaci\u00f3n, turismo, hoteleria, actualidad.\" \/>\n<meta property=\"og:url\" content=\"https:\/\/aeronoticias.com.pe\/noticiero\/mundo\/mundo-mundo\/en-medio-de-las-especulaciones-sobre-una-posible-fusion-la-brasilena-gol-inicia-conversaciones-con-azul\/\" \/>\n<meta property=\"og:site_name\" content=\"Aeronoticias.com.pe\" \/>\n<meta property=\"article:publisher\" content=\"https:\/\/www.facebook.com\/Aeronoticias.com.pe\/\" \/>\n<meta property=\"article:published_time\" content=\"2024-05-29T14:34:37+00:00\" \/>\n<meta property=\"article:modified_time\" content=\"2024-05-29T14:34:44+00:00\" \/>\n<meta property=\"og:image\" content=\"https:\/\/aeronoticias.com.pe\/noticiero\/wp-content\/uploads\/2024\/05\/gol.jpg\" \/>\n\t<meta property=\"og:image:width\" content=\"800\" \/>\n\t<meta property=\"og:image:height\" content=\"400\" \/>\n\t<meta property=\"og:image:type\" content=\"image\/jpeg\" \/>\n<meta name=\"author\" content=\"Redacci\u00f3n\" \/>\n<meta name=\"twitter:card\" content=\"summary_large_image\" \/>\n<meta name=\"twitter:creator\" content=\"@aeronoticias\" \/>\n<meta name=\"twitter:site\" content=\"@aeronoticias\" \/>\n<meta name=\"twitter:label1\" content=\"Escrito por\" \/>\n\t<meta name=\"twitter:data1\" content=\"Redacci\u00f3n\" \/>\n\t<meta name=\"twitter:label2\" content=\"Tiempo de lectura\" \/>\n\t<meta name=\"twitter:data2\" content=\"2 minutos\" \/>\n<script type=\"application\/ld+json\" class=\"yoast-schema-graph\">{\"@context\":\"https:\/\/schema.org\",\"@graph\":[{\"@type\":\"WebPage\",\"@id\":\"https:\/\/aeronoticias.com.pe\/noticiero\/mundo\/mundo-mundo\/en-medio-de-las-especulaciones-sobre-una-posible-fusion-la-brasilena-gol-inicia-conversaciones-con-azul\/\",\"url\":\"https:\/\/aeronoticias.com.pe\/noticiero\/mundo\/mundo-mundo\/en-medio-de-las-especulaciones-sobre-una-posible-fusion-la-brasilena-gol-inicia-conversaciones-con-azul\/\",\"name\":\"En medio de las especulaciones sobre una posible fusi\u00f3n, la brasile\u00f1a GOL inicia conversaciones con Azul\",\"isPartOf\":{\"@id\":\"https:\/\/aeronoticias.com.pe\/noticiero\/#website\"},\"primaryImageOfPage\":{\"@id\":\"https:\/\/aeronoticias.com.pe\/noticiero\/mundo\/mundo-mundo\/en-medio-de-las-especulaciones-sobre-una-posible-fusion-la-brasilena-gol-inicia-conversaciones-con-azul\/#primaryimage\"},\"image\":{\"@id\":\"https:\/\/aeronoticias.com.pe\/noticiero\/mundo\/mundo-mundo\/en-medio-de-las-especulaciones-sobre-una-posible-fusion-la-brasilena-gol-inicia-conversaciones-con-azul\/#primaryimage\"},\"thumbnailUrl\":\"https:\/\/aeronoticias.com.pe\/noticiero\/wp-content\/uploads\/2024\/05\/gol.jpg\",\"datePublished\":\"2024-05-29T14:34:37+00:00\",\"dateModified\":\"2024-05-29T14:34:44+00:00\",\"author\":{\"@id\":\"https:\/\/aeronoticias.com.pe\/noticiero\/#\/schema\/person\/16212a617c73f78916b13194154243bd\"},\"description\":\"Portal de noticias del Per\u00fa sobre el transporte a\u00e9reo, aviaci\u00f3n, turismo, hoteleria, actualidad.\",\"breadcrumb\":{\"@id\":\"https:\/\/aeronoticias.com.pe\/noticiero\/mundo\/mundo-mundo\/en-medio-de-las-especulaciones-sobre-una-posible-fusion-la-brasilena-gol-inicia-conversaciones-con-azul\/#breadcrumb\"},\"inLanguage\":\"es\",\"potentialAction\":[{\"@type\":\"ReadAction\",\"target\":[\"https:\/\/aeronoticias.com.pe\/noticiero\/mundo\/mundo-mundo\/en-medio-de-las-especulaciones-sobre-una-posible-fusion-la-brasilena-gol-inicia-conversaciones-con-azul\/\"]}]},{\"@type\":\"ImageObject\",\"inLanguage\":\"es\",\"@id\":\"https:\/\/aeronoticias.com.pe\/noticiero\/mundo\/mundo-mundo\/en-medio-de-las-especulaciones-sobre-una-posible-fusion-la-brasilena-gol-inicia-conversaciones-con-azul\/#primaryimage\",\"url\":\"https:\/\/aeronoticias.com.pe\/noticiero\/wp-content\/uploads\/2024\/05\/gol.jpg\",\"contentUrl\":\"https:\/\/aeronoticias.com.pe\/noticiero\/wp-content\/uploads\/2024\/05\/gol.jpg\",\"width\":800,\"height\":400},{\"@type\":\"BreadcrumbList\",\"@id\":\"https:\/\/aeronoticias.com.pe\/noticiero\/mundo\/mundo-mundo\/en-medio-de-las-especulaciones-sobre-una-posible-fusion-la-brasilena-gol-inicia-conversaciones-con-azul\/#breadcrumb\",\"itemListElement\":[{\"@type\":\"ListItem\",\"position\":1,\"name\":\"Portada\",\"item\":\"https:\/\/aeronoticias.com.pe\/noticiero\/\"},{\"@type\":\"ListItem\",\"position\":2,\"name\":\"En medio de las especulaciones sobre una posible fusi\u00f3n, la brasile\u00f1a GOL inicia conversaciones con Azul\"}]},{\"@type\":\"WebSite\",\"@id\":\"https:\/\/aeronoticias.com.pe\/noticiero\/#website\",\"url\":\"https:\/\/aeronoticias.com.pe\/noticiero\/\",\"name\":\"Aeronoticias.com.pe\",\"description\":\"Noticias de tranporte aereo, turismo, hoteles, gastronomia, actualidad, internacional\",\"potentialAction\":[{\"@type\":\"SearchAction\",\"target\":{\"@type\":\"EntryPoint\",\"urlTemplate\":\"https:\/\/aeronoticias.com.pe\/noticiero\/?s={search_term_string}\"},\"query-input\":{\"@type\":\"PropertyValueSpecification\",\"valueRequired\":true,\"valueName\":\"search_term_string\"}}],\"inLanguage\":\"es\"},{\"@type\":\"Person\",\"@id\":\"https:\/\/aeronoticias.com.pe\/noticiero\/#\/schema\/person\/16212a617c73f78916b13194154243bd\",\"name\":\"Redacci\u00f3n\",\"sameAs\":[\"http:\/\/Redacci\u00f3n\"],\"url\":\"https:\/\/aeronoticias.com.pe\/noticiero\/author\/celeste\/\"}]}<\/script>\n<!-- \/ Yoast SEO plugin. -->","yoast_head_json":{"title":"En medio de las especulaciones sobre una posible fusi\u00f3n, la brasile\u00f1a GOL inicia conversaciones con Azul","description":"Portal de noticias del Per\u00fa sobre el transporte a\u00e9reo, aviaci\u00f3n, turismo, hoteleria, actualidad.","robots":{"index":"index","follow":"follow","max-snippet":"max-snippet:-1","max-image-preview":"max-image-preview:large","max-video-preview":"max-video-preview:-1"},"canonical":"https:\/\/aeronoticias.com.pe\/noticiero\/mundo\/mundo-mundo\/en-medio-de-las-especulaciones-sobre-una-posible-fusion-la-brasilena-gol-inicia-conversaciones-con-azul\/","og_locale":"es_ES","og_type":"article","og_title":"En medio de las especulaciones sobre una posible fusi\u00f3n, la brasile\u00f1a GOL inicia conversaciones con Azul","og_description":"Portal de noticias del Per\u00fa sobre el transporte a\u00e9reo, aviaci\u00f3n, turismo, hoteleria, actualidad.","og_url":"https:\/\/aeronoticias.com.pe\/noticiero\/mundo\/mundo-mundo\/en-medio-de-las-especulaciones-sobre-una-posible-fusion-la-brasilena-gol-inicia-conversaciones-con-azul\/","og_site_name":"Aeronoticias.com.pe","article_publisher":"https:\/\/www.facebook.com\/Aeronoticias.com.pe\/","article_published_time":"2024-05-29T14:34:37+00:00","article_modified_time":"2024-05-29T14:34:44+00:00","og_image":[{"width":800,"height":400,"url":"https:\/\/aeronoticias.com.pe\/noticiero\/wp-content\/uploads\/2024\/05\/gol.jpg","type":"image\/jpeg"}],"author":"Redacci\u00f3n","twitter_card":"summary_large_image","twitter_creator":"@aeronoticias","twitter_site":"@aeronoticias","twitter_misc":{"Escrito por":"Redacci\u00f3n","Tiempo de lectura":"2 minutos"},"schema":{"@context":"https:\/\/schema.org","@graph":[{"@type":"WebPage","@id":"https:\/\/aeronoticias.com.pe\/noticiero\/mundo\/mundo-mundo\/en-medio-de-las-especulaciones-sobre-una-posible-fusion-la-brasilena-gol-inicia-conversaciones-con-azul\/","url":"https:\/\/aeronoticias.com.pe\/noticiero\/mundo\/mundo-mundo\/en-medio-de-las-especulaciones-sobre-una-posible-fusion-la-brasilena-gol-inicia-conversaciones-con-azul\/","name":"En medio de las especulaciones sobre una posible fusi\u00f3n, la brasile\u00f1a GOL inicia conversaciones con Azul","isPartOf":{"@id":"https:\/\/aeronoticias.com.pe\/noticiero\/#website"},"primaryImageOfPage":{"@id":"https:\/\/aeronoticias.com.pe\/noticiero\/mundo\/mundo-mundo\/en-medio-de-las-especulaciones-sobre-una-posible-fusion-la-brasilena-gol-inicia-conversaciones-con-azul\/#primaryimage"},"image":{"@id":"https:\/\/aeronoticias.com.pe\/noticiero\/mundo\/mundo-mundo\/en-medio-de-las-especulaciones-sobre-una-posible-fusion-la-brasilena-gol-inicia-conversaciones-con-azul\/#primaryimage"},"thumbnailUrl":"https:\/\/aeronoticias.com.pe\/noticiero\/wp-content\/uploads\/2024\/05\/gol.jpg","datePublished":"2024-05-29T14:34:37+00:00","dateModified":"2024-05-29T14:34:44+00:00","author":{"@id":"https:\/\/aeronoticias.com.pe\/noticiero\/#\/schema\/person\/16212a617c73f78916b13194154243bd"},"description":"Portal de noticias del Per\u00fa sobre el transporte a\u00e9reo, aviaci\u00f3n, turismo, hoteleria, actualidad.","breadcrumb":{"@id":"https:\/\/aeronoticias.com.pe\/noticiero\/mundo\/mundo-mundo\/en-medio-de-las-especulaciones-sobre-una-posible-fusion-la-brasilena-gol-inicia-conversaciones-con-azul\/#breadcrumb"},"inLanguage":"es","potentialAction":[{"@type":"ReadAction","target":["https:\/\/aeronoticias.com.pe\/noticiero\/mundo\/mundo-mundo\/en-medio-de-las-especulaciones-sobre-una-posible-fusion-la-brasilena-gol-inicia-conversaciones-con-azul\/"]}]},{"@type":"ImageObject","inLanguage":"es","@id":"https:\/\/aeronoticias.com.pe\/noticiero\/mundo\/mundo-mundo\/en-medio-de-las-especulaciones-sobre-una-posible-fusion-la-brasilena-gol-inicia-conversaciones-con-azul\/#primaryimage","url":"https:\/\/aeronoticias.com.pe\/noticiero\/wp-content\/uploads\/2024\/05\/gol.jpg","contentUrl":"https:\/\/aeronoticias.com.pe\/noticiero\/wp-content\/uploads\/2024\/05\/gol.jpg","width":800,"height":400},{"@type":"BreadcrumbList","@id":"https:\/\/aeronoticias.com.pe\/noticiero\/mundo\/mundo-mundo\/en-medio-de-las-especulaciones-sobre-una-posible-fusion-la-brasilena-gol-inicia-conversaciones-con-azul\/#breadcrumb","itemListElement":[{"@type":"ListItem","position":1,"name":"Portada","item":"https:\/\/aeronoticias.com.pe\/noticiero\/"},{"@type":"ListItem","position":2,"name":"En medio de las especulaciones sobre una posible fusi\u00f3n, la brasile\u00f1a GOL inicia conversaciones con Azul"}]},{"@type":"WebSite","@id":"https:\/\/aeronoticias.com.pe\/noticiero\/#website","url":"https:\/\/aeronoticias.com.pe\/noticiero\/","name":"Aeronoticias.com.pe","description":"Noticias de tranporte aereo, turismo, hoteles, gastronomia, actualidad, internacional","potentialAction":[{"@type":"SearchAction","target":{"@type":"EntryPoint","urlTemplate":"https:\/\/aeronoticias.com.pe\/noticiero\/?s={search_term_string}"},"query-input":{"@type":"PropertyValueSpecification","valueRequired":true,"valueName":"search_term_string"}}],"inLanguage":"es"},{"@type":"Person","@id":"https:\/\/aeronoticias.com.pe\/noticiero\/#\/schema\/person\/16212a617c73f78916b13194154243bd","name":"Redacci\u00f3n","sameAs":["http:\/\/Redacci\u00f3n"],"url":"https:\/\/aeronoticias.com.pe\/noticiero\/author\/celeste\/"}]}},"_links":{"self":[{"href":"https:\/\/aeronoticias.com.pe\/noticiero\/wp-json\/wp\/v2\/posts\/90316","targetHints":{"allow":["GET"]}}],"collection":[{"href":"https:\/\/aeronoticias.com.pe\/noticiero\/wp-json\/wp\/v2\/posts"}],"about":[{"href":"https:\/\/aeronoticias.com.pe\/noticiero\/wp-json\/wp\/v2\/types\/post"}],"author":[{"embeddable":true,"href":"https:\/\/aeronoticias.com.pe\/noticiero\/wp-json\/wp\/v2\/users\/3"}],"replies":[{"embeddable":true,"href":"https:\/\/aeronoticias.com.pe\/noticiero\/wp-json\/wp\/v2\/comments?post=90316"}],"version-history":[{"count":0,"href":"https:\/\/aeronoticias.com.pe\/noticiero\/wp-json\/wp\/v2\/posts\/90316\/revisions"}],"wp:featuredmedia":[{"embeddable":true,"href":"https:\/\/aeronoticias.com.pe\/noticiero\/wp-json\/wp\/v2\/media\/90317"}],"wp:attachment":[{"href":"https:\/\/aeronoticias.com.pe\/noticiero\/wp-json\/wp\/v2\/media?parent=90316"}],"wp:term":[{"taxonomy":"category","embeddable":true,"href":"https:\/\/aeronoticias.com.pe\/noticiero\/wp-json\/wp\/v2\/categories?post=90316"},{"taxonomy":"post_tag","embeddable":true,"href":"https:\/\/aeronoticias.com.pe\/noticiero\/wp-json\/wp\/v2\/tags?post=90316"}],"curies":[{"name":"wp","href":"https:\/\/api.w.org\/{rel}","templated":true}]}}