{"id":90319,"date":"2024-05-29T09:46:51","date_gmt":"2024-05-29T14:46:51","guid":{"rendered":"https:\/\/aeronoticias.com.pe\/noticiero\/?p=90319"},"modified":"2024-05-29T09:46:57","modified_gmt":"2024-05-29T14:46:57","slug":"air-france-presenta-las-nuevas-cabinas-de-su-flota-de-aviones-embraer-190","status":"publish","type":"post","link":"https:\/\/aeronoticias.com.pe\/noticiero\/internacionales\/air-france-presenta-las-nuevas-cabinas-de-su-flota-de-aviones-embraer-190\/","title":{"rendered":"Air France presenta las nuevas cabinas de su flota de aviones Embraer 190"},"content":{"rendered":"\n<p><strong>(Aeronoticias)<\/strong>: Este martes, en la Aircraft Interiors Expo de Hamburgo (Alemania),\u00a0<strong>Air France\u00a0<\/strong>revel\u00f3 en exclusiva las nuevas cabinas que se instalar\u00e1 pr\u00f3ximamente en todos los\u00a0<strong>Embraer 190<\/strong>\u00a0operados por su filial regional HOP! El primero de estos aviones renovados surcar\u00e1 los cielos en oto\u00f1o de 2024.<\/p>\n\n\n\n<p>La compa\u00f1\u00eda prosigue as\u00ed su ascenso en el mercado para estandarizar su oferta de productos y servicios en su red de corta y media distancia.<\/p>\n\n\n\n<h2 class=\"wp-block-heading\"><strong>Asientos nuevos, m\u00e1s c\u00f3modos e innovadores<\/strong><\/h2>\n\n\n\n<p>Con estas cabinas redise\u00f1adas, el Embraer 190 estar\u00e1 equipado con 110 nuevos asientos dispuestos en una configuraci\u00f3n 2-2. Cada uno estar\u00e1 tapizado en cuero y contar\u00e1 con un acolchado ergon\u00f3mico, para una mayor comodidad y sostenibilidad. El asiento, que puede reclinarse hasta tres pulgadas, tendr\u00e1 una mesa de bandeja, espacio de almacenamiento optimizado, c\u00f3modos reposabrazos extra\u00edbles y un perchero. El reposacabezas del asiento es regulable en altura con alas ajustables.<\/p>\n\n\n\n<p><strong><em><a href=\"https:\/\/aviacionaldia.com\/2024\/05\/air-france-presenta-una-experiencia-aeroportuaria-innovadora-y-exclusiva-en-paris-charles-de-gaulle.html\">Air France presenta una experiencia aeroportuaria innovadora y exclusiva en Par\u00eds-Charles de Gaulle<\/a><\/em><\/strong><\/p>\n\n\n\n<p>Situado a la altura de los ojos del cliente, en el respaldo de cada asiento se integrar\u00e1 un soporte retr\u00e1ctil con una superficie antideslizante para alojar con seguridad un tel\u00e9fono inteligente o una tableta. Tambi\u00e9n tendr\u00e1 puertos USB A y C, que permitir\u00e1n recargar sus dispositivos personales.<\/p>\n\n\n\n<p>Para mayor comodidad e intimidad, la Business contar\u00e1 con una cortina m\u00f3vil que la separar\u00e1 del resto de la cabina y, a partir de enero de 2025, cada uno de los clientes de la Clase Ejecutiva tendr\u00e1 un asiento vac\u00edo a su lado.<\/p>\n\n\n\n<h2 class=\"wp-block-heading\"><strong>Un cabina m\u00e1s luminoso y elegante<\/strong><\/h2>\n\n\n\n<p>Al igual que el Airbus A220, la cabina del Embraer 190 presentar\u00e1 los colores caracter\u00edsticos de Air France: tonos azules, una fuerte presencia del blanco que aporta luz y contraste, y toques de rojo, que encarnan la excelencia y el saber hacer de la compa\u00f1\u00eda.<\/p>\n\n\n\n<h2 class=\"wp-block-heading\"><strong>Asientos m\u00e1s ligeros, dise\u00f1ados y fabricados en Francia<\/strong><\/h2>\n\n\n\n<p>Para dise\u00f1ar estos asientos, Air France se ha asociado con el fabricante franc\u00e9s Expliseat, trabajando con Andrea Mocellin, un dise\u00f1ador muy versado en el segmento de mercado de gama alta.<\/p>\n\n\n\n<p>Fabricada en fibra de carbono y titanio, la estructura del asiento es ultraligera y extremadamente resistente. Incorpora componentes reciclados y la menor cantidad de pl\u00e1stico posible.<\/p>\n\n\n\n<p>Cada asiento nuevo es un 30% m\u00e1s ligero que el modelo actual, lo que contribuye a reducir el peso total del avi\u00f3n para disminuir su consumo de combustible y sus emisiones de CO2.<\/p>\n\n\n\n<p>Estos asientos, dise\u00f1ados a medida seg\u00fan las especificaciones de la compa\u00f1\u00eda, se fabricar\u00e1n en Angers (Francia). El reacondicionamiento de los Embraer 190 comenzar\u00e1 en el centro de mantenimiento de HOP! en Clermont-Ferrand despu\u00e9s del verano.<\/p>\n\n\n\n<p><strong>Fuente: aviacionaldia.com<\/strong><\/p>\n","protected":false},"excerpt":{"rendered":"<p>(Aeronoticias): Este martes, en la Aircraft Interiors Expo de Hamburgo (Alemania),\u00a0Air France\u00a0revel\u00f3 en exclusiva las nuevas cabinas que se instalar\u00e1 pr\u00f3ximamente en todos los\u00a0Embraer 190\u00a0operados por su filial regional HOP! El primero de estos aviones renovados surcar\u00e1 los cielos en oto\u00f1o de 2024. La compa\u00f1\u00eda prosigue as\u00ed su ascenso en el mercado para estandarizar su [&hellip;]<\/p>\n","protected":false},"author":3,"featured_media":90320,"comment_status":"open","ping_status":"open","sticky":false,"template":"","format":"standard","meta":{"tdm_status":"","tdm_grid_status":"","footnotes":""},"categories":[32,34],"tags":[239,5190,5189],"class_list":{"0":"post-90319","1":"post","2":"type-post","3":"status-publish","4":"format-standard","5":"has-post-thumbnail","7":"category-internacional","8":"category-internacionales","9":"tag-air-france","10":"tag-aviones-embraer-190","11":"tag-nuevas-cabinas-de-flota"},"yoast_head":"<!-- This site is optimized with the Yoast SEO plugin v25.1 - https:\/\/yoast.com\/wordpress\/plugins\/seo\/ -->\n<title>Air France presenta las nuevas cabinas de su flota de aviones Embraer 190<\/title>\n<meta name=\"description\" content=\"Portal de noticias del Per\u00fa sobre el transporte a\u00e9reo, aviaci\u00f3n, turismo, hoteleria, actualidad.\" \/>\n<meta name=\"robots\" content=\"index, follow, max-snippet:-1, max-image-preview:large, max-video-preview:-1\" \/>\n<link rel=\"canonical\" href=\"https:\/\/aeronoticias.com.pe\/noticiero\/internacionales\/air-france-presenta-las-nuevas-cabinas-de-su-flota-de-aviones-embraer-190\/\" \/>\n<meta property=\"og:locale\" content=\"es_ES\" \/>\n<meta property=\"og:type\" content=\"article\" \/>\n<meta property=\"og:title\" content=\"Air France presenta las nuevas cabinas de su flota de aviones Embraer 190\" \/>\n<meta property=\"og:description\" content=\"Portal de noticias del Per\u00fa sobre el transporte a\u00e9reo, aviaci\u00f3n, turismo, hoteleria, actualidad.\" \/>\n<meta property=\"og:url\" content=\"https:\/\/aeronoticias.com.pe\/noticiero\/internacionales\/air-france-presenta-las-nuevas-cabinas-de-su-flota-de-aviones-embraer-190\/\" \/>\n<meta property=\"og:site_name\" content=\"Aeronoticias.com.pe\" \/>\n<meta property=\"article:publisher\" content=\"https:\/\/www.facebook.com\/Aeronoticias.com.pe\/\" \/>\n<meta property=\"article:published_time\" content=\"2024-05-29T14:46:51+00:00\" \/>\n<meta property=\"article:modified_time\" content=\"2024-05-29T14:46:57+00:00\" \/>\n<meta property=\"og:image\" content=\"https:\/\/aeronoticias.com.pe\/noticiero\/wp-content\/uploads\/2024\/05\/sillas.jpg\" \/>\n\t<meta property=\"og:image:width\" content=\"800\" \/>\n\t<meta property=\"og:image:height\" content=\"400\" \/>\n\t<meta property=\"og:image:type\" content=\"image\/jpeg\" \/>\n<meta name=\"author\" content=\"Redacci\u00f3n\" \/>\n<meta name=\"twitter:card\" content=\"summary_large_image\" \/>\n<meta name=\"twitter:creator\" content=\"@aeronoticias\" \/>\n<meta name=\"twitter:site\" content=\"@aeronoticias\" \/>\n<meta name=\"twitter:label1\" content=\"Escrito por\" \/>\n\t<meta name=\"twitter:data1\" content=\"Redacci\u00f3n\" \/>\n\t<meta name=\"twitter:label2\" content=\"Tiempo de lectura\" \/>\n\t<meta name=\"twitter:data2\" content=\"2 minutos\" \/>\n<script type=\"application\/ld+json\" class=\"yoast-schema-graph\">{\"@context\":\"https:\/\/schema.org\",\"@graph\":[{\"@type\":\"WebPage\",\"@id\":\"https:\/\/aeronoticias.com.pe\/noticiero\/internacionales\/air-france-presenta-las-nuevas-cabinas-de-su-flota-de-aviones-embraer-190\/\",\"url\":\"https:\/\/aeronoticias.com.pe\/noticiero\/internacionales\/air-france-presenta-las-nuevas-cabinas-de-su-flota-de-aviones-embraer-190\/\",\"name\":\"Air France presenta las nuevas cabinas de su flota de aviones Embraer 190\",\"isPartOf\":{\"@id\":\"https:\/\/aeronoticias.com.pe\/noticiero\/#website\"},\"primaryImageOfPage\":{\"@id\":\"https:\/\/aeronoticias.com.pe\/noticiero\/internacionales\/air-france-presenta-las-nuevas-cabinas-de-su-flota-de-aviones-embraer-190\/#primaryimage\"},\"image\":{\"@id\":\"https:\/\/aeronoticias.com.pe\/noticiero\/internacionales\/air-france-presenta-las-nuevas-cabinas-de-su-flota-de-aviones-embraer-190\/#primaryimage\"},\"thumbnailUrl\":\"https:\/\/aeronoticias.com.pe\/noticiero\/wp-content\/uploads\/2024\/05\/sillas.jpg\",\"datePublished\":\"2024-05-29T14:46:51+00:00\",\"dateModified\":\"2024-05-29T14:46:57+00:00\",\"author\":{\"@id\":\"https:\/\/aeronoticias.com.pe\/noticiero\/#\/schema\/person\/16212a617c73f78916b13194154243bd\"},\"description\":\"Portal de noticias del Per\u00fa sobre el transporte a\u00e9reo, aviaci\u00f3n, turismo, hoteleria, actualidad.\",\"breadcrumb\":{\"@id\":\"https:\/\/aeronoticias.com.pe\/noticiero\/internacionales\/air-france-presenta-las-nuevas-cabinas-de-su-flota-de-aviones-embraer-190\/#breadcrumb\"},\"inLanguage\":\"es\",\"potentialAction\":[{\"@type\":\"ReadAction\",\"target\":[\"https:\/\/aeronoticias.com.pe\/noticiero\/internacionales\/air-france-presenta-las-nuevas-cabinas-de-su-flota-de-aviones-embraer-190\/\"]}]},{\"@type\":\"ImageObject\",\"inLanguage\":\"es\",\"@id\":\"https:\/\/aeronoticias.com.pe\/noticiero\/internacionales\/air-france-presenta-las-nuevas-cabinas-de-su-flota-de-aviones-embraer-190\/#primaryimage\",\"url\":\"https:\/\/aeronoticias.com.pe\/noticiero\/wp-content\/uploads\/2024\/05\/sillas.jpg\",\"contentUrl\":\"https:\/\/aeronoticias.com.pe\/noticiero\/wp-content\/uploads\/2024\/05\/sillas.jpg\",\"width\":800,\"height\":400},{\"@type\":\"BreadcrumbList\",\"@id\":\"https:\/\/aeronoticias.com.pe\/noticiero\/internacionales\/air-france-presenta-las-nuevas-cabinas-de-su-flota-de-aviones-embraer-190\/#breadcrumb\",\"itemListElement\":[{\"@type\":\"ListItem\",\"position\":1,\"name\":\"Portada\",\"item\":\"https:\/\/aeronoticias.com.pe\/noticiero\/\"},{\"@type\":\"ListItem\",\"position\":2,\"name\":\"Air France presenta las nuevas cabinas de su flota de aviones Embraer 190\"}]},{\"@type\":\"WebSite\",\"@id\":\"https:\/\/aeronoticias.com.pe\/noticiero\/#website\",\"url\":\"https:\/\/aeronoticias.com.pe\/noticiero\/\",\"name\":\"Aeronoticias.com.pe\",\"description\":\"Noticias de tranporte aereo, turismo, hoteles, gastronomia, actualidad, internacional\",\"potentialAction\":[{\"@type\":\"SearchAction\",\"target\":{\"@type\":\"EntryPoint\",\"urlTemplate\":\"https:\/\/aeronoticias.com.pe\/noticiero\/?s={search_term_string}\"},\"query-input\":{\"@type\":\"PropertyValueSpecification\",\"valueRequired\":true,\"valueName\":\"search_term_string\"}}],\"inLanguage\":\"es\"},{\"@type\":\"Person\",\"@id\":\"https:\/\/aeronoticias.com.pe\/noticiero\/#\/schema\/person\/16212a617c73f78916b13194154243bd\",\"name\":\"Redacci\u00f3n\",\"sameAs\":[\"http:\/\/Redacci\u00f3n\"],\"url\":\"https:\/\/aeronoticias.com.pe\/noticiero\/author\/celeste\/\"}]}<\/script>\n<!-- \/ Yoast SEO plugin. -->","yoast_head_json":{"title":"Air France presenta las nuevas cabinas de su flota de aviones Embraer 190","description":"Portal de noticias del Per\u00fa sobre el transporte a\u00e9reo, aviaci\u00f3n, turismo, hoteleria, actualidad.","robots":{"index":"index","follow":"follow","max-snippet":"max-snippet:-1","max-image-preview":"max-image-preview:large","max-video-preview":"max-video-preview:-1"},"canonical":"https:\/\/aeronoticias.com.pe\/noticiero\/internacionales\/air-france-presenta-las-nuevas-cabinas-de-su-flota-de-aviones-embraer-190\/","og_locale":"es_ES","og_type":"article","og_title":"Air France presenta las nuevas cabinas de su flota de aviones Embraer 190","og_description":"Portal de noticias del Per\u00fa sobre el transporte a\u00e9reo, aviaci\u00f3n, turismo, hoteleria, actualidad.","og_url":"https:\/\/aeronoticias.com.pe\/noticiero\/internacionales\/air-france-presenta-las-nuevas-cabinas-de-su-flota-de-aviones-embraer-190\/","og_site_name":"Aeronoticias.com.pe","article_publisher":"https:\/\/www.facebook.com\/Aeronoticias.com.pe\/","article_published_time":"2024-05-29T14:46:51+00:00","article_modified_time":"2024-05-29T14:46:57+00:00","og_image":[{"width":800,"height":400,"url":"https:\/\/aeronoticias.com.pe\/noticiero\/wp-content\/uploads\/2024\/05\/sillas.jpg","type":"image\/jpeg"}],"author":"Redacci\u00f3n","twitter_card":"summary_large_image","twitter_creator":"@aeronoticias","twitter_site":"@aeronoticias","twitter_misc":{"Escrito por":"Redacci\u00f3n","Tiempo de lectura":"2 minutos"},"schema":{"@context":"https:\/\/schema.org","@graph":[{"@type":"WebPage","@id":"https:\/\/aeronoticias.com.pe\/noticiero\/internacionales\/air-france-presenta-las-nuevas-cabinas-de-su-flota-de-aviones-embraer-190\/","url":"https:\/\/aeronoticias.com.pe\/noticiero\/internacionales\/air-france-presenta-las-nuevas-cabinas-de-su-flota-de-aviones-embraer-190\/","name":"Air France presenta las nuevas cabinas de su flota de aviones Embraer 190","isPartOf":{"@id":"https:\/\/aeronoticias.com.pe\/noticiero\/#website"},"primaryImageOfPage":{"@id":"https:\/\/aeronoticias.com.pe\/noticiero\/internacionales\/air-france-presenta-las-nuevas-cabinas-de-su-flota-de-aviones-embraer-190\/#primaryimage"},"image":{"@id":"https:\/\/aeronoticias.com.pe\/noticiero\/internacionales\/air-france-presenta-las-nuevas-cabinas-de-su-flota-de-aviones-embraer-190\/#primaryimage"},"thumbnailUrl":"https:\/\/aeronoticias.com.pe\/noticiero\/wp-content\/uploads\/2024\/05\/sillas.jpg","datePublished":"2024-05-29T14:46:51+00:00","dateModified":"2024-05-29T14:46:57+00:00","author":{"@id":"https:\/\/aeronoticias.com.pe\/noticiero\/#\/schema\/person\/16212a617c73f78916b13194154243bd"},"description":"Portal de noticias del Per\u00fa sobre el transporte a\u00e9reo, aviaci\u00f3n, turismo, hoteleria, actualidad.","breadcrumb":{"@id":"https:\/\/aeronoticias.com.pe\/noticiero\/internacionales\/air-france-presenta-las-nuevas-cabinas-de-su-flota-de-aviones-embraer-190\/#breadcrumb"},"inLanguage":"es","potentialAction":[{"@type":"ReadAction","target":["https:\/\/aeronoticias.com.pe\/noticiero\/internacionales\/air-france-presenta-las-nuevas-cabinas-de-su-flota-de-aviones-embraer-190\/"]}]},{"@type":"ImageObject","inLanguage":"es","@id":"https:\/\/aeronoticias.com.pe\/noticiero\/internacionales\/air-france-presenta-las-nuevas-cabinas-de-su-flota-de-aviones-embraer-190\/#primaryimage","url":"https:\/\/aeronoticias.com.pe\/noticiero\/wp-content\/uploads\/2024\/05\/sillas.jpg","contentUrl":"https:\/\/aeronoticias.com.pe\/noticiero\/wp-content\/uploads\/2024\/05\/sillas.jpg","width":800,"height":400},{"@type":"BreadcrumbList","@id":"https:\/\/aeronoticias.com.pe\/noticiero\/internacionales\/air-france-presenta-las-nuevas-cabinas-de-su-flota-de-aviones-embraer-190\/#breadcrumb","itemListElement":[{"@type":"ListItem","position":1,"name":"Portada","item":"https:\/\/aeronoticias.com.pe\/noticiero\/"},{"@type":"ListItem","position":2,"name":"Air France presenta las nuevas cabinas de su flota de aviones Embraer 190"}]},{"@type":"WebSite","@id":"https:\/\/aeronoticias.com.pe\/noticiero\/#website","url":"https:\/\/aeronoticias.com.pe\/noticiero\/","name":"Aeronoticias.com.pe","description":"Noticias de tranporte aereo, turismo, hoteles, gastronomia, actualidad, internacional","potentialAction":[{"@type":"SearchAction","target":{"@type":"EntryPoint","urlTemplate":"https:\/\/aeronoticias.com.pe\/noticiero\/?s={search_term_string}"},"query-input":{"@type":"PropertyValueSpecification","valueRequired":true,"valueName":"search_term_string"}}],"inLanguage":"es"},{"@type":"Person","@id":"https:\/\/aeronoticias.com.pe\/noticiero\/#\/schema\/person\/16212a617c73f78916b13194154243bd","name":"Redacci\u00f3n","sameAs":["http:\/\/Redacci\u00f3n"],"url":"https:\/\/aeronoticias.com.pe\/noticiero\/author\/celeste\/"}]}},"_links":{"self":[{"href":"https:\/\/aeronoticias.com.pe\/noticiero\/wp-json\/wp\/v2\/posts\/90319","targetHints":{"allow":["GET"]}}],"collection":[{"href":"https:\/\/aeronoticias.com.pe\/noticiero\/wp-json\/wp\/v2\/posts"}],"about":[{"href":"https:\/\/aeronoticias.com.pe\/noticiero\/wp-json\/wp\/v2\/types\/post"}],"author":[{"embeddable":true,"href":"https:\/\/aeronoticias.com.pe\/noticiero\/wp-json\/wp\/v2\/users\/3"}],"replies":[{"embeddable":true,"href":"https:\/\/aeronoticias.com.pe\/noticiero\/wp-json\/wp\/v2\/comments?post=90319"}],"version-history":[{"count":0,"href":"https:\/\/aeronoticias.com.pe\/noticiero\/wp-json\/wp\/v2\/posts\/90319\/revisions"}],"wp:featuredmedia":[{"embeddable":true,"href":"https:\/\/aeronoticias.com.pe\/noticiero\/wp-json\/wp\/v2\/media\/90320"}],"wp:attachment":[{"href":"https:\/\/aeronoticias.com.pe\/noticiero\/wp-json\/wp\/v2\/media?parent=90319"}],"wp:term":[{"taxonomy":"category","embeddable":true,"href":"https:\/\/aeronoticias.com.pe\/noticiero\/wp-json\/wp\/v2\/categories?post=90319"},{"taxonomy":"post_tag","embeddable":true,"href":"https:\/\/aeronoticias.com.pe\/noticiero\/wp-json\/wp\/v2\/tags?post=90319"}],"curies":[{"name":"wp","href":"https:\/\/api.w.org\/{rel}","templated":true}]}}