{"id":90322,"date":"2024-05-29T10:14:21","date_gmt":"2024-05-29T15:14:21","guid":{"rendered":"https:\/\/aeronoticias.com.pe\/noticiero\/?p=90322"},"modified":"2024-05-29T10:14:28","modified_gmt":"2024-05-29T15:14:28","slug":"crece-8-el-trafico-de-pasajeros-en-latinoamerica-y-el-caribe-alta","status":"publish","type":"post","link":"https:\/\/aeronoticias.com.pe\/noticiero\/ultimas\/1\/crece-8-el-trafico-de-pasajeros-en-latinoamerica-y-el-caribe-alta\/","title":{"rendered":"Crece 8% el tr\u00e1fico de pasajeros en Latinoam\u00e9rica y el Caribe: ALTA"},"content":{"rendered":"\n<p><strong>(Aeronoticias)<\/strong>: El tr\u00e1fico de pasajeros en Latinoam\u00e9rica y el Caribe registr\u00f3 en marzo un crecimiento del 8% respecto al mismo mes de 2023; de esta manera 41.1 millones de usuarios fueron transportados por v\u00eda a\u00e9rea en, desde y hacia Latinoam\u00e9rica y el Caribe, lo que representa 3.05 millones adicionales, indic\u00f3 la Asociaci\u00f3n Latinoamericana y del Caribe de Transporte A\u00e9reo (ALTA).<\/p>\n\n\n\n<p>En su Reporte del Tr\u00e1fico de Pasajeros de Am\u00e9rica Latina y el Caribe de marzo de 2024, ALTA se\u00f1al\u00f3 que Brasil, Colombia y Per\u00fa fueron claves en este crecimiento, aportando 1.5 millones de pasajeros adicionales; de este grupo, Colombia fue el principal impulsor, contribuyendo con el 26% del aumento total.<\/p>\n\n\n\n<p>Del incremento total, 1.8 millones de pasajeros (59%) pertenecieron al segmento extrarregional, que totaliz\u00f3 15.8 millones, creciendo 13% respecto al a\u00f1o anterior. Este aumento fue liderado por M\u00e9xico-Estados Unidos y Rep\u00fablica Dominicana-Canad\u00e1, con crecimientos del 13% y 38%, respectivamente.<\/p>\n\n\n\n<p>El segmento intrarregional mostr\u00f3 el mayor aumento, con casi 20% m\u00e1s pasajeros que en 2023, destacando el tr\u00e1fico entre Brasil y Chile (+86%) y Argentina y Brasil (+31%). El tr\u00e1fico dom\u00e9stico registr\u00f3 un alza del 2.4%, alcanzando los 20.7 millones de pasajeros, mientras que el mercado internacional creci\u00f3 un 14% con 20.4 millones de viajeros.<\/p>\n\n\n\n<p>En el primer trimestre del a\u00f1o, el tr\u00e1fico acumulado aument\u00f3 9% con 10 millones de pasajeros m\u00e1s que en el mismo per\u00edodo del a\u00f1o anterior. La demanda total, medida en pasajeros-kil\u00f3metro transportados (RPK), subi\u00f3 11%, con el segmento intrarregional destacando con un incremento del 20.6%. La oferta, medida en asientos-kil\u00f3metro disponibles (ASK), creci\u00f3 8.1%, siendo el sector intrarregional el m\u00e1s destacado con un aumento del 16%.<\/p>\n\n\n\n<p>El factor de ocupaci\u00f3n total alcanz\u00f3 el 82.8%, un incremento de 1.3 puntos porcentuales en comparaci\u00f3n con marzo de 2023. Los vuelos dom\u00e9sticos tuvieron un factor de ocupaci\u00f3n del 82.3%, mientras que los vuelos intrarregionales y extrarregionales registraron 80.6% y 84.6%, respectivamente.<\/p>\n\n\n\n<p>En marzo de 2024, Brasil registr\u00f3 un movimiento de 7.5 millones de pasajeros, lo que representa un aumento del 1% en comparaci\u00f3n con el mismo per\u00edodo del a\u00f1o anterior.<\/p>\n\n\n\n<p>En Colombia, el tr\u00e1fico de pasajeros dom\u00e9sticos creci\u00f3 9.3%, alcanzando un total de 2.6 millones de pasajeros. La ruta Bogot\u00e1-Pereira destac\u00f3 con un aumento del 58%, registrando 1.264 frecuencias en marzo.<\/p>\n\n\n\n<p>Durante este mes, el pa\u00eds experiment\u00f3 un aumento significativo en la capacidad de asientos en el mercado dom\u00e9stico, particularmente durante la semana del 18 al 23 de marzo, donde se desplegaron 926,009 asientos y se realizaron 5,744 vuelos dom\u00e9sticos, superando el r\u00e9cord de la semana 41 de 2022.<\/p>\n\n\n\n<p>En M\u00e9xico, el tr\u00e1fico dom\u00e9stico disminuy\u00f3 7%, totalizando 4.9 millones de pasajeros, lo que representa 351,900 pasajeros menos que en 2023. Este descenso se debi\u00f3 principalmente a la reducci\u00f3n de la capacidad operativa, causada por inspecciones de motores en algunos aviones y la disminuci\u00f3n de operaciones en el Aeropuerto Internacional de la Ciudad de M\u00e9xico (AICM). A pesar de estos desaf\u00edos, la ruta AIFA-Canc\u00fan registr\u00f3 un crecimiento del 56%.<\/p>\n\n\n\n<p>Argentina mostr\u00f3 un crecimiento moderado del 1% en su mercado dom\u00e9stico, transportando a 1.4 millones de viajeros, mientras que Chile exhibi\u00f3 un aumento del 6%, alcanzando 1.3 millones de pasajeros. Panam\u00e1 registr\u00f3 un crecimiento del 52% en su tr\u00e1fico dom\u00e9stico, con 32,400 pasajeros, destac\u00e1ndose el incremento del 76% en vuelos en la ruta de Bocas del Toro (BOC) a Panam\u00e1 (PTY).<\/p>\n\n\n\n<p>Venezuela registr\u00f3 un incremento del 30% en su tr\u00e1fico dom\u00e9stico, transportando a 188,500 pasajeros, principalmente impulsado por el crecimiento en vuelos de la ruta Matur\u00edn-Porlamar.<\/p>\n\n\n\n<p>En marzo de 2024, Colombia experiment\u00f3 un importante crecimiento del 32.3% en el tr\u00e1fico a\u00e9reo internacional, transportando un total de 1.8 millones de pasajeros. Este aumento se tradujo en 461.061 pasajeros adicionales.<\/p>\n\n\n\n<p>Brasil vio un incremento significativo del 22%, registrando 2.01 millones de pasajeros transportados durante el mes de marzo. El tr\u00e1fico hacia Chile creci\u00f3 81% y se convirti\u00f3 en el par de pa\u00edses m\u00e1s importante en el segmento intrarregional despu\u00e9s de Brasil-Argentina (+18%). La Rep\u00fablica Dominicana increment\u00f3 su tr\u00e1fico internacional 13%, alcanzando 1.8 millones de pasajeros.<\/p>\n\n\n\n<p>M\u00e9xico experiment\u00f3 un aumento del 12% en los pasajeros internacionales, llegando a 5.6 millones. Este mes destac\u00f3 la ruta Guadalajara (GDL)-Houston (IAH) y los vuelos hacia Cuba y la Rep\u00fablica Dominicana que tuvieron incrementos del 54%, 56% y 46%, respectivamente.<\/p>\n\n\n\n<p>Argentina registr\u00f3 un aumento del 17% en el tr\u00e1fico internacional con 1.1 millones de pasajeros. Las rutas hacia M\u00e9xico y las conexiones entre Aeroparque (AEP) &#8211; Asunci\u00f3n (ASU) mostraron crecimientos del 39% y 41%, respectivamente.<\/p>\n\n\n\n<p>Chile, con un crecimiento del 24%, alcanz\u00f3 978.4 mil pasajeros. Venezuela lider\u00f3 el crecimiento internacional con 68%, destacando el notable incremento del 89% en vuelos hacia Colombia.<\/p>\n\n\n\n<p>Por otra parte, durante abril, el precio promedio del jet fuel fue de 111.13 d\u00f3lares por barril, alcanzando un m\u00e1ximo de 115.25 d\u00f3lares. Esto represent\u00f3 un aumento del 2% con respecto al mes anterior y un incremento del 9% en comparaci\u00f3n con abril del a\u00f1o anterior, cuando fue de 102.1 d\u00f3lares.<\/p>\n\n\n\n<p>En el mismo per\u00edodo, el precio del barril de Combustible Sostenible de Aviaci\u00f3n (SAF) fue casi el doble que el del combustible regular, con un promedio mensual de 183.24 d\u00f3lares por barril. A pesar de esto, el precio del SAF mostr\u00f3 una reducci\u00f3n del 18% con respecto a abril de 2023 y se ubic\u00f3 un 2% por debajo en comparaci\u00f3n con marzo de 2024.<\/p>\n\n\n\n<p><strong>Fuente: A21.com.mx<\/strong><\/p>\n","protected":false},"excerpt":{"rendered":"<p>(Aeronoticias): El tr\u00e1fico de pasajeros en Latinoam\u00e9rica y el Caribe registr\u00f3 en marzo un crecimiento del 8% respecto al mismo mes de 2023; de esta manera 41.1 millones de usuarios fueron transportados por v\u00eda a\u00e9rea en, desde y hacia Latinoam\u00e9rica y el Caribe, lo que representa 3.05 millones adicionales, indic\u00f3 la Asociaci\u00f3n Latinoamericana y del [&hellip;]<\/p>\n","protected":false},"author":3,"featured_media":90323,"comment_status":"open","ping_status":"open","sticky":false,"template":"","format":"standard","meta":{"tdm_status":"","tdm_grid_status":"","footnotes":""},"categories":[8,30],"tags":[1034,791],"class_list":{"0":"post-90322","1":"post","2":"type-post","3":"status-publish","4":"format-standard","5":"has-post-thumbnail","7":"category-ultimas","8":"category-30","9":"tag-alta","10":"tag-transporte-aereo"},"yoast_head":"<!-- This site is optimized with the Yoast SEO plugin v25.1 - https:\/\/yoast.com\/wordpress\/plugins\/seo\/ -->\n<title>Crece 8% el tr\u00e1fico de pasajeros en Latinoam\u00e9rica y el Caribe: ALTA<\/title>\n<meta name=\"description\" content=\"EN M\u00c9XICO, DISMINUY\u00d3 7% EN MARZO, TOTALIZANDO 4.9 MILLONES DE PASAJEROS, LO QUE REPRESENTA 351,900 VIAJEROS MENOS QUE EN EL MISMO MES DE 2023.\" \/>\n<meta name=\"robots\" content=\"index, follow, max-snippet:-1, max-image-preview:large, max-video-preview:-1\" \/>\n<link rel=\"canonical\" href=\"https:\/\/aeronoticias.com.pe\/noticiero\/ultimas\/1\/crece-8-el-trafico-de-pasajeros-en-latinoamerica-y-el-caribe-alta\/\" \/>\n<meta property=\"og:locale\" content=\"es_ES\" \/>\n<meta property=\"og:type\" content=\"article\" \/>\n<meta property=\"og:title\" content=\"Crece 8% el tr\u00e1fico de pasajeros en Latinoam\u00e9rica y el Caribe: ALTA\" \/>\n<meta property=\"og:description\" content=\"EN M\u00c9XICO, DISMINUY\u00d3 7% EN MARZO, TOTALIZANDO 4.9 MILLONES DE PASAJEROS, LO QUE REPRESENTA 351,900 VIAJEROS MENOS QUE EN EL MISMO MES DE 2023.\" \/>\n<meta property=\"og:url\" content=\"https:\/\/aeronoticias.com.pe\/noticiero\/ultimas\/1\/crece-8-el-trafico-de-pasajeros-en-latinoamerica-y-el-caribe-alta\/\" \/>\n<meta property=\"og:site_name\" content=\"Aeronoticias.com.pe\" \/>\n<meta property=\"article:publisher\" content=\"https:\/\/www.facebook.com\/Aeronoticias.com.pe\/\" \/>\n<meta property=\"article:published_time\" content=\"2024-05-29T15:14:21+00:00\" \/>\n<meta property=\"article:modified_time\" content=\"2024-05-29T15:14:28+00:00\" \/>\n<meta property=\"og:image\" content=\"https:\/\/aeronoticias.com.pe\/noticiero\/wp-content\/uploads\/2024\/05\/maletas.jpg\" \/>\n\t<meta property=\"og:image:width\" content=\"1600\" \/>\n\t<meta property=\"og:image:height\" content=\"900\" \/>\n\t<meta property=\"og:image:type\" content=\"image\/jpeg\" \/>\n<meta name=\"author\" content=\"Redacci\u00f3n\" \/>\n<meta name=\"twitter:card\" content=\"summary_large_image\" \/>\n<meta name=\"twitter:creator\" content=\"@aeronoticias\" \/>\n<meta name=\"twitter:site\" content=\"@aeronoticias\" \/>\n<meta name=\"twitter:label1\" content=\"Escrito por\" \/>\n\t<meta name=\"twitter:data1\" content=\"Redacci\u00f3n\" \/>\n\t<meta name=\"twitter:label2\" content=\"Tiempo de lectura\" \/>\n\t<meta name=\"twitter:data2\" content=\"4 minutos\" \/>\n<script type=\"application\/ld+json\" class=\"yoast-schema-graph\">{\"@context\":\"https:\/\/schema.org\",\"@graph\":[{\"@type\":\"WebPage\",\"@id\":\"https:\/\/aeronoticias.com.pe\/noticiero\/ultimas\/1\/crece-8-el-trafico-de-pasajeros-en-latinoamerica-y-el-caribe-alta\/\",\"url\":\"https:\/\/aeronoticias.com.pe\/noticiero\/ultimas\/1\/crece-8-el-trafico-de-pasajeros-en-latinoamerica-y-el-caribe-alta\/\",\"name\":\"Crece 8% el tr\u00e1fico de pasajeros en Latinoam\u00e9rica y el Caribe: ALTA\",\"isPartOf\":{\"@id\":\"https:\/\/aeronoticias.com.pe\/noticiero\/#website\"},\"primaryImageOfPage\":{\"@id\":\"https:\/\/aeronoticias.com.pe\/noticiero\/ultimas\/1\/crece-8-el-trafico-de-pasajeros-en-latinoamerica-y-el-caribe-alta\/#primaryimage\"},\"image\":{\"@id\":\"https:\/\/aeronoticias.com.pe\/noticiero\/ultimas\/1\/crece-8-el-trafico-de-pasajeros-en-latinoamerica-y-el-caribe-alta\/#primaryimage\"},\"thumbnailUrl\":\"https:\/\/aeronoticias.com.pe\/noticiero\/wp-content\/uploads\/2024\/05\/maletas.jpg\",\"datePublished\":\"2024-05-29T15:14:21+00:00\",\"dateModified\":\"2024-05-29T15:14:28+00:00\",\"author\":{\"@id\":\"https:\/\/aeronoticias.com.pe\/noticiero\/#\/schema\/person\/16212a617c73f78916b13194154243bd\"},\"description\":\"EN M\u00c9XICO, DISMINUY\u00d3 7% EN MARZO, TOTALIZANDO 4.9 MILLONES DE PASAJEROS, LO QUE REPRESENTA 351,900 VIAJEROS MENOS QUE EN EL MISMO MES DE 2023.\",\"breadcrumb\":{\"@id\":\"https:\/\/aeronoticias.com.pe\/noticiero\/ultimas\/1\/crece-8-el-trafico-de-pasajeros-en-latinoamerica-y-el-caribe-alta\/#breadcrumb\"},\"inLanguage\":\"es\",\"potentialAction\":[{\"@type\":\"ReadAction\",\"target\":[\"https:\/\/aeronoticias.com.pe\/noticiero\/ultimas\/1\/crece-8-el-trafico-de-pasajeros-en-latinoamerica-y-el-caribe-alta\/\"]}]},{\"@type\":\"ImageObject\",\"inLanguage\":\"es\",\"@id\":\"https:\/\/aeronoticias.com.pe\/noticiero\/ultimas\/1\/crece-8-el-trafico-de-pasajeros-en-latinoamerica-y-el-caribe-alta\/#primaryimage\",\"url\":\"https:\/\/aeronoticias.com.pe\/noticiero\/wp-content\/uploads\/2024\/05\/maletas.jpg\",\"contentUrl\":\"https:\/\/aeronoticias.com.pe\/noticiero\/wp-content\/uploads\/2024\/05\/maletas.jpg\",\"width\":1600,\"height\":900},{\"@type\":\"BreadcrumbList\",\"@id\":\"https:\/\/aeronoticias.com.pe\/noticiero\/ultimas\/1\/crece-8-el-trafico-de-pasajeros-en-latinoamerica-y-el-caribe-alta\/#breadcrumb\",\"itemListElement\":[{\"@type\":\"ListItem\",\"position\":1,\"name\":\"Portada\",\"item\":\"https:\/\/aeronoticias.com.pe\/noticiero\/\"},{\"@type\":\"ListItem\",\"position\":2,\"name\":\"Crece 8% el tr\u00e1fico de pasajeros en Latinoam\u00e9rica y el Caribe: ALTA\"}]},{\"@type\":\"WebSite\",\"@id\":\"https:\/\/aeronoticias.com.pe\/noticiero\/#website\",\"url\":\"https:\/\/aeronoticias.com.pe\/noticiero\/\",\"name\":\"Aeronoticias.com.pe\",\"description\":\"Noticias de tranporte aereo, turismo, hoteles, gastronomia, actualidad, internacional\",\"potentialAction\":[{\"@type\":\"SearchAction\",\"target\":{\"@type\":\"EntryPoint\",\"urlTemplate\":\"https:\/\/aeronoticias.com.pe\/noticiero\/?s={search_term_string}\"},\"query-input\":{\"@type\":\"PropertyValueSpecification\",\"valueRequired\":true,\"valueName\":\"search_term_string\"}}],\"inLanguage\":\"es\"},{\"@type\":\"Person\",\"@id\":\"https:\/\/aeronoticias.com.pe\/noticiero\/#\/schema\/person\/16212a617c73f78916b13194154243bd\",\"name\":\"Redacci\u00f3n\",\"sameAs\":[\"http:\/\/Redacci\u00f3n\"],\"url\":\"https:\/\/aeronoticias.com.pe\/noticiero\/author\/celeste\/\"}]}<\/script>\n<!-- \/ Yoast SEO plugin. -->","yoast_head_json":{"title":"Crece 8% el tr\u00e1fico de pasajeros en Latinoam\u00e9rica y el Caribe: ALTA","description":"EN M\u00c9XICO, DISMINUY\u00d3 7% EN MARZO, TOTALIZANDO 4.9 MILLONES DE PASAJEROS, LO QUE REPRESENTA 351,900 VIAJEROS MENOS QUE EN EL MISMO MES DE 2023.","robots":{"index":"index","follow":"follow","max-snippet":"max-snippet:-1","max-image-preview":"max-image-preview:large","max-video-preview":"max-video-preview:-1"},"canonical":"https:\/\/aeronoticias.com.pe\/noticiero\/ultimas\/1\/crece-8-el-trafico-de-pasajeros-en-latinoamerica-y-el-caribe-alta\/","og_locale":"es_ES","og_type":"article","og_title":"Crece 8% el tr\u00e1fico de pasajeros en Latinoam\u00e9rica y el Caribe: ALTA","og_description":"EN M\u00c9XICO, DISMINUY\u00d3 7% EN MARZO, TOTALIZANDO 4.9 MILLONES DE PASAJEROS, LO QUE REPRESENTA 351,900 VIAJEROS MENOS QUE EN EL MISMO MES DE 2023.","og_url":"https:\/\/aeronoticias.com.pe\/noticiero\/ultimas\/1\/crece-8-el-trafico-de-pasajeros-en-latinoamerica-y-el-caribe-alta\/","og_site_name":"Aeronoticias.com.pe","article_publisher":"https:\/\/www.facebook.com\/Aeronoticias.com.pe\/","article_published_time":"2024-05-29T15:14:21+00:00","article_modified_time":"2024-05-29T15:14:28+00:00","og_image":[{"width":1600,"height":900,"url":"https:\/\/aeronoticias.com.pe\/noticiero\/wp-content\/uploads\/2024\/05\/maletas.jpg","type":"image\/jpeg"}],"author":"Redacci\u00f3n","twitter_card":"summary_large_image","twitter_creator":"@aeronoticias","twitter_site":"@aeronoticias","twitter_misc":{"Escrito por":"Redacci\u00f3n","Tiempo de lectura":"4 minutos"},"schema":{"@context":"https:\/\/schema.org","@graph":[{"@type":"WebPage","@id":"https:\/\/aeronoticias.com.pe\/noticiero\/ultimas\/1\/crece-8-el-trafico-de-pasajeros-en-latinoamerica-y-el-caribe-alta\/","url":"https:\/\/aeronoticias.com.pe\/noticiero\/ultimas\/1\/crece-8-el-trafico-de-pasajeros-en-latinoamerica-y-el-caribe-alta\/","name":"Crece 8% el tr\u00e1fico de pasajeros en Latinoam\u00e9rica y el Caribe: ALTA","isPartOf":{"@id":"https:\/\/aeronoticias.com.pe\/noticiero\/#website"},"primaryImageOfPage":{"@id":"https:\/\/aeronoticias.com.pe\/noticiero\/ultimas\/1\/crece-8-el-trafico-de-pasajeros-en-latinoamerica-y-el-caribe-alta\/#primaryimage"},"image":{"@id":"https:\/\/aeronoticias.com.pe\/noticiero\/ultimas\/1\/crece-8-el-trafico-de-pasajeros-en-latinoamerica-y-el-caribe-alta\/#primaryimage"},"thumbnailUrl":"https:\/\/aeronoticias.com.pe\/noticiero\/wp-content\/uploads\/2024\/05\/maletas.jpg","datePublished":"2024-05-29T15:14:21+00:00","dateModified":"2024-05-29T15:14:28+00:00","author":{"@id":"https:\/\/aeronoticias.com.pe\/noticiero\/#\/schema\/person\/16212a617c73f78916b13194154243bd"},"description":"EN M\u00c9XICO, DISMINUY\u00d3 7% EN MARZO, TOTALIZANDO 4.9 MILLONES DE PASAJEROS, LO QUE REPRESENTA 351,900 VIAJEROS MENOS QUE EN EL MISMO MES DE 2023.","breadcrumb":{"@id":"https:\/\/aeronoticias.com.pe\/noticiero\/ultimas\/1\/crece-8-el-trafico-de-pasajeros-en-latinoamerica-y-el-caribe-alta\/#breadcrumb"},"inLanguage":"es","potentialAction":[{"@type":"ReadAction","target":["https:\/\/aeronoticias.com.pe\/noticiero\/ultimas\/1\/crece-8-el-trafico-de-pasajeros-en-latinoamerica-y-el-caribe-alta\/"]}]},{"@type":"ImageObject","inLanguage":"es","@id":"https:\/\/aeronoticias.com.pe\/noticiero\/ultimas\/1\/crece-8-el-trafico-de-pasajeros-en-latinoamerica-y-el-caribe-alta\/#primaryimage","url":"https:\/\/aeronoticias.com.pe\/noticiero\/wp-content\/uploads\/2024\/05\/maletas.jpg","contentUrl":"https:\/\/aeronoticias.com.pe\/noticiero\/wp-content\/uploads\/2024\/05\/maletas.jpg","width":1600,"height":900},{"@type":"BreadcrumbList","@id":"https:\/\/aeronoticias.com.pe\/noticiero\/ultimas\/1\/crece-8-el-trafico-de-pasajeros-en-latinoamerica-y-el-caribe-alta\/#breadcrumb","itemListElement":[{"@type":"ListItem","position":1,"name":"Portada","item":"https:\/\/aeronoticias.com.pe\/noticiero\/"},{"@type":"ListItem","position":2,"name":"Crece 8% el tr\u00e1fico de pasajeros en Latinoam\u00e9rica y el Caribe: ALTA"}]},{"@type":"WebSite","@id":"https:\/\/aeronoticias.com.pe\/noticiero\/#website","url":"https:\/\/aeronoticias.com.pe\/noticiero\/","name":"Aeronoticias.com.pe","description":"Noticias de tranporte aereo, turismo, hoteles, gastronomia, actualidad, internacional","potentialAction":[{"@type":"SearchAction","target":{"@type":"EntryPoint","urlTemplate":"https:\/\/aeronoticias.com.pe\/noticiero\/?s={search_term_string}"},"query-input":{"@type":"PropertyValueSpecification","valueRequired":true,"valueName":"search_term_string"}}],"inLanguage":"es"},{"@type":"Person","@id":"https:\/\/aeronoticias.com.pe\/noticiero\/#\/schema\/person\/16212a617c73f78916b13194154243bd","name":"Redacci\u00f3n","sameAs":["http:\/\/Redacci\u00f3n"],"url":"https:\/\/aeronoticias.com.pe\/noticiero\/author\/celeste\/"}]}},"_links":{"self":[{"href":"https:\/\/aeronoticias.com.pe\/noticiero\/wp-json\/wp\/v2\/posts\/90322","targetHints":{"allow":["GET"]}}],"collection":[{"href":"https:\/\/aeronoticias.com.pe\/noticiero\/wp-json\/wp\/v2\/posts"}],"about":[{"href":"https:\/\/aeronoticias.com.pe\/noticiero\/wp-json\/wp\/v2\/types\/post"}],"author":[{"embeddable":true,"href":"https:\/\/aeronoticias.com.pe\/noticiero\/wp-json\/wp\/v2\/users\/3"}],"replies":[{"embeddable":true,"href":"https:\/\/aeronoticias.com.pe\/noticiero\/wp-json\/wp\/v2\/comments?post=90322"}],"version-history":[{"count":0,"href":"https:\/\/aeronoticias.com.pe\/noticiero\/wp-json\/wp\/v2\/posts\/90322\/revisions"}],"wp:featuredmedia":[{"embeddable":true,"href":"https:\/\/aeronoticias.com.pe\/noticiero\/wp-json\/wp\/v2\/media\/90323"}],"wp:attachment":[{"href":"https:\/\/aeronoticias.com.pe\/noticiero\/wp-json\/wp\/v2\/media?parent=90322"}],"wp:term":[{"taxonomy":"category","embeddable":true,"href":"https:\/\/aeronoticias.com.pe\/noticiero\/wp-json\/wp\/v2\/categories?post=90322"},{"taxonomy":"post_tag","embeddable":true,"href":"https:\/\/aeronoticias.com.pe\/noticiero\/wp-json\/wp\/v2\/tags?post=90322"}],"curies":[{"name":"wp","href":"https:\/\/api.w.org\/{rel}","templated":true}]}}