{"id":90387,"date":"2024-06-06T12:27:12","date_gmt":"2024-06-06T17:27:12","guid":{"rendered":"https:\/\/aeronoticias.com.pe\/noticiero\/?p=90387"},"modified":"2024-06-06T12:27:19","modified_gmt":"2024-06-06T17:27:19","slug":"emirates-de-dubai-ve-posibilidad-de-nuevos-destinos-en-latinoamerica","status":"publish","type":"post","link":"https:\/\/aeronoticias.com.pe\/noticiero\/mundo\/mundo-mundo\/emirates-de-dubai-ve-posibilidad-de-nuevos-destinos-en-latinoamerica\/","title":{"rendered":"Emirates de Dubai ve posibilidad de nuevos destinos en Latinoam\u00e9rica"},"content":{"rendered":"\n<p><strong>(Aeronoticias)<\/strong>: El presidente de Emirates,\u00a0<strong>Tim Clark,\u00a0<\/strong>manifest\u00f3 que la compa\u00f1\u00eda podr\u00e1 tener una nueva etapa de\u00a0<strong>expansi\u00f3n\u00a0<\/strong>en<strong>\u00a0Latinoam\u00e9rica<\/strong>, \u00abconsiderando llegada de nuevas aeronaves como los\u00a0<strong>Airbus A350-900<\/strong>\u00a0y los\u00a0<strong>Boeing 787<\/strong>, se abren nuevas\u00a0<strong>oportunidades<\/strong>\u00ab<\/p>\n\n\n\n<p>Cuando a Clark se le pregunt\u00f3 respecto a la expansi\u00f3n en mercados existentes y nuevos adelant\u00f3 que los pa\u00edses de Latinoam\u00e9rica est\u00e1n en los planes de&nbsp;<strong>Emirates.<\/strong>&nbsp;Apostando por su modelo&nbsp;y l\u00ednea a\u00e9rea global, la regi\u00f3n podr\u00eda tener nuevos enlaces con Dubai. \u201cS\u00ed, claro\u201d, coment\u00f3 Clark a<a href=\"http:\/\/-%20https\/\/aero-naves.com\/2024\/06\/04\/presidente-de-emirates-adelanta-posibilidad-de-nuevos-destinos-en-latinoamerica\/\"><em><strong>&nbsp;Aero-Naves<\/strong><\/em><\/a>.<\/p>\n\n\n\n<p>\u201cDefinitivamente, Latinoam\u00e9rica est\u00e1 en nuestros planes. No voy a adelantar exactamente<strong>&nbsp;d\u00f3nde<\/strong>, pero s\u00ed estamos yendo y vamos a seguir viajando\u201d. Sus comentarios los realiz\u00f3 en el marco de la<strong>&nbsp;Asamblea General&nbsp;<\/strong>de la&nbsp;<strong>Asociaci\u00f3n de Transporte A\u00e9reo Internacional&nbsp;<\/strong>(IATA) que concluy\u00f3 este martes en&nbsp;<strong>Dubai.<\/strong><\/p>\n\n\n\n<p>La asamblea coincidi\u00f3&nbsp;con el aterrizaje de Emirates en&nbsp;<strong>Bogot\u00e1,&nbsp;<\/strong>su nuevo destino en&nbsp;<strong>Sudam\u00e9rica<\/strong>, en la que podr\u00eda ser la primera ruta de otras que la l\u00ednea a\u00e9rea tenga en la regi\u00f3n. La capital de&nbsp;<strong>Colombia<\/strong>&nbsp;pasa ser el cuarto destino de Emirates en Latinoam\u00e9rica, tras Sao Paulo (GRU), R\u00edo de Janeiro (GIG) y&nbsp;<strong>Buenos Aires<\/strong>&nbsp;(EZE). En estas dos \u00faltimas ciudades tiene contemplado aumentar a cinco sus vuelos semanales para&nbsp;<strong>fin de a\u00f1o<\/strong>.<\/p>\n\n\n\n<p><strong>Santiago<\/strong>&nbsp;es el \u00fanico destino que, por el momento, no est\u00e1 en los planes. Sin embargo, no se descarta que en un&nbsp;<strong>futuro&nbsp;<\/strong>exista esa posibilidad considerando&nbsp; la incorporaci\u00f3n de&nbsp;<strong>aviones<\/strong>&nbsp;de menor&nbsp;<strong>capacidad,<\/strong>&nbsp;que tambi\u00e9n cuentan con prestaciones para volar rutas de larga distancia.<\/p>\n\n\n\n<p>Emirates incorporar\u00e1 a su flota&nbsp;su primer&nbsp;<strong>Airbus A350-900<\/strong>, el primer modelo con capacidad de&nbsp;<strong>ultra larga distancia<\/strong>&nbsp;con el cual desarrollar\u00e1 nuevas rutas desde Dubai. Los primeros destinos anunciados son Bahr\u00e9in, Kuwait y Muscat para volar a partir de septiembre. Se trata de ciudades<strong>&nbsp;cercanas<\/strong>&nbsp;que le permitir\u00e1&nbsp;entrenar&nbsp;&nbsp;<strong>tripulaciones<\/strong>&nbsp;y&nbsp;probar la aeronave mientras se suman nuevas unidades a la flota.<\/p>\n\n\n\n<p>A diferencia de a\u00f1os anteriores, la aerol\u00ednea se enfrenta a nueva competencia. Adem\u00e1s, de sus vecinas\u00a0<strong>Qatar Airways<\/strong>\u00a0y una recuperada<strong>\u00a0Etihad,\u00a0<\/strong>est\u00e1 el crecimiento de Turkish Airlines, Saudia, la llegada de<strong>\u00a0Riyadh Air\u00a0<\/strong>y el renacer de Air India. Tambi\u00e9n debe hacer frente a las l\u00edneas a\u00e9reas de<strong>\u00a0bajo coste<\/strong>\u00a0como flynas, IndiGo o<strong>\u00a0Wizz Air<\/strong>.<\/p>\n\n\n\n<p><strong>Fuente: elcorreo.ae<\/strong><\/p>\n","protected":false},"excerpt":{"rendered":"<p>(Aeronoticias): El presidente de Emirates,\u00a0Tim Clark,\u00a0manifest\u00f3 que la compa\u00f1\u00eda podr\u00e1 tener una nueva etapa de\u00a0expansi\u00f3n\u00a0en\u00a0Latinoam\u00e9rica, \u00abconsiderando llegada de nuevas aeronaves como los\u00a0Airbus A350-900\u00a0y los\u00a0Boeing 787, se abren nuevas\u00a0oportunidades\u00ab Cuando a Clark se le pregunt\u00f3 respecto a la expansi\u00f3n en mercados existentes y nuevos adelant\u00f3 que los pa\u00edses de Latinoam\u00e9rica est\u00e1n en los planes de&nbsp;Emirates.&nbsp;Apostando por [&hellip;]<\/p>\n","protected":false},"author":3,"featured_media":90388,"comment_status":"open","ping_status":"open","sticky":false,"template":"","format":"standard","meta":{"tdm_status":"","tdm_grid_status":"","footnotes":""},"categories":[65,64],"tags":[5218,296,186],"class_list":{"0":"post-90387","1":"post","2":"type-post","3":"status-publish","4":"format-standard","5":"has-post-thumbnail","7":"category-mundo-mundo-2","8":"category-mundo-mundo","9":"tag-emirates-de-dubai","10":"tag-iata","11":"tag-qatar-airways"},"yoast_head":"<!-- This site is optimized with the Yoast SEO plugin v25.1 - https:\/\/yoast.com\/wordpress\/plugins\/seo\/ -->\n<title>Emirates de Dubai ve posibilidad de nuevos destinos en Latinoam\u00e9rica<\/title>\n<meta name=\"description\" content=\"Santiago es el \u00fanico destino que, por el momento, no est\u00e1 en los planes de la aerol\u00ednea.\" \/>\n<meta name=\"robots\" content=\"index, follow, max-snippet:-1, max-image-preview:large, max-video-preview:-1\" \/>\n<link rel=\"canonical\" href=\"https:\/\/aeronoticias.com.pe\/noticiero\/mundo\/mundo-mundo\/emirates-de-dubai-ve-posibilidad-de-nuevos-destinos-en-latinoamerica\/\" \/>\n<meta property=\"og:locale\" content=\"es_ES\" \/>\n<meta property=\"og:type\" content=\"article\" \/>\n<meta property=\"og:title\" content=\"Emirates de Dubai ve posibilidad de nuevos destinos en Latinoam\u00e9rica\" \/>\n<meta property=\"og:description\" content=\"Santiago es el \u00fanico destino que, por el momento, no est\u00e1 en los planes de la aerol\u00ednea.\" \/>\n<meta property=\"og:url\" content=\"https:\/\/aeronoticias.com.pe\/noticiero\/mundo\/mundo-mundo\/emirates-de-dubai-ve-posibilidad-de-nuevos-destinos-en-latinoamerica\/\" \/>\n<meta property=\"og:site_name\" content=\"Aeronoticias.com.pe\" \/>\n<meta property=\"article:publisher\" content=\"https:\/\/www.facebook.com\/Aeronoticias.com.pe\/\" \/>\n<meta property=\"article:published_time\" content=\"2024-06-06T17:27:12+00:00\" \/>\n<meta property=\"article:modified_time\" content=\"2024-06-06T17:27:19+00:00\" \/>\n<meta property=\"og:image\" content=\"https:\/\/aeronoticias.com.pe\/noticiero\/wp-content\/uploads\/2024\/06\/eu.jpg\" \/>\n\t<meta property=\"og:image:width\" content=\"837\" \/>\n\t<meta property=\"og:image:height\" content=\"558\" \/>\n\t<meta property=\"og:image:type\" content=\"image\/jpeg\" \/>\n<meta name=\"author\" content=\"Redacci\u00f3n\" \/>\n<meta name=\"twitter:card\" content=\"summary_large_image\" \/>\n<meta name=\"twitter:creator\" content=\"@aeronoticias\" \/>\n<meta name=\"twitter:site\" content=\"@aeronoticias\" \/>\n<meta name=\"twitter:label1\" content=\"Escrito por\" \/>\n\t<meta name=\"twitter:data1\" content=\"Redacci\u00f3n\" \/>\n\t<meta name=\"twitter:label2\" content=\"Tiempo de lectura\" \/>\n\t<meta name=\"twitter:data2\" content=\"2 minutos\" \/>\n<script type=\"application\/ld+json\" class=\"yoast-schema-graph\">{\"@context\":\"https:\/\/schema.org\",\"@graph\":[{\"@type\":\"WebPage\",\"@id\":\"https:\/\/aeronoticias.com.pe\/noticiero\/mundo\/mundo-mundo\/emirates-de-dubai-ve-posibilidad-de-nuevos-destinos-en-latinoamerica\/\",\"url\":\"https:\/\/aeronoticias.com.pe\/noticiero\/mundo\/mundo-mundo\/emirates-de-dubai-ve-posibilidad-de-nuevos-destinos-en-latinoamerica\/\",\"name\":\"Emirates de Dubai ve posibilidad de nuevos destinos en Latinoam\u00e9rica\",\"isPartOf\":{\"@id\":\"https:\/\/aeronoticias.com.pe\/noticiero\/#website\"},\"primaryImageOfPage\":{\"@id\":\"https:\/\/aeronoticias.com.pe\/noticiero\/mundo\/mundo-mundo\/emirates-de-dubai-ve-posibilidad-de-nuevos-destinos-en-latinoamerica\/#primaryimage\"},\"image\":{\"@id\":\"https:\/\/aeronoticias.com.pe\/noticiero\/mundo\/mundo-mundo\/emirates-de-dubai-ve-posibilidad-de-nuevos-destinos-en-latinoamerica\/#primaryimage\"},\"thumbnailUrl\":\"https:\/\/aeronoticias.com.pe\/noticiero\/wp-content\/uploads\/2024\/06\/eu.jpg\",\"datePublished\":\"2024-06-06T17:27:12+00:00\",\"dateModified\":\"2024-06-06T17:27:19+00:00\",\"author\":{\"@id\":\"https:\/\/aeronoticias.com.pe\/noticiero\/#\/schema\/person\/16212a617c73f78916b13194154243bd\"},\"description\":\"Santiago es el \u00fanico destino que, por el momento, no est\u00e1 en los planes de la aerol\u00ednea.\",\"breadcrumb\":{\"@id\":\"https:\/\/aeronoticias.com.pe\/noticiero\/mundo\/mundo-mundo\/emirates-de-dubai-ve-posibilidad-de-nuevos-destinos-en-latinoamerica\/#breadcrumb\"},\"inLanguage\":\"es\",\"potentialAction\":[{\"@type\":\"ReadAction\",\"target\":[\"https:\/\/aeronoticias.com.pe\/noticiero\/mundo\/mundo-mundo\/emirates-de-dubai-ve-posibilidad-de-nuevos-destinos-en-latinoamerica\/\"]}]},{\"@type\":\"ImageObject\",\"inLanguage\":\"es\",\"@id\":\"https:\/\/aeronoticias.com.pe\/noticiero\/mundo\/mundo-mundo\/emirates-de-dubai-ve-posibilidad-de-nuevos-destinos-en-latinoamerica\/#primaryimage\",\"url\":\"https:\/\/aeronoticias.com.pe\/noticiero\/wp-content\/uploads\/2024\/06\/eu.jpg\",\"contentUrl\":\"https:\/\/aeronoticias.com.pe\/noticiero\/wp-content\/uploads\/2024\/06\/eu.jpg\",\"width\":837,\"height\":558},{\"@type\":\"BreadcrumbList\",\"@id\":\"https:\/\/aeronoticias.com.pe\/noticiero\/mundo\/mundo-mundo\/emirates-de-dubai-ve-posibilidad-de-nuevos-destinos-en-latinoamerica\/#breadcrumb\",\"itemListElement\":[{\"@type\":\"ListItem\",\"position\":1,\"name\":\"Portada\",\"item\":\"https:\/\/aeronoticias.com.pe\/noticiero\/\"},{\"@type\":\"ListItem\",\"position\":2,\"name\":\"Emirates de Dubai ve posibilidad de nuevos destinos en Latinoam\u00e9rica\"}]},{\"@type\":\"WebSite\",\"@id\":\"https:\/\/aeronoticias.com.pe\/noticiero\/#website\",\"url\":\"https:\/\/aeronoticias.com.pe\/noticiero\/\",\"name\":\"Aeronoticias.com.pe\",\"description\":\"Noticias de tranporte aereo, turismo, hoteles, gastronomia, actualidad, internacional\",\"potentialAction\":[{\"@type\":\"SearchAction\",\"target\":{\"@type\":\"EntryPoint\",\"urlTemplate\":\"https:\/\/aeronoticias.com.pe\/noticiero\/?s={search_term_string}\"},\"query-input\":{\"@type\":\"PropertyValueSpecification\",\"valueRequired\":true,\"valueName\":\"search_term_string\"}}],\"inLanguage\":\"es\"},{\"@type\":\"Person\",\"@id\":\"https:\/\/aeronoticias.com.pe\/noticiero\/#\/schema\/person\/16212a617c73f78916b13194154243bd\",\"name\":\"Redacci\u00f3n\",\"sameAs\":[\"http:\/\/Redacci\u00f3n\"],\"url\":\"https:\/\/aeronoticias.com.pe\/noticiero\/author\/celeste\/\"}]}<\/script>\n<!-- \/ Yoast SEO plugin. -->","yoast_head_json":{"title":"Emirates de Dubai ve posibilidad de nuevos destinos en Latinoam\u00e9rica","description":"Santiago es el \u00fanico destino que, por el momento, no est\u00e1 en los planes de la aerol\u00ednea.","robots":{"index":"index","follow":"follow","max-snippet":"max-snippet:-1","max-image-preview":"max-image-preview:large","max-video-preview":"max-video-preview:-1"},"canonical":"https:\/\/aeronoticias.com.pe\/noticiero\/mundo\/mundo-mundo\/emirates-de-dubai-ve-posibilidad-de-nuevos-destinos-en-latinoamerica\/","og_locale":"es_ES","og_type":"article","og_title":"Emirates de Dubai ve posibilidad de nuevos destinos en Latinoam\u00e9rica","og_description":"Santiago es el \u00fanico destino que, por el momento, no est\u00e1 en los planes de la aerol\u00ednea.","og_url":"https:\/\/aeronoticias.com.pe\/noticiero\/mundo\/mundo-mundo\/emirates-de-dubai-ve-posibilidad-de-nuevos-destinos-en-latinoamerica\/","og_site_name":"Aeronoticias.com.pe","article_publisher":"https:\/\/www.facebook.com\/Aeronoticias.com.pe\/","article_published_time":"2024-06-06T17:27:12+00:00","article_modified_time":"2024-06-06T17:27:19+00:00","og_image":[{"width":837,"height":558,"url":"https:\/\/aeronoticias.com.pe\/noticiero\/wp-content\/uploads\/2024\/06\/eu.jpg","type":"image\/jpeg"}],"author":"Redacci\u00f3n","twitter_card":"summary_large_image","twitter_creator":"@aeronoticias","twitter_site":"@aeronoticias","twitter_misc":{"Escrito por":"Redacci\u00f3n","Tiempo de lectura":"2 minutos"},"schema":{"@context":"https:\/\/schema.org","@graph":[{"@type":"WebPage","@id":"https:\/\/aeronoticias.com.pe\/noticiero\/mundo\/mundo-mundo\/emirates-de-dubai-ve-posibilidad-de-nuevos-destinos-en-latinoamerica\/","url":"https:\/\/aeronoticias.com.pe\/noticiero\/mundo\/mundo-mundo\/emirates-de-dubai-ve-posibilidad-de-nuevos-destinos-en-latinoamerica\/","name":"Emirates de Dubai ve posibilidad de nuevos destinos en Latinoam\u00e9rica","isPartOf":{"@id":"https:\/\/aeronoticias.com.pe\/noticiero\/#website"},"primaryImageOfPage":{"@id":"https:\/\/aeronoticias.com.pe\/noticiero\/mundo\/mundo-mundo\/emirates-de-dubai-ve-posibilidad-de-nuevos-destinos-en-latinoamerica\/#primaryimage"},"image":{"@id":"https:\/\/aeronoticias.com.pe\/noticiero\/mundo\/mundo-mundo\/emirates-de-dubai-ve-posibilidad-de-nuevos-destinos-en-latinoamerica\/#primaryimage"},"thumbnailUrl":"https:\/\/aeronoticias.com.pe\/noticiero\/wp-content\/uploads\/2024\/06\/eu.jpg","datePublished":"2024-06-06T17:27:12+00:00","dateModified":"2024-06-06T17:27:19+00:00","author":{"@id":"https:\/\/aeronoticias.com.pe\/noticiero\/#\/schema\/person\/16212a617c73f78916b13194154243bd"},"description":"Santiago es el \u00fanico destino que, por el momento, no est\u00e1 en los planes de la aerol\u00ednea.","breadcrumb":{"@id":"https:\/\/aeronoticias.com.pe\/noticiero\/mundo\/mundo-mundo\/emirates-de-dubai-ve-posibilidad-de-nuevos-destinos-en-latinoamerica\/#breadcrumb"},"inLanguage":"es","potentialAction":[{"@type":"ReadAction","target":["https:\/\/aeronoticias.com.pe\/noticiero\/mundo\/mundo-mundo\/emirates-de-dubai-ve-posibilidad-de-nuevos-destinos-en-latinoamerica\/"]}]},{"@type":"ImageObject","inLanguage":"es","@id":"https:\/\/aeronoticias.com.pe\/noticiero\/mundo\/mundo-mundo\/emirates-de-dubai-ve-posibilidad-de-nuevos-destinos-en-latinoamerica\/#primaryimage","url":"https:\/\/aeronoticias.com.pe\/noticiero\/wp-content\/uploads\/2024\/06\/eu.jpg","contentUrl":"https:\/\/aeronoticias.com.pe\/noticiero\/wp-content\/uploads\/2024\/06\/eu.jpg","width":837,"height":558},{"@type":"BreadcrumbList","@id":"https:\/\/aeronoticias.com.pe\/noticiero\/mundo\/mundo-mundo\/emirates-de-dubai-ve-posibilidad-de-nuevos-destinos-en-latinoamerica\/#breadcrumb","itemListElement":[{"@type":"ListItem","position":1,"name":"Portada","item":"https:\/\/aeronoticias.com.pe\/noticiero\/"},{"@type":"ListItem","position":2,"name":"Emirates de Dubai ve posibilidad de nuevos destinos en Latinoam\u00e9rica"}]},{"@type":"WebSite","@id":"https:\/\/aeronoticias.com.pe\/noticiero\/#website","url":"https:\/\/aeronoticias.com.pe\/noticiero\/","name":"Aeronoticias.com.pe","description":"Noticias de tranporte aereo, turismo, hoteles, gastronomia, actualidad, internacional","potentialAction":[{"@type":"SearchAction","target":{"@type":"EntryPoint","urlTemplate":"https:\/\/aeronoticias.com.pe\/noticiero\/?s={search_term_string}"},"query-input":{"@type":"PropertyValueSpecification","valueRequired":true,"valueName":"search_term_string"}}],"inLanguage":"es"},{"@type":"Person","@id":"https:\/\/aeronoticias.com.pe\/noticiero\/#\/schema\/person\/16212a617c73f78916b13194154243bd","name":"Redacci\u00f3n","sameAs":["http:\/\/Redacci\u00f3n"],"url":"https:\/\/aeronoticias.com.pe\/noticiero\/author\/celeste\/"}]}},"_links":{"self":[{"href":"https:\/\/aeronoticias.com.pe\/noticiero\/wp-json\/wp\/v2\/posts\/90387","targetHints":{"allow":["GET"]}}],"collection":[{"href":"https:\/\/aeronoticias.com.pe\/noticiero\/wp-json\/wp\/v2\/posts"}],"about":[{"href":"https:\/\/aeronoticias.com.pe\/noticiero\/wp-json\/wp\/v2\/types\/post"}],"author":[{"embeddable":true,"href":"https:\/\/aeronoticias.com.pe\/noticiero\/wp-json\/wp\/v2\/users\/3"}],"replies":[{"embeddable":true,"href":"https:\/\/aeronoticias.com.pe\/noticiero\/wp-json\/wp\/v2\/comments?post=90387"}],"version-history":[{"count":0,"href":"https:\/\/aeronoticias.com.pe\/noticiero\/wp-json\/wp\/v2\/posts\/90387\/revisions"}],"wp:featuredmedia":[{"embeddable":true,"href":"https:\/\/aeronoticias.com.pe\/noticiero\/wp-json\/wp\/v2\/media\/90388"}],"wp:attachment":[{"href":"https:\/\/aeronoticias.com.pe\/noticiero\/wp-json\/wp\/v2\/media?parent=90387"}],"wp:term":[{"taxonomy":"category","embeddable":true,"href":"https:\/\/aeronoticias.com.pe\/noticiero\/wp-json\/wp\/v2\/categories?post=90387"},{"taxonomy":"post_tag","embeddable":true,"href":"https:\/\/aeronoticias.com.pe\/noticiero\/wp-json\/wp\/v2\/tags?post=90387"}],"curies":[{"name":"wp","href":"https:\/\/api.w.org\/{rel}","templated":true}]}}