{"id":91153,"date":"2024-09-04T12:01:51","date_gmt":"2024-09-04T17:01:51","guid":{"rendered":"https:\/\/aeronoticias.com.pe\/noticiero\/?p=91153"},"modified":"2024-09-04T12:01:56","modified_gmt":"2024-09-04T17:01:56","slug":"se-vienen-complicaciones-en-los-vuelos-no-hubo-acuerdo-entre-los-gremios-y-aerolineas-argentinas","status":"publish","type":"post","link":"https:\/\/aeronoticias.com.pe\/noticiero\/transporte-aereo\/internacional\/se-vienen-complicaciones-en-los-vuelos-no-hubo-acuerdo-entre-los-gremios-y-aerolineas-argentinas\/","title":{"rendered":"Se vienen complicaciones en los vuelos: no hubo acuerdo entre los gremios y Aerol\u00edneas Argentinas"},"content":{"rendered":"\n<p><strong>(Aeronoticias)<\/strong>: Se avecinan tiempos dif\u00edciles para quienes tengan previsto viajar en avi\u00f3n en el futuro cercano, ya que hoy no hubo acuerdo entre los gremios aeron\u00e1uticos y Aerol\u00edneas Argentinas y los trabajadores amenazan con la realizaci\u00f3n de nuevas medidas de fuerza en los pr\u00f3ximos d\u00edas.<\/p>\n\n\n\n<p>\u00danicamente APTA (Asociaci\u00f3n del Personal T\u00e9cnico Aeron\u00e1utico), lleg\u00f3 a un acuerdo con la compa\u00f1\u00eda, pero aunque los t\u00e9cnicos trabajen, si no lo hacen el resto de los gremios, no podr\u00e1n evitar las complicaciones.<\/p>\n\n\n\n<p>La creuni\u00f3n de hoy en el&nbsp;<strong>Aeroparque Jorge Newbery<\/strong>&nbsp;entre la&nbsp;<strong>Asociaci\u00f3n de Pilotos de L\u00edneas A\u00e9reas (APLA), la Asociaci\u00f3n Argentina de Aeronavegantes (AAA), la Asociaci\u00f3n del Personal Aeron\u00e1utico (APA) y la Uni\u00f3n del Personal Superior y Profesional de Empresas Aerocomerciales (UPSA)<\/strong>&nbsp;con los representantes de la l\u00ednea de bandera, fue un total fracaso en cuanto a la b\u00fasqueda de una soluci\u00f3n al conflicto.<\/p>\n\n\n\n<p>APA, se\u00f1al\u00f3 en un comunicado tras el encuentro, que,&nbsp;<em>\u201cen el marco de las negociaciones en curso, informamos que tras la reuni\u00f3n mantenida hoy, no se ha llegado a un acuerdo con Aerol\u00edneas Argentinas\u201d.<\/em><\/p>\n\n\n\n<p><em>\u201cLas propuestas presentadas por la empresa resultaron provocativas. Claramente inaceptables. Es inadmisible la falta de capacidad demostrada por el actual Secretario de Transporte, Franco Mogetta, en su gesti\u00f3n\u201d,<\/em>&nbsp;indica el documento difundido esta tarde.<\/p>\n\n\n\n<p>Agrega que&nbsp;<em>\u201cel funcionario ha demostrado, en repetidas ocasiones, su incompetencia para entender las complejidades del sector y las necesidades de recomposici\u00f3n salarial de los trabajadores aeron\u00e1uticos. Su actitud negligente y su escasa disposici\u00f3n al di\u00e1logo est\u00e1n llevando al sector del Transporte a una crisis profunda, afectando no solo a los trabajadores, sino tambi\u00e9n a millones de usuarios\u201d.<\/em><\/p>\n\n\n\n<p>Finaliza afirmando que<em>&nbsp;\u201cresulta evidente que su nombramiento no se bas\u00f3 en la capacidad t\u00e9cnica ni en la experiencia requerida para el cargo, sino en criterios que poco tienen que ver con las necesidades del sector. Por todo esto vamos a profundizar el conflicto. Vamos a implementar medidas de fuerza m\u00e1s contundentes y elocuentes, que sirvan para que el Gobierno Nacional entienda la necesidad imperiosa de recomponer nuestros degradados salarios\u201d.<\/em><\/p>\n\n\n\n<p>Esta fue la segunda reuni\u00f3n entre las partes, la primera se desarroll\u00f3 ayer con el mismo resultado y se avecinan tiempos complicados ante el anuncio de nuevas medidas de fuerza que volver\u00e1n a poner a los usuarios como rehenes de una situaci\u00f3n de la que no son parte.<\/p>\n\n\n\n<p>Ya hubo cinco asambleas en las \u00faltimas semanas de agosto que perjudicaron a cerca de 11.000 pasajeros.<\/p>\n\n\n\n<p>Los gremios se\u00f1alaron que\u00a0<strong>Aerol\u00edneas<\/strong>\u00a0les hizo la misma oferta que ayer, y que, por ahora, los gremios no volver\u00e1n a reunirse con la empresa, pero s\u00ed entre ellos para establecer c\u00f3mo seguir.<\/p>\n\n\n\n<p><strong>Fuente: aviacionline.com<\/strong><\/p>\n","protected":false},"excerpt":{"rendered":"<p>(Aeronoticias): Se avecinan tiempos dif\u00edciles para quienes tengan previsto viajar en avi\u00f3n en el futuro cercano, ya que hoy no hubo acuerdo entre los gremios aeron\u00e1uticos y Aerol\u00edneas Argentinas y los trabajadores amenazan con la realizaci\u00f3n de nuevas medidas de fuerza en los pr\u00f3ximos d\u00edas. \u00danicamente APTA (Asociaci\u00f3n del Personal T\u00e9cnico Aeron\u00e1utico), lleg\u00f3 a un [&hellip;]<\/p>\n","protected":false},"author":3,"featured_media":91154,"comment_status":"open","ping_status":"open","sticky":false,"template":"","format":"standard","meta":{"tdm_status":"","tdm_grid_status":"","footnotes":""},"categories":[32,34],"tags":[340,793,5595],"class_list":{"0":"post-91153","1":"post","2":"type-post","3":"status-publish","4":"format-standard","5":"has-post-thumbnail","7":"category-internacional","8":"category-internacionales","9":"tag-aerolineas-argentinas","10":"tag-apla","11":"tag-apta"},"yoast_head":"<!-- This site is optimized with the Yoast SEO plugin v25.1 - https:\/\/yoast.com\/wordpress\/plugins\/seo\/ -->\n<title>Se vienen complicaciones en los vuelos: no hubo acuerdo entre los gremios y Aerol\u00edneas Argentinas<\/title>\n<meta name=\"description\" content=\"Portal de noticias del Per\u00fa sobre el transporte a\u00e9reo, aviaci\u00f3n, turismo, hoteleria, actualidad.\" \/>\n<meta name=\"robots\" content=\"index, follow, max-snippet:-1, max-image-preview:large, max-video-preview:-1\" \/>\n<link rel=\"canonical\" href=\"https:\/\/aeronoticias.com.pe\/noticiero\/transporte-aereo\/internacional\/se-vienen-complicaciones-en-los-vuelos-no-hubo-acuerdo-entre-los-gremios-y-aerolineas-argentinas\/\" \/>\n<meta property=\"og:locale\" content=\"es_ES\" \/>\n<meta property=\"og:type\" content=\"article\" \/>\n<meta property=\"og:title\" content=\"Se vienen complicaciones en los vuelos: no hubo acuerdo entre los gremios y Aerol\u00edneas Argentinas\" \/>\n<meta property=\"og:description\" content=\"Portal de noticias del Per\u00fa sobre el transporte a\u00e9reo, aviaci\u00f3n, turismo, hoteleria, actualidad.\" \/>\n<meta property=\"og:url\" content=\"https:\/\/aeronoticias.com.pe\/noticiero\/transporte-aereo\/internacional\/se-vienen-complicaciones-en-los-vuelos-no-hubo-acuerdo-entre-los-gremios-y-aerolineas-argentinas\/\" \/>\n<meta property=\"og:site_name\" content=\"Aeronoticias.com.pe\" \/>\n<meta property=\"article:publisher\" content=\"https:\/\/www.facebook.com\/Aeronoticias.com.pe\/\" \/>\n<meta property=\"article:published_time\" content=\"2024-09-04T17:01:51+00:00\" \/>\n<meta property=\"article:modified_time\" content=\"2024-09-04T17:01:56+00:00\" \/>\n<meta property=\"og:image\" content=\"https:\/\/aeronoticias.com.pe\/noticiero\/wp-content\/uploads\/2024\/09\/LINE.jpg\" \/>\n\t<meta property=\"og:image:width\" content=\"739\" \/>\n\t<meta property=\"og:image:height\" content=\"524\" \/>\n\t<meta property=\"og:image:type\" content=\"image\/jpeg\" \/>\n<meta name=\"author\" content=\"Redacci\u00f3n\" \/>\n<meta name=\"twitter:card\" content=\"summary_large_image\" \/>\n<meta name=\"twitter:creator\" content=\"@aeronoticias\" \/>\n<meta name=\"twitter:site\" content=\"@aeronoticias\" \/>\n<meta name=\"twitter:label1\" content=\"Escrito por\" \/>\n\t<meta name=\"twitter:data1\" content=\"Redacci\u00f3n\" \/>\n\t<meta name=\"twitter:label2\" content=\"Tiempo de lectura\" \/>\n\t<meta name=\"twitter:data2\" content=\"2 minutos\" \/>\n<script type=\"application\/ld+json\" class=\"yoast-schema-graph\">{\"@context\":\"https:\/\/schema.org\",\"@graph\":[{\"@type\":\"WebPage\",\"@id\":\"https:\/\/aeronoticias.com.pe\/noticiero\/transporte-aereo\/internacional\/se-vienen-complicaciones-en-los-vuelos-no-hubo-acuerdo-entre-los-gremios-y-aerolineas-argentinas\/\",\"url\":\"https:\/\/aeronoticias.com.pe\/noticiero\/transporte-aereo\/internacional\/se-vienen-complicaciones-en-los-vuelos-no-hubo-acuerdo-entre-los-gremios-y-aerolineas-argentinas\/\",\"name\":\"Se vienen complicaciones en los vuelos: no hubo acuerdo entre los gremios y Aerol\u00edneas Argentinas\",\"isPartOf\":{\"@id\":\"https:\/\/aeronoticias.com.pe\/noticiero\/#website\"},\"primaryImageOfPage\":{\"@id\":\"https:\/\/aeronoticias.com.pe\/noticiero\/transporte-aereo\/internacional\/se-vienen-complicaciones-en-los-vuelos-no-hubo-acuerdo-entre-los-gremios-y-aerolineas-argentinas\/#primaryimage\"},\"image\":{\"@id\":\"https:\/\/aeronoticias.com.pe\/noticiero\/transporte-aereo\/internacional\/se-vienen-complicaciones-en-los-vuelos-no-hubo-acuerdo-entre-los-gremios-y-aerolineas-argentinas\/#primaryimage\"},\"thumbnailUrl\":\"https:\/\/aeronoticias.com.pe\/noticiero\/wp-content\/uploads\/2024\/09\/LINE.jpg\",\"datePublished\":\"2024-09-04T17:01:51+00:00\",\"dateModified\":\"2024-09-04T17:01:56+00:00\",\"author\":{\"@id\":\"https:\/\/aeronoticias.com.pe\/noticiero\/#\/schema\/person\/16212a617c73f78916b13194154243bd\"},\"description\":\"Portal de noticias del Per\u00fa sobre el transporte a\u00e9reo, aviaci\u00f3n, turismo, hoteleria, actualidad.\",\"breadcrumb\":{\"@id\":\"https:\/\/aeronoticias.com.pe\/noticiero\/transporte-aereo\/internacional\/se-vienen-complicaciones-en-los-vuelos-no-hubo-acuerdo-entre-los-gremios-y-aerolineas-argentinas\/#breadcrumb\"},\"inLanguage\":\"es\",\"potentialAction\":[{\"@type\":\"ReadAction\",\"target\":[\"https:\/\/aeronoticias.com.pe\/noticiero\/transporte-aereo\/internacional\/se-vienen-complicaciones-en-los-vuelos-no-hubo-acuerdo-entre-los-gremios-y-aerolineas-argentinas\/\"]}]},{\"@type\":\"ImageObject\",\"inLanguage\":\"es\",\"@id\":\"https:\/\/aeronoticias.com.pe\/noticiero\/transporte-aereo\/internacional\/se-vienen-complicaciones-en-los-vuelos-no-hubo-acuerdo-entre-los-gremios-y-aerolineas-argentinas\/#primaryimage\",\"url\":\"https:\/\/aeronoticias.com.pe\/noticiero\/wp-content\/uploads\/2024\/09\/LINE.jpg\",\"contentUrl\":\"https:\/\/aeronoticias.com.pe\/noticiero\/wp-content\/uploads\/2024\/09\/LINE.jpg\",\"width\":739,\"height\":524},{\"@type\":\"BreadcrumbList\",\"@id\":\"https:\/\/aeronoticias.com.pe\/noticiero\/transporte-aereo\/internacional\/se-vienen-complicaciones-en-los-vuelos-no-hubo-acuerdo-entre-los-gremios-y-aerolineas-argentinas\/#breadcrumb\",\"itemListElement\":[{\"@type\":\"ListItem\",\"position\":1,\"name\":\"Portada\",\"item\":\"https:\/\/aeronoticias.com.pe\/noticiero\/\"},{\"@type\":\"ListItem\",\"position\":2,\"name\":\"Se vienen complicaciones en los vuelos: no hubo acuerdo entre los gremios y Aerol\u00edneas Argentinas\"}]},{\"@type\":\"WebSite\",\"@id\":\"https:\/\/aeronoticias.com.pe\/noticiero\/#website\",\"url\":\"https:\/\/aeronoticias.com.pe\/noticiero\/\",\"name\":\"Aeronoticias.com.pe\",\"description\":\"Noticias de tranporte aereo, turismo, hoteles, gastronomia, actualidad, internacional\",\"potentialAction\":[{\"@type\":\"SearchAction\",\"target\":{\"@type\":\"EntryPoint\",\"urlTemplate\":\"https:\/\/aeronoticias.com.pe\/noticiero\/?s={search_term_string}\"},\"query-input\":{\"@type\":\"PropertyValueSpecification\",\"valueRequired\":true,\"valueName\":\"search_term_string\"}}],\"inLanguage\":\"es\"},{\"@type\":\"Person\",\"@id\":\"https:\/\/aeronoticias.com.pe\/noticiero\/#\/schema\/person\/16212a617c73f78916b13194154243bd\",\"name\":\"Redacci\u00f3n\",\"sameAs\":[\"http:\/\/Redacci\u00f3n\"],\"url\":\"https:\/\/aeronoticias.com.pe\/noticiero\/author\/celeste\/\"}]}<\/script>\n<!-- \/ Yoast SEO plugin. -->","yoast_head_json":{"title":"Se vienen complicaciones en los vuelos: no hubo acuerdo entre los gremios y Aerol\u00edneas Argentinas","description":"Portal de noticias del Per\u00fa sobre el transporte a\u00e9reo, aviaci\u00f3n, turismo, hoteleria, actualidad.","robots":{"index":"index","follow":"follow","max-snippet":"max-snippet:-1","max-image-preview":"max-image-preview:large","max-video-preview":"max-video-preview:-1"},"canonical":"https:\/\/aeronoticias.com.pe\/noticiero\/transporte-aereo\/internacional\/se-vienen-complicaciones-en-los-vuelos-no-hubo-acuerdo-entre-los-gremios-y-aerolineas-argentinas\/","og_locale":"es_ES","og_type":"article","og_title":"Se vienen complicaciones en los vuelos: no hubo acuerdo entre los gremios y Aerol\u00edneas Argentinas","og_description":"Portal de noticias del Per\u00fa sobre el transporte a\u00e9reo, aviaci\u00f3n, turismo, hoteleria, actualidad.","og_url":"https:\/\/aeronoticias.com.pe\/noticiero\/transporte-aereo\/internacional\/se-vienen-complicaciones-en-los-vuelos-no-hubo-acuerdo-entre-los-gremios-y-aerolineas-argentinas\/","og_site_name":"Aeronoticias.com.pe","article_publisher":"https:\/\/www.facebook.com\/Aeronoticias.com.pe\/","article_published_time":"2024-09-04T17:01:51+00:00","article_modified_time":"2024-09-04T17:01:56+00:00","og_image":[{"width":739,"height":524,"url":"https:\/\/aeronoticias.com.pe\/noticiero\/wp-content\/uploads\/2024\/09\/LINE.jpg","type":"image\/jpeg"}],"author":"Redacci\u00f3n","twitter_card":"summary_large_image","twitter_creator":"@aeronoticias","twitter_site":"@aeronoticias","twitter_misc":{"Escrito por":"Redacci\u00f3n","Tiempo de lectura":"2 minutos"},"schema":{"@context":"https:\/\/schema.org","@graph":[{"@type":"WebPage","@id":"https:\/\/aeronoticias.com.pe\/noticiero\/transporte-aereo\/internacional\/se-vienen-complicaciones-en-los-vuelos-no-hubo-acuerdo-entre-los-gremios-y-aerolineas-argentinas\/","url":"https:\/\/aeronoticias.com.pe\/noticiero\/transporte-aereo\/internacional\/se-vienen-complicaciones-en-los-vuelos-no-hubo-acuerdo-entre-los-gremios-y-aerolineas-argentinas\/","name":"Se vienen complicaciones en los vuelos: no hubo acuerdo entre los gremios y Aerol\u00edneas Argentinas","isPartOf":{"@id":"https:\/\/aeronoticias.com.pe\/noticiero\/#website"},"primaryImageOfPage":{"@id":"https:\/\/aeronoticias.com.pe\/noticiero\/transporte-aereo\/internacional\/se-vienen-complicaciones-en-los-vuelos-no-hubo-acuerdo-entre-los-gremios-y-aerolineas-argentinas\/#primaryimage"},"image":{"@id":"https:\/\/aeronoticias.com.pe\/noticiero\/transporte-aereo\/internacional\/se-vienen-complicaciones-en-los-vuelos-no-hubo-acuerdo-entre-los-gremios-y-aerolineas-argentinas\/#primaryimage"},"thumbnailUrl":"https:\/\/aeronoticias.com.pe\/noticiero\/wp-content\/uploads\/2024\/09\/LINE.jpg","datePublished":"2024-09-04T17:01:51+00:00","dateModified":"2024-09-04T17:01:56+00:00","author":{"@id":"https:\/\/aeronoticias.com.pe\/noticiero\/#\/schema\/person\/16212a617c73f78916b13194154243bd"},"description":"Portal de noticias del Per\u00fa sobre el transporte a\u00e9reo, aviaci\u00f3n, turismo, hoteleria, actualidad.","breadcrumb":{"@id":"https:\/\/aeronoticias.com.pe\/noticiero\/transporte-aereo\/internacional\/se-vienen-complicaciones-en-los-vuelos-no-hubo-acuerdo-entre-los-gremios-y-aerolineas-argentinas\/#breadcrumb"},"inLanguage":"es","potentialAction":[{"@type":"ReadAction","target":["https:\/\/aeronoticias.com.pe\/noticiero\/transporte-aereo\/internacional\/se-vienen-complicaciones-en-los-vuelos-no-hubo-acuerdo-entre-los-gremios-y-aerolineas-argentinas\/"]}]},{"@type":"ImageObject","inLanguage":"es","@id":"https:\/\/aeronoticias.com.pe\/noticiero\/transporte-aereo\/internacional\/se-vienen-complicaciones-en-los-vuelos-no-hubo-acuerdo-entre-los-gremios-y-aerolineas-argentinas\/#primaryimage","url":"https:\/\/aeronoticias.com.pe\/noticiero\/wp-content\/uploads\/2024\/09\/LINE.jpg","contentUrl":"https:\/\/aeronoticias.com.pe\/noticiero\/wp-content\/uploads\/2024\/09\/LINE.jpg","width":739,"height":524},{"@type":"BreadcrumbList","@id":"https:\/\/aeronoticias.com.pe\/noticiero\/transporte-aereo\/internacional\/se-vienen-complicaciones-en-los-vuelos-no-hubo-acuerdo-entre-los-gremios-y-aerolineas-argentinas\/#breadcrumb","itemListElement":[{"@type":"ListItem","position":1,"name":"Portada","item":"https:\/\/aeronoticias.com.pe\/noticiero\/"},{"@type":"ListItem","position":2,"name":"Se vienen complicaciones en los vuelos: no hubo acuerdo entre los gremios y Aerol\u00edneas Argentinas"}]},{"@type":"WebSite","@id":"https:\/\/aeronoticias.com.pe\/noticiero\/#website","url":"https:\/\/aeronoticias.com.pe\/noticiero\/","name":"Aeronoticias.com.pe","description":"Noticias de tranporte aereo, turismo, hoteles, gastronomia, actualidad, internacional","potentialAction":[{"@type":"SearchAction","target":{"@type":"EntryPoint","urlTemplate":"https:\/\/aeronoticias.com.pe\/noticiero\/?s={search_term_string}"},"query-input":{"@type":"PropertyValueSpecification","valueRequired":true,"valueName":"search_term_string"}}],"inLanguage":"es"},{"@type":"Person","@id":"https:\/\/aeronoticias.com.pe\/noticiero\/#\/schema\/person\/16212a617c73f78916b13194154243bd","name":"Redacci\u00f3n","sameAs":["http:\/\/Redacci\u00f3n"],"url":"https:\/\/aeronoticias.com.pe\/noticiero\/author\/celeste\/"}]}},"_links":{"self":[{"href":"https:\/\/aeronoticias.com.pe\/noticiero\/wp-json\/wp\/v2\/posts\/91153","targetHints":{"allow":["GET"]}}],"collection":[{"href":"https:\/\/aeronoticias.com.pe\/noticiero\/wp-json\/wp\/v2\/posts"}],"about":[{"href":"https:\/\/aeronoticias.com.pe\/noticiero\/wp-json\/wp\/v2\/types\/post"}],"author":[{"embeddable":true,"href":"https:\/\/aeronoticias.com.pe\/noticiero\/wp-json\/wp\/v2\/users\/3"}],"replies":[{"embeddable":true,"href":"https:\/\/aeronoticias.com.pe\/noticiero\/wp-json\/wp\/v2\/comments?post=91153"}],"version-history":[{"count":0,"href":"https:\/\/aeronoticias.com.pe\/noticiero\/wp-json\/wp\/v2\/posts\/91153\/revisions"}],"wp:featuredmedia":[{"embeddable":true,"href":"https:\/\/aeronoticias.com.pe\/noticiero\/wp-json\/wp\/v2\/media\/91154"}],"wp:attachment":[{"href":"https:\/\/aeronoticias.com.pe\/noticiero\/wp-json\/wp\/v2\/media?parent=91153"}],"wp:term":[{"taxonomy":"category","embeddable":true,"href":"https:\/\/aeronoticias.com.pe\/noticiero\/wp-json\/wp\/v2\/categories?post=91153"},{"taxonomy":"post_tag","embeddable":true,"href":"https:\/\/aeronoticias.com.pe\/noticiero\/wp-json\/wp\/v2\/tags?post=91153"}],"curies":[{"name":"wp","href":"https:\/\/api.w.org\/{rel}","templated":true}]}}