{"id":91156,"date":"2024-09-04T12:05:54","date_gmt":"2024-09-04T17:05:54","guid":{"rendered":"https:\/\/aeronoticias.com.pe\/noticiero\/?p=91156"},"modified":"2024-09-04T12:05:58","modified_gmt":"2024-09-04T17:05:58","slug":"iata-transporte-de-carga-aerea-muestra-crecimiento-durante-julio-de-2024","status":"publish","type":"post","link":"https:\/\/aeronoticias.com.pe\/noticiero\/ultimas\/1\/iata-transporte-de-carga-aerea-muestra-crecimiento-durante-julio-de-2024\/","title":{"rendered":"IATA: Transporte de carga a\u00e9rea muestra crecimiento durante julio de 2024"},"content":{"rendered":"\n<p><strong>(Aeronoticias)<\/strong>: La Asociaci\u00f3n de Transporte A\u00e9reo Internacional (IATA, por sus siglas en ingl\u00e9s) ha publicado los resultados de los mercados mundiales de carga a\u00e9rea correspondientes al mes de julio de 2024, que volvi\u00f3 a registrar fuerte crecimiento de la demanda de carga a\u00e9rea.<\/p>\n\n\n\n<p>De acuerdo la reporte, la demanda global&nbsp;medida en toneladas de carga por kil\u00f3metro transportadas (CTK, por sus siglas en ingl\u00e9s) registr\u00f3 una subida de un 13,6% interanual en julio de 2024 (14,3% en las operaciones internacionales). El sector volvi\u00f3 a crecer a doble d\u00edgito por octavo mes consecutivo, con niveles que no se ve\u00edan desde los m\u00e1ximos de 2021.<\/p>\n\n\n\n<figure class=\"wp-block-image\"><img decoding=\"async\" src=\"https:\/\/enelaire.mx\/wp-content\/uploads\/Lufthansa-Cargo-2-1170x694.jpeg\" alt=\"\"\/><\/figure>\n\n\n\n<p>La capacidad&nbsp;medida en toneladas de carga por kil\u00f3metro disponibles (ACTK, por sus siglas en ingl\u00e9s)&nbsp;creci\u00f3 un 8,3% interanual (10,1% en las operaciones internacionales) en julio de 2024, un resultado favorecido por el aumento de la capacidad en bodega (12,8%) gracias a la fortaleza de los mercados de pasajeros, compensando el dato de la expansi\u00f3n de la capacidad internacional de los cargueros (6,9%).<\/p>\n\n\n\n<p>Hay que destacar que el aumento de la capacidad en bodega es el m\u00e1s bajo de los \u00faltimos 40 meses, frente al m\u00e1ximo alcanzado en los cargueros tras el excepcional repunte en enero de 2024.<\/p>\n\n\n\n<p><em>\u201cLa demanda de carga a\u00e9rea alcanz\u00f3 m\u00e1ximos hist\u00f3ricos en julio desde principios de 2024. Todas las regiones registraron fuerte crecimiento. El negocio de la carga a\u00e9rea sigue benefici\u00e1ndose del buen momento del comercio mundial, el auge del comercio electr\u00f3nico y la crisis en el transporte mar\u00edtimo. Con la temporada alta que a\u00fan est\u00e1 por llegar, 2024 se perfila como un a\u00f1o muy fuerte para la carga a\u00e9rea. Y las aerol\u00edneas ya nos han demostrado su capacidad para sortear las incertidumbres pol\u00edticas y econ\u00f3micas, as\u00ed como su flexibilidad para atender las nuevas tendencias de la demanda\u201d,<\/em>\u00a0declar\u00f3 Willie Walsh, director general de IATA.<\/p>\n\n\n\n<p><strong>Fuente: enelaire.mx<\/strong><\/p>\n","protected":false},"excerpt":{"rendered":"<p>(Aeronoticias): La Asociaci\u00f3n de Transporte A\u00e9reo Internacional (IATA, por sus siglas en ingl\u00e9s) ha publicado los resultados de los mercados mundiales de carga a\u00e9rea correspondientes al mes de julio de 2024, que volvi\u00f3 a registrar fuerte crecimiento de la demanda de carga a\u00e9rea. De acuerdo la reporte, la demanda global&nbsp;medida en toneladas de carga por [&hellip;]<\/p>\n","protected":false},"author":3,"featured_media":91157,"comment_status":"open","ping_status":"open","sticky":false,"template":"","format":"standard","meta":{"tdm_status":"","tdm_grid_status":"","footnotes":""},"categories":[8,30],"tags":[296,5597],"class_list":{"0":"post-91156","1":"post","2":"type-post","3":"status-publish","4":"format-standard","5":"has-post-thumbnail","7":"category-ultimas","8":"category-30","9":"tag-iata","10":"tag-transporte-de-carga-aerea"},"yoast_head":"<!-- This site is optimized with the Yoast SEO plugin v25.1 - https:\/\/yoast.com\/wordpress\/plugins\/seo\/ -->\n<title>IATA: Transporte de carga a\u00e9rea muestra crecimiento durante julio de 2024<\/title>\n<meta name=\"description\" content=\"Portal de noticias del Per\u00fa sobre el transporte a\u00e9reo, aviaci\u00f3n, turismo, hoteleria, actualidad.\" \/>\n<meta name=\"robots\" content=\"index, follow, max-snippet:-1, max-image-preview:large, max-video-preview:-1\" \/>\n<link rel=\"canonical\" href=\"https:\/\/aeronoticias.com.pe\/noticiero\/ultimas\/1\/iata-transporte-de-carga-aerea-muestra-crecimiento-durante-julio-de-2024\/\" \/>\n<meta property=\"og:locale\" content=\"es_ES\" \/>\n<meta property=\"og:type\" content=\"article\" \/>\n<meta property=\"og:title\" content=\"IATA: Transporte de carga a\u00e9rea muestra crecimiento durante julio de 2024\" \/>\n<meta property=\"og:description\" content=\"Portal de noticias del Per\u00fa sobre el transporte a\u00e9reo, aviaci\u00f3n, turismo, hoteleria, actualidad.\" \/>\n<meta property=\"og:url\" content=\"https:\/\/aeronoticias.com.pe\/noticiero\/ultimas\/1\/iata-transporte-de-carga-aerea-muestra-crecimiento-durante-julio-de-2024\/\" \/>\n<meta property=\"og:site_name\" content=\"Aeronoticias.com.pe\" \/>\n<meta property=\"article:publisher\" content=\"https:\/\/www.facebook.com\/Aeronoticias.com.pe\/\" \/>\n<meta property=\"article:published_time\" content=\"2024-09-04T17:05:54+00:00\" \/>\n<meta property=\"article:modified_time\" content=\"2024-09-04T17:05:58+00:00\" \/>\n<meta property=\"og:image\" content=\"https:\/\/aeronoticias.com.pe\/noticiero\/wp-content\/uploads\/2024\/09\/iata.jpg\" \/>\n\t<meta property=\"og:image:width\" content=\"1200\" \/>\n\t<meta property=\"og:image:height\" content=\"675\" \/>\n\t<meta property=\"og:image:type\" content=\"image\/jpeg\" \/>\n<meta name=\"author\" content=\"Redacci\u00f3n\" \/>\n<meta name=\"twitter:card\" content=\"summary_large_image\" \/>\n<meta name=\"twitter:creator\" content=\"@aeronoticias\" \/>\n<meta name=\"twitter:site\" content=\"@aeronoticias\" \/>\n<meta name=\"twitter:label1\" content=\"Escrito por\" \/>\n\t<meta name=\"twitter:data1\" content=\"Redacci\u00f3n\" \/>\n\t<meta name=\"twitter:label2\" content=\"Tiempo de lectura\" \/>\n\t<meta name=\"twitter:data2\" content=\"2 minutos\" \/>\n<script type=\"application\/ld+json\" class=\"yoast-schema-graph\">{\"@context\":\"https:\/\/schema.org\",\"@graph\":[{\"@type\":\"WebPage\",\"@id\":\"https:\/\/aeronoticias.com.pe\/noticiero\/ultimas\/1\/iata-transporte-de-carga-aerea-muestra-crecimiento-durante-julio-de-2024\/\",\"url\":\"https:\/\/aeronoticias.com.pe\/noticiero\/ultimas\/1\/iata-transporte-de-carga-aerea-muestra-crecimiento-durante-julio-de-2024\/\",\"name\":\"IATA: Transporte de carga a\u00e9rea muestra crecimiento durante julio de 2024\",\"isPartOf\":{\"@id\":\"https:\/\/aeronoticias.com.pe\/noticiero\/#website\"},\"primaryImageOfPage\":{\"@id\":\"https:\/\/aeronoticias.com.pe\/noticiero\/ultimas\/1\/iata-transporte-de-carga-aerea-muestra-crecimiento-durante-julio-de-2024\/#primaryimage\"},\"image\":{\"@id\":\"https:\/\/aeronoticias.com.pe\/noticiero\/ultimas\/1\/iata-transporte-de-carga-aerea-muestra-crecimiento-durante-julio-de-2024\/#primaryimage\"},\"thumbnailUrl\":\"https:\/\/aeronoticias.com.pe\/noticiero\/wp-content\/uploads\/2024\/09\/iata.jpg\",\"datePublished\":\"2024-09-04T17:05:54+00:00\",\"dateModified\":\"2024-09-04T17:05:58+00:00\",\"author\":{\"@id\":\"https:\/\/aeronoticias.com.pe\/noticiero\/#\/schema\/person\/16212a617c73f78916b13194154243bd\"},\"description\":\"Portal de noticias del Per\u00fa sobre el transporte a\u00e9reo, aviaci\u00f3n, turismo, hoteleria, actualidad.\",\"breadcrumb\":{\"@id\":\"https:\/\/aeronoticias.com.pe\/noticiero\/ultimas\/1\/iata-transporte-de-carga-aerea-muestra-crecimiento-durante-julio-de-2024\/#breadcrumb\"},\"inLanguage\":\"es\",\"potentialAction\":[{\"@type\":\"ReadAction\",\"target\":[\"https:\/\/aeronoticias.com.pe\/noticiero\/ultimas\/1\/iata-transporte-de-carga-aerea-muestra-crecimiento-durante-julio-de-2024\/\"]}]},{\"@type\":\"ImageObject\",\"inLanguage\":\"es\",\"@id\":\"https:\/\/aeronoticias.com.pe\/noticiero\/ultimas\/1\/iata-transporte-de-carga-aerea-muestra-crecimiento-durante-julio-de-2024\/#primaryimage\",\"url\":\"https:\/\/aeronoticias.com.pe\/noticiero\/wp-content\/uploads\/2024\/09\/iata.jpg\",\"contentUrl\":\"https:\/\/aeronoticias.com.pe\/noticiero\/wp-content\/uploads\/2024\/09\/iata.jpg\",\"width\":1200,\"height\":675},{\"@type\":\"BreadcrumbList\",\"@id\":\"https:\/\/aeronoticias.com.pe\/noticiero\/ultimas\/1\/iata-transporte-de-carga-aerea-muestra-crecimiento-durante-julio-de-2024\/#breadcrumb\",\"itemListElement\":[{\"@type\":\"ListItem\",\"position\":1,\"name\":\"Portada\",\"item\":\"https:\/\/aeronoticias.com.pe\/noticiero\/\"},{\"@type\":\"ListItem\",\"position\":2,\"name\":\"IATA: Transporte de carga a\u00e9rea muestra crecimiento durante julio de 2024\"}]},{\"@type\":\"WebSite\",\"@id\":\"https:\/\/aeronoticias.com.pe\/noticiero\/#website\",\"url\":\"https:\/\/aeronoticias.com.pe\/noticiero\/\",\"name\":\"Aeronoticias.com.pe\",\"description\":\"Noticias de tranporte aereo, turismo, hoteles, gastronomia, actualidad, internacional\",\"potentialAction\":[{\"@type\":\"SearchAction\",\"target\":{\"@type\":\"EntryPoint\",\"urlTemplate\":\"https:\/\/aeronoticias.com.pe\/noticiero\/?s={search_term_string}\"},\"query-input\":{\"@type\":\"PropertyValueSpecification\",\"valueRequired\":true,\"valueName\":\"search_term_string\"}}],\"inLanguage\":\"es\"},{\"@type\":\"Person\",\"@id\":\"https:\/\/aeronoticias.com.pe\/noticiero\/#\/schema\/person\/16212a617c73f78916b13194154243bd\",\"name\":\"Redacci\u00f3n\",\"sameAs\":[\"http:\/\/Redacci\u00f3n\"],\"url\":\"https:\/\/aeronoticias.com.pe\/noticiero\/author\/celeste\/\"}]}<\/script>\n<!-- \/ Yoast SEO plugin. -->","yoast_head_json":{"title":"IATA: Transporte de carga a\u00e9rea muestra crecimiento durante julio de 2024","description":"Portal de noticias del Per\u00fa sobre el transporte a\u00e9reo, aviaci\u00f3n, turismo, hoteleria, actualidad.","robots":{"index":"index","follow":"follow","max-snippet":"max-snippet:-1","max-image-preview":"max-image-preview:large","max-video-preview":"max-video-preview:-1"},"canonical":"https:\/\/aeronoticias.com.pe\/noticiero\/ultimas\/1\/iata-transporte-de-carga-aerea-muestra-crecimiento-durante-julio-de-2024\/","og_locale":"es_ES","og_type":"article","og_title":"IATA: Transporte de carga a\u00e9rea muestra crecimiento durante julio de 2024","og_description":"Portal de noticias del Per\u00fa sobre el transporte a\u00e9reo, aviaci\u00f3n, turismo, hoteleria, actualidad.","og_url":"https:\/\/aeronoticias.com.pe\/noticiero\/ultimas\/1\/iata-transporte-de-carga-aerea-muestra-crecimiento-durante-julio-de-2024\/","og_site_name":"Aeronoticias.com.pe","article_publisher":"https:\/\/www.facebook.com\/Aeronoticias.com.pe\/","article_published_time":"2024-09-04T17:05:54+00:00","article_modified_time":"2024-09-04T17:05:58+00:00","og_image":[{"width":1200,"height":675,"url":"https:\/\/aeronoticias.com.pe\/noticiero\/wp-content\/uploads\/2024\/09\/iata.jpg","type":"image\/jpeg"}],"author":"Redacci\u00f3n","twitter_card":"summary_large_image","twitter_creator":"@aeronoticias","twitter_site":"@aeronoticias","twitter_misc":{"Escrito por":"Redacci\u00f3n","Tiempo de lectura":"2 minutos"},"schema":{"@context":"https:\/\/schema.org","@graph":[{"@type":"WebPage","@id":"https:\/\/aeronoticias.com.pe\/noticiero\/ultimas\/1\/iata-transporte-de-carga-aerea-muestra-crecimiento-durante-julio-de-2024\/","url":"https:\/\/aeronoticias.com.pe\/noticiero\/ultimas\/1\/iata-transporte-de-carga-aerea-muestra-crecimiento-durante-julio-de-2024\/","name":"IATA: Transporte de carga a\u00e9rea muestra crecimiento durante julio de 2024","isPartOf":{"@id":"https:\/\/aeronoticias.com.pe\/noticiero\/#website"},"primaryImageOfPage":{"@id":"https:\/\/aeronoticias.com.pe\/noticiero\/ultimas\/1\/iata-transporte-de-carga-aerea-muestra-crecimiento-durante-julio-de-2024\/#primaryimage"},"image":{"@id":"https:\/\/aeronoticias.com.pe\/noticiero\/ultimas\/1\/iata-transporte-de-carga-aerea-muestra-crecimiento-durante-julio-de-2024\/#primaryimage"},"thumbnailUrl":"https:\/\/aeronoticias.com.pe\/noticiero\/wp-content\/uploads\/2024\/09\/iata.jpg","datePublished":"2024-09-04T17:05:54+00:00","dateModified":"2024-09-04T17:05:58+00:00","author":{"@id":"https:\/\/aeronoticias.com.pe\/noticiero\/#\/schema\/person\/16212a617c73f78916b13194154243bd"},"description":"Portal de noticias del Per\u00fa sobre el transporte a\u00e9reo, aviaci\u00f3n, turismo, hoteleria, actualidad.","breadcrumb":{"@id":"https:\/\/aeronoticias.com.pe\/noticiero\/ultimas\/1\/iata-transporte-de-carga-aerea-muestra-crecimiento-durante-julio-de-2024\/#breadcrumb"},"inLanguage":"es","potentialAction":[{"@type":"ReadAction","target":["https:\/\/aeronoticias.com.pe\/noticiero\/ultimas\/1\/iata-transporte-de-carga-aerea-muestra-crecimiento-durante-julio-de-2024\/"]}]},{"@type":"ImageObject","inLanguage":"es","@id":"https:\/\/aeronoticias.com.pe\/noticiero\/ultimas\/1\/iata-transporte-de-carga-aerea-muestra-crecimiento-durante-julio-de-2024\/#primaryimage","url":"https:\/\/aeronoticias.com.pe\/noticiero\/wp-content\/uploads\/2024\/09\/iata.jpg","contentUrl":"https:\/\/aeronoticias.com.pe\/noticiero\/wp-content\/uploads\/2024\/09\/iata.jpg","width":1200,"height":675},{"@type":"BreadcrumbList","@id":"https:\/\/aeronoticias.com.pe\/noticiero\/ultimas\/1\/iata-transporte-de-carga-aerea-muestra-crecimiento-durante-julio-de-2024\/#breadcrumb","itemListElement":[{"@type":"ListItem","position":1,"name":"Portada","item":"https:\/\/aeronoticias.com.pe\/noticiero\/"},{"@type":"ListItem","position":2,"name":"IATA: Transporte de carga a\u00e9rea muestra crecimiento durante julio de 2024"}]},{"@type":"WebSite","@id":"https:\/\/aeronoticias.com.pe\/noticiero\/#website","url":"https:\/\/aeronoticias.com.pe\/noticiero\/","name":"Aeronoticias.com.pe","description":"Noticias de tranporte aereo, turismo, hoteles, gastronomia, actualidad, internacional","potentialAction":[{"@type":"SearchAction","target":{"@type":"EntryPoint","urlTemplate":"https:\/\/aeronoticias.com.pe\/noticiero\/?s={search_term_string}"},"query-input":{"@type":"PropertyValueSpecification","valueRequired":true,"valueName":"search_term_string"}}],"inLanguage":"es"},{"@type":"Person","@id":"https:\/\/aeronoticias.com.pe\/noticiero\/#\/schema\/person\/16212a617c73f78916b13194154243bd","name":"Redacci\u00f3n","sameAs":["http:\/\/Redacci\u00f3n"],"url":"https:\/\/aeronoticias.com.pe\/noticiero\/author\/celeste\/"}]}},"_links":{"self":[{"href":"https:\/\/aeronoticias.com.pe\/noticiero\/wp-json\/wp\/v2\/posts\/91156","targetHints":{"allow":["GET"]}}],"collection":[{"href":"https:\/\/aeronoticias.com.pe\/noticiero\/wp-json\/wp\/v2\/posts"}],"about":[{"href":"https:\/\/aeronoticias.com.pe\/noticiero\/wp-json\/wp\/v2\/types\/post"}],"author":[{"embeddable":true,"href":"https:\/\/aeronoticias.com.pe\/noticiero\/wp-json\/wp\/v2\/users\/3"}],"replies":[{"embeddable":true,"href":"https:\/\/aeronoticias.com.pe\/noticiero\/wp-json\/wp\/v2\/comments?post=91156"}],"version-history":[{"count":0,"href":"https:\/\/aeronoticias.com.pe\/noticiero\/wp-json\/wp\/v2\/posts\/91156\/revisions"}],"wp:featuredmedia":[{"embeddable":true,"href":"https:\/\/aeronoticias.com.pe\/noticiero\/wp-json\/wp\/v2\/media\/91157"}],"wp:attachment":[{"href":"https:\/\/aeronoticias.com.pe\/noticiero\/wp-json\/wp\/v2\/media?parent=91156"}],"wp:term":[{"taxonomy":"category","embeddable":true,"href":"https:\/\/aeronoticias.com.pe\/noticiero\/wp-json\/wp\/v2\/categories?post=91156"},{"taxonomy":"post_tag","embeddable":true,"href":"https:\/\/aeronoticias.com.pe\/noticiero\/wp-json\/wp\/v2\/tags?post=91156"}],"curies":[{"name":"wp","href":"https:\/\/api.w.org\/{rel}","templated":true}]}}