{"id":91159,"date":"2024-09-04T14:34:23","date_gmt":"2024-09-04T19:34:23","guid":{"rendered":"https:\/\/aeronoticias.com.pe\/noticiero\/?p=91159"},"modified":"2024-09-04T14:34:30","modified_gmt":"2024-09-04T19:34:30","slug":"el-bombardier-global-7500-bate-mas-de-50-records-de-velocidad-en-menos-de-50-semanas","status":"publish","type":"post","link":"https:\/\/aeronoticias.com.pe\/noticiero\/transporte-aereo\/el-bombardier-global-7500-bate-mas-de-50-records-de-velocidad-en-menos-de-50-semanas\/","title":{"rendered":"El Bombardier Global 7500 bate m\u00e1s de 50 r\u00e9cords de velocidad en menos de 50 semanas"},"content":{"rendered":"\n<p><strong>(Aeronoticias):<\/strong> <strong>Bombardier\u00a0<\/strong>anunci\u00f3 que su avi\u00f3n de negocios<strong>\u00a0Global 7500<\/strong>, l\u00edder del sector, sigue acumulando r\u00e9cords de velocidad, que se suman a sus ya impresionantes atributos al alcanzar m\u00e1s de 50 r\u00e9cords en menos de 50 semanas.<\/p>\n\n\n\n<p>Algunos de los nuevos r\u00e9cords incluyen pares de ciudades esenciales de Miami a S\u00e3o Paulo, Tokio a Los \u00c1ngeles, Jeddah a Londres y Londres a Bahr\u00e9in. Para acentuar a\u00fan m\u00e1s los incre\u00edbles atributos de rendimiento del avi\u00f3n, la velocidad media de sus 10 nuevos r\u00e9cords supera los 1.000 km\/h.<\/p>\n\n\n\n<p>Un rendimiento excepcional y un lujo inmaculado son las cartas de presentaci\u00f3n del Global 7500. Con una velocidad m\u00e1xima de Mach 0,925 y una autonom\u00eda b\u00e1sica de 7.700 millas n\u00e1uticas (14.260 km), el avi\u00f3n es la m\u00e1quina del tiempo definitiva para batir r\u00e9cords, acercando cada vez m\u00e1s los destinos clave.<\/p>\n\n\n\n<p><strong><em>\u2192&nbsp;<a href=\"https:\/\/aviacionaldia.com\/2024\/07\/kelly-ortberg-es-nombrado-nuevo-presidente-y-consejero-delegado-de-boeing.html\">Kelly Ortberg es nombrado nuevo Presidente y Consejero Delegado de Boeing<\/a><\/em><\/strong><\/p>\n\n\n\n<p>\u00abCon cada nuevo r\u00e9cord de velocidad, el avi\u00f3n Global 7500 consolida su merecida reputaci\u00f3n como el avi\u00f3n de ultra largo alcance m\u00e1s impresionante de los cielos actuales. En cuanto a sus atributos de dise\u00f1o, avances tecnol\u00f3gicos \u00fanicos y mucho m\u00e1s, el avi\u00f3n Global 7500 es inigualable por su fiabilidad, productividad y estilo\u00bb, dijo Jean-Christophe Gallagher, Vicepresidente Ejecutivo de Ventas de Aviones y Defensa de Bombardier.<\/p>\n\n\n\n<p>Los incre\u00edbles atributos del Global 7500 mejorar\u00e1n a\u00fan m\u00e1s con la introducci\u00f3n del nuevo avi\u00f3n Global 8000, anunciada en 2022. El buque insignia de una nueva era de Bombardier contar\u00e1 con una autonom\u00eda l\u00edder en el sector de 8.000 millas n\u00e1uticas y una velocidad m\u00e1xima de Mach 0,94. Tambi\u00e9n ofrecer\u00e1 la altitud de cabina m\u00e1s baja, de menos de 2.900 pies cuando vuele a 41.000 pies, m\u00e1s baja que cualquier avi\u00f3n de negocios actual. El desarrollo del avi\u00f3n Global 8000 de Bombardier est\u00e1 en curso y el programa avanza para planificar su entrada en servicio en 2025.<\/p>\n\n\n\n<p><strong>Fuente: aviacionaldia.com<\/strong><\/p>\n","protected":false},"excerpt":{"rendered":"<p>(Aeronoticias): Bombardier\u00a0anunci\u00f3 que su avi\u00f3n de negocios\u00a0Global 7500, l\u00edder del sector, sigue acumulando r\u00e9cords de velocidad, que se suman a sus ya impresionantes atributos al alcanzar m\u00e1s de 50 r\u00e9cords en menos de 50 semanas. Algunos de los nuevos r\u00e9cords incluyen pares de ciudades esenciales de Miami a S\u00e3o Paulo, Tokio a Los \u00c1ngeles, Jeddah [&hellip;]<\/p>\n","protected":false},"author":3,"featured_media":91160,"comment_status":"open","ping_status":"open","sticky":false,"template":"","format":"standard","meta":{"tdm_status":"","tdm_grid_status":"","footnotes":""},"categories":[32,11],"tags":[5599,5600],"class_list":{"0":"post-91159","1":"post","2":"type-post","3":"status-publish","4":"format-standard","5":"has-post-thumbnail","7":"category-internacional","8":"category-transporte-aereo","9":"tag-bombardiel-global-7500","10":"tag-record-de-velocidad"},"yoast_head":"<!-- This site is optimized with the Yoast SEO plugin v25.1 - https:\/\/yoast.com\/wordpress\/plugins\/seo\/ -->\n<title>El Bombardier Global 7500 bate m\u00e1s de 50 r\u00e9cords de velocidad en menos de 50 semanas<\/title>\n<meta name=\"description\" content=\"Portal de noticias del Per\u00fa sobre el transporte a\u00e9reo, aviaci\u00f3n, turismo, hoteleria, actualidad.\" \/>\n<meta name=\"robots\" content=\"index, follow, max-snippet:-1, max-image-preview:large, max-video-preview:-1\" \/>\n<link rel=\"canonical\" href=\"https:\/\/aeronoticias.com.pe\/noticiero\/transporte-aereo\/el-bombardier-global-7500-bate-mas-de-50-records-de-velocidad-en-menos-de-50-semanas\/\" \/>\n<meta property=\"og:locale\" content=\"es_ES\" \/>\n<meta property=\"og:type\" content=\"article\" \/>\n<meta property=\"og:title\" content=\"El Bombardier Global 7500 bate m\u00e1s de 50 r\u00e9cords de velocidad en menos de 50 semanas\" \/>\n<meta property=\"og:description\" content=\"Portal de noticias del Per\u00fa sobre el transporte a\u00e9reo, aviaci\u00f3n, turismo, hoteleria, actualidad.\" \/>\n<meta property=\"og:url\" content=\"https:\/\/aeronoticias.com.pe\/noticiero\/transporte-aereo\/el-bombardier-global-7500-bate-mas-de-50-records-de-velocidad-en-menos-de-50-semanas\/\" \/>\n<meta property=\"og:site_name\" content=\"Aeronoticias.com.pe\" \/>\n<meta property=\"article:publisher\" content=\"https:\/\/www.facebook.com\/Aeronoticias.com.pe\/\" \/>\n<meta property=\"article:published_time\" content=\"2024-09-04T19:34:23+00:00\" \/>\n<meta property=\"article:modified_time\" content=\"2024-09-04T19:34:30+00:00\" \/>\n<meta property=\"og:image\" content=\"https:\/\/aeronoticias.com.pe\/noticiero\/wp-content\/uploads\/2024\/09\/7500.jpg\" \/>\n\t<meta property=\"og:image:width\" content=\"800\" \/>\n\t<meta property=\"og:image:height\" content=\"400\" \/>\n\t<meta property=\"og:image:type\" content=\"image\/jpeg\" \/>\n<meta name=\"author\" content=\"Redacci\u00f3n\" \/>\n<meta name=\"twitter:card\" content=\"summary_large_image\" \/>\n<meta name=\"twitter:creator\" content=\"@aeronoticias\" \/>\n<meta name=\"twitter:site\" content=\"@aeronoticias\" \/>\n<meta name=\"twitter:label1\" content=\"Escrito por\" \/>\n\t<meta name=\"twitter:data1\" content=\"Redacci\u00f3n\" \/>\n\t<meta name=\"twitter:label2\" content=\"Tiempo de lectura\" \/>\n\t<meta name=\"twitter:data2\" content=\"2 minutos\" \/>\n<script type=\"application\/ld+json\" class=\"yoast-schema-graph\">{\"@context\":\"https:\/\/schema.org\",\"@graph\":[{\"@type\":\"WebPage\",\"@id\":\"https:\/\/aeronoticias.com.pe\/noticiero\/transporte-aereo\/el-bombardier-global-7500-bate-mas-de-50-records-de-velocidad-en-menos-de-50-semanas\/\",\"url\":\"https:\/\/aeronoticias.com.pe\/noticiero\/transporte-aereo\/el-bombardier-global-7500-bate-mas-de-50-records-de-velocidad-en-menos-de-50-semanas\/\",\"name\":\"El Bombardier Global 7500 bate m\u00e1s de 50 r\u00e9cords de velocidad en menos de 50 semanas\",\"isPartOf\":{\"@id\":\"https:\/\/aeronoticias.com.pe\/noticiero\/#website\"},\"primaryImageOfPage\":{\"@id\":\"https:\/\/aeronoticias.com.pe\/noticiero\/transporte-aereo\/el-bombardier-global-7500-bate-mas-de-50-records-de-velocidad-en-menos-de-50-semanas\/#primaryimage\"},\"image\":{\"@id\":\"https:\/\/aeronoticias.com.pe\/noticiero\/transporte-aereo\/el-bombardier-global-7500-bate-mas-de-50-records-de-velocidad-en-menos-de-50-semanas\/#primaryimage\"},\"thumbnailUrl\":\"https:\/\/aeronoticias.com.pe\/noticiero\/wp-content\/uploads\/2024\/09\/7500.jpg\",\"datePublished\":\"2024-09-04T19:34:23+00:00\",\"dateModified\":\"2024-09-04T19:34:30+00:00\",\"author\":{\"@id\":\"https:\/\/aeronoticias.com.pe\/noticiero\/#\/schema\/person\/16212a617c73f78916b13194154243bd\"},\"description\":\"Portal de noticias del Per\u00fa sobre el transporte a\u00e9reo, aviaci\u00f3n, turismo, hoteleria, actualidad.\",\"breadcrumb\":{\"@id\":\"https:\/\/aeronoticias.com.pe\/noticiero\/transporte-aereo\/el-bombardier-global-7500-bate-mas-de-50-records-de-velocidad-en-menos-de-50-semanas\/#breadcrumb\"},\"inLanguage\":\"es\",\"potentialAction\":[{\"@type\":\"ReadAction\",\"target\":[\"https:\/\/aeronoticias.com.pe\/noticiero\/transporte-aereo\/el-bombardier-global-7500-bate-mas-de-50-records-de-velocidad-en-menos-de-50-semanas\/\"]}]},{\"@type\":\"ImageObject\",\"inLanguage\":\"es\",\"@id\":\"https:\/\/aeronoticias.com.pe\/noticiero\/transporte-aereo\/el-bombardier-global-7500-bate-mas-de-50-records-de-velocidad-en-menos-de-50-semanas\/#primaryimage\",\"url\":\"https:\/\/aeronoticias.com.pe\/noticiero\/wp-content\/uploads\/2024\/09\/7500.jpg\",\"contentUrl\":\"https:\/\/aeronoticias.com.pe\/noticiero\/wp-content\/uploads\/2024\/09\/7500.jpg\",\"width\":800,\"height\":400},{\"@type\":\"BreadcrumbList\",\"@id\":\"https:\/\/aeronoticias.com.pe\/noticiero\/transporte-aereo\/el-bombardier-global-7500-bate-mas-de-50-records-de-velocidad-en-menos-de-50-semanas\/#breadcrumb\",\"itemListElement\":[{\"@type\":\"ListItem\",\"position\":1,\"name\":\"Portada\",\"item\":\"https:\/\/aeronoticias.com.pe\/noticiero\/\"},{\"@type\":\"ListItem\",\"position\":2,\"name\":\"El Bombardier Global 7500 bate m\u00e1s de 50 r\u00e9cords de velocidad en menos de 50 semanas\"}]},{\"@type\":\"WebSite\",\"@id\":\"https:\/\/aeronoticias.com.pe\/noticiero\/#website\",\"url\":\"https:\/\/aeronoticias.com.pe\/noticiero\/\",\"name\":\"Aeronoticias.com.pe\",\"description\":\"Noticias de tranporte aereo, turismo, hoteles, gastronomia, actualidad, internacional\",\"potentialAction\":[{\"@type\":\"SearchAction\",\"target\":{\"@type\":\"EntryPoint\",\"urlTemplate\":\"https:\/\/aeronoticias.com.pe\/noticiero\/?s={search_term_string}\"},\"query-input\":{\"@type\":\"PropertyValueSpecification\",\"valueRequired\":true,\"valueName\":\"search_term_string\"}}],\"inLanguage\":\"es\"},{\"@type\":\"Person\",\"@id\":\"https:\/\/aeronoticias.com.pe\/noticiero\/#\/schema\/person\/16212a617c73f78916b13194154243bd\",\"name\":\"Redacci\u00f3n\",\"sameAs\":[\"http:\/\/Redacci\u00f3n\"],\"url\":\"https:\/\/aeronoticias.com.pe\/noticiero\/author\/celeste\/\"}]}<\/script>\n<!-- \/ Yoast SEO plugin. -->","yoast_head_json":{"title":"El Bombardier Global 7500 bate m\u00e1s de 50 r\u00e9cords de velocidad en menos de 50 semanas","description":"Portal de noticias del Per\u00fa sobre el transporte a\u00e9reo, aviaci\u00f3n, turismo, hoteleria, actualidad.","robots":{"index":"index","follow":"follow","max-snippet":"max-snippet:-1","max-image-preview":"max-image-preview:large","max-video-preview":"max-video-preview:-1"},"canonical":"https:\/\/aeronoticias.com.pe\/noticiero\/transporte-aereo\/el-bombardier-global-7500-bate-mas-de-50-records-de-velocidad-en-menos-de-50-semanas\/","og_locale":"es_ES","og_type":"article","og_title":"El Bombardier Global 7500 bate m\u00e1s de 50 r\u00e9cords de velocidad en menos de 50 semanas","og_description":"Portal de noticias del Per\u00fa sobre el transporte a\u00e9reo, aviaci\u00f3n, turismo, hoteleria, actualidad.","og_url":"https:\/\/aeronoticias.com.pe\/noticiero\/transporte-aereo\/el-bombardier-global-7500-bate-mas-de-50-records-de-velocidad-en-menos-de-50-semanas\/","og_site_name":"Aeronoticias.com.pe","article_publisher":"https:\/\/www.facebook.com\/Aeronoticias.com.pe\/","article_published_time":"2024-09-04T19:34:23+00:00","article_modified_time":"2024-09-04T19:34:30+00:00","og_image":[{"width":800,"height":400,"url":"https:\/\/aeronoticias.com.pe\/noticiero\/wp-content\/uploads\/2024\/09\/7500.jpg","type":"image\/jpeg"}],"author":"Redacci\u00f3n","twitter_card":"summary_large_image","twitter_creator":"@aeronoticias","twitter_site":"@aeronoticias","twitter_misc":{"Escrito por":"Redacci\u00f3n","Tiempo de lectura":"2 minutos"},"schema":{"@context":"https:\/\/schema.org","@graph":[{"@type":"WebPage","@id":"https:\/\/aeronoticias.com.pe\/noticiero\/transporte-aereo\/el-bombardier-global-7500-bate-mas-de-50-records-de-velocidad-en-menos-de-50-semanas\/","url":"https:\/\/aeronoticias.com.pe\/noticiero\/transporte-aereo\/el-bombardier-global-7500-bate-mas-de-50-records-de-velocidad-en-menos-de-50-semanas\/","name":"El Bombardier Global 7500 bate m\u00e1s de 50 r\u00e9cords de velocidad en menos de 50 semanas","isPartOf":{"@id":"https:\/\/aeronoticias.com.pe\/noticiero\/#website"},"primaryImageOfPage":{"@id":"https:\/\/aeronoticias.com.pe\/noticiero\/transporte-aereo\/el-bombardier-global-7500-bate-mas-de-50-records-de-velocidad-en-menos-de-50-semanas\/#primaryimage"},"image":{"@id":"https:\/\/aeronoticias.com.pe\/noticiero\/transporte-aereo\/el-bombardier-global-7500-bate-mas-de-50-records-de-velocidad-en-menos-de-50-semanas\/#primaryimage"},"thumbnailUrl":"https:\/\/aeronoticias.com.pe\/noticiero\/wp-content\/uploads\/2024\/09\/7500.jpg","datePublished":"2024-09-04T19:34:23+00:00","dateModified":"2024-09-04T19:34:30+00:00","author":{"@id":"https:\/\/aeronoticias.com.pe\/noticiero\/#\/schema\/person\/16212a617c73f78916b13194154243bd"},"description":"Portal de noticias del Per\u00fa sobre el transporte a\u00e9reo, aviaci\u00f3n, turismo, hoteleria, actualidad.","breadcrumb":{"@id":"https:\/\/aeronoticias.com.pe\/noticiero\/transporte-aereo\/el-bombardier-global-7500-bate-mas-de-50-records-de-velocidad-en-menos-de-50-semanas\/#breadcrumb"},"inLanguage":"es","potentialAction":[{"@type":"ReadAction","target":["https:\/\/aeronoticias.com.pe\/noticiero\/transporte-aereo\/el-bombardier-global-7500-bate-mas-de-50-records-de-velocidad-en-menos-de-50-semanas\/"]}]},{"@type":"ImageObject","inLanguage":"es","@id":"https:\/\/aeronoticias.com.pe\/noticiero\/transporte-aereo\/el-bombardier-global-7500-bate-mas-de-50-records-de-velocidad-en-menos-de-50-semanas\/#primaryimage","url":"https:\/\/aeronoticias.com.pe\/noticiero\/wp-content\/uploads\/2024\/09\/7500.jpg","contentUrl":"https:\/\/aeronoticias.com.pe\/noticiero\/wp-content\/uploads\/2024\/09\/7500.jpg","width":800,"height":400},{"@type":"BreadcrumbList","@id":"https:\/\/aeronoticias.com.pe\/noticiero\/transporte-aereo\/el-bombardier-global-7500-bate-mas-de-50-records-de-velocidad-en-menos-de-50-semanas\/#breadcrumb","itemListElement":[{"@type":"ListItem","position":1,"name":"Portada","item":"https:\/\/aeronoticias.com.pe\/noticiero\/"},{"@type":"ListItem","position":2,"name":"El Bombardier Global 7500 bate m\u00e1s de 50 r\u00e9cords de velocidad en menos de 50 semanas"}]},{"@type":"WebSite","@id":"https:\/\/aeronoticias.com.pe\/noticiero\/#website","url":"https:\/\/aeronoticias.com.pe\/noticiero\/","name":"Aeronoticias.com.pe","description":"Noticias de tranporte aereo, turismo, hoteles, gastronomia, actualidad, internacional","potentialAction":[{"@type":"SearchAction","target":{"@type":"EntryPoint","urlTemplate":"https:\/\/aeronoticias.com.pe\/noticiero\/?s={search_term_string}"},"query-input":{"@type":"PropertyValueSpecification","valueRequired":true,"valueName":"search_term_string"}}],"inLanguage":"es"},{"@type":"Person","@id":"https:\/\/aeronoticias.com.pe\/noticiero\/#\/schema\/person\/16212a617c73f78916b13194154243bd","name":"Redacci\u00f3n","sameAs":["http:\/\/Redacci\u00f3n"],"url":"https:\/\/aeronoticias.com.pe\/noticiero\/author\/celeste\/"}]}},"_links":{"self":[{"href":"https:\/\/aeronoticias.com.pe\/noticiero\/wp-json\/wp\/v2\/posts\/91159","targetHints":{"allow":["GET"]}}],"collection":[{"href":"https:\/\/aeronoticias.com.pe\/noticiero\/wp-json\/wp\/v2\/posts"}],"about":[{"href":"https:\/\/aeronoticias.com.pe\/noticiero\/wp-json\/wp\/v2\/types\/post"}],"author":[{"embeddable":true,"href":"https:\/\/aeronoticias.com.pe\/noticiero\/wp-json\/wp\/v2\/users\/3"}],"replies":[{"embeddable":true,"href":"https:\/\/aeronoticias.com.pe\/noticiero\/wp-json\/wp\/v2\/comments?post=91159"}],"version-history":[{"count":0,"href":"https:\/\/aeronoticias.com.pe\/noticiero\/wp-json\/wp\/v2\/posts\/91159\/revisions"}],"wp:featuredmedia":[{"embeddable":true,"href":"https:\/\/aeronoticias.com.pe\/noticiero\/wp-json\/wp\/v2\/media\/91160"}],"wp:attachment":[{"href":"https:\/\/aeronoticias.com.pe\/noticiero\/wp-json\/wp\/v2\/media?parent=91159"}],"wp:term":[{"taxonomy":"category","embeddable":true,"href":"https:\/\/aeronoticias.com.pe\/noticiero\/wp-json\/wp\/v2\/categories?post=91159"},{"taxonomy":"post_tag","embeddable":true,"href":"https:\/\/aeronoticias.com.pe\/noticiero\/wp-json\/wp\/v2\/tags?post=91159"}],"curies":[{"name":"wp","href":"https:\/\/api.w.org\/{rel}","templated":true}]}}