{"id":91162,"date":"2024-09-04T14:40:39","date_gmt":"2024-09-04T19:40:39","guid":{"rendered":"https:\/\/aeronoticias.com.pe\/noticiero\/?p=91162"},"modified":"2024-09-04T14:40:48","modified_gmt":"2024-09-04T19:40:48","slug":"viva-aerobus-firma-un-acuerdo-interlinea-con-air-canada","status":"publish","type":"post","link":"https:\/\/aeronoticias.com.pe\/noticiero\/transporte-aereo\/internacional\/viva-aerobus-firma-un-acuerdo-interlinea-con-air-canada\/","title":{"rendered":"Viva Aerobus firma un acuerdo interl\u00ednea con Air Canad\u00e1"},"content":{"rendered":"\n<p><strong>(Aeronoticias)<\/strong>: La aerol\u00ednea mexicana\u00a0<strong>Viva Aerobus<\/strong>\u00a0inform\u00f3 el mi\u00e9rcoles que firm\u00f3 un acuerdo interl\u00ednea con\u00a0<strong>Air Canad\u00e1\u00a0<\/strong>para fortalecer la conectividad entre decenas de destinos de ambos pa\u00edses.<\/p>\n\n\n\n<p>El convenio enlazar\u00e1 ocho ciudades canadienses con 59 destinos en M\u00e9xico, mediante conexiones en Canc\u00fan, Ciudad de M\u00e9xico y Monterrey, adquiriendo un solo boleto, sin importar las escalas a realizar.<ins><\/ins><\/p>\n\n\n\n<p><strong><em>\u2192&nbsp;<a href=\"https:\/\/aviacionaldia.com\/2024\/08\/air-canada-reanudara-sus-vuelos-sin-escalas-entre-ottawa-y-londres-heathrow-en-2025.html\">Air Canad\u00e1 reanudar\u00e1 sus vuelos sin escalas entre Ottawa y Londres-Heathrow en 2025<\/a><\/em><\/strong><\/p>\n\n\n\n<p>\u201cEste acuerdo permitir\u00e1 a los pasajeros de Air Canad\u00e1 viajar y disfrutar de una amplia oferta de destinos en M\u00e9xico, incluyendo playas, grandes ciudades y m\u00e1s. Sabemos que hay una gran poblaci\u00f3n mexicana de estudiantes y profesionistas en Canad\u00e1, quienes tambi\u00e9n podr\u00e1n aprovechar esta oportunidad para visitar a sus familias en casa\u201d,&nbsp; coment\u00f3 Jordi Porcel, director de alianzas de Viva Aerobus.<\/p>\n\n\n\n<p><strong>Fuente: aviacionaldia.com<\/strong><\/p>\n","protected":false},"excerpt":{"rendered":"<p>(Aeronoticias): La aerol\u00ednea mexicana\u00a0Viva Aerobus\u00a0inform\u00f3 el mi\u00e9rcoles que firm\u00f3 un acuerdo interl\u00ednea con\u00a0Air Canad\u00e1\u00a0para fortalecer la conectividad entre decenas de destinos de ambos pa\u00edses. El convenio enlazar\u00e1 ocho ciudades canadienses con 59 destinos en M\u00e9xico, mediante conexiones en Canc\u00fan, Ciudad de M\u00e9xico y Monterrey, adquiriendo un solo boleto, sin importar las escalas a realizar. \u2192&nbsp;Air [&hellip;]<\/p>\n","protected":false},"author":3,"featured_media":91163,"comment_status":"open","ping_status":"open","sticky":false,"template":"","format":"standard","meta":{"tdm_status":"","tdm_grid_status":"","footnotes":""},"categories":[32,34],"tags":[315,227],"class_list":{"0":"post-91162","1":"post","2":"type-post","3":"status-publish","4":"format-standard","5":"has-post-thumbnail","7":"category-internacional","8":"category-internacionales","9":"tag-air-canada","10":"tag-viva-aerobus"},"yoast_head":"<!-- This site is optimized with the Yoast SEO plugin v25.1 - https:\/\/yoast.com\/wordpress\/plugins\/seo\/ -->\n<title>Viva Aerobus firma un acuerdo interl\u00ednea con Air Canad\u00e1<\/title>\n<meta name=\"description\" content=\"Portal de noticias del Per\u00fa sobre el transporte a\u00e9reo, aviaci\u00f3n, turismo, hoteleria, actualidad.\" \/>\n<meta name=\"robots\" content=\"index, follow, max-snippet:-1, max-image-preview:large, max-video-preview:-1\" \/>\n<link rel=\"canonical\" href=\"https:\/\/aeronoticias.com.pe\/noticiero\/transporte-aereo\/internacional\/viva-aerobus-firma-un-acuerdo-interlinea-con-air-canada\/\" \/>\n<meta property=\"og:locale\" content=\"es_ES\" \/>\n<meta property=\"og:type\" content=\"article\" \/>\n<meta property=\"og:title\" content=\"Viva Aerobus firma un acuerdo interl\u00ednea con Air Canad\u00e1\" \/>\n<meta property=\"og:description\" content=\"Portal de noticias del Per\u00fa sobre el transporte a\u00e9reo, aviaci\u00f3n, turismo, hoteleria, actualidad.\" \/>\n<meta property=\"og:url\" content=\"https:\/\/aeronoticias.com.pe\/noticiero\/transporte-aereo\/internacional\/viva-aerobus-firma-un-acuerdo-interlinea-con-air-canada\/\" \/>\n<meta property=\"og:site_name\" content=\"Aeronoticias.com.pe\" \/>\n<meta property=\"article:publisher\" content=\"https:\/\/www.facebook.com\/Aeronoticias.com.pe\/\" \/>\n<meta property=\"article:published_time\" content=\"2024-09-04T19:40:39+00:00\" \/>\n<meta property=\"article:modified_time\" content=\"2024-09-04T19:40:48+00:00\" \/>\n<meta property=\"og:image\" content=\"https:\/\/aeronoticias.com.pe\/noticiero\/wp-content\/uploads\/2024\/09\/vopm.jpg\" \/>\n\t<meta property=\"og:image:width\" content=\"800\" \/>\n\t<meta property=\"og:image:height\" content=\"400\" \/>\n\t<meta property=\"og:image:type\" content=\"image\/jpeg\" \/>\n<meta name=\"author\" content=\"Redacci\u00f3n\" \/>\n<meta name=\"twitter:card\" content=\"summary_large_image\" \/>\n<meta name=\"twitter:creator\" content=\"@aeronoticias\" \/>\n<meta name=\"twitter:site\" content=\"@aeronoticias\" \/>\n<meta name=\"twitter:label1\" content=\"Escrito por\" \/>\n\t<meta name=\"twitter:data1\" content=\"Redacci\u00f3n\" \/>\n\t<meta name=\"twitter:label2\" content=\"Tiempo de lectura\" \/>\n\t<meta name=\"twitter:data2\" content=\"1 minuto\" \/>\n<script type=\"application\/ld+json\" class=\"yoast-schema-graph\">{\"@context\":\"https:\/\/schema.org\",\"@graph\":[{\"@type\":\"WebPage\",\"@id\":\"https:\/\/aeronoticias.com.pe\/noticiero\/transporte-aereo\/internacional\/viva-aerobus-firma-un-acuerdo-interlinea-con-air-canada\/\",\"url\":\"https:\/\/aeronoticias.com.pe\/noticiero\/transporte-aereo\/internacional\/viva-aerobus-firma-un-acuerdo-interlinea-con-air-canada\/\",\"name\":\"Viva Aerobus firma un acuerdo interl\u00ednea con Air Canad\u00e1\",\"isPartOf\":{\"@id\":\"https:\/\/aeronoticias.com.pe\/noticiero\/#website\"},\"primaryImageOfPage\":{\"@id\":\"https:\/\/aeronoticias.com.pe\/noticiero\/transporte-aereo\/internacional\/viva-aerobus-firma-un-acuerdo-interlinea-con-air-canada\/#primaryimage\"},\"image\":{\"@id\":\"https:\/\/aeronoticias.com.pe\/noticiero\/transporte-aereo\/internacional\/viva-aerobus-firma-un-acuerdo-interlinea-con-air-canada\/#primaryimage\"},\"thumbnailUrl\":\"https:\/\/aeronoticias.com.pe\/noticiero\/wp-content\/uploads\/2024\/09\/vopm.jpg\",\"datePublished\":\"2024-09-04T19:40:39+00:00\",\"dateModified\":\"2024-09-04T19:40:48+00:00\",\"author\":{\"@id\":\"https:\/\/aeronoticias.com.pe\/noticiero\/#\/schema\/person\/16212a617c73f78916b13194154243bd\"},\"description\":\"Portal de noticias del Per\u00fa sobre el transporte a\u00e9reo, aviaci\u00f3n, turismo, hoteleria, actualidad.\",\"breadcrumb\":{\"@id\":\"https:\/\/aeronoticias.com.pe\/noticiero\/transporte-aereo\/internacional\/viva-aerobus-firma-un-acuerdo-interlinea-con-air-canada\/#breadcrumb\"},\"inLanguage\":\"es\",\"potentialAction\":[{\"@type\":\"ReadAction\",\"target\":[\"https:\/\/aeronoticias.com.pe\/noticiero\/transporte-aereo\/internacional\/viva-aerobus-firma-un-acuerdo-interlinea-con-air-canada\/\"]}]},{\"@type\":\"ImageObject\",\"inLanguage\":\"es\",\"@id\":\"https:\/\/aeronoticias.com.pe\/noticiero\/transporte-aereo\/internacional\/viva-aerobus-firma-un-acuerdo-interlinea-con-air-canada\/#primaryimage\",\"url\":\"https:\/\/aeronoticias.com.pe\/noticiero\/wp-content\/uploads\/2024\/09\/vopm.jpg\",\"contentUrl\":\"https:\/\/aeronoticias.com.pe\/noticiero\/wp-content\/uploads\/2024\/09\/vopm.jpg\",\"width\":800,\"height\":400},{\"@type\":\"BreadcrumbList\",\"@id\":\"https:\/\/aeronoticias.com.pe\/noticiero\/transporte-aereo\/internacional\/viva-aerobus-firma-un-acuerdo-interlinea-con-air-canada\/#breadcrumb\",\"itemListElement\":[{\"@type\":\"ListItem\",\"position\":1,\"name\":\"Portada\",\"item\":\"https:\/\/aeronoticias.com.pe\/noticiero\/\"},{\"@type\":\"ListItem\",\"position\":2,\"name\":\"Viva Aerobus firma un acuerdo interl\u00ednea con Air Canad\u00e1\"}]},{\"@type\":\"WebSite\",\"@id\":\"https:\/\/aeronoticias.com.pe\/noticiero\/#website\",\"url\":\"https:\/\/aeronoticias.com.pe\/noticiero\/\",\"name\":\"Aeronoticias.com.pe\",\"description\":\"Noticias de tranporte aereo, turismo, hoteles, gastronomia, actualidad, internacional\",\"potentialAction\":[{\"@type\":\"SearchAction\",\"target\":{\"@type\":\"EntryPoint\",\"urlTemplate\":\"https:\/\/aeronoticias.com.pe\/noticiero\/?s={search_term_string}\"},\"query-input\":{\"@type\":\"PropertyValueSpecification\",\"valueRequired\":true,\"valueName\":\"search_term_string\"}}],\"inLanguage\":\"es\"},{\"@type\":\"Person\",\"@id\":\"https:\/\/aeronoticias.com.pe\/noticiero\/#\/schema\/person\/16212a617c73f78916b13194154243bd\",\"name\":\"Redacci\u00f3n\",\"sameAs\":[\"http:\/\/Redacci\u00f3n\"],\"url\":\"https:\/\/aeronoticias.com.pe\/noticiero\/author\/celeste\/\"}]}<\/script>\n<!-- \/ Yoast SEO plugin. -->","yoast_head_json":{"title":"Viva Aerobus firma un acuerdo interl\u00ednea con Air Canad\u00e1","description":"Portal de noticias del Per\u00fa sobre el transporte a\u00e9reo, aviaci\u00f3n, turismo, hoteleria, actualidad.","robots":{"index":"index","follow":"follow","max-snippet":"max-snippet:-1","max-image-preview":"max-image-preview:large","max-video-preview":"max-video-preview:-1"},"canonical":"https:\/\/aeronoticias.com.pe\/noticiero\/transporte-aereo\/internacional\/viva-aerobus-firma-un-acuerdo-interlinea-con-air-canada\/","og_locale":"es_ES","og_type":"article","og_title":"Viva Aerobus firma un acuerdo interl\u00ednea con Air Canad\u00e1","og_description":"Portal de noticias del Per\u00fa sobre el transporte a\u00e9reo, aviaci\u00f3n, turismo, hoteleria, actualidad.","og_url":"https:\/\/aeronoticias.com.pe\/noticiero\/transporte-aereo\/internacional\/viva-aerobus-firma-un-acuerdo-interlinea-con-air-canada\/","og_site_name":"Aeronoticias.com.pe","article_publisher":"https:\/\/www.facebook.com\/Aeronoticias.com.pe\/","article_published_time":"2024-09-04T19:40:39+00:00","article_modified_time":"2024-09-04T19:40:48+00:00","og_image":[{"width":800,"height":400,"url":"https:\/\/aeronoticias.com.pe\/noticiero\/wp-content\/uploads\/2024\/09\/vopm.jpg","type":"image\/jpeg"}],"author":"Redacci\u00f3n","twitter_card":"summary_large_image","twitter_creator":"@aeronoticias","twitter_site":"@aeronoticias","twitter_misc":{"Escrito por":"Redacci\u00f3n","Tiempo de lectura":"1 minuto"},"schema":{"@context":"https:\/\/schema.org","@graph":[{"@type":"WebPage","@id":"https:\/\/aeronoticias.com.pe\/noticiero\/transporte-aereo\/internacional\/viva-aerobus-firma-un-acuerdo-interlinea-con-air-canada\/","url":"https:\/\/aeronoticias.com.pe\/noticiero\/transporte-aereo\/internacional\/viva-aerobus-firma-un-acuerdo-interlinea-con-air-canada\/","name":"Viva Aerobus firma un acuerdo interl\u00ednea con Air Canad\u00e1","isPartOf":{"@id":"https:\/\/aeronoticias.com.pe\/noticiero\/#website"},"primaryImageOfPage":{"@id":"https:\/\/aeronoticias.com.pe\/noticiero\/transporte-aereo\/internacional\/viva-aerobus-firma-un-acuerdo-interlinea-con-air-canada\/#primaryimage"},"image":{"@id":"https:\/\/aeronoticias.com.pe\/noticiero\/transporte-aereo\/internacional\/viva-aerobus-firma-un-acuerdo-interlinea-con-air-canada\/#primaryimage"},"thumbnailUrl":"https:\/\/aeronoticias.com.pe\/noticiero\/wp-content\/uploads\/2024\/09\/vopm.jpg","datePublished":"2024-09-04T19:40:39+00:00","dateModified":"2024-09-04T19:40:48+00:00","author":{"@id":"https:\/\/aeronoticias.com.pe\/noticiero\/#\/schema\/person\/16212a617c73f78916b13194154243bd"},"description":"Portal de noticias del Per\u00fa sobre el transporte a\u00e9reo, aviaci\u00f3n, turismo, hoteleria, actualidad.","breadcrumb":{"@id":"https:\/\/aeronoticias.com.pe\/noticiero\/transporte-aereo\/internacional\/viva-aerobus-firma-un-acuerdo-interlinea-con-air-canada\/#breadcrumb"},"inLanguage":"es","potentialAction":[{"@type":"ReadAction","target":["https:\/\/aeronoticias.com.pe\/noticiero\/transporte-aereo\/internacional\/viva-aerobus-firma-un-acuerdo-interlinea-con-air-canada\/"]}]},{"@type":"ImageObject","inLanguage":"es","@id":"https:\/\/aeronoticias.com.pe\/noticiero\/transporte-aereo\/internacional\/viva-aerobus-firma-un-acuerdo-interlinea-con-air-canada\/#primaryimage","url":"https:\/\/aeronoticias.com.pe\/noticiero\/wp-content\/uploads\/2024\/09\/vopm.jpg","contentUrl":"https:\/\/aeronoticias.com.pe\/noticiero\/wp-content\/uploads\/2024\/09\/vopm.jpg","width":800,"height":400},{"@type":"BreadcrumbList","@id":"https:\/\/aeronoticias.com.pe\/noticiero\/transporte-aereo\/internacional\/viva-aerobus-firma-un-acuerdo-interlinea-con-air-canada\/#breadcrumb","itemListElement":[{"@type":"ListItem","position":1,"name":"Portada","item":"https:\/\/aeronoticias.com.pe\/noticiero\/"},{"@type":"ListItem","position":2,"name":"Viva Aerobus firma un acuerdo interl\u00ednea con Air Canad\u00e1"}]},{"@type":"WebSite","@id":"https:\/\/aeronoticias.com.pe\/noticiero\/#website","url":"https:\/\/aeronoticias.com.pe\/noticiero\/","name":"Aeronoticias.com.pe","description":"Noticias de tranporte aereo, turismo, hoteles, gastronomia, actualidad, internacional","potentialAction":[{"@type":"SearchAction","target":{"@type":"EntryPoint","urlTemplate":"https:\/\/aeronoticias.com.pe\/noticiero\/?s={search_term_string}"},"query-input":{"@type":"PropertyValueSpecification","valueRequired":true,"valueName":"search_term_string"}}],"inLanguage":"es"},{"@type":"Person","@id":"https:\/\/aeronoticias.com.pe\/noticiero\/#\/schema\/person\/16212a617c73f78916b13194154243bd","name":"Redacci\u00f3n","sameAs":["http:\/\/Redacci\u00f3n"],"url":"https:\/\/aeronoticias.com.pe\/noticiero\/author\/celeste\/"}]}},"_links":{"self":[{"href":"https:\/\/aeronoticias.com.pe\/noticiero\/wp-json\/wp\/v2\/posts\/91162","targetHints":{"allow":["GET"]}}],"collection":[{"href":"https:\/\/aeronoticias.com.pe\/noticiero\/wp-json\/wp\/v2\/posts"}],"about":[{"href":"https:\/\/aeronoticias.com.pe\/noticiero\/wp-json\/wp\/v2\/types\/post"}],"author":[{"embeddable":true,"href":"https:\/\/aeronoticias.com.pe\/noticiero\/wp-json\/wp\/v2\/users\/3"}],"replies":[{"embeddable":true,"href":"https:\/\/aeronoticias.com.pe\/noticiero\/wp-json\/wp\/v2\/comments?post=91162"}],"version-history":[{"count":0,"href":"https:\/\/aeronoticias.com.pe\/noticiero\/wp-json\/wp\/v2\/posts\/91162\/revisions"}],"wp:featuredmedia":[{"embeddable":true,"href":"https:\/\/aeronoticias.com.pe\/noticiero\/wp-json\/wp\/v2\/media\/91163"}],"wp:attachment":[{"href":"https:\/\/aeronoticias.com.pe\/noticiero\/wp-json\/wp\/v2\/media?parent=91162"}],"wp:term":[{"taxonomy":"category","embeddable":true,"href":"https:\/\/aeronoticias.com.pe\/noticiero\/wp-json\/wp\/v2\/categories?post=91162"},{"taxonomy":"post_tag","embeddable":true,"href":"https:\/\/aeronoticias.com.pe\/noticiero\/wp-json\/wp\/v2\/tags?post=91162"}],"curies":[{"name":"wp","href":"https:\/\/api.w.org\/{rel}","templated":true}]}}