{"id":91165,"date":"2024-09-05T11:22:27","date_gmt":"2024-09-05T16:22:27","guid":{"rendered":"https:\/\/aeronoticias.com.pe\/noticiero\/?p=91165"},"modified":"2024-09-05T11:22:30","modified_gmt":"2024-09-05T16:22:30","slug":"buena-salud-del-sector-aereo-las-aerolineas-programan-un-109-mas-asientos-que-en-2023","status":"publish","type":"post","link":"https:\/\/aeronoticias.com.pe\/noticiero\/transporte-aereo\/buena-salud-del-sector-aereo-las-aerolineas-programan-un-109-mas-asientos-que-en-2023\/","title":{"rendered":"Buena salud del sector a\u00e9reo: las aerol\u00edneas programan un 10,9% m\u00e1s asientos que en 2023"},"content":{"rendered":"\n<p><strong>(Aeronoticias)<\/strong>: <em><strong>Aviaci\u00f3n Digital, Sp. \u2013\u00a0<\/strong><a href=\"https:\/\/aviaciondigital.com\/record-historico-de-pasajeros-en-aeropuertos-de-aena-durante-julio-de-2024\/\">Espa\u00f1a ha experimentado un verano de mucho movimiento a\u00e9reo.<\/a>\u00a0Una din\u00e1mica que se prolongar\u00e1 previsiblemente en este mes de septiembre. Las aerol\u00edneas prev\u00e9n, seg\u00fan los datos de Turespa\u00f1a,\u00a0<strong>un total de 11,8 millones de pasajeros lo que supone un 10,9% m\u00e1s que en el mismo periodo del pasado a\u00f1o.<\/strong><\/em><\/p>\n\n\n\n<p><strong>Los turistas extranjeros europeos<\/strong>\u00a0desean aprovechar el buen tiempo que a\u00fan perdura en la pen\u00ednsula y en las islas, y\u00a0<strong>ser\u00e1n los protagonistas de este incremento de asientos.<\/strong>\u00a0Los que m\u00e1s crecen son el mercado polaco y checoeslovaco en un 46% y 36,4% respectivamente. <\/p>\n\n\n\n<p>Por su parte, las plazas procedentes de Italia suben un 14,7%, de Finlandia un 10,6%, de Suecia un 8%, de Alemania un 8,3%, de Reino Unido un 7.9%, de Francia un 6,5% y de Noruega un 6,2%. Fuera de Europa cabe destacar el incremento que experimentan Estados Unidos con un 10,2%, Colombia un 9,7% y M\u00e9xico un 7,9%.<\/p>\n\n\n\n<p><strong>Fuente: aviaciaci\u00f3ndigital.com<\/strong><\/p>\n","protected":false},"excerpt":{"rendered":"<p>(Aeronoticias): Aviaci\u00f3n Digital, Sp. \u2013\u00a0Espa\u00f1a ha experimentado un verano de mucho movimiento a\u00e9reo.\u00a0Una din\u00e1mica que se prolongar\u00e1 previsiblemente en este mes de septiembre. Las aerol\u00edneas prev\u00e9n, seg\u00fan los datos de Turespa\u00f1a,\u00a0un total de 11,8 millones de pasajeros lo que supone un 10,9% m\u00e1s que en el mismo periodo del pasado a\u00f1o. Los turistas extranjeros europeos\u00a0desean [&hellip;]<\/p>\n","protected":false},"author":3,"featured_media":91166,"comment_status":"open","ping_status":"open","sticky":false,"template":"","format":"standard","meta":{"tdm_status":"","tdm_grid_status":"","footnotes":""},"categories":[32,11],"tags":[5602,3098],"class_list":{"0":"post-91165","1":"post","2":"type-post","3":"status-publish","4":"format-standard","5":"has-post-thumbnail","7":"category-internacional","8":"category-transporte-aereo","9":"tag-incremento-de-asientos","10":"tag-sector-aereo"},"yoast_head":"<!-- This site is optimized with the Yoast SEO plugin v25.1 - https:\/\/yoast.com\/wordpress\/plugins\/seo\/ -->\n<title>Buena salud del sector a\u00e9reo: las aerol\u00edneas programan un 10,9% m\u00e1s asientos que en 2023<\/title>\n<meta name=\"description\" content=\"Los turistas extranjeros europeos ser\u00e1n los protagonistas de este incremento de asientos..\" \/>\n<meta name=\"robots\" content=\"index, follow, max-snippet:-1, max-image-preview:large, max-video-preview:-1\" \/>\n<link rel=\"canonical\" href=\"https:\/\/aeronoticias.com.pe\/noticiero\/transporte-aereo\/buena-salud-del-sector-aereo-las-aerolineas-programan-un-109-mas-asientos-que-en-2023\/\" \/>\n<meta property=\"og:locale\" content=\"es_ES\" \/>\n<meta property=\"og:type\" content=\"article\" \/>\n<meta property=\"og:title\" content=\"Buena salud del sector a\u00e9reo: las aerol\u00edneas programan un 10,9% m\u00e1s asientos que en 2023\" \/>\n<meta property=\"og:description\" content=\"Los turistas extranjeros europeos ser\u00e1n los protagonistas de este incremento de asientos..\" \/>\n<meta property=\"og:url\" content=\"https:\/\/aeronoticias.com.pe\/noticiero\/transporte-aereo\/buena-salud-del-sector-aereo-las-aerolineas-programan-un-109-mas-asientos-que-en-2023\/\" \/>\n<meta property=\"og:site_name\" content=\"Aeronoticias.com.pe\" \/>\n<meta property=\"article:publisher\" content=\"https:\/\/www.facebook.com\/Aeronoticias.com.pe\/\" \/>\n<meta property=\"article:published_time\" content=\"2024-09-05T16:22:27+00:00\" \/>\n<meta property=\"article:modified_time\" content=\"2024-09-05T16:22:30+00:00\" \/>\n<meta property=\"og:image\" content=\"https:\/\/aeronoticias.com.pe\/noticiero\/wp-content\/uploads\/2024\/09\/asientos.jpg\" \/>\n\t<meta property=\"og:image:width\" content=\"900\" \/>\n\t<meta property=\"og:image:height\" content=\"600\" \/>\n\t<meta property=\"og:image:type\" content=\"image\/jpeg\" \/>\n<meta name=\"author\" content=\"Redacci\u00f3n\" \/>\n<meta name=\"twitter:card\" content=\"summary_large_image\" \/>\n<meta name=\"twitter:creator\" content=\"@aeronoticias\" \/>\n<meta name=\"twitter:site\" content=\"@aeronoticias\" \/>\n<meta name=\"twitter:label1\" content=\"Escrito por\" \/>\n\t<meta name=\"twitter:data1\" content=\"Redacci\u00f3n\" \/>\n\t<meta name=\"twitter:label2\" content=\"Tiempo de lectura\" \/>\n\t<meta name=\"twitter:data2\" content=\"1 minuto\" \/>\n<script type=\"application\/ld+json\" class=\"yoast-schema-graph\">{\"@context\":\"https:\/\/schema.org\",\"@graph\":[{\"@type\":\"WebPage\",\"@id\":\"https:\/\/aeronoticias.com.pe\/noticiero\/transporte-aereo\/buena-salud-del-sector-aereo-las-aerolineas-programan-un-109-mas-asientos-que-en-2023\/\",\"url\":\"https:\/\/aeronoticias.com.pe\/noticiero\/transporte-aereo\/buena-salud-del-sector-aereo-las-aerolineas-programan-un-109-mas-asientos-que-en-2023\/\",\"name\":\"Buena salud del sector a\u00e9reo: las aerol\u00edneas programan un 10,9% m\u00e1s asientos que en 2023\",\"isPartOf\":{\"@id\":\"https:\/\/aeronoticias.com.pe\/noticiero\/#website\"},\"primaryImageOfPage\":{\"@id\":\"https:\/\/aeronoticias.com.pe\/noticiero\/transporte-aereo\/buena-salud-del-sector-aereo-las-aerolineas-programan-un-109-mas-asientos-que-en-2023\/#primaryimage\"},\"image\":{\"@id\":\"https:\/\/aeronoticias.com.pe\/noticiero\/transporte-aereo\/buena-salud-del-sector-aereo-las-aerolineas-programan-un-109-mas-asientos-que-en-2023\/#primaryimage\"},\"thumbnailUrl\":\"https:\/\/aeronoticias.com.pe\/noticiero\/wp-content\/uploads\/2024\/09\/asientos.jpg\",\"datePublished\":\"2024-09-05T16:22:27+00:00\",\"dateModified\":\"2024-09-05T16:22:30+00:00\",\"author\":{\"@id\":\"https:\/\/aeronoticias.com.pe\/noticiero\/#\/schema\/person\/16212a617c73f78916b13194154243bd\"},\"description\":\"Los turistas extranjeros europeos ser\u00e1n los protagonistas de este incremento de asientos..\",\"breadcrumb\":{\"@id\":\"https:\/\/aeronoticias.com.pe\/noticiero\/transporte-aereo\/buena-salud-del-sector-aereo-las-aerolineas-programan-un-109-mas-asientos-que-en-2023\/#breadcrumb\"},\"inLanguage\":\"es\",\"potentialAction\":[{\"@type\":\"ReadAction\",\"target\":[\"https:\/\/aeronoticias.com.pe\/noticiero\/transporte-aereo\/buena-salud-del-sector-aereo-las-aerolineas-programan-un-109-mas-asientos-que-en-2023\/\"]}]},{\"@type\":\"ImageObject\",\"inLanguage\":\"es\",\"@id\":\"https:\/\/aeronoticias.com.pe\/noticiero\/transporte-aereo\/buena-salud-del-sector-aereo-las-aerolineas-programan-un-109-mas-asientos-que-en-2023\/#primaryimage\",\"url\":\"https:\/\/aeronoticias.com.pe\/noticiero\/wp-content\/uploads\/2024\/09\/asientos.jpg\",\"contentUrl\":\"https:\/\/aeronoticias.com.pe\/noticiero\/wp-content\/uploads\/2024\/09\/asientos.jpg\",\"width\":900,\"height\":600,\"caption\":\"Airplane cabin seats with passengers. Economy class of new cheapest low-cost airlines without delay or cancellation of flight. Travel trip to another country.\"},{\"@type\":\"BreadcrumbList\",\"@id\":\"https:\/\/aeronoticias.com.pe\/noticiero\/transporte-aereo\/buena-salud-del-sector-aereo-las-aerolineas-programan-un-109-mas-asientos-que-en-2023\/#breadcrumb\",\"itemListElement\":[{\"@type\":\"ListItem\",\"position\":1,\"name\":\"Portada\",\"item\":\"https:\/\/aeronoticias.com.pe\/noticiero\/\"},{\"@type\":\"ListItem\",\"position\":2,\"name\":\"Buena salud del sector a\u00e9reo: las aerol\u00edneas programan un 10,9% m\u00e1s asientos que en 2023\"}]},{\"@type\":\"WebSite\",\"@id\":\"https:\/\/aeronoticias.com.pe\/noticiero\/#website\",\"url\":\"https:\/\/aeronoticias.com.pe\/noticiero\/\",\"name\":\"Aeronoticias.com.pe\",\"description\":\"Noticias de tranporte aereo, turismo, hoteles, gastronomia, actualidad, internacional\",\"potentialAction\":[{\"@type\":\"SearchAction\",\"target\":{\"@type\":\"EntryPoint\",\"urlTemplate\":\"https:\/\/aeronoticias.com.pe\/noticiero\/?s={search_term_string}\"},\"query-input\":{\"@type\":\"PropertyValueSpecification\",\"valueRequired\":true,\"valueName\":\"search_term_string\"}}],\"inLanguage\":\"es\"},{\"@type\":\"Person\",\"@id\":\"https:\/\/aeronoticias.com.pe\/noticiero\/#\/schema\/person\/16212a617c73f78916b13194154243bd\",\"name\":\"Redacci\u00f3n\",\"sameAs\":[\"http:\/\/Redacci\u00f3n\"],\"url\":\"https:\/\/aeronoticias.com.pe\/noticiero\/author\/celeste\/\"}]}<\/script>\n<!-- \/ Yoast SEO plugin. -->","yoast_head_json":{"title":"Buena salud del sector a\u00e9reo: las aerol\u00edneas programan un 10,9% m\u00e1s asientos que en 2023","description":"Los turistas extranjeros europeos ser\u00e1n los protagonistas de este incremento de asientos..","robots":{"index":"index","follow":"follow","max-snippet":"max-snippet:-1","max-image-preview":"max-image-preview:large","max-video-preview":"max-video-preview:-1"},"canonical":"https:\/\/aeronoticias.com.pe\/noticiero\/transporte-aereo\/buena-salud-del-sector-aereo-las-aerolineas-programan-un-109-mas-asientos-que-en-2023\/","og_locale":"es_ES","og_type":"article","og_title":"Buena salud del sector a\u00e9reo: las aerol\u00edneas programan un 10,9% m\u00e1s asientos que en 2023","og_description":"Los turistas extranjeros europeos ser\u00e1n los protagonistas de este incremento de asientos..","og_url":"https:\/\/aeronoticias.com.pe\/noticiero\/transporte-aereo\/buena-salud-del-sector-aereo-las-aerolineas-programan-un-109-mas-asientos-que-en-2023\/","og_site_name":"Aeronoticias.com.pe","article_publisher":"https:\/\/www.facebook.com\/Aeronoticias.com.pe\/","article_published_time":"2024-09-05T16:22:27+00:00","article_modified_time":"2024-09-05T16:22:30+00:00","og_image":[{"width":900,"height":600,"url":"https:\/\/aeronoticias.com.pe\/noticiero\/wp-content\/uploads\/2024\/09\/asientos.jpg","type":"image\/jpeg"}],"author":"Redacci\u00f3n","twitter_card":"summary_large_image","twitter_creator":"@aeronoticias","twitter_site":"@aeronoticias","twitter_misc":{"Escrito por":"Redacci\u00f3n","Tiempo de lectura":"1 minuto"},"schema":{"@context":"https:\/\/schema.org","@graph":[{"@type":"WebPage","@id":"https:\/\/aeronoticias.com.pe\/noticiero\/transporte-aereo\/buena-salud-del-sector-aereo-las-aerolineas-programan-un-109-mas-asientos-que-en-2023\/","url":"https:\/\/aeronoticias.com.pe\/noticiero\/transporte-aereo\/buena-salud-del-sector-aereo-las-aerolineas-programan-un-109-mas-asientos-que-en-2023\/","name":"Buena salud del sector a\u00e9reo: las aerol\u00edneas programan un 10,9% m\u00e1s asientos que en 2023","isPartOf":{"@id":"https:\/\/aeronoticias.com.pe\/noticiero\/#website"},"primaryImageOfPage":{"@id":"https:\/\/aeronoticias.com.pe\/noticiero\/transporte-aereo\/buena-salud-del-sector-aereo-las-aerolineas-programan-un-109-mas-asientos-que-en-2023\/#primaryimage"},"image":{"@id":"https:\/\/aeronoticias.com.pe\/noticiero\/transporte-aereo\/buena-salud-del-sector-aereo-las-aerolineas-programan-un-109-mas-asientos-que-en-2023\/#primaryimage"},"thumbnailUrl":"https:\/\/aeronoticias.com.pe\/noticiero\/wp-content\/uploads\/2024\/09\/asientos.jpg","datePublished":"2024-09-05T16:22:27+00:00","dateModified":"2024-09-05T16:22:30+00:00","author":{"@id":"https:\/\/aeronoticias.com.pe\/noticiero\/#\/schema\/person\/16212a617c73f78916b13194154243bd"},"description":"Los turistas extranjeros europeos ser\u00e1n los protagonistas de este incremento de asientos..","breadcrumb":{"@id":"https:\/\/aeronoticias.com.pe\/noticiero\/transporte-aereo\/buena-salud-del-sector-aereo-las-aerolineas-programan-un-109-mas-asientos-que-en-2023\/#breadcrumb"},"inLanguage":"es","potentialAction":[{"@type":"ReadAction","target":["https:\/\/aeronoticias.com.pe\/noticiero\/transporte-aereo\/buena-salud-del-sector-aereo-las-aerolineas-programan-un-109-mas-asientos-que-en-2023\/"]}]},{"@type":"ImageObject","inLanguage":"es","@id":"https:\/\/aeronoticias.com.pe\/noticiero\/transporte-aereo\/buena-salud-del-sector-aereo-las-aerolineas-programan-un-109-mas-asientos-que-en-2023\/#primaryimage","url":"https:\/\/aeronoticias.com.pe\/noticiero\/wp-content\/uploads\/2024\/09\/asientos.jpg","contentUrl":"https:\/\/aeronoticias.com.pe\/noticiero\/wp-content\/uploads\/2024\/09\/asientos.jpg","width":900,"height":600,"caption":"Airplane cabin seats with passengers. Economy class of new cheapest low-cost airlines without delay or cancellation of flight. Travel trip to another country."},{"@type":"BreadcrumbList","@id":"https:\/\/aeronoticias.com.pe\/noticiero\/transporte-aereo\/buena-salud-del-sector-aereo-las-aerolineas-programan-un-109-mas-asientos-que-en-2023\/#breadcrumb","itemListElement":[{"@type":"ListItem","position":1,"name":"Portada","item":"https:\/\/aeronoticias.com.pe\/noticiero\/"},{"@type":"ListItem","position":2,"name":"Buena salud del sector a\u00e9reo: las aerol\u00edneas programan un 10,9% m\u00e1s asientos que en 2023"}]},{"@type":"WebSite","@id":"https:\/\/aeronoticias.com.pe\/noticiero\/#website","url":"https:\/\/aeronoticias.com.pe\/noticiero\/","name":"Aeronoticias.com.pe","description":"Noticias de tranporte aereo, turismo, hoteles, gastronomia, actualidad, internacional","potentialAction":[{"@type":"SearchAction","target":{"@type":"EntryPoint","urlTemplate":"https:\/\/aeronoticias.com.pe\/noticiero\/?s={search_term_string}"},"query-input":{"@type":"PropertyValueSpecification","valueRequired":true,"valueName":"search_term_string"}}],"inLanguage":"es"},{"@type":"Person","@id":"https:\/\/aeronoticias.com.pe\/noticiero\/#\/schema\/person\/16212a617c73f78916b13194154243bd","name":"Redacci\u00f3n","sameAs":["http:\/\/Redacci\u00f3n"],"url":"https:\/\/aeronoticias.com.pe\/noticiero\/author\/celeste\/"}]}},"_links":{"self":[{"href":"https:\/\/aeronoticias.com.pe\/noticiero\/wp-json\/wp\/v2\/posts\/91165","targetHints":{"allow":["GET"]}}],"collection":[{"href":"https:\/\/aeronoticias.com.pe\/noticiero\/wp-json\/wp\/v2\/posts"}],"about":[{"href":"https:\/\/aeronoticias.com.pe\/noticiero\/wp-json\/wp\/v2\/types\/post"}],"author":[{"embeddable":true,"href":"https:\/\/aeronoticias.com.pe\/noticiero\/wp-json\/wp\/v2\/users\/3"}],"replies":[{"embeddable":true,"href":"https:\/\/aeronoticias.com.pe\/noticiero\/wp-json\/wp\/v2\/comments?post=91165"}],"version-history":[{"count":0,"href":"https:\/\/aeronoticias.com.pe\/noticiero\/wp-json\/wp\/v2\/posts\/91165\/revisions"}],"wp:featuredmedia":[{"embeddable":true,"href":"https:\/\/aeronoticias.com.pe\/noticiero\/wp-json\/wp\/v2\/media\/91166"}],"wp:attachment":[{"href":"https:\/\/aeronoticias.com.pe\/noticiero\/wp-json\/wp\/v2\/media?parent=91165"}],"wp:term":[{"taxonomy":"category","embeddable":true,"href":"https:\/\/aeronoticias.com.pe\/noticiero\/wp-json\/wp\/v2\/categories?post=91165"},{"taxonomy":"post_tag","embeddable":true,"href":"https:\/\/aeronoticias.com.pe\/noticiero\/wp-json\/wp\/v2\/tags?post=91165"}],"curies":[{"name":"wp","href":"https:\/\/api.w.org\/{rel}","templated":true}]}}