{"id":91168,"date":"2024-09-05T11:43:54","date_gmt":"2024-09-05T16:43:54","guid":{"rendered":"https:\/\/aeronoticias.com.pe\/noticiero\/?p=91168"},"modified":"2024-09-05T11:44:01","modified_gmt":"2024-09-05T16:44:01","slug":"latam-incorpora-tv-en-vivo-en-sus-vuelos-en-brasil-en-colaboracion-con-claro-tv-y-globo","status":"publish","type":"post","link":"https:\/\/aeronoticias.com.pe\/noticiero\/transporte-aereo\/internacional\/latam-incorpora-tv-en-vivo-en-sus-vuelos-en-brasil-en-colaboracion-con-claro-tv-y-globo\/","title":{"rendered":"LATAM incorpora TV en vivo en sus vuelos en Brasil en colaboraci\u00f3n con Claro tv+ y Globo"},"content":{"rendered":"\n<p><strong>(Aeronoticias)<\/strong>: Los pasajeros que viajan con\u00a0<strong><a href=\"https:\/\/aviacionaldia.com\/latam-airlines\">LATAM Airlines<\/a><\/strong>\u00a0en vuelos internacionales o dom\u00e9sticos en Brasil ahora tienen acceso a TV en vivo en asociaci\u00f3n con Claro tv+ y Globo.<\/p>\n\n\n\n<p>La iniciativa busca ofrecer la mejor experiencia a los clientes que acceden a LATAM Play a bordo de los aviones Airbus A320 de la compa\u00f1\u00eda. La plataforma de entretenimiento a bordo m\u00e1s completa de Sudam\u00e9rica ahora incluye programas en tiempo real de los canales Globo, GloboNews, Multishow y Gloob.<\/p>\n\n\n\n<p>Para acceder a los canales, los clientes s\u00f3lo tienen que activar el \u00abModo Avi\u00f3n\u00bb en su dispositivo m\u00f3vil despu\u00e9s de embarcar, conectarse a la red Wi-Fi de \u00abLATAM Play\u00bb, escanear el c\u00f3digo QR en el asiento delante de ellos o ir a www.play.latam.com y seleccionar la opci\u00f3n \u00abLive TV\u00bb en el men\u00fa.<\/p>\n\n\n\n<p><strong><em>\u2192&nbsp;<a href=\"https:\/\/aviacionaldia.com\/2024\/08\/brasil-latam-reanudara-sus-vuelos-internacionales-desde-porto-alegre-en-enero.html\">LATAM reanudar\u00e1 sus vuelos internacionales desde Porto Alegre en enero<\/a><\/em><\/strong><\/p>\n\n\n\n<p>Seg\u00fan Paulo Miranda, Vicepresidente de Clientes del Grupo LATAM, la iniciativa re\u00fane la experiencia de empresas brasile\u00f1as que son referencia en la oferta de contenidos de calidad en tiempo real. \u00abEsta asociaci\u00f3n con l\u00edderes en tecnolog\u00eda y comunicaci\u00f3n trae a nuestros clientes el mejor contenido de la televisi\u00f3n brasile\u00f1a y ampl\u00eda a\u00fan m\u00e1s la ventaja de nuestro LATAM Play como la m\u00e1s completa plataforma de entretenimiento a bordo en Am\u00e9rica del Sur\u00bb, dijo.<\/p>\n\n\n\n<p>\u00abComo referencia en TV, aqu\u00ed en Claro siempre queremos entregar la mejor y m\u00e1s completa experiencia y creemos que esta novedad garantizar\u00e1 que los clientes de LATAM tengan acceso a los canales de Globo con la mejor calidad posible\u00bb, afirm\u00f3 Fernando Magalh\u00e3es, Director de Programaci\u00f3n y Contenidos de Claro.<ins><\/ins><\/p>\n\n\n\n<p>\u00abEl objetivo de Globo es llevar su contenido al mayor n\u00famero de personas posible, ya sea a trav\u00e9s de nuestras propias plataformas o de asociaciones de distribuci\u00f3n, como la que tenemos con LATAM. Estamos felices de llevar entretenimiento e informaci\u00f3n de calidad al p\u00fablico, est\u00e9 donde est\u00e9, en cada momento de su viaje\u00bb, dijo Fernando Ramos, Director de Alianzas Estrat\u00e9gicas de Distribuci\u00f3n de Globo.<\/p>\n\n\n\n<p>La transmisi\u00f3n en vivo de los canales Globo, GloboNews, Multishow y Gloob se suma a los contenidos disponibles en Disney+, HBO Max y Paramount+, consolidando a LATAM como el primer grupo a\u00e9reo de Sudam\u00e9rica en ofrecer cuatro plataformas de entretenimiento a bordo a los pasajeros. En total, la aerol\u00ednea ofrece m\u00e1s de 240 pel\u00edculas, 740 episodios de series, 1.500 canciones y contenidos infantiles y de lectura para que los pasajeros disfruten durante sus viajes.<\/p>\n\n\n\n<p><strong>Fuente: aviaci\u00f3naldia.com<\/strong><\/p>\n","protected":false},"excerpt":{"rendered":"<p>(Aeronoticias): Los pasajeros que viajan con\u00a0LATAM Airlines\u00a0en vuelos internacionales o dom\u00e9sticos en Brasil ahora tienen acceso a TV en vivo en asociaci\u00f3n con Claro tv+ y Globo. La iniciativa busca ofrecer la mejor experiencia a los clientes que acceden a LATAM Play a bordo de los aviones Airbus A320 de la compa\u00f1\u00eda. La plataforma de [&hellip;]<\/p>\n","protected":false},"author":3,"featured_media":91169,"comment_status":"open","ping_status":"open","sticky":false,"template":"","format":"standard","meta":{"tdm_status":"","tdm_grid_status":"","footnotes":""},"categories":[32,34],"tags":[5604,102,5603],"class_list":{"0":"post-91168","1":"post","2":"type-post","3":"status-publish","4":"format-standard","5":"has-post-thumbnail","7":"category-internacional","8":"category-internacionales","9":"tag-claro-tvglobo","10":"tag-latam","11":"tag-tv-en-vivo-en-vuelos-en-brasil"},"yoast_head":"<!-- This site is optimized with the Yoast SEO plugin v25.1 - https:\/\/yoast.com\/wordpress\/plugins\/seo\/ -->\n<title>LATAM incorpora TV en vivo en sus vuelos en Brasil en colaboraci\u00f3n con Claro tv+ y Globo<\/title>\n<meta name=\"description\" content=\"Portal de noticias del Per\u00fa sobre el transporte a\u00e9reo, aviaci\u00f3n, turismo, hoteleria, actualidad.\" \/>\n<meta name=\"robots\" content=\"index, follow, max-snippet:-1, max-image-preview:large, max-video-preview:-1\" \/>\n<link rel=\"canonical\" href=\"https:\/\/aeronoticias.com.pe\/noticiero\/transporte-aereo\/internacional\/latam-incorpora-tv-en-vivo-en-sus-vuelos-en-brasil-en-colaboracion-con-claro-tv-y-globo\/\" \/>\n<meta property=\"og:locale\" content=\"es_ES\" \/>\n<meta property=\"og:type\" content=\"article\" \/>\n<meta property=\"og:title\" content=\"LATAM incorpora TV en vivo en sus vuelos en Brasil en colaboraci\u00f3n con Claro tv+ y Globo\" \/>\n<meta property=\"og:description\" content=\"Portal de noticias del Per\u00fa sobre el transporte a\u00e9reo, aviaci\u00f3n, turismo, hoteleria, actualidad.\" \/>\n<meta property=\"og:url\" content=\"https:\/\/aeronoticias.com.pe\/noticiero\/transporte-aereo\/internacional\/latam-incorpora-tv-en-vivo-en-sus-vuelos-en-brasil-en-colaboracion-con-claro-tv-y-globo\/\" \/>\n<meta property=\"og:site_name\" content=\"Aeronoticias.com.pe\" \/>\n<meta property=\"article:publisher\" content=\"https:\/\/www.facebook.com\/Aeronoticias.com.pe\/\" \/>\n<meta property=\"article:published_time\" content=\"2024-09-05T16:43:54+00:00\" \/>\n<meta property=\"article:modified_time\" content=\"2024-09-05T16:44:01+00:00\" \/>\n<meta property=\"og:image\" content=\"https:\/\/aeronoticias.com.pe\/noticiero\/wp-content\/uploads\/2024\/09\/latam.jpg\" \/>\n\t<meta property=\"og:image:width\" content=\"800\" \/>\n\t<meta property=\"og:image:height\" content=\"400\" \/>\n\t<meta property=\"og:image:type\" content=\"image\/jpeg\" \/>\n<meta name=\"author\" content=\"Redacci\u00f3n\" \/>\n<meta name=\"twitter:card\" content=\"summary_large_image\" \/>\n<meta name=\"twitter:creator\" content=\"@aeronoticias\" \/>\n<meta name=\"twitter:site\" content=\"@aeronoticias\" \/>\n<meta name=\"twitter:label1\" content=\"Escrito por\" \/>\n\t<meta name=\"twitter:data1\" content=\"Redacci\u00f3n\" \/>\n\t<meta name=\"twitter:label2\" content=\"Tiempo de lectura\" \/>\n\t<meta name=\"twitter:data2\" content=\"2 minutos\" \/>\n<script type=\"application\/ld+json\" class=\"yoast-schema-graph\">{\"@context\":\"https:\/\/schema.org\",\"@graph\":[{\"@type\":\"WebPage\",\"@id\":\"https:\/\/aeronoticias.com.pe\/noticiero\/transporte-aereo\/internacional\/latam-incorpora-tv-en-vivo-en-sus-vuelos-en-brasil-en-colaboracion-con-claro-tv-y-globo\/\",\"url\":\"https:\/\/aeronoticias.com.pe\/noticiero\/transporte-aereo\/internacional\/latam-incorpora-tv-en-vivo-en-sus-vuelos-en-brasil-en-colaboracion-con-claro-tv-y-globo\/\",\"name\":\"LATAM incorpora TV en vivo en sus vuelos en Brasil en colaboraci\u00f3n con Claro tv+ y Globo\",\"isPartOf\":{\"@id\":\"https:\/\/aeronoticias.com.pe\/noticiero\/#website\"},\"primaryImageOfPage\":{\"@id\":\"https:\/\/aeronoticias.com.pe\/noticiero\/transporte-aereo\/internacional\/latam-incorpora-tv-en-vivo-en-sus-vuelos-en-brasil-en-colaboracion-con-claro-tv-y-globo\/#primaryimage\"},\"image\":{\"@id\":\"https:\/\/aeronoticias.com.pe\/noticiero\/transporte-aereo\/internacional\/latam-incorpora-tv-en-vivo-en-sus-vuelos-en-brasil-en-colaboracion-con-claro-tv-y-globo\/#primaryimage\"},\"thumbnailUrl\":\"https:\/\/aeronoticias.com.pe\/noticiero\/wp-content\/uploads\/2024\/09\/latam.jpg\",\"datePublished\":\"2024-09-05T16:43:54+00:00\",\"dateModified\":\"2024-09-05T16:44:01+00:00\",\"author\":{\"@id\":\"https:\/\/aeronoticias.com.pe\/noticiero\/#\/schema\/person\/16212a617c73f78916b13194154243bd\"},\"description\":\"Portal de noticias del Per\u00fa sobre el transporte a\u00e9reo, aviaci\u00f3n, turismo, hoteleria, actualidad.\",\"breadcrumb\":{\"@id\":\"https:\/\/aeronoticias.com.pe\/noticiero\/transporte-aereo\/internacional\/latam-incorpora-tv-en-vivo-en-sus-vuelos-en-brasil-en-colaboracion-con-claro-tv-y-globo\/#breadcrumb\"},\"inLanguage\":\"es\",\"potentialAction\":[{\"@type\":\"ReadAction\",\"target\":[\"https:\/\/aeronoticias.com.pe\/noticiero\/transporte-aereo\/internacional\/latam-incorpora-tv-en-vivo-en-sus-vuelos-en-brasil-en-colaboracion-con-claro-tv-y-globo\/\"]}]},{\"@type\":\"ImageObject\",\"inLanguage\":\"es\",\"@id\":\"https:\/\/aeronoticias.com.pe\/noticiero\/transporte-aereo\/internacional\/latam-incorpora-tv-en-vivo-en-sus-vuelos-en-brasil-en-colaboracion-con-claro-tv-y-globo\/#primaryimage\",\"url\":\"https:\/\/aeronoticias.com.pe\/noticiero\/wp-content\/uploads\/2024\/09\/latam.jpg\",\"contentUrl\":\"https:\/\/aeronoticias.com.pe\/noticiero\/wp-content\/uploads\/2024\/09\/latam.jpg\",\"width\":800,\"height\":400},{\"@type\":\"BreadcrumbList\",\"@id\":\"https:\/\/aeronoticias.com.pe\/noticiero\/transporte-aereo\/internacional\/latam-incorpora-tv-en-vivo-en-sus-vuelos-en-brasil-en-colaboracion-con-claro-tv-y-globo\/#breadcrumb\",\"itemListElement\":[{\"@type\":\"ListItem\",\"position\":1,\"name\":\"Portada\",\"item\":\"https:\/\/aeronoticias.com.pe\/noticiero\/\"},{\"@type\":\"ListItem\",\"position\":2,\"name\":\"LATAM incorpora TV en vivo en sus vuelos en Brasil en colaboraci\u00f3n con Claro tv+ y Globo\"}]},{\"@type\":\"WebSite\",\"@id\":\"https:\/\/aeronoticias.com.pe\/noticiero\/#website\",\"url\":\"https:\/\/aeronoticias.com.pe\/noticiero\/\",\"name\":\"Aeronoticias.com.pe\",\"description\":\"Noticias de tranporte aereo, turismo, hoteles, gastronomia, actualidad, internacional\",\"potentialAction\":[{\"@type\":\"SearchAction\",\"target\":{\"@type\":\"EntryPoint\",\"urlTemplate\":\"https:\/\/aeronoticias.com.pe\/noticiero\/?s={search_term_string}\"},\"query-input\":{\"@type\":\"PropertyValueSpecification\",\"valueRequired\":true,\"valueName\":\"search_term_string\"}}],\"inLanguage\":\"es\"},{\"@type\":\"Person\",\"@id\":\"https:\/\/aeronoticias.com.pe\/noticiero\/#\/schema\/person\/16212a617c73f78916b13194154243bd\",\"name\":\"Redacci\u00f3n\",\"sameAs\":[\"http:\/\/Redacci\u00f3n\"],\"url\":\"https:\/\/aeronoticias.com.pe\/noticiero\/author\/celeste\/\"}]}<\/script>\n<!-- \/ Yoast SEO plugin. -->","yoast_head_json":{"title":"LATAM incorpora TV en vivo en sus vuelos en Brasil en colaboraci\u00f3n con Claro tv+ y Globo","description":"Portal de noticias del Per\u00fa sobre el transporte a\u00e9reo, aviaci\u00f3n, turismo, hoteleria, actualidad.","robots":{"index":"index","follow":"follow","max-snippet":"max-snippet:-1","max-image-preview":"max-image-preview:large","max-video-preview":"max-video-preview:-1"},"canonical":"https:\/\/aeronoticias.com.pe\/noticiero\/transporte-aereo\/internacional\/latam-incorpora-tv-en-vivo-en-sus-vuelos-en-brasil-en-colaboracion-con-claro-tv-y-globo\/","og_locale":"es_ES","og_type":"article","og_title":"LATAM incorpora TV en vivo en sus vuelos en Brasil en colaboraci\u00f3n con Claro tv+ y Globo","og_description":"Portal de noticias del Per\u00fa sobre el transporte a\u00e9reo, aviaci\u00f3n, turismo, hoteleria, actualidad.","og_url":"https:\/\/aeronoticias.com.pe\/noticiero\/transporte-aereo\/internacional\/latam-incorpora-tv-en-vivo-en-sus-vuelos-en-brasil-en-colaboracion-con-claro-tv-y-globo\/","og_site_name":"Aeronoticias.com.pe","article_publisher":"https:\/\/www.facebook.com\/Aeronoticias.com.pe\/","article_published_time":"2024-09-05T16:43:54+00:00","article_modified_time":"2024-09-05T16:44:01+00:00","og_image":[{"width":800,"height":400,"url":"https:\/\/aeronoticias.com.pe\/noticiero\/wp-content\/uploads\/2024\/09\/latam.jpg","type":"image\/jpeg"}],"author":"Redacci\u00f3n","twitter_card":"summary_large_image","twitter_creator":"@aeronoticias","twitter_site":"@aeronoticias","twitter_misc":{"Escrito por":"Redacci\u00f3n","Tiempo de lectura":"2 minutos"},"schema":{"@context":"https:\/\/schema.org","@graph":[{"@type":"WebPage","@id":"https:\/\/aeronoticias.com.pe\/noticiero\/transporte-aereo\/internacional\/latam-incorpora-tv-en-vivo-en-sus-vuelos-en-brasil-en-colaboracion-con-claro-tv-y-globo\/","url":"https:\/\/aeronoticias.com.pe\/noticiero\/transporte-aereo\/internacional\/latam-incorpora-tv-en-vivo-en-sus-vuelos-en-brasil-en-colaboracion-con-claro-tv-y-globo\/","name":"LATAM incorpora TV en vivo en sus vuelos en Brasil en colaboraci\u00f3n con Claro tv+ y Globo","isPartOf":{"@id":"https:\/\/aeronoticias.com.pe\/noticiero\/#website"},"primaryImageOfPage":{"@id":"https:\/\/aeronoticias.com.pe\/noticiero\/transporte-aereo\/internacional\/latam-incorpora-tv-en-vivo-en-sus-vuelos-en-brasil-en-colaboracion-con-claro-tv-y-globo\/#primaryimage"},"image":{"@id":"https:\/\/aeronoticias.com.pe\/noticiero\/transporte-aereo\/internacional\/latam-incorpora-tv-en-vivo-en-sus-vuelos-en-brasil-en-colaboracion-con-claro-tv-y-globo\/#primaryimage"},"thumbnailUrl":"https:\/\/aeronoticias.com.pe\/noticiero\/wp-content\/uploads\/2024\/09\/latam.jpg","datePublished":"2024-09-05T16:43:54+00:00","dateModified":"2024-09-05T16:44:01+00:00","author":{"@id":"https:\/\/aeronoticias.com.pe\/noticiero\/#\/schema\/person\/16212a617c73f78916b13194154243bd"},"description":"Portal de noticias del Per\u00fa sobre el transporte a\u00e9reo, aviaci\u00f3n, turismo, hoteleria, actualidad.","breadcrumb":{"@id":"https:\/\/aeronoticias.com.pe\/noticiero\/transporte-aereo\/internacional\/latam-incorpora-tv-en-vivo-en-sus-vuelos-en-brasil-en-colaboracion-con-claro-tv-y-globo\/#breadcrumb"},"inLanguage":"es","potentialAction":[{"@type":"ReadAction","target":["https:\/\/aeronoticias.com.pe\/noticiero\/transporte-aereo\/internacional\/latam-incorpora-tv-en-vivo-en-sus-vuelos-en-brasil-en-colaboracion-con-claro-tv-y-globo\/"]}]},{"@type":"ImageObject","inLanguage":"es","@id":"https:\/\/aeronoticias.com.pe\/noticiero\/transporte-aereo\/internacional\/latam-incorpora-tv-en-vivo-en-sus-vuelos-en-brasil-en-colaboracion-con-claro-tv-y-globo\/#primaryimage","url":"https:\/\/aeronoticias.com.pe\/noticiero\/wp-content\/uploads\/2024\/09\/latam.jpg","contentUrl":"https:\/\/aeronoticias.com.pe\/noticiero\/wp-content\/uploads\/2024\/09\/latam.jpg","width":800,"height":400},{"@type":"BreadcrumbList","@id":"https:\/\/aeronoticias.com.pe\/noticiero\/transporte-aereo\/internacional\/latam-incorpora-tv-en-vivo-en-sus-vuelos-en-brasil-en-colaboracion-con-claro-tv-y-globo\/#breadcrumb","itemListElement":[{"@type":"ListItem","position":1,"name":"Portada","item":"https:\/\/aeronoticias.com.pe\/noticiero\/"},{"@type":"ListItem","position":2,"name":"LATAM incorpora TV en vivo en sus vuelos en Brasil en colaboraci\u00f3n con Claro tv+ y Globo"}]},{"@type":"WebSite","@id":"https:\/\/aeronoticias.com.pe\/noticiero\/#website","url":"https:\/\/aeronoticias.com.pe\/noticiero\/","name":"Aeronoticias.com.pe","description":"Noticias de tranporte aereo, turismo, hoteles, gastronomia, actualidad, internacional","potentialAction":[{"@type":"SearchAction","target":{"@type":"EntryPoint","urlTemplate":"https:\/\/aeronoticias.com.pe\/noticiero\/?s={search_term_string}"},"query-input":{"@type":"PropertyValueSpecification","valueRequired":true,"valueName":"search_term_string"}}],"inLanguage":"es"},{"@type":"Person","@id":"https:\/\/aeronoticias.com.pe\/noticiero\/#\/schema\/person\/16212a617c73f78916b13194154243bd","name":"Redacci\u00f3n","sameAs":["http:\/\/Redacci\u00f3n"],"url":"https:\/\/aeronoticias.com.pe\/noticiero\/author\/celeste\/"}]}},"_links":{"self":[{"href":"https:\/\/aeronoticias.com.pe\/noticiero\/wp-json\/wp\/v2\/posts\/91168","targetHints":{"allow":["GET"]}}],"collection":[{"href":"https:\/\/aeronoticias.com.pe\/noticiero\/wp-json\/wp\/v2\/posts"}],"about":[{"href":"https:\/\/aeronoticias.com.pe\/noticiero\/wp-json\/wp\/v2\/types\/post"}],"author":[{"embeddable":true,"href":"https:\/\/aeronoticias.com.pe\/noticiero\/wp-json\/wp\/v2\/users\/3"}],"replies":[{"embeddable":true,"href":"https:\/\/aeronoticias.com.pe\/noticiero\/wp-json\/wp\/v2\/comments?post=91168"}],"version-history":[{"count":0,"href":"https:\/\/aeronoticias.com.pe\/noticiero\/wp-json\/wp\/v2\/posts\/91168\/revisions"}],"wp:featuredmedia":[{"embeddable":true,"href":"https:\/\/aeronoticias.com.pe\/noticiero\/wp-json\/wp\/v2\/media\/91169"}],"wp:attachment":[{"href":"https:\/\/aeronoticias.com.pe\/noticiero\/wp-json\/wp\/v2\/media?parent=91168"}],"wp:term":[{"taxonomy":"category","embeddable":true,"href":"https:\/\/aeronoticias.com.pe\/noticiero\/wp-json\/wp\/v2\/categories?post=91168"},{"taxonomy":"post_tag","embeddable":true,"href":"https:\/\/aeronoticias.com.pe\/noticiero\/wp-json\/wp\/v2\/tags?post=91168"}],"curies":[{"name":"wp","href":"https:\/\/api.w.org\/{rel}","templated":true}]}}