{"id":91174,"date":"2024-09-05T15:20:38","date_gmt":"2024-09-05T20:20:38","guid":{"rendered":"https:\/\/aeronoticias.com.pe\/noticiero\/?p=91174"},"modified":"2024-09-05T15:20:42","modified_gmt":"2024-09-05T20:20:42","slug":"american-airlines-reanuda-y-anuncia-nuevas-rutas-hacia-europa","status":"publish","type":"post","link":"https:\/\/aeronoticias.com.pe\/noticiero\/ultimas\/american-airlines-reanuda-y-anuncia-nuevas-rutas-hacia-europa\/","title":{"rendered":"American Airlines reanuda y anuncia nuevas rutas hacia Europa"},"content":{"rendered":"\n<p><strong>(Aeronoticias)<\/strong>: American Airlines se est\u00e1 preparando para llevar m\u00e1s viajeros a Europa el pr\u00f3ximo verano con cinco nuevas rutas. A medida que la aerol\u00ednea contin\u00faa haciendo crecer su servicio transatl\u00e1ntico, American reanudar\u00e1 los vuelos a Edimburgo, Escocia, por primera vez desde 2019 y agregar\u00e1 nuevas rutas a Atenas, Grecia; Madrid; Mil\u00e1n y Roma.<\/p>\n\n\n\n<p><em>\u201cEsperamos brindarles a los clientes m\u00e1s formas de visitar sus destinos favoritos en Europa el pr\u00f3ximo verano\u201d<\/em>, dijo Brian Znotins, Vicepresidente S\u00e9nior de Planificaci\u00f3n de Redes y Horarios de American.\u00a0<em>\u201cReanudar el servicio a Edimburgo y agregar nuevas rutas a otros destinos populares en todo el continente ofrecer\u00e1 a los clientes un acceso conveniente desde la red nacional l\u00edder en la industria de American a todo lo que Europa tiene para ofrecer\u201d.<\/em><\/p>\n\n\n\n<figure class=\"wp-block-image\"><img decoding=\"async\" src=\"https:\/\/enelaire.mx\/wp-content\/uploads\/American_Airlines_Boeing_787-8.png\" alt=\"\"\/><\/figure>\n\n\n\n<p>American ofrecer\u00e1 m\u00e1s de 70 salidas diarias a m\u00e1s de 20 destinos transatl\u00e1nticos en el verano de 2025. Lanzado en 2024, American traer\u00e1 de regreso vuelos a Copenhague, Dinamarca; N\u00e1poles, Italia; y Niza, Francia para verano de 2025.<\/p>\n\n\n\n<p>Adem\u00e1s, la aerol\u00ednea mencion\u00f3 que os clientes que sue\u00f1an con visitar lugares emblem\u00e1ticos y museos en Par\u00eds tendr\u00e1n m\u00e1s formas de visitar la capital francesa con la extensi\u00f3n del servicio estacional de invierno desde Miami hasta el verano. American tambi\u00e9n extender\u00e1 las operaciones en otras rutas transatl\u00e1nticas para darles a los clientes m\u00e1s tiempo para viajar a los principales destinos de Europa.<\/p>\n\n\n\n<p><strong>Fuente: enelaire.mx<\/strong><\/p>\n","protected":false},"excerpt":{"rendered":"<p>(Aeronoticias): American Airlines se est\u00e1 preparando para llevar m\u00e1s viajeros a Europa el pr\u00f3ximo verano con cinco nuevas rutas. A medida que la aerol\u00ednea contin\u00faa haciendo crecer su servicio transatl\u00e1ntico, American reanudar\u00e1 los vuelos a Edimburgo, Escocia, por primera vez desde 2019 y agregar\u00e1 nuevas rutas a Atenas, Grecia; Madrid; Mil\u00e1n y Roma. \u201cEsperamos brindarles [&hellip;]<\/p>\n","protected":false},"author":3,"featured_media":91175,"comment_status":"open","ping_status":"open","sticky":false,"template":"","format":"standard","meta":{"tdm_status":"","tdm_grid_status":"","footnotes":""},"categories":[8,30],"tags":[213,5608],"class_list":{"0":"post-91174","1":"post","2":"type-post","3":"status-publish","4":"format-standard","5":"has-post-thumbnail","7":"category-ultimas","8":"category-30","9":"tag-american-airlines","10":"tag-rutas-hacia-europa"},"yoast_head":"<!-- This site is optimized with the Yoast SEO plugin v25.1 - https:\/\/yoast.com\/wordpress\/plugins\/seo\/ -->\n<title>American Airlines reanuda y anuncia nuevas rutas hacia Europa<\/title>\n<meta name=\"description\" content=\"Portal de noticias del Per\u00fa sobre el transporte a\u00e9reo, aviaci\u00f3n, turismo, hoteleria, actualidad.\" \/>\n<meta name=\"robots\" content=\"index, follow, max-snippet:-1, max-image-preview:large, max-video-preview:-1\" \/>\n<link rel=\"canonical\" href=\"https:\/\/aeronoticias.com.pe\/noticiero\/ultimas\/american-airlines-reanuda-y-anuncia-nuevas-rutas-hacia-europa\/\" \/>\n<meta property=\"og:locale\" content=\"es_ES\" \/>\n<meta property=\"og:type\" content=\"article\" \/>\n<meta property=\"og:title\" content=\"American Airlines reanuda y anuncia nuevas rutas hacia Europa\" \/>\n<meta property=\"og:description\" content=\"Portal de noticias del Per\u00fa sobre el transporte a\u00e9reo, aviaci\u00f3n, turismo, hoteleria, actualidad.\" \/>\n<meta property=\"og:url\" content=\"https:\/\/aeronoticias.com.pe\/noticiero\/ultimas\/american-airlines-reanuda-y-anuncia-nuevas-rutas-hacia-europa\/\" \/>\n<meta property=\"og:site_name\" content=\"Aeronoticias.com.pe\" \/>\n<meta property=\"article:publisher\" content=\"https:\/\/www.facebook.com\/Aeronoticias.com.pe\/\" \/>\n<meta property=\"article:published_time\" content=\"2024-09-05T20:20:38+00:00\" \/>\n<meta property=\"article:modified_time\" content=\"2024-09-05T20:20:42+00:00\" \/>\n<meta property=\"og:image\" content=\"https:\/\/aeronoticias.com.pe\/noticiero\/wp-content\/uploads\/2024\/09\/aiarline.jpeg\" \/>\n\t<meta property=\"og:image:width\" content=\"1300\" \/>\n\t<meta property=\"og:image:height\" content=\"867\" \/>\n\t<meta property=\"og:image:type\" content=\"image\/jpeg\" \/>\n<meta name=\"author\" content=\"Redacci\u00f3n\" \/>\n<meta name=\"twitter:card\" content=\"summary_large_image\" \/>\n<meta name=\"twitter:creator\" content=\"@aeronoticias\" \/>\n<meta name=\"twitter:site\" content=\"@aeronoticias\" \/>\n<meta name=\"twitter:label1\" content=\"Escrito por\" \/>\n\t<meta name=\"twitter:data1\" content=\"Redacci\u00f3n\" \/>\n\t<meta name=\"twitter:label2\" content=\"Tiempo de lectura\" \/>\n\t<meta name=\"twitter:data2\" content=\"1 minuto\" \/>\n<script type=\"application\/ld+json\" class=\"yoast-schema-graph\">{\"@context\":\"https:\/\/schema.org\",\"@graph\":[{\"@type\":\"WebPage\",\"@id\":\"https:\/\/aeronoticias.com.pe\/noticiero\/ultimas\/american-airlines-reanuda-y-anuncia-nuevas-rutas-hacia-europa\/\",\"url\":\"https:\/\/aeronoticias.com.pe\/noticiero\/ultimas\/american-airlines-reanuda-y-anuncia-nuevas-rutas-hacia-europa\/\",\"name\":\"American Airlines reanuda y anuncia nuevas rutas hacia Europa\",\"isPartOf\":{\"@id\":\"https:\/\/aeronoticias.com.pe\/noticiero\/#website\"},\"primaryImageOfPage\":{\"@id\":\"https:\/\/aeronoticias.com.pe\/noticiero\/ultimas\/american-airlines-reanuda-y-anuncia-nuevas-rutas-hacia-europa\/#primaryimage\"},\"image\":{\"@id\":\"https:\/\/aeronoticias.com.pe\/noticiero\/ultimas\/american-airlines-reanuda-y-anuncia-nuevas-rutas-hacia-europa\/#primaryimage\"},\"thumbnailUrl\":\"https:\/\/aeronoticias.com.pe\/noticiero\/wp-content\/uploads\/2024\/09\/aiarline.jpeg\",\"datePublished\":\"2024-09-05T20:20:38+00:00\",\"dateModified\":\"2024-09-05T20:20:42+00:00\",\"author\":{\"@id\":\"https:\/\/aeronoticias.com.pe\/noticiero\/#\/schema\/person\/16212a617c73f78916b13194154243bd\"},\"description\":\"Portal de noticias del Per\u00fa sobre el transporte a\u00e9reo, aviaci\u00f3n, turismo, hoteleria, actualidad.\",\"breadcrumb\":{\"@id\":\"https:\/\/aeronoticias.com.pe\/noticiero\/ultimas\/american-airlines-reanuda-y-anuncia-nuevas-rutas-hacia-europa\/#breadcrumb\"},\"inLanguage\":\"es\",\"potentialAction\":[{\"@type\":\"ReadAction\",\"target\":[\"https:\/\/aeronoticias.com.pe\/noticiero\/ultimas\/american-airlines-reanuda-y-anuncia-nuevas-rutas-hacia-europa\/\"]}]},{\"@type\":\"ImageObject\",\"inLanguage\":\"es\",\"@id\":\"https:\/\/aeronoticias.com.pe\/noticiero\/ultimas\/american-airlines-reanuda-y-anuncia-nuevas-rutas-hacia-europa\/#primaryimage\",\"url\":\"https:\/\/aeronoticias.com.pe\/noticiero\/wp-content\/uploads\/2024\/09\/aiarline.jpeg\",\"contentUrl\":\"https:\/\/aeronoticias.com.pe\/noticiero\/wp-content\/uploads\/2024\/09\/aiarline.jpeg\",\"width\":1300,\"height\":867},{\"@type\":\"BreadcrumbList\",\"@id\":\"https:\/\/aeronoticias.com.pe\/noticiero\/ultimas\/american-airlines-reanuda-y-anuncia-nuevas-rutas-hacia-europa\/#breadcrumb\",\"itemListElement\":[{\"@type\":\"ListItem\",\"position\":1,\"name\":\"Portada\",\"item\":\"https:\/\/aeronoticias.com.pe\/noticiero\/\"},{\"@type\":\"ListItem\",\"position\":2,\"name\":\"American Airlines reanuda y anuncia nuevas rutas hacia Europa\"}]},{\"@type\":\"WebSite\",\"@id\":\"https:\/\/aeronoticias.com.pe\/noticiero\/#website\",\"url\":\"https:\/\/aeronoticias.com.pe\/noticiero\/\",\"name\":\"Aeronoticias.com.pe\",\"description\":\"Noticias de tranporte aereo, turismo, hoteles, gastronomia, actualidad, internacional\",\"potentialAction\":[{\"@type\":\"SearchAction\",\"target\":{\"@type\":\"EntryPoint\",\"urlTemplate\":\"https:\/\/aeronoticias.com.pe\/noticiero\/?s={search_term_string}\"},\"query-input\":{\"@type\":\"PropertyValueSpecification\",\"valueRequired\":true,\"valueName\":\"search_term_string\"}}],\"inLanguage\":\"es\"},{\"@type\":\"Person\",\"@id\":\"https:\/\/aeronoticias.com.pe\/noticiero\/#\/schema\/person\/16212a617c73f78916b13194154243bd\",\"name\":\"Redacci\u00f3n\",\"sameAs\":[\"http:\/\/Redacci\u00f3n\"],\"url\":\"https:\/\/aeronoticias.com.pe\/noticiero\/author\/celeste\/\"}]}<\/script>\n<!-- \/ Yoast SEO plugin. -->","yoast_head_json":{"title":"American Airlines reanuda y anuncia nuevas rutas hacia Europa","description":"Portal de noticias del Per\u00fa sobre el transporte a\u00e9reo, aviaci\u00f3n, turismo, hoteleria, actualidad.","robots":{"index":"index","follow":"follow","max-snippet":"max-snippet:-1","max-image-preview":"max-image-preview:large","max-video-preview":"max-video-preview:-1"},"canonical":"https:\/\/aeronoticias.com.pe\/noticiero\/ultimas\/american-airlines-reanuda-y-anuncia-nuevas-rutas-hacia-europa\/","og_locale":"es_ES","og_type":"article","og_title":"American Airlines reanuda y anuncia nuevas rutas hacia Europa","og_description":"Portal de noticias del Per\u00fa sobre el transporte a\u00e9reo, aviaci\u00f3n, turismo, hoteleria, actualidad.","og_url":"https:\/\/aeronoticias.com.pe\/noticiero\/ultimas\/american-airlines-reanuda-y-anuncia-nuevas-rutas-hacia-europa\/","og_site_name":"Aeronoticias.com.pe","article_publisher":"https:\/\/www.facebook.com\/Aeronoticias.com.pe\/","article_published_time":"2024-09-05T20:20:38+00:00","article_modified_time":"2024-09-05T20:20:42+00:00","og_image":[{"width":1300,"height":867,"url":"https:\/\/aeronoticias.com.pe\/noticiero\/wp-content\/uploads\/2024\/09\/aiarline.jpeg","type":"image\/jpeg"}],"author":"Redacci\u00f3n","twitter_card":"summary_large_image","twitter_creator":"@aeronoticias","twitter_site":"@aeronoticias","twitter_misc":{"Escrito por":"Redacci\u00f3n","Tiempo de lectura":"1 minuto"},"schema":{"@context":"https:\/\/schema.org","@graph":[{"@type":"WebPage","@id":"https:\/\/aeronoticias.com.pe\/noticiero\/ultimas\/american-airlines-reanuda-y-anuncia-nuevas-rutas-hacia-europa\/","url":"https:\/\/aeronoticias.com.pe\/noticiero\/ultimas\/american-airlines-reanuda-y-anuncia-nuevas-rutas-hacia-europa\/","name":"American Airlines reanuda y anuncia nuevas rutas hacia Europa","isPartOf":{"@id":"https:\/\/aeronoticias.com.pe\/noticiero\/#website"},"primaryImageOfPage":{"@id":"https:\/\/aeronoticias.com.pe\/noticiero\/ultimas\/american-airlines-reanuda-y-anuncia-nuevas-rutas-hacia-europa\/#primaryimage"},"image":{"@id":"https:\/\/aeronoticias.com.pe\/noticiero\/ultimas\/american-airlines-reanuda-y-anuncia-nuevas-rutas-hacia-europa\/#primaryimage"},"thumbnailUrl":"https:\/\/aeronoticias.com.pe\/noticiero\/wp-content\/uploads\/2024\/09\/aiarline.jpeg","datePublished":"2024-09-05T20:20:38+00:00","dateModified":"2024-09-05T20:20:42+00:00","author":{"@id":"https:\/\/aeronoticias.com.pe\/noticiero\/#\/schema\/person\/16212a617c73f78916b13194154243bd"},"description":"Portal de noticias del Per\u00fa sobre el transporte a\u00e9reo, aviaci\u00f3n, turismo, hoteleria, actualidad.","breadcrumb":{"@id":"https:\/\/aeronoticias.com.pe\/noticiero\/ultimas\/american-airlines-reanuda-y-anuncia-nuevas-rutas-hacia-europa\/#breadcrumb"},"inLanguage":"es","potentialAction":[{"@type":"ReadAction","target":["https:\/\/aeronoticias.com.pe\/noticiero\/ultimas\/american-airlines-reanuda-y-anuncia-nuevas-rutas-hacia-europa\/"]}]},{"@type":"ImageObject","inLanguage":"es","@id":"https:\/\/aeronoticias.com.pe\/noticiero\/ultimas\/american-airlines-reanuda-y-anuncia-nuevas-rutas-hacia-europa\/#primaryimage","url":"https:\/\/aeronoticias.com.pe\/noticiero\/wp-content\/uploads\/2024\/09\/aiarline.jpeg","contentUrl":"https:\/\/aeronoticias.com.pe\/noticiero\/wp-content\/uploads\/2024\/09\/aiarline.jpeg","width":1300,"height":867},{"@type":"BreadcrumbList","@id":"https:\/\/aeronoticias.com.pe\/noticiero\/ultimas\/american-airlines-reanuda-y-anuncia-nuevas-rutas-hacia-europa\/#breadcrumb","itemListElement":[{"@type":"ListItem","position":1,"name":"Portada","item":"https:\/\/aeronoticias.com.pe\/noticiero\/"},{"@type":"ListItem","position":2,"name":"American Airlines reanuda y anuncia nuevas rutas hacia Europa"}]},{"@type":"WebSite","@id":"https:\/\/aeronoticias.com.pe\/noticiero\/#website","url":"https:\/\/aeronoticias.com.pe\/noticiero\/","name":"Aeronoticias.com.pe","description":"Noticias de tranporte aereo, turismo, hoteles, gastronomia, actualidad, internacional","potentialAction":[{"@type":"SearchAction","target":{"@type":"EntryPoint","urlTemplate":"https:\/\/aeronoticias.com.pe\/noticiero\/?s={search_term_string}"},"query-input":{"@type":"PropertyValueSpecification","valueRequired":true,"valueName":"search_term_string"}}],"inLanguage":"es"},{"@type":"Person","@id":"https:\/\/aeronoticias.com.pe\/noticiero\/#\/schema\/person\/16212a617c73f78916b13194154243bd","name":"Redacci\u00f3n","sameAs":["http:\/\/Redacci\u00f3n"],"url":"https:\/\/aeronoticias.com.pe\/noticiero\/author\/celeste\/"}]}},"_links":{"self":[{"href":"https:\/\/aeronoticias.com.pe\/noticiero\/wp-json\/wp\/v2\/posts\/91174","targetHints":{"allow":["GET"]}}],"collection":[{"href":"https:\/\/aeronoticias.com.pe\/noticiero\/wp-json\/wp\/v2\/posts"}],"about":[{"href":"https:\/\/aeronoticias.com.pe\/noticiero\/wp-json\/wp\/v2\/types\/post"}],"author":[{"embeddable":true,"href":"https:\/\/aeronoticias.com.pe\/noticiero\/wp-json\/wp\/v2\/users\/3"}],"replies":[{"embeddable":true,"href":"https:\/\/aeronoticias.com.pe\/noticiero\/wp-json\/wp\/v2\/comments?post=91174"}],"version-history":[{"count":0,"href":"https:\/\/aeronoticias.com.pe\/noticiero\/wp-json\/wp\/v2\/posts\/91174\/revisions"}],"wp:featuredmedia":[{"embeddable":true,"href":"https:\/\/aeronoticias.com.pe\/noticiero\/wp-json\/wp\/v2\/media\/91175"}],"wp:attachment":[{"href":"https:\/\/aeronoticias.com.pe\/noticiero\/wp-json\/wp\/v2\/media?parent=91174"}],"wp:term":[{"taxonomy":"category","embeddable":true,"href":"https:\/\/aeronoticias.com.pe\/noticiero\/wp-json\/wp\/v2\/categories?post=91174"},{"taxonomy":"post_tag","embeddable":true,"href":"https:\/\/aeronoticias.com.pe\/noticiero\/wp-json\/wp\/v2\/tags?post=91174"}],"curies":[{"name":"wp","href":"https:\/\/api.w.org\/{rel}","templated":true}]}}