{"id":91184,"date":"2024-09-06T14:26:31","date_gmt":"2024-09-06T19:26:31","guid":{"rendered":"https:\/\/aeronoticias.com.pe\/noticiero\/?p=91184"},"modified":"2024-09-06T14:26:41","modified_gmt":"2024-09-06T19:26:41","slug":"ojo-conductor-alistan-cambios-para-mejorar-transito-hacia-nuevo-aeropuerto","status":"publish","type":"post","link":"https:\/\/aeronoticias.com.pe\/noticiero\/ultimas\/1\/ojo-conductor-alistan-cambios-para-mejorar-transito-hacia-nuevo-aeropuerto\/","title":{"rendered":"\u00a1Ojo conductor! Alistan cambios para mejorar tr\u00e1nsito hacia nuevo aeropuerto"},"content":{"rendered":"\n<p><strong>(Aeronoticias)<\/strong>: En el marco de la presentaci\u00f3n de las\u00a0<a href=\"https:\/\/andina.pe\/agencia\/noticia-conoce-los-nuevos-accesos-al-aeropuerto-jorge-chavez-para-vehiculos-particulares-999427.aspx\" target=\"_blank\" rel=\"noreferrer noopener\">rutas de acceso al nuevo aeropuerto Jorge Ch\u00e1vez<\/a>, el ministro de Transportes y Comunicaciones, Ra\u00fal P\u00e9rez Reyes, anunci\u00f3 siete intervenciones viales en las avenidas Morales Du\u00e1rez, Faucett y Quilca a fin de asegurar un tr\u00e1nsito fluido de los viajeros.<\/p>\n\n\n\n<p><strong>Las intervenciones incluyen giros en U<\/strong>\u00a0en el cruce de las\u00a0<strong>avenidas Morales Du\u00e1rez con Santa Rosa<\/strong>;\u00a0<strong>Jorge Ch\u00e1vez y antes de llegar a Faucett<\/strong>; en el cruce de\u00a0 as\u00ed como en la intersecci\u00f3n de la\u00a0<strong>av. Quilca y la calle Saturno<\/strong>, explic\u00f3 el ministro P\u00e9rez Reyes.<\/p>\n\n\n\n<figure class=\"wp-block-image\"><img decoding=\"async\" src=\"https:\/\/portal.andina.pe\/EDPFotografia3\/thumbnail\/2024\/09\/05\/001097426W.jpg\" alt=\"\"\/><\/figure>\n\n\n\n<p>Todas estas intervenciones, destinadas exclusivamente a veh\u00edculos particulares, estar\u00e1n listas para el inicio de operaciones del nuevo aeropuerto Jorge Ch\u00e1vez\u201d, destac\u00f3.<\/p>\n\n\n\n<h2 class=\"wp-block-heading\"><strong>Tercer carril en Morales Du\u00e1rez<\/strong><\/h2>\n\n\n\n<p>Adem\u00e1s, luego de una evaluaci\u00f3n, se tom\u00f3 la decisi\u00f3n de habilitar un tercer carril en Morales Du\u00e1rez exclusivo para el acceso y salida del aeropuerto, se realizar\u00e1n labores de recapeo.\u00a0<\/p>\n\n\n\n<figure class=\"wp-block-image\"><img decoding=\"async\" src=\"https:\/\/portal.andina.pe\/EDPFotografia3\/thumbnail\/2024\/09\/05\/001097428W.jpg\" alt=\"\"\/><\/figure>\n\n\n\n<h2 class=\"wp-block-heading\"><strong>Paso a desnivel<\/strong><\/h2>\n\n\n\n<p>Asimismo, se ha iniciado el proceso para la construcci\u00f3n\u00a0<strong>de dos puentes a desnivel en la intersecci\u00f3n de Morales Du\u00e1rez y Faucett<\/strong>, lo que mejorar\u00e1 significativamente el flujo vehicular de los camiones en ambos sentidos. Se prev\u00e9 que estas obras est\u00e9n concluidas para marzo de 2025.<\/p>\n\n\n\n<p><br>P\u00e9rez Reyes tambi\u00e9n dio a conocer que se mejorar\u00e1 la ola verde del sem\u00e1foro a favor de Morales Du\u00e1rez. \u00abTanto la alcald\u00eda como el MTC iremos trabajando para que las personas que van y vienen del nuevo aeropuerto tengan una experiencia c\u00f3moda\u00bb.<\/p>\n\n\n\n<p>Otro anuncio estuvo referido a la instalaci\u00f3n de sem\u00e1foros en los cruces de la avenida Morales Du\u00e1rez con Santa Rosa, con el Nuevo Aeropuerto y con Jorge Ch\u00e1vez.<\/p>\n\n\n\n<h2 class=\"wp-block-heading\"><strong>Transporte p\u00fablico<\/strong><\/h2>\n\n\n\n<p>El ministro tambi\u00e9n explic\u00f3 que se est\u00e1n trabajando, a trav\u00e9s de la ATU, rutas para el transporte p\u00fablico de pasajeros, para que puedan acceder al terminal a\u00e9reo.\u00a0<\/p>\n\n\n\n<p>Adem\u00e1s, se han iniciado las coordinaciones con el concesionario Lima Airport Partners (LAP) y la L\u00ednea 2 del Metro de Lima y Callao,<strong>\u00a0para la elaboraci\u00f3n de la adenda que permita la construcci\u00f3n de una terminal de la L\u00ednea 4 dentro del aeropuerto.<\/strong><\/p>\n\n\n\n<figure class=\"wp-block-image\"><img decoding=\"async\" src=\"https:\/\/portal.andina.pe\/EDPFotografia3\/thumbnail\/2024\/09\/05\/001097298W.jpg\" alt=\"\"\/><figcaption><em>Ministro del MTC y representantes de LAP brindaron informaci\u00f3n sobre los accesos al nuevo aeropuerto<\/em><\/figcaption><\/figure>\n\n\n\n<h2 class=\"wp-block-heading\"><strong>Seguridad<\/strong><\/h2>\n\n\n\n<p>Finalmente, desde el MTC se est\u00e1 elaborando un convenio con la Polic\u00eda Nacional del Per\u00fa para reforzar la seguridad en todas las v\u00edas de acceso y salida del nuevo aeropuerto, lo que beneficiar\u00e1 directamente a los m\u00e1s de 30 millones de pasajeros que transitar\u00e1n por el aeropuerto durante el primer a\u00f1o de operaci\u00f3n.\u00a0<\/p>\n\n\n\n<p><strong>Fuente: andina.pe<\/strong><\/p>\n","protected":false},"excerpt":{"rendered":"<p>(Aeronoticias): En el marco de la presentaci\u00f3n de las\u00a0rutas de acceso al nuevo aeropuerto Jorge Ch\u00e1vez, el ministro de Transportes y Comunicaciones, Ra\u00fal P\u00e9rez Reyes, anunci\u00f3 siete intervenciones viales en las avenidas Morales Du\u00e1rez, Faucett y Quilca a fin de asegurar un tr\u00e1nsito fluido de los viajeros. Las intervenciones incluyen giros en U\u00a0en el cruce [&hellip;]<\/p>\n","protected":false},"author":3,"featured_media":91185,"comment_status":"open","ping_status":"open","sticky":false,"template":"","format":"standard","meta":{"tdm_status":"","tdm_grid_status":"","footnotes":""},"categories":[8,30],"tags":[394,5612,5614,5611],"class_list":{"0":"post-91184","1":"post","2":"type-post","3":"status-publish","4":"format-standard","5":"has-post-thumbnail","7":"category-ultimas","8":"category-30","9":"tag-aeropuerto-jorge-chavez-2","10":"tag-aeropuerto-jorge-chpavez","11":"tag-morales-duarez","12":"tag-transito-hacia-nuevo-aeropuerto"},"yoast_head":"<!-- This site is optimized with the Yoast SEO plugin v25.1 - https:\/\/yoast.com\/wordpress\/plugins\/seo\/ -->\n<title>\u00a1Ojo conductor! Alistan cambios para mejorar tr\u00e1nsito hacia nuevo aeropuerto<\/title>\n<meta name=\"description\" content=\"MTC anuncia intervenciones viales en Morales Du\u00e1rez, Faucett y Quilca, as\u00ed como un paso a desnivel.\" \/>\n<meta name=\"robots\" content=\"index, follow, max-snippet:-1, max-image-preview:large, max-video-preview:-1\" \/>\n<link rel=\"canonical\" href=\"https:\/\/aeronoticias.com.pe\/noticiero\/ultimas\/1\/ojo-conductor-alistan-cambios-para-mejorar-transito-hacia-nuevo-aeropuerto\/\" \/>\n<meta property=\"og:locale\" content=\"es_ES\" \/>\n<meta property=\"og:type\" content=\"article\" \/>\n<meta property=\"og:title\" content=\"\u00a1Ojo conductor! Alistan cambios para mejorar tr\u00e1nsito hacia nuevo aeropuerto\" \/>\n<meta property=\"og:description\" content=\"MTC anuncia intervenciones viales en Morales Du\u00e1rez, Faucett y Quilca, as\u00ed como un paso a desnivel.\" \/>\n<meta property=\"og:url\" content=\"https:\/\/aeronoticias.com.pe\/noticiero\/ultimas\/1\/ojo-conductor-alistan-cambios-para-mejorar-transito-hacia-nuevo-aeropuerto\/\" \/>\n<meta property=\"og:site_name\" content=\"Aeronoticias.com.pe\" \/>\n<meta property=\"article:publisher\" content=\"https:\/\/www.facebook.com\/Aeronoticias.com.pe\/\" \/>\n<meta property=\"article:published_time\" content=\"2024-09-06T19:26:31+00:00\" \/>\n<meta property=\"article:modified_time\" content=\"2024-09-06T19:26:41+00:00\" \/>\n<meta property=\"og:image\" content=\"https:\/\/aeronoticias.com.pe\/noticiero\/wp-content\/uploads\/2024\/09\/puente.jpg\" \/>\n\t<meta property=\"og:image:width\" content=\"1800\" \/>\n\t<meta property=\"og:image:height\" content=\"1200\" \/>\n\t<meta property=\"og:image:type\" content=\"image\/jpeg\" \/>\n<meta name=\"author\" content=\"Redacci\u00f3n\" \/>\n<meta name=\"twitter:card\" content=\"summary_large_image\" \/>\n<meta name=\"twitter:creator\" content=\"@aeronoticias\" \/>\n<meta name=\"twitter:site\" content=\"@aeronoticias\" \/>\n<meta name=\"twitter:label1\" content=\"Escrito por\" \/>\n\t<meta name=\"twitter:data1\" content=\"Redacci\u00f3n\" \/>\n\t<meta name=\"twitter:label2\" content=\"Tiempo de lectura\" \/>\n\t<meta name=\"twitter:data2\" content=\"2 minutos\" \/>\n<script type=\"application\/ld+json\" class=\"yoast-schema-graph\">{\"@context\":\"https:\/\/schema.org\",\"@graph\":[{\"@type\":\"WebPage\",\"@id\":\"https:\/\/aeronoticias.com.pe\/noticiero\/ultimas\/1\/ojo-conductor-alistan-cambios-para-mejorar-transito-hacia-nuevo-aeropuerto\/\",\"url\":\"https:\/\/aeronoticias.com.pe\/noticiero\/ultimas\/1\/ojo-conductor-alistan-cambios-para-mejorar-transito-hacia-nuevo-aeropuerto\/\",\"name\":\"\u00a1Ojo conductor! Alistan cambios para mejorar tr\u00e1nsito hacia nuevo aeropuerto\",\"isPartOf\":{\"@id\":\"https:\/\/aeronoticias.com.pe\/noticiero\/#website\"},\"primaryImageOfPage\":{\"@id\":\"https:\/\/aeronoticias.com.pe\/noticiero\/ultimas\/1\/ojo-conductor-alistan-cambios-para-mejorar-transito-hacia-nuevo-aeropuerto\/#primaryimage\"},\"image\":{\"@id\":\"https:\/\/aeronoticias.com.pe\/noticiero\/ultimas\/1\/ojo-conductor-alistan-cambios-para-mejorar-transito-hacia-nuevo-aeropuerto\/#primaryimage\"},\"thumbnailUrl\":\"https:\/\/aeronoticias.com.pe\/noticiero\/wp-content\/uploads\/2024\/09\/puente.jpg\",\"datePublished\":\"2024-09-06T19:26:31+00:00\",\"dateModified\":\"2024-09-06T19:26:41+00:00\",\"author\":{\"@id\":\"https:\/\/aeronoticias.com.pe\/noticiero\/#\/schema\/person\/16212a617c73f78916b13194154243bd\"},\"description\":\"MTC anuncia intervenciones viales en Morales Du\u00e1rez, Faucett y Quilca, as\u00ed como un paso a desnivel.\",\"breadcrumb\":{\"@id\":\"https:\/\/aeronoticias.com.pe\/noticiero\/ultimas\/1\/ojo-conductor-alistan-cambios-para-mejorar-transito-hacia-nuevo-aeropuerto\/#breadcrumb\"},\"inLanguage\":\"es\",\"potentialAction\":[{\"@type\":\"ReadAction\",\"target\":[\"https:\/\/aeronoticias.com.pe\/noticiero\/ultimas\/1\/ojo-conductor-alistan-cambios-para-mejorar-transito-hacia-nuevo-aeropuerto\/\"]}]},{\"@type\":\"ImageObject\",\"inLanguage\":\"es\",\"@id\":\"https:\/\/aeronoticias.com.pe\/noticiero\/ultimas\/1\/ojo-conductor-alistan-cambios-para-mejorar-transito-hacia-nuevo-aeropuerto\/#primaryimage\",\"url\":\"https:\/\/aeronoticias.com.pe\/noticiero\/wp-content\/uploads\/2024\/09\/puente.jpg\",\"contentUrl\":\"https:\/\/aeronoticias.com.pe\/noticiero\/wp-content\/uploads\/2024\/09\/puente.jpg\",\"width\":1800,\"height\":1200},{\"@type\":\"BreadcrumbList\",\"@id\":\"https:\/\/aeronoticias.com.pe\/noticiero\/ultimas\/1\/ojo-conductor-alistan-cambios-para-mejorar-transito-hacia-nuevo-aeropuerto\/#breadcrumb\",\"itemListElement\":[{\"@type\":\"ListItem\",\"position\":1,\"name\":\"Portada\",\"item\":\"https:\/\/aeronoticias.com.pe\/noticiero\/\"},{\"@type\":\"ListItem\",\"position\":2,\"name\":\"\u00a1Ojo conductor! Alistan cambios para mejorar tr\u00e1nsito hacia nuevo aeropuerto\"}]},{\"@type\":\"WebSite\",\"@id\":\"https:\/\/aeronoticias.com.pe\/noticiero\/#website\",\"url\":\"https:\/\/aeronoticias.com.pe\/noticiero\/\",\"name\":\"Aeronoticias.com.pe\",\"description\":\"Noticias de tranporte aereo, turismo, hoteles, gastronomia, actualidad, internacional\",\"potentialAction\":[{\"@type\":\"SearchAction\",\"target\":{\"@type\":\"EntryPoint\",\"urlTemplate\":\"https:\/\/aeronoticias.com.pe\/noticiero\/?s={search_term_string}\"},\"query-input\":{\"@type\":\"PropertyValueSpecification\",\"valueRequired\":true,\"valueName\":\"search_term_string\"}}],\"inLanguage\":\"es\"},{\"@type\":\"Person\",\"@id\":\"https:\/\/aeronoticias.com.pe\/noticiero\/#\/schema\/person\/16212a617c73f78916b13194154243bd\",\"name\":\"Redacci\u00f3n\",\"sameAs\":[\"http:\/\/Redacci\u00f3n\"],\"url\":\"https:\/\/aeronoticias.com.pe\/noticiero\/author\/celeste\/\"}]}<\/script>\n<!-- \/ Yoast SEO plugin. -->","yoast_head_json":{"title":"\u00a1Ojo conductor! Alistan cambios para mejorar tr\u00e1nsito hacia nuevo aeropuerto","description":"MTC anuncia intervenciones viales en Morales Du\u00e1rez, Faucett y Quilca, as\u00ed como un paso a desnivel.","robots":{"index":"index","follow":"follow","max-snippet":"max-snippet:-1","max-image-preview":"max-image-preview:large","max-video-preview":"max-video-preview:-1"},"canonical":"https:\/\/aeronoticias.com.pe\/noticiero\/ultimas\/1\/ojo-conductor-alistan-cambios-para-mejorar-transito-hacia-nuevo-aeropuerto\/","og_locale":"es_ES","og_type":"article","og_title":"\u00a1Ojo conductor! Alistan cambios para mejorar tr\u00e1nsito hacia nuevo aeropuerto","og_description":"MTC anuncia intervenciones viales en Morales Du\u00e1rez, Faucett y Quilca, as\u00ed como un paso a desnivel.","og_url":"https:\/\/aeronoticias.com.pe\/noticiero\/ultimas\/1\/ojo-conductor-alistan-cambios-para-mejorar-transito-hacia-nuevo-aeropuerto\/","og_site_name":"Aeronoticias.com.pe","article_publisher":"https:\/\/www.facebook.com\/Aeronoticias.com.pe\/","article_published_time":"2024-09-06T19:26:31+00:00","article_modified_time":"2024-09-06T19:26:41+00:00","og_image":[{"width":1800,"height":1200,"url":"https:\/\/aeronoticias.com.pe\/noticiero\/wp-content\/uploads\/2024\/09\/puente.jpg","type":"image\/jpeg"}],"author":"Redacci\u00f3n","twitter_card":"summary_large_image","twitter_creator":"@aeronoticias","twitter_site":"@aeronoticias","twitter_misc":{"Escrito por":"Redacci\u00f3n","Tiempo de lectura":"2 minutos"},"schema":{"@context":"https:\/\/schema.org","@graph":[{"@type":"WebPage","@id":"https:\/\/aeronoticias.com.pe\/noticiero\/ultimas\/1\/ojo-conductor-alistan-cambios-para-mejorar-transito-hacia-nuevo-aeropuerto\/","url":"https:\/\/aeronoticias.com.pe\/noticiero\/ultimas\/1\/ojo-conductor-alistan-cambios-para-mejorar-transito-hacia-nuevo-aeropuerto\/","name":"\u00a1Ojo conductor! Alistan cambios para mejorar tr\u00e1nsito hacia nuevo aeropuerto","isPartOf":{"@id":"https:\/\/aeronoticias.com.pe\/noticiero\/#website"},"primaryImageOfPage":{"@id":"https:\/\/aeronoticias.com.pe\/noticiero\/ultimas\/1\/ojo-conductor-alistan-cambios-para-mejorar-transito-hacia-nuevo-aeropuerto\/#primaryimage"},"image":{"@id":"https:\/\/aeronoticias.com.pe\/noticiero\/ultimas\/1\/ojo-conductor-alistan-cambios-para-mejorar-transito-hacia-nuevo-aeropuerto\/#primaryimage"},"thumbnailUrl":"https:\/\/aeronoticias.com.pe\/noticiero\/wp-content\/uploads\/2024\/09\/puente.jpg","datePublished":"2024-09-06T19:26:31+00:00","dateModified":"2024-09-06T19:26:41+00:00","author":{"@id":"https:\/\/aeronoticias.com.pe\/noticiero\/#\/schema\/person\/16212a617c73f78916b13194154243bd"},"description":"MTC anuncia intervenciones viales en Morales Du\u00e1rez, Faucett y Quilca, as\u00ed como un paso a desnivel.","breadcrumb":{"@id":"https:\/\/aeronoticias.com.pe\/noticiero\/ultimas\/1\/ojo-conductor-alistan-cambios-para-mejorar-transito-hacia-nuevo-aeropuerto\/#breadcrumb"},"inLanguage":"es","potentialAction":[{"@type":"ReadAction","target":["https:\/\/aeronoticias.com.pe\/noticiero\/ultimas\/1\/ojo-conductor-alistan-cambios-para-mejorar-transito-hacia-nuevo-aeropuerto\/"]}]},{"@type":"ImageObject","inLanguage":"es","@id":"https:\/\/aeronoticias.com.pe\/noticiero\/ultimas\/1\/ojo-conductor-alistan-cambios-para-mejorar-transito-hacia-nuevo-aeropuerto\/#primaryimage","url":"https:\/\/aeronoticias.com.pe\/noticiero\/wp-content\/uploads\/2024\/09\/puente.jpg","contentUrl":"https:\/\/aeronoticias.com.pe\/noticiero\/wp-content\/uploads\/2024\/09\/puente.jpg","width":1800,"height":1200},{"@type":"BreadcrumbList","@id":"https:\/\/aeronoticias.com.pe\/noticiero\/ultimas\/1\/ojo-conductor-alistan-cambios-para-mejorar-transito-hacia-nuevo-aeropuerto\/#breadcrumb","itemListElement":[{"@type":"ListItem","position":1,"name":"Portada","item":"https:\/\/aeronoticias.com.pe\/noticiero\/"},{"@type":"ListItem","position":2,"name":"\u00a1Ojo conductor! Alistan cambios para mejorar tr\u00e1nsito hacia nuevo aeropuerto"}]},{"@type":"WebSite","@id":"https:\/\/aeronoticias.com.pe\/noticiero\/#website","url":"https:\/\/aeronoticias.com.pe\/noticiero\/","name":"Aeronoticias.com.pe","description":"Noticias de tranporte aereo, turismo, hoteles, gastronomia, actualidad, internacional","potentialAction":[{"@type":"SearchAction","target":{"@type":"EntryPoint","urlTemplate":"https:\/\/aeronoticias.com.pe\/noticiero\/?s={search_term_string}"},"query-input":{"@type":"PropertyValueSpecification","valueRequired":true,"valueName":"search_term_string"}}],"inLanguage":"es"},{"@type":"Person","@id":"https:\/\/aeronoticias.com.pe\/noticiero\/#\/schema\/person\/16212a617c73f78916b13194154243bd","name":"Redacci\u00f3n","sameAs":["http:\/\/Redacci\u00f3n"],"url":"https:\/\/aeronoticias.com.pe\/noticiero\/author\/celeste\/"}]}},"_links":{"self":[{"href":"https:\/\/aeronoticias.com.pe\/noticiero\/wp-json\/wp\/v2\/posts\/91184","targetHints":{"allow":["GET"]}}],"collection":[{"href":"https:\/\/aeronoticias.com.pe\/noticiero\/wp-json\/wp\/v2\/posts"}],"about":[{"href":"https:\/\/aeronoticias.com.pe\/noticiero\/wp-json\/wp\/v2\/types\/post"}],"author":[{"embeddable":true,"href":"https:\/\/aeronoticias.com.pe\/noticiero\/wp-json\/wp\/v2\/users\/3"}],"replies":[{"embeddable":true,"href":"https:\/\/aeronoticias.com.pe\/noticiero\/wp-json\/wp\/v2\/comments?post=91184"}],"version-history":[{"count":0,"href":"https:\/\/aeronoticias.com.pe\/noticiero\/wp-json\/wp\/v2\/posts\/91184\/revisions"}],"wp:featuredmedia":[{"embeddable":true,"href":"https:\/\/aeronoticias.com.pe\/noticiero\/wp-json\/wp\/v2\/media\/91185"}],"wp:attachment":[{"href":"https:\/\/aeronoticias.com.pe\/noticiero\/wp-json\/wp\/v2\/media?parent=91184"}],"wp:term":[{"taxonomy":"category","embeddable":true,"href":"https:\/\/aeronoticias.com.pe\/noticiero\/wp-json\/wp\/v2\/categories?post=91184"},{"taxonomy":"post_tag","embeddable":true,"href":"https:\/\/aeronoticias.com.pe\/noticiero\/wp-json\/wp\/v2\/tags?post=91184"}],"curies":[{"name":"wp","href":"https:\/\/api.w.org\/{rel}","templated":true}]}}