{"id":91187,"date":"2024-09-06T14:43:46","date_gmt":"2024-09-06T19:43:46","guid":{"rendered":"https:\/\/aeronoticias.com.pe\/noticiero\/?p=91187"},"modified":"2024-09-06T14:43:53","modified_gmt":"2024-09-06T19:43:53","slug":"presenta-easyjet-informe-del-impacto-de-la-ineficiencia-aerea-en-emisiones-de-co2","status":"publish","type":"post","link":"https:\/\/aeronoticias.com.pe\/noticiero\/transporte-aereo\/presenta-easyjet-informe-del-impacto-de-la-ineficiencia-aerea-en-emisiones-de-co2\/","title":{"rendered":"Presenta easyJet informe del impacto de la ineficiencia a\u00e9rea en emisiones de CO2"},"content":{"rendered":"\n<p><strong>(Aeronoticias):<\/strong> <strong>La aerol\u00ednea easyJet indic\u00f3 que por primera vez en la industria se cuantific\u00f3 el impacto que la ineficiencia del espacio a\u00e9reo europeo tiene en las emisiones de CO2.<\/strong>\u00a0Este an\u00e1lisis busca demostrar la necesidad urgente de una reforma en la gesti\u00f3n del espacio a\u00e9reo europeo, asegur\u00f3 que es una medida que debi\u00f3 implementarse hace a\u00f1os.\u00a0<\/p>\n\n\n\n<p>El estudio se realiz\u00f3 mediante la monitorizaci\u00f3n de los vuelos de easyJet durante un periodo de 12 meses, utilizando inteligencia artificial para analizar los efectos de estas ineficiencias en las operaciones de la aerol\u00ednea y de toda la regi\u00f3n.<\/p>\n\n\n\n<p>El estudio revel\u00f3 que las ineficiencias en el espacio a\u00e9reo incrementan las emisiones de CO2 en un 10.62%, lo que se traduce en 663,710 toneladas de di\u00f3xido de carbono adicionales. Estas emisiones derivan directamente del actual sistema de gesti\u00f3n del espacio a\u00e9reo en Europa.&nbsp;<\/p>\n\n\n\n<p>Las \u00e1reas m\u00e1s afectadas son las terminales, especialmente durante las maniobras de descenso, donde la infraestructura anticuada y el dise\u00f1o deficiente del espacio a\u00e9reo contribuyen de manera significativa a estos problemas.<\/p>\n\n\n\n<p>Las rutas de easyJet en el Reino Unido son las m\u00e1s afectadas por estas ineficiencias, destacando que siete de las diez rutas menos eficientes involucran el aeropuerto de Londres Gatwick. Esta regi\u00f3n, en particular el sureste, enfrenta limitaciones de capacidad debido a la alta demanda, lo que genera un aumento en las emisiones.&nbsp;<\/p>\n\n\n\n<p><strong>Los expertos en eficiencia de vuelo de easyJet se\u00f1alan que estas deficiencias no solo afectan a sus operaciones, sino tambi\u00e9n a las de otras aerol\u00edneas europeas.<\/strong><\/p>\n\n\n\n<p>El reciente compromiso del gobierno brit\u00e1nico de modernizar su espacio a\u00e9reo, tras&nbsp; recuperar el control completo sobre su gesti\u00f3n, genera expectativas de que el Reino Unido pueda convertirse en un referente en la reforma del espacio a\u00e9reo a nivel internacional. Esto podr\u00eda ayudar a mitigar las ineficiencias actuales y reducir de forma significativa las emisiones de carbono en sus operaciones a\u00e9reas.<\/p>\n\n\n\n<p>Adem\u00e1s del Reino Unido, otros pa\u00edses como Italia, Francia, Espa\u00f1a y Suiza tambi\u00e9n enfrentan retos similares en la modernizaci\u00f3n de su espacio a\u00e9reo. En rutas como la que conecta Londres Gatwick con Mil\u00e1n Malpensa, easyJet detect\u00f3 un exceso de emisiones de hasta un 19%, lo que resalta la urgencia de abordar este problema a nivel europeo.<\/p>\n\n\n\n<p><strong>Fuente: A21.com.mx<\/strong><\/p>\n","protected":false},"excerpt":{"rendered":"<p>(Aeronoticias): La aerol\u00ednea easyJet indic\u00f3 que por primera vez en la industria se cuantific\u00f3 el impacto que la ineficiencia del espacio a\u00e9reo europeo tiene en las emisiones de CO2.\u00a0Este an\u00e1lisis busca demostrar la necesidad urgente de una reforma en la gesti\u00f3n del espacio a\u00e9reo europeo, asegur\u00f3 que es una medida que debi\u00f3 implementarse hace a\u00f1os.\u00a0 [&hellip;]<\/p>\n","protected":false},"author":3,"featured_media":91188,"comment_status":"open","ping_status":"open","sticky":false,"template":"","format":"standard","meta":{"tdm_status":"","tdm_grid_status":"","footnotes":""},"categories":[32,11],"tags":[308,5615],"class_list":{"0":"post-91187","1":"post","2":"type-post","3":"status-publish","4":"format-standard","5":"has-post-thumbnail","7":"category-internacional","8":"category-transporte-aereo","9":"tag-easyjet","10":"tag-emisiones-de-c02"},"yoast_head":"<!-- This site is optimized with the Yoast SEO plugin v25.1 - https:\/\/yoast.com\/wordpress\/plugins\/seo\/ -->\n<title>Presenta easyJet informe del impacto de la ineficiencia a\u00e9rea en emisiones de CO2<\/title>\n<meta name=\"description\" content=\"Durante un periodo de 12 meses, analiz\u00f3 con IA los efectos en sus operaciones de la aerol\u00ednea y de toda la regi\u00f3n, lo que revela un alza en la contaminaci\u00f3n de 10.62%.\" \/>\n<meta name=\"robots\" content=\"index, follow, max-snippet:-1, max-image-preview:large, max-video-preview:-1\" \/>\n<link rel=\"canonical\" href=\"https:\/\/aeronoticias.com.pe\/noticiero\/transporte-aereo\/presenta-easyjet-informe-del-impacto-de-la-ineficiencia-aerea-en-emisiones-de-co2\/\" \/>\n<meta property=\"og:locale\" content=\"es_ES\" \/>\n<meta property=\"og:type\" content=\"article\" \/>\n<meta property=\"og:title\" content=\"Presenta easyJet informe del impacto de la ineficiencia a\u00e9rea en emisiones de CO2\" \/>\n<meta property=\"og:description\" content=\"Durante un periodo de 12 meses, analiz\u00f3 con IA los efectos en sus operaciones de la aerol\u00ednea y de toda la regi\u00f3n, lo que revela un alza en la contaminaci\u00f3n de 10.62%.\" \/>\n<meta property=\"og:url\" content=\"https:\/\/aeronoticias.com.pe\/noticiero\/transporte-aereo\/presenta-easyjet-informe-del-impacto-de-la-ineficiencia-aerea-en-emisiones-de-co2\/\" \/>\n<meta property=\"og:site_name\" content=\"Aeronoticias.com.pe\" \/>\n<meta property=\"article:publisher\" content=\"https:\/\/www.facebook.com\/Aeronoticias.com.pe\/\" \/>\n<meta property=\"article:published_time\" content=\"2024-09-06T19:43:46+00:00\" \/>\n<meta property=\"article:modified_time\" content=\"2024-09-06T19:43:53+00:00\" \/>\n<meta property=\"og:image\" content=\"https:\/\/aeronoticias.com.pe\/noticiero\/wp-content\/uploads\/2024\/09\/EASE.jpg\" \/>\n\t<meta property=\"og:image:width\" content=\"2000\" \/>\n\t<meta property=\"og:image:height\" content=\"1125\" \/>\n\t<meta property=\"og:image:type\" content=\"image\/jpeg\" \/>\n<meta name=\"author\" content=\"Redacci\u00f3n\" \/>\n<meta name=\"twitter:card\" content=\"summary_large_image\" \/>\n<meta name=\"twitter:creator\" content=\"@aeronoticias\" \/>\n<meta name=\"twitter:site\" content=\"@aeronoticias\" \/>\n<meta name=\"twitter:label1\" content=\"Escrito por\" \/>\n\t<meta name=\"twitter:data1\" content=\"Redacci\u00f3n\" \/>\n\t<meta name=\"twitter:label2\" content=\"Tiempo de lectura\" \/>\n\t<meta name=\"twitter:data2\" content=\"2 minutos\" \/>\n<script type=\"application\/ld+json\" class=\"yoast-schema-graph\">{\"@context\":\"https:\/\/schema.org\",\"@graph\":[{\"@type\":\"WebPage\",\"@id\":\"https:\/\/aeronoticias.com.pe\/noticiero\/transporte-aereo\/presenta-easyjet-informe-del-impacto-de-la-ineficiencia-aerea-en-emisiones-de-co2\/\",\"url\":\"https:\/\/aeronoticias.com.pe\/noticiero\/transporte-aereo\/presenta-easyjet-informe-del-impacto-de-la-ineficiencia-aerea-en-emisiones-de-co2\/\",\"name\":\"Presenta easyJet informe del impacto de la ineficiencia a\u00e9rea en emisiones de CO2\",\"isPartOf\":{\"@id\":\"https:\/\/aeronoticias.com.pe\/noticiero\/#website\"},\"primaryImageOfPage\":{\"@id\":\"https:\/\/aeronoticias.com.pe\/noticiero\/transporte-aereo\/presenta-easyjet-informe-del-impacto-de-la-ineficiencia-aerea-en-emisiones-de-co2\/#primaryimage\"},\"image\":{\"@id\":\"https:\/\/aeronoticias.com.pe\/noticiero\/transporte-aereo\/presenta-easyjet-informe-del-impacto-de-la-ineficiencia-aerea-en-emisiones-de-co2\/#primaryimage\"},\"thumbnailUrl\":\"https:\/\/aeronoticias.com.pe\/noticiero\/wp-content\/uploads\/2024\/09\/EASE.jpg\",\"datePublished\":\"2024-09-06T19:43:46+00:00\",\"dateModified\":\"2024-09-06T19:43:53+00:00\",\"author\":{\"@id\":\"https:\/\/aeronoticias.com.pe\/noticiero\/#\/schema\/person\/16212a617c73f78916b13194154243bd\"},\"description\":\"Durante un periodo de 12 meses, analiz\u00f3 con IA los efectos en sus operaciones de la aerol\u00ednea y de toda la regi\u00f3n, lo que revela un alza en la contaminaci\u00f3n de 10.62%.\",\"breadcrumb\":{\"@id\":\"https:\/\/aeronoticias.com.pe\/noticiero\/transporte-aereo\/presenta-easyjet-informe-del-impacto-de-la-ineficiencia-aerea-en-emisiones-de-co2\/#breadcrumb\"},\"inLanguage\":\"es\",\"potentialAction\":[{\"@type\":\"ReadAction\",\"target\":[\"https:\/\/aeronoticias.com.pe\/noticiero\/transporte-aereo\/presenta-easyjet-informe-del-impacto-de-la-ineficiencia-aerea-en-emisiones-de-co2\/\"]}]},{\"@type\":\"ImageObject\",\"inLanguage\":\"es\",\"@id\":\"https:\/\/aeronoticias.com.pe\/noticiero\/transporte-aereo\/presenta-easyjet-informe-del-impacto-de-la-ineficiencia-aerea-en-emisiones-de-co2\/#primaryimage\",\"url\":\"https:\/\/aeronoticias.com.pe\/noticiero\/wp-content\/uploads\/2024\/09\/EASE.jpg\",\"contentUrl\":\"https:\/\/aeronoticias.com.pe\/noticiero\/wp-content\/uploads\/2024\/09\/EASE.jpg\",\"width\":2000,\"height\":1125},{\"@type\":\"BreadcrumbList\",\"@id\":\"https:\/\/aeronoticias.com.pe\/noticiero\/transporte-aereo\/presenta-easyjet-informe-del-impacto-de-la-ineficiencia-aerea-en-emisiones-de-co2\/#breadcrumb\",\"itemListElement\":[{\"@type\":\"ListItem\",\"position\":1,\"name\":\"Portada\",\"item\":\"https:\/\/aeronoticias.com.pe\/noticiero\/\"},{\"@type\":\"ListItem\",\"position\":2,\"name\":\"Presenta easyJet informe del impacto de la ineficiencia a\u00e9rea en emisiones de CO2\"}]},{\"@type\":\"WebSite\",\"@id\":\"https:\/\/aeronoticias.com.pe\/noticiero\/#website\",\"url\":\"https:\/\/aeronoticias.com.pe\/noticiero\/\",\"name\":\"Aeronoticias.com.pe\",\"description\":\"Noticias de tranporte aereo, turismo, hoteles, gastronomia, actualidad, internacional\",\"potentialAction\":[{\"@type\":\"SearchAction\",\"target\":{\"@type\":\"EntryPoint\",\"urlTemplate\":\"https:\/\/aeronoticias.com.pe\/noticiero\/?s={search_term_string}\"},\"query-input\":{\"@type\":\"PropertyValueSpecification\",\"valueRequired\":true,\"valueName\":\"search_term_string\"}}],\"inLanguage\":\"es\"},{\"@type\":\"Person\",\"@id\":\"https:\/\/aeronoticias.com.pe\/noticiero\/#\/schema\/person\/16212a617c73f78916b13194154243bd\",\"name\":\"Redacci\u00f3n\",\"sameAs\":[\"http:\/\/Redacci\u00f3n\"],\"url\":\"https:\/\/aeronoticias.com.pe\/noticiero\/author\/celeste\/\"}]}<\/script>\n<!-- \/ Yoast SEO plugin. -->","yoast_head_json":{"title":"Presenta easyJet informe del impacto de la ineficiencia a\u00e9rea en emisiones de CO2","description":"Durante un periodo de 12 meses, analiz\u00f3 con IA los efectos en sus operaciones de la aerol\u00ednea y de toda la regi\u00f3n, lo que revela un alza en la contaminaci\u00f3n de 10.62%.","robots":{"index":"index","follow":"follow","max-snippet":"max-snippet:-1","max-image-preview":"max-image-preview:large","max-video-preview":"max-video-preview:-1"},"canonical":"https:\/\/aeronoticias.com.pe\/noticiero\/transporte-aereo\/presenta-easyjet-informe-del-impacto-de-la-ineficiencia-aerea-en-emisiones-de-co2\/","og_locale":"es_ES","og_type":"article","og_title":"Presenta easyJet informe del impacto de la ineficiencia a\u00e9rea en emisiones de CO2","og_description":"Durante un periodo de 12 meses, analiz\u00f3 con IA los efectos en sus operaciones de la aerol\u00ednea y de toda la regi\u00f3n, lo que revela un alza en la contaminaci\u00f3n de 10.62%.","og_url":"https:\/\/aeronoticias.com.pe\/noticiero\/transporte-aereo\/presenta-easyjet-informe-del-impacto-de-la-ineficiencia-aerea-en-emisiones-de-co2\/","og_site_name":"Aeronoticias.com.pe","article_publisher":"https:\/\/www.facebook.com\/Aeronoticias.com.pe\/","article_published_time":"2024-09-06T19:43:46+00:00","article_modified_time":"2024-09-06T19:43:53+00:00","og_image":[{"width":2000,"height":1125,"url":"https:\/\/aeronoticias.com.pe\/noticiero\/wp-content\/uploads\/2024\/09\/EASE.jpg","type":"image\/jpeg"}],"author":"Redacci\u00f3n","twitter_card":"summary_large_image","twitter_creator":"@aeronoticias","twitter_site":"@aeronoticias","twitter_misc":{"Escrito por":"Redacci\u00f3n","Tiempo de lectura":"2 minutos"},"schema":{"@context":"https:\/\/schema.org","@graph":[{"@type":"WebPage","@id":"https:\/\/aeronoticias.com.pe\/noticiero\/transporte-aereo\/presenta-easyjet-informe-del-impacto-de-la-ineficiencia-aerea-en-emisiones-de-co2\/","url":"https:\/\/aeronoticias.com.pe\/noticiero\/transporte-aereo\/presenta-easyjet-informe-del-impacto-de-la-ineficiencia-aerea-en-emisiones-de-co2\/","name":"Presenta easyJet informe del impacto de la ineficiencia a\u00e9rea en emisiones de CO2","isPartOf":{"@id":"https:\/\/aeronoticias.com.pe\/noticiero\/#website"},"primaryImageOfPage":{"@id":"https:\/\/aeronoticias.com.pe\/noticiero\/transporte-aereo\/presenta-easyjet-informe-del-impacto-de-la-ineficiencia-aerea-en-emisiones-de-co2\/#primaryimage"},"image":{"@id":"https:\/\/aeronoticias.com.pe\/noticiero\/transporte-aereo\/presenta-easyjet-informe-del-impacto-de-la-ineficiencia-aerea-en-emisiones-de-co2\/#primaryimage"},"thumbnailUrl":"https:\/\/aeronoticias.com.pe\/noticiero\/wp-content\/uploads\/2024\/09\/EASE.jpg","datePublished":"2024-09-06T19:43:46+00:00","dateModified":"2024-09-06T19:43:53+00:00","author":{"@id":"https:\/\/aeronoticias.com.pe\/noticiero\/#\/schema\/person\/16212a617c73f78916b13194154243bd"},"description":"Durante un periodo de 12 meses, analiz\u00f3 con IA los efectos en sus operaciones de la aerol\u00ednea y de toda la regi\u00f3n, lo que revela un alza en la contaminaci\u00f3n de 10.62%.","breadcrumb":{"@id":"https:\/\/aeronoticias.com.pe\/noticiero\/transporte-aereo\/presenta-easyjet-informe-del-impacto-de-la-ineficiencia-aerea-en-emisiones-de-co2\/#breadcrumb"},"inLanguage":"es","potentialAction":[{"@type":"ReadAction","target":["https:\/\/aeronoticias.com.pe\/noticiero\/transporte-aereo\/presenta-easyjet-informe-del-impacto-de-la-ineficiencia-aerea-en-emisiones-de-co2\/"]}]},{"@type":"ImageObject","inLanguage":"es","@id":"https:\/\/aeronoticias.com.pe\/noticiero\/transporte-aereo\/presenta-easyjet-informe-del-impacto-de-la-ineficiencia-aerea-en-emisiones-de-co2\/#primaryimage","url":"https:\/\/aeronoticias.com.pe\/noticiero\/wp-content\/uploads\/2024\/09\/EASE.jpg","contentUrl":"https:\/\/aeronoticias.com.pe\/noticiero\/wp-content\/uploads\/2024\/09\/EASE.jpg","width":2000,"height":1125},{"@type":"BreadcrumbList","@id":"https:\/\/aeronoticias.com.pe\/noticiero\/transporte-aereo\/presenta-easyjet-informe-del-impacto-de-la-ineficiencia-aerea-en-emisiones-de-co2\/#breadcrumb","itemListElement":[{"@type":"ListItem","position":1,"name":"Portada","item":"https:\/\/aeronoticias.com.pe\/noticiero\/"},{"@type":"ListItem","position":2,"name":"Presenta easyJet informe del impacto de la ineficiencia a\u00e9rea en emisiones de CO2"}]},{"@type":"WebSite","@id":"https:\/\/aeronoticias.com.pe\/noticiero\/#website","url":"https:\/\/aeronoticias.com.pe\/noticiero\/","name":"Aeronoticias.com.pe","description":"Noticias de tranporte aereo, turismo, hoteles, gastronomia, actualidad, internacional","potentialAction":[{"@type":"SearchAction","target":{"@type":"EntryPoint","urlTemplate":"https:\/\/aeronoticias.com.pe\/noticiero\/?s={search_term_string}"},"query-input":{"@type":"PropertyValueSpecification","valueRequired":true,"valueName":"search_term_string"}}],"inLanguage":"es"},{"@type":"Person","@id":"https:\/\/aeronoticias.com.pe\/noticiero\/#\/schema\/person\/16212a617c73f78916b13194154243bd","name":"Redacci\u00f3n","sameAs":["http:\/\/Redacci\u00f3n"],"url":"https:\/\/aeronoticias.com.pe\/noticiero\/author\/celeste\/"}]}},"_links":{"self":[{"href":"https:\/\/aeronoticias.com.pe\/noticiero\/wp-json\/wp\/v2\/posts\/91187","targetHints":{"allow":["GET"]}}],"collection":[{"href":"https:\/\/aeronoticias.com.pe\/noticiero\/wp-json\/wp\/v2\/posts"}],"about":[{"href":"https:\/\/aeronoticias.com.pe\/noticiero\/wp-json\/wp\/v2\/types\/post"}],"author":[{"embeddable":true,"href":"https:\/\/aeronoticias.com.pe\/noticiero\/wp-json\/wp\/v2\/users\/3"}],"replies":[{"embeddable":true,"href":"https:\/\/aeronoticias.com.pe\/noticiero\/wp-json\/wp\/v2\/comments?post=91187"}],"version-history":[{"count":0,"href":"https:\/\/aeronoticias.com.pe\/noticiero\/wp-json\/wp\/v2\/posts\/91187\/revisions"}],"wp:featuredmedia":[{"embeddable":true,"href":"https:\/\/aeronoticias.com.pe\/noticiero\/wp-json\/wp\/v2\/media\/91188"}],"wp:attachment":[{"href":"https:\/\/aeronoticias.com.pe\/noticiero\/wp-json\/wp\/v2\/media?parent=91187"}],"wp:term":[{"taxonomy":"category","embeddable":true,"href":"https:\/\/aeronoticias.com.pe\/noticiero\/wp-json\/wp\/v2\/categories?post=91187"},{"taxonomy":"post_tag","embeddable":true,"href":"https:\/\/aeronoticias.com.pe\/noticiero\/wp-json\/wp\/v2\/tags?post=91187"}],"curies":[{"name":"wp","href":"https:\/\/api.w.org\/{rel}","templated":true}]}}