{"id":91924,"date":"2024-11-06T12:24:30","date_gmt":"2024-11-06T17:24:30","guid":{"rendered":"https:\/\/aeronoticias.com.pe\/noticiero\/?p=91924"},"modified":"2024-11-06T12:24:36","modified_gmt":"2024-11-06T17:24:36","slug":"volaris-conecta-a-jalisco-con-costa-rica","status":"publish","type":"post","link":"https:\/\/aeronoticias.com.pe\/noticiero\/ultimas\/1\/volaris-conecta-a-jalisco-con-costa-rica\/","title":{"rendered":"Volaris conecta a Jalisco con Costa Rica"},"content":{"rendered":"\n<p><strong>(Aeronoticias)<\/strong>: Volaris se convierte en la \u00fanica aerol\u00ednea en conectar a Costa Rica con Jalisco con el comienzo de vuelos sin escalas entre San Jos\u00e9 (SJO) y Guadalajara (GDL). Con este nuevo servicio la low cost ya vuela desde tres destinos mexicanos hacia San Jos\u00e9, despu\u00e9s de Ciudad de M\u00e9xico y Canc\u00fan, adem\u00e1s de dos ciudades en Centroam\u00e9rica.<\/p>\n\n\n\n<p>Los clientes que viajen entre San Jos\u00e9 y Guadalajara pueden conectar a destinos nacionales en M\u00e9xico como Tijuana, Monterrey, Ciudad de M\u00e9xico, Puerto Vallarta y Los Cabos, as\u00ed como servicios internacionales a Los \u00c1ngeles, Fresno, Ontario y Houston en Estados Unidos.&nbsp;La red de Volaris en Guadalajara ofrece 21 destinos a Estados Unidos y 26 a M\u00e9xico.&nbsp;<\/p>\n\n\n\n<p>De acuerdo a reportes estad\u00edsticos de la Agencia Federal de Aviaci\u00f3n Civil de M\u00e9xico, en el periodo de enero a septiembre de 2024 se movilizaron 451.989 pasajeros en 3.500 vuelos entre M\u00e9xico y Costa Rica. Entre la filial mexicana&nbsp; y costarricense, Volaris posee el 35,5% de la cuota del mercado.<\/p>\n\n\n\n<p>\u201c<em>Este vuelo complementa y fortalece los esfuerzos estrat\u00e9gicos de promoci\u00f3n que el Instituto Costarricense de Turismo ha venido realizando en M\u00e9xico desde el a\u00f1o pasado y en los \u00faltimos meses, con el claro objetivo de incrementar la visitaci\u00f3n de turistas mexicanos, para que puedan disfrutar de la naturaleza, la biodiversidad, la gastronom\u00eda, la cultura y la esencia del Pura Vida<\/em>\u201d, dijo William Rodr\u00edguez, Ministro de Turismo de Costa Rica.<\/p>\n\n\n\n<h3 class=\"wp-block-heading\"><strong>Programaci\u00f3n de vuelo entre San Jos\u00e9 (SJO) y Guadalajara (GDL)<\/strong><\/h3>\n\n\n\n<ul class=\"wp-block-list\"><li><strong>Vuelo Q6 4058:\u00a0<\/strong>SJO 15:31 \u2013 GDL 18:59\u00a0<em>martes y s\u00e1bado<\/em>.<\/li><li><strong>Vuelo Q6 4059:\u00a0<\/strong>GDL 19:49 \u2013 SJO 23:11\u00a0<em>martes y s\u00e1bado<\/em>.<\/li><\/ul>\n\n\n\n<p><strong>Fuente: aviacionline.com<\/strong><\/p>\n","protected":false},"excerpt":{"rendered":"<p>(Aeronoticias): Volaris se convierte en la \u00fanica aerol\u00ednea en conectar a Costa Rica con Jalisco con el comienzo de vuelos sin escalas entre San Jos\u00e9 (SJO) y Guadalajara (GDL). Con este nuevo servicio la low cost ya vuela desde tres destinos mexicanos hacia San Jos\u00e9, despu\u00e9s de Ciudad de M\u00e9xico y Canc\u00fan, adem\u00e1s de dos [&hellip;]<\/p>\n","protected":false},"author":3,"featured_media":91925,"comment_status":"open","ping_status":"open","sticky":false,"template":"","format":"standard","meta":{"tdm_status":"","tdm_grid_status":"","footnotes":""},"categories":[8,30],"tags":[4231,125],"class_list":{"0":"post-91924","1":"post","2":"type-post","3":"status-publish","4":"format-standard","5":"has-post-thumbnail","7":"category-ultimas","8":"category-30","9":"tag-ciudad-de-mexico-2","10":"tag-volaris"},"yoast_head":"<!-- This site is optimized with the Yoast SEO plugin v25.1 - https:\/\/yoast.com\/wordpress\/plugins\/seo\/ -->\n<title>Volaris conecta a Jalisco con Costa Rica<\/title>\n<meta name=\"description\" content=\"Portal de noticias del Per\u00fa sobre el transporte a\u00e9reo, aviaci\u00f3n, turismo, hoteleria, actualidad.\" \/>\n<meta name=\"robots\" content=\"index, follow, max-snippet:-1, max-image-preview:large, max-video-preview:-1\" \/>\n<link rel=\"canonical\" href=\"https:\/\/aeronoticias.com.pe\/noticiero\/ultimas\/1\/volaris-conecta-a-jalisco-con-costa-rica\/\" \/>\n<meta property=\"og:locale\" content=\"es_ES\" \/>\n<meta property=\"og:type\" content=\"article\" \/>\n<meta property=\"og:title\" content=\"Volaris conecta a Jalisco con Costa Rica\" \/>\n<meta property=\"og:description\" content=\"Portal de noticias del Per\u00fa sobre el transporte a\u00e9reo, aviaci\u00f3n, turismo, hoteleria, actualidad.\" \/>\n<meta property=\"og:url\" content=\"https:\/\/aeronoticias.com.pe\/noticiero\/ultimas\/1\/volaris-conecta-a-jalisco-con-costa-rica\/\" \/>\n<meta property=\"og:site_name\" content=\"Aeronoticias.com.pe\" \/>\n<meta property=\"article:publisher\" content=\"https:\/\/www.facebook.com\/Aeronoticias.com.pe\/\" \/>\n<meta property=\"article:published_time\" content=\"2024-11-06T17:24:30+00:00\" \/>\n<meta property=\"article:modified_time\" content=\"2024-11-06T17:24:36+00:00\" \/>\n<meta property=\"og:image\" content=\"https:\/\/aeronoticias.com.pe\/noticiero\/wp-content\/uploads\/2024\/11\/vola.jpg\" \/>\n\t<meta property=\"og:image:width\" content=\"744\" \/>\n\t<meta property=\"og:image:height\" content=\"537\" \/>\n\t<meta property=\"og:image:type\" content=\"image\/jpeg\" \/>\n<meta name=\"author\" content=\"Redacci\u00f3n\" \/>\n<meta name=\"twitter:card\" content=\"summary_large_image\" \/>\n<meta name=\"twitter:creator\" content=\"@aeronoticias\" \/>\n<meta name=\"twitter:site\" content=\"@aeronoticias\" \/>\n<meta name=\"twitter:label1\" content=\"Escrito por\" \/>\n\t<meta name=\"twitter:data1\" content=\"Redacci\u00f3n\" \/>\n\t<meta name=\"twitter:label2\" content=\"Tiempo de lectura\" \/>\n\t<meta name=\"twitter:data2\" content=\"1 minuto\" \/>\n<script type=\"application\/ld+json\" class=\"yoast-schema-graph\">{\"@context\":\"https:\/\/schema.org\",\"@graph\":[{\"@type\":\"WebPage\",\"@id\":\"https:\/\/aeronoticias.com.pe\/noticiero\/ultimas\/1\/volaris-conecta-a-jalisco-con-costa-rica\/\",\"url\":\"https:\/\/aeronoticias.com.pe\/noticiero\/ultimas\/1\/volaris-conecta-a-jalisco-con-costa-rica\/\",\"name\":\"Volaris conecta a Jalisco con Costa Rica\",\"isPartOf\":{\"@id\":\"https:\/\/aeronoticias.com.pe\/noticiero\/#website\"},\"primaryImageOfPage\":{\"@id\":\"https:\/\/aeronoticias.com.pe\/noticiero\/ultimas\/1\/volaris-conecta-a-jalisco-con-costa-rica\/#primaryimage\"},\"image\":{\"@id\":\"https:\/\/aeronoticias.com.pe\/noticiero\/ultimas\/1\/volaris-conecta-a-jalisco-con-costa-rica\/#primaryimage\"},\"thumbnailUrl\":\"https:\/\/aeronoticias.com.pe\/noticiero\/wp-content\/uploads\/2024\/11\/vola.jpg\",\"datePublished\":\"2024-11-06T17:24:30+00:00\",\"dateModified\":\"2024-11-06T17:24:36+00:00\",\"author\":{\"@id\":\"https:\/\/aeronoticias.com.pe\/noticiero\/#\/schema\/person\/16212a617c73f78916b13194154243bd\"},\"description\":\"Portal de noticias del Per\u00fa sobre el transporte a\u00e9reo, aviaci\u00f3n, turismo, hoteleria, actualidad.\",\"breadcrumb\":{\"@id\":\"https:\/\/aeronoticias.com.pe\/noticiero\/ultimas\/1\/volaris-conecta-a-jalisco-con-costa-rica\/#breadcrumb\"},\"inLanguage\":\"es\",\"potentialAction\":[{\"@type\":\"ReadAction\",\"target\":[\"https:\/\/aeronoticias.com.pe\/noticiero\/ultimas\/1\/volaris-conecta-a-jalisco-con-costa-rica\/\"]}]},{\"@type\":\"ImageObject\",\"inLanguage\":\"es\",\"@id\":\"https:\/\/aeronoticias.com.pe\/noticiero\/ultimas\/1\/volaris-conecta-a-jalisco-con-costa-rica\/#primaryimage\",\"url\":\"https:\/\/aeronoticias.com.pe\/noticiero\/wp-content\/uploads\/2024\/11\/vola.jpg\",\"contentUrl\":\"https:\/\/aeronoticias.com.pe\/noticiero\/wp-content\/uploads\/2024\/11\/vola.jpg\",\"width\":744,\"height\":537},{\"@type\":\"BreadcrumbList\",\"@id\":\"https:\/\/aeronoticias.com.pe\/noticiero\/ultimas\/1\/volaris-conecta-a-jalisco-con-costa-rica\/#breadcrumb\",\"itemListElement\":[{\"@type\":\"ListItem\",\"position\":1,\"name\":\"Portada\",\"item\":\"https:\/\/aeronoticias.com.pe\/noticiero\/\"},{\"@type\":\"ListItem\",\"position\":2,\"name\":\"Volaris conecta a Jalisco con Costa Rica\"}]},{\"@type\":\"WebSite\",\"@id\":\"https:\/\/aeronoticias.com.pe\/noticiero\/#website\",\"url\":\"https:\/\/aeronoticias.com.pe\/noticiero\/\",\"name\":\"Aeronoticias.com.pe\",\"description\":\"Noticias de tranporte aereo, turismo, hoteles, gastronomia, actualidad, internacional\",\"potentialAction\":[{\"@type\":\"SearchAction\",\"target\":{\"@type\":\"EntryPoint\",\"urlTemplate\":\"https:\/\/aeronoticias.com.pe\/noticiero\/?s={search_term_string}\"},\"query-input\":{\"@type\":\"PropertyValueSpecification\",\"valueRequired\":true,\"valueName\":\"search_term_string\"}}],\"inLanguage\":\"es\"},{\"@type\":\"Person\",\"@id\":\"https:\/\/aeronoticias.com.pe\/noticiero\/#\/schema\/person\/16212a617c73f78916b13194154243bd\",\"name\":\"Redacci\u00f3n\",\"sameAs\":[\"http:\/\/Redacci\u00f3n\"],\"url\":\"https:\/\/aeronoticias.com.pe\/noticiero\/author\/celeste\/\"}]}<\/script>\n<!-- \/ Yoast SEO plugin. -->","yoast_head_json":{"title":"Volaris conecta a Jalisco con Costa Rica","description":"Portal de noticias del Per\u00fa sobre el transporte a\u00e9reo, aviaci\u00f3n, turismo, hoteleria, actualidad.","robots":{"index":"index","follow":"follow","max-snippet":"max-snippet:-1","max-image-preview":"max-image-preview:large","max-video-preview":"max-video-preview:-1"},"canonical":"https:\/\/aeronoticias.com.pe\/noticiero\/ultimas\/1\/volaris-conecta-a-jalisco-con-costa-rica\/","og_locale":"es_ES","og_type":"article","og_title":"Volaris conecta a Jalisco con Costa Rica","og_description":"Portal de noticias del Per\u00fa sobre el transporte a\u00e9reo, aviaci\u00f3n, turismo, hoteleria, actualidad.","og_url":"https:\/\/aeronoticias.com.pe\/noticiero\/ultimas\/1\/volaris-conecta-a-jalisco-con-costa-rica\/","og_site_name":"Aeronoticias.com.pe","article_publisher":"https:\/\/www.facebook.com\/Aeronoticias.com.pe\/","article_published_time":"2024-11-06T17:24:30+00:00","article_modified_time":"2024-11-06T17:24:36+00:00","og_image":[{"width":744,"height":537,"url":"https:\/\/aeronoticias.com.pe\/noticiero\/wp-content\/uploads\/2024\/11\/vola.jpg","type":"image\/jpeg"}],"author":"Redacci\u00f3n","twitter_card":"summary_large_image","twitter_creator":"@aeronoticias","twitter_site":"@aeronoticias","twitter_misc":{"Escrito por":"Redacci\u00f3n","Tiempo de lectura":"1 minuto"},"schema":{"@context":"https:\/\/schema.org","@graph":[{"@type":"WebPage","@id":"https:\/\/aeronoticias.com.pe\/noticiero\/ultimas\/1\/volaris-conecta-a-jalisco-con-costa-rica\/","url":"https:\/\/aeronoticias.com.pe\/noticiero\/ultimas\/1\/volaris-conecta-a-jalisco-con-costa-rica\/","name":"Volaris conecta a Jalisco con Costa Rica","isPartOf":{"@id":"https:\/\/aeronoticias.com.pe\/noticiero\/#website"},"primaryImageOfPage":{"@id":"https:\/\/aeronoticias.com.pe\/noticiero\/ultimas\/1\/volaris-conecta-a-jalisco-con-costa-rica\/#primaryimage"},"image":{"@id":"https:\/\/aeronoticias.com.pe\/noticiero\/ultimas\/1\/volaris-conecta-a-jalisco-con-costa-rica\/#primaryimage"},"thumbnailUrl":"https:\/\/aeronoticias.com.pe\/noticiero\/wp-content\/uploads\/2024\/11\/vola.jpg","datePublished":"2024-11-06T17:24:30+00:00","dateModified":"2024-11-06T17:24:36+00:00","author":{"@id":"https:\/\/aeronoticias.com.pe\/noticiero\/#\/schema\/person\/16212a617c73f78916b13194154243bd"},"description":"Portal de noticias del Per\u00fa sobre el transporte a\u00e9reo, aviaci\u00f3n, turismo, hoteleria, actualidad.","breadcrumb":{"@id":"https:\/\/aeronoticias.com.pe\/noticiero\/ultimas\/1\/volaris-conecta-a-jalisco-con-costa-rica\/#breadcrumb"},"inLanguage":"es","potentialAction":[{"@type":"ReadAction","target":["https:\/\/aeronoticias.com.pe\/noticiero\/ultimas\/1\/volaris-conecta-a-jalisco-con-costa-rica\/"]}]},{"@type":"ImageObject","inLanguage":"es","@id":"https:\/\/aeronoticias.com.pe\/noticiero\/ultimas\/1\/volaris-conecta-a-jalisco-con-costa-rica\/#primaryimage","url":"https:\/\/aeronoticias.com.pe\/noticiero\/wp-content\/uploads\/2024\/11\/vola.jpg","contentUrl":"https:\/\/aeronoticias.com.pe\/noticiero\/wp-content\/uploads\/2024\/11\/vola.jpg","width":744,"height":537},{"@type":"BreadcrumbList","@id":"https:\/\/aeronoticias.com.pe\/noticiero\/ultimas\/1\/volaris-conecta-a-jalisco-con-costa-rica\/#breadcrumb","itemListElement":[{"@type":"ListItem","position":1,"name":"Portada","item":"https:\/\/aeronoticias.com.pe\/noticiero\/"},{"@type":"ListItem","position":2,"name":"Volaris conecta a Jalisco con Costa Rica"}]},{"@type":"WebSite","@id":"https:\/\/aeronoticias.com.pe\/noticiero\/#website","url":"https:\/\/aeronoticias.com.pe\/noticiero\/","name":"Aeronoticias.com.pe","description":"Noticias de tranporte aereo, turismo, hoteles, gastronomia, actualidad, internacional","potentialAction":[{"@type":"SearchAction","target":{"@type":"EntryPoint","urlTemplate":"https:\/\/aeronoticias.com.pe\/noticiero\/?s={search_term_string}"},"query-input":{"@type":"PropertyValueSpecification","valueRequired":true,"valueName":"search_term_string"}}],"inLanguage":"es"},{"@type":"Person","@id":"https:\/\/aeronoticias.com.pe\/noticiero\/#\/schema\/person\/16212a617c73f78916b13194154243bd","name":"Redacci\u00f3n","sameAs":["http:\/\/Redacci\u00f3n"],"url":"https:\/\/aeronoticias.com.pe\/noticiero\/author\/celeste\/"}]}},"_links":{"self":[{"href":"https:\/\/aeronoticias.com.pe\/noticiero\/wp-json\/wp\/v2\/posts\/91924","targetHints":{"allow":["GET"]}}],"collection":[{"href":"https:\/\/aeronoticias.com.pe\/noticiero\/wp-json\/wp\/v2\/posts"}],"about":[{"href":"https:\/\/aeronoticias.com.pe\/noticiero\/wp-json\/wp\/v2\/types\/post"}],"author":[{"embeddable":true,"href":"https:\/\/aeronoticias.com.pe\/noticiero\/wp-json\/wp\/v2\/users\/3"}],"replies":[{"embeddable":true,"href":"https:\/\/aeronoticias.com.pe\/noticiero\/wp-json\/wp\/v2\/comments?post=91924"}],"version-history":[{"count":0,"href":"https:\/\/aeronoticias.com.pe\/noticiero\/wp-json\/wp\/v2\/posts\/91924\/revisions"}],"wp:featuredmedia":[{"embeddable":true,"href":"https:\/\/aeronoticias.com.pe\/noticiero\/wp-json\/wp\/v2\/media\/91925"}],"wp:attachment":[{"href":"https:\/\/aeronoticias.com.pe\/noticiero\/wp-json\/wp\/v2\/media?parent=91924"}],"wp:term":[{"taxonomy":"category","embeddable":true,"href":"https:\/\/aeronoticias.com.pe\/noticiero\/wp-json\/wp\/v2\/categories?post=91924"},{"taxonomy":"post_tag","embeddable":true,"href":"https:\/\/aeronoticias.com.pe\/noticiero\/wp-json\/wp\/v2\/tags?post=91924"}],"curies":[{"name":"wp","href":"https:\/\/api.w.org\/{rel}","templated":true}]}}