{"id":92543,"date":"2024-12-13T18:33:44","date_gmt":"2024-12-13T23:33:44","guid":{"rendered":"https:\/\/aeronoticias.com.pe\/noticiero\/?p=92543"},"modified":"2024-12-13T18:33:49","modified_gmt":"2024-12-13T23:33:49","slug":"nueva-ruta-adicional-de-ingreso-al-aeropuerto-internacional-jorge-chavez-en-solo-10-minutos","status":"publish","type":"post","link":"https:\/\/aeronoticias.com.pe\/noticiero\/nacionales\/nueva-ruta-adicional-de-ingreso-al-aeropuerto-internacional-jorge-chavez-en-solo-10-minutos\/","title":{"rendered":"Nueva ruta adicional de ingreso al Aeropuerto Internacional Jorge Ch\u00e1vez, en solo 10 minutos"},"content":{"rendered":"\n<p>El Aeropuerto Internacional Jorge Ch\u00e1vez se encuentra en proceso de una importante transformaci\u00f3n en su acceso. A partir del 29 de enero de 2025, los veh\u00edculos deber\u00e1n transitar por la nueva Av. Morales Du\u00e1rez en Gambetta. El desarrollo de esta nueva &#8216;Ciudad Aeropuerto&#8217; se encuentra en un 98% de avance.<\/p>\n\n\n\n<p>Por tal sentido, el ministro del Ministerio de Transportes y Comunicaciones, Ra\u00fal P\u00e9rez Reyes, detall\u00f3 que se implementar\u00e1 una nueva ruta de acceso para los usuarios peatonales, la cual les permitir\u00e1 llegar al aeropuerto en tan solo 10 minutos.<\/p>\n\n\n\n<p><strong> \u00bfCu\u00e1l ser\u00e1 la nueva ruta adicional para ingresar al Aeropuerto Jorge Ch\u00e1vez?<\/strong><\/p>\n\n\n\n<p>El ministro de Transportes, recalc\u00f3 el progreso de las pruebas operativas del innovador servicio de transporte p\u00fablico \u00abAeroExpreso\u00bb, el cual estar\u00e1 compuesto por tres rutas iniciales que cubrir\u00e1n el centro, sur y norte de la ciudad, con paradas estrat\u00e9gicas dentro del moderno aeropuerto internacional Jorge Ch\u00e1vez. Asimismo, inform\u00f3 sobre la planificaci\u00f3n de una ruta adicional denominada &#8216;AeroExpreso Especial&#8217;, la cual enlazar\u00e1 la avenida Quilca con el nuevo aeropuerto, garantizando una frecuencia de 10 minutos para facilitar el acceso directo a los pasajeros que prefieren desplazarse a pie.<\/p>\n\n\n\n<p>\u00abEsta nueva ruta partir\u00e1 desde el puente Quilca en la avenida Faucett y conducir\u00e1 directamente al flamante terminal. Estar\u00e1 operativa desde el inicio de las operaciones del aeropuerto\u00bb. Esta iniciativa tiene como objetivo principal mejorar la accesibilidad y la seguridad de los usuarios que utilizar\u00e1n las instalaciones del nuevo aeropuerto. Adem\u00e1s, se tiene previsto que en las pr\u00f3ximas semanas se divulguen los detalles de las rutas de este servicio de transporte p\u00fablico.<\/p>\n\n\n\n<p>Cabe se\u00f1alar, que el Ositr\u00e1n ha establecido un l\u00edmite tarifario para veh\u00edculos ligeros, fijando un costo de S\/6 por los primeros 45 minutos de uso. Despu\u00e9s de este tiempo, se aplicar\u00e1 una tarifa de S\/8 por cada hora o fracci\u00f3n adicional, monto que ya incluye el Impuesto General a las Ventas (IGV). Por otro lado, Lima Airport Partners (LAP) tambi\u00e9n ha propuesto una tarifa de S\/9.90 por hora o fracci\u00f3n para autom\u00f3viles ligeros, cantidad que tambi\u00e9n incluye el IG<\/p>\n\n\n\n<p><strong><em>Fuente: La Rep\u00fablica<\/em><\/strong><\/p>\n","protected":false},"excerpt":{"rendered":"<p>El Aeropuerto Internacional Jorge Ch\u00e1vez se encuentra en proceso de una importante transformaci\u00f3n en su acceso. A partir del 29 de enero de 2025, los veh\u00edculos deber\u00e1n transitar por la nueva Av. Morales Du\u00e1rez en Gambetta. El desarrollo de esta nueva &#8216;Ciudad Aeropuerto&#8217; se encuentra en un 98% de avance. Por tal sentido, el ministro [&hellip;]<\/p>\n","protected":false},"author":3,"featured_media":92551,"comment_status":"open","ping_status":"open","sticky":false,"template":"","format":"standard","meta":{"tdm_status":"","tdm_grid_status":"","footnotes":""},"categories":[38,36,1],"tags":[],"class_list":{"0":"post-92543","1":"post","2":"type-post","3":"status-publish","4":"format-standard","5":"has-post-thumbnail","7":"category-nacionales","8":"category-politica","9":"category-sin-categoria"},"yoast_head":"<!-- This site is optimized with the Yoast SEO plugin v25.1 - https:\/\/yoast.com\/wordpress\/plugins\/seo\/ -->\n<title>Nueva ruta adicional de ingreso al Aeropuerto Internacional Jorge Ch\u00e1vez, en solo 10 minutos<\/title>\n<meta name=\"description\" content=\"El Aeropuerto Internacional Jorge Ch\u00e1vez se encuentra en proceso de una importante transformaci\u00f3n en su acceso. A partir del 29 de enero de 2025, los veh\u00edculos deber\u00e1n transitar por la nueva Av. Morales Du\u00e1rez en Gambetta.\" \/>\n<meta name=\"robots\" content=\"index, follow, max-snippet:-1, max-image-preview:large, max-video-preview:-1\" \/>\n<link rel=\"canonical\" href=\"https:\/\/aeronoticias.com.pe\/noticiero\/nacionales\/nueva-ruta-adicional-de-ingreso-al-aeropuerto-internacional-jorge-chavez-en-solo-10-minutos\/\" \/>\n<meta property=\"og:locale\" content=\"es_ES\" \/>\n<meta property=\"og:type\" content=\"article\" \/>\n<meta property=\"og:title\" content=\"Nueva ruta adicional de ingreso al Aeropuerto Internacional Jorge Ch\u00e1vez, en solo 10 minutos\" \/>\n<meta property=\"og:description\" content=\"El Aeropuerto Internacional Jorge Ch\u00e1vez se encuentra en proceso de una importante transformaci\u00f3n en su acceso. A partir del 29 de enero de 2025, los veh\u00edculos deber\u00e1n transitar por la nueva Av. Morales Du\u00e1rez en Gambetta.\" \/>\n<meta property=\"og:url\" content=\"https:\/\/aeronoticias.com.pe\/noticiero\/nacionales\/nueva-ruta-adicional-de-ingreso-al-aeropuerto-internacional-jorge-chavez-en-solo-10-minutos\/\" \/>\n<meta property=\"og:site_name\" content=\"Aeronoticias.com.pe\" \/>\n<meta property=\"article:publisher\" content=\"https:\/\/www.facebook.com\/Aeronoticias.com.pe\/\" \/>\n<meta property=\"article:published_time\" content=\"2024-12-13T23:33:44+00:00\" \/>\n<meta property=\"article:modified_time\" content=\"2024-12-13T23:33:49+00:00\" \/>\n<meta property=\"og:image\" content=\"https:\/\/aeronoticias.com.pe\/noticiero\/wp-content\/uploads\/2024\/12\/aeropuerto3-050924.jpg\" \/>\n\t<meta property=\"og:image:width\" content=\"650\" \/>\n\t<meta property=\"og:image:height\" content=\"433\" \/>\n\t<meta property=\"og:image:type\" content=\"image\/jpeg\" \/>\n<meta name=\"author\" content=\"Redacci\u00f3n\" \/>\n<meta name=\"twitter:card\" content=\"summary_large_image\" \/>\n<meta name=\"twitter:creator\" content=\"@aeronoticias\" \/>\n<meta name=\"twitter:site\" content=\"@aeronoticias\" \/>\n<meta name=\"twitter:label1\" content=\"Escrito por\" \/>\n\t<meta name=\"twitter:data1\" content=\"Redacci\u00f3n\" \/>\n\t<meta name=\"twitter:label2\" content=\"Tiempo de lectura\" \/>\n\t<meta name=\"twitter:data2\" content=\"2 minutos\" \/>\n<script type=\"application\/ld+json\" class=\"yoast-schema-graph\">{\"@context\":\"https:\/\/schema.org\",\"@graph\":[{\"@type\":\"WebPage\",\"@id\":\"https:\/\/aeronoticias.com.pe\/noticiero\/nacionales\/nueva-ruta-adicional-de-ingreso-al-aeropuerto-internacional-jorge-chavez-en-solo-10-minutos\/\",\"url\":\"https:\/\/aeronoticias.com.pe\/noticiero\/nacionales\/nueva-ruta-adicional-de-ingreso-al-aeropuerto-internacional-jorge-chavez-en-solo-10-minutos\/\",\"name\":\"Nueva ruta adicional de ingreso al Aeropuerto Internacional Jorge Ch\u00e1vez, en solo 10 minutos\",\"isPartOf\":{\"@id\":\"https:\/\/aeronoticias.com.pe\/noticiero\/#website\"},\"primaryImageOfPage\":{\"@id\":\"https:\/\/aeronoticias.com.pe\/noticiero\/nacionales\/nueva-ruta-adicional-de-ingreso-al-aeropuerto-internacional-jorge-chavez-en-solo-10-minutos\/#primaryimage\"},\"image\":{\"@id\":\"https:\/\/aeronoticias.com.pe\/noticiero\/nacionales\/nueva-ruta-adicional-de-ingreso-al-aeropuerto-internacional-jorge-chavez-en-solo-10-minutos\/#primaryimage\"},\"thumbnailUrl\":\"https:\/\/aeronoticias.com.pe\/noticiero\/wp-content\/uploads\/2024\/12\/aeropuerto3-050924.jpg\",\"datePublished\":\"2024-12-13T23:33:44+00:00\",\"dateModified\":\"2024-12-13T23:33:49+00:00\",\"author\":{\"@id\":\"https:\/\/aeronoticias.com.pe\/noticiero\/#\/schema\/person\/16212a617c73f78916b13194154243bd\"},\"description\":\"El Aeropuerto Internacional Jorge Ch\u00e1vez se encuentra en proceso de una importante transformaci\u00f3n en su acceso. A partir del 29 de enero de 2025, los veh\u00edculos deber\u00e1n transitar por la nueva Av. Morales Du\u00e1rez en Gambetta.\",\"breadcrumb\":{\"@id\":\"https:\/\/aeronoticias.com.pe\/noticiero\/nacionales\/nueva-ruta-adicional-de-ingreso-al-aeropuerto-internacional-jorge-chavez-en-solo-10-minutos\/#breadcrumb\"},\"inLanguage\":\"es\",\"potentialAction\":[{\"@type\":\"ReadAction\",\"target\":[\"https:\/\/aeronoticias.com.pe\/noticiero\/nacionales\/nueva-ruta-adicional-de-ingreso-al-aeropuerto-internacional-jorge-chavez-en-solo-10-minutos\/\"]}]},{\"@type\":\"ImageObject\",\"inLanguage\":\"es\",\"@id\":\"https:\/\/aeronoticias.com.pe\/noticiero\/nacionales\/nueva-ruta-adicional-de-ingreso-al-aeropuerto-internacional-jorge-chavez-en-solo-10-minutos\/#primaryimage\",\"url\":\"https:\/\/aeronoticias.com.pe\/noticiero\/wp-content\/uploads\/2024\/12\/aeropuerto3-050924.jpg\",\"contentUrl\":\"https:\/\/aeronoticias.com.pe\/noticiero\/wp-content\/uploads\/2024\/12\/aeropuerto3-050924.jpg\",\"width\":650,\"height\":433},{\"@type\":\"BreadcrumbList\",\"@id\":\"https:\/\/aeronoticias.com.pe\/noticiero\/nacionales\/nueva-ruta-adicional-de-ingreso-al-aeropuerto-internacional-jorge-chavez-en-solo-10-minutos\/#breadcrumb\",\"itemListElement\":[{\"@type\":\"ListItem\",\"position\":1,\"name\":\"Portada\",\"item\":\"https:\/\/aeronoticias.com.pe\/noticiero\/\"},{\"@type\":\"ListItem\",\"position\":2,\"name\":\"Nueva ruta adicional de ingreso al Aeropuerto Internacional Jorge Ch\u00e1vez, en solo 10 minutos\"}]},{\"@type\":\"WebSite\",\"@id\":\"https:\/\/aeronoticias.com.pe\/noticiero\/#website\",\"url\":\"https:\/\/aeronoticias.com.pe\/noticiero\/\",\"name\":\"Aeronoticias.com.pe\",\"description\":\"Noticias de tranporte aereo, turismo, hoteles, gastronomia, actualidad, internacional\",\"potentialAction\":[{\"@type\":\"SearchAction\",\"target\":{\"@type\":\"EntryPoint\",\"urlTemplate\":\"https:\/\/aeronoticias.com.pe\/noticiero\/?s={search_term_string}\"},\"query-input\":{\"@type\":\"PropertyValueSpecification\",\"valueRequired\":true,\"valueName\":\"search_term_string\"}}],\"inLanguage\":\"es\"},{\"@type\":\"Person\",\"@id\":\"https:\/\/aeronoticias.com.pe\/noticiero\/#\/schema\/person\/16212a617c73f78916b13194154243bd\",\"name\":\"Redacci\u00f3n\",\"sameAs\":[\"http:\/\/Redacci\u00f3n\"],\"url\":\"https:\/\/aeronoticias.com.pe\/noticiero\/author\/celeste\/\"}]}<\/script>\n<!-- \/ Yoast SEO plugin. -->","yoast_head_json":{"title":"Nueva ruta adicional de ingreso al Aeropuerto Internacional Jorge Ch\u00e1vez, en solo 10 minutos","description":"El Aeropuerto Internacional Jorge Ch\u00e1vez se encuentra en proceso de una importante transformaci\u00f3n en su acceso. A partir del 29 de enero de 2025, los veh\u00edculos deber\u00e1n transitar por la nueva Av. Morales Du\u00e1rez en Gambetta.","robots":{"index":"index","follow":"follow","max-snippet":"max-snippet:-1","max-image-preview":"max-image-preview:large","max-video-preview":"max-video-preview:-1"},"canonical":"https:\/\/aeronoticias.com.pe\/noticiero\/nacionales\/nueva-ruta-adicional-de-ingreso-al-aeropuerto-internacional-jorge-chavez-en-solo-10-minutos\/","og_locale":"es_ES","og_type":"article","og_title":"Nueva ruta adicional de ingreso al Aeropuerto Internacional Jorge Ch\u00e1vez, en solo 10 minutos","og_description":"El Aeropuerto Internacional Jorge Ch\u00e1vez se encuentra en proceso de una importante transformaci\u00f3n en su acceso. A partir del 29 de enero de 2025, los veh\u00edculos deber\u00e1n transitar por la nueva Av. Morales Du\u00e1rez en Gambetta.","og_url":"https:\/\/aeronoticias.com.pe\/noticiero\/nacionales\/nueva-ruta-adicional-de-ingreso-al-aeropuerto-internacional-jorge-chavez-en-solo-10-minutos\/","og_site_name":"Aeronoticias.com.pe","article_publisher":"https:\/\/www.facebook.com\/Aeronoticias.com.pe\/","article_published_time":"2024-12-13T23:33:44+00:00","article_modified_time":"2024-12-13T23:33:49+00:00","og_image":[{"width":650,"height":433,"url":"https:\/\/aeronoticias.com.pe\/noticiero\/wp-content\/uploads\/2024\/12\/aeropuerto3-050924.jpg","type":"image\/jpeg"}],"author":"Redacci\u00f3n","twitter_card":"summary_large_image","twitter_creator":"@aeronoticias","twitter_site":"@aeronoticias","twitter_misc":{"Escrito por":"Redacci\u00f3n","Tiempo de lectura":"2 minutos"},"schema":{"@context":"https:\/\/schema.org","@graph":[{"@type":"WebPage","@id":"https:\/\/aeronoticias.com.pe\/noticiero\/nacionales\/nueva-ruta-adicional-de-ingreso-al-aeropuerto-internacional-jorge-chavez-en-solo-10-minutos\/","url":"https:\/\/aeronoticias.com.pe\/noticiero\/nacionales\/nueva-ruta-adicional-de-ingreso-al-aeropuerto-internacional-jorge-chavez-en-solo-10-minutos\/","name":"Nueva ruta adicional de ingreso al Aeropuerto Internacional Jorge Ch\u00e1vez, en solo 10 minutos","isPartOf":{"@id":"https:\/\/aeronoticias.com.pe\/noticiero\/#website"},"primaryImageOfPage":{"@id":"https:\/\/aeronoticias.com.pe\/noticiero\/nacionales\/nueva-ruta-adicional-de-ingreso-al-aeropuerto-internacional-jorge-chavez-en-solo-10-minutos\/#primaryimage"},"image":{"@id":"https:\/\/aeronoticias.com.pe\/noticiero\/nacionales\/nueva-ruta-adicional-de-ingreso-al-aeropuerto-internacional-jorge-chavez-en-solo-10-minutos\/#primaryimage"},"thumbnailUrl":"https:\/\/aeronoticias.com.pe\/noticiero\/wp-content\/uploads\/2024\/12\/aeropuerto3-050924.jpg","datePublished":"2024-12-13T23:33:44+00:00","dateModified":"2024-12-13T23:33:49+00:00","author":{"@id":"https:\/\/aeronoticias.com.pe\/noticiero\/#\/schema\/person\/16212a617c73f78916b13194154243bd"},"description":"El Aeropuerto Internacional Jorge Ch\u00e1vez se encuentra en proceso de una importante transformaci\u00f3n en su acceso. A partir del 29 de enero de 2025, los veh\u00edculos deber\u00e1n transitar por la nueva Av. Morales Du\u00e1rez en Gambetta.","breadcrumb":{"@id":"https:\/\/aeronoticias.com.pe\/noticiero\/nacionales\/nueva-ruta-adicional-de-ingreso-al-aeropuerto-internacional-jorge-chavez-en-solo-10-minutos\/#breadcrumb"},"inLanguage":"es","potentialAction":[{"@type":"ReadAction","target":["https:\/\/aeronoticias.com.pe\/noticiero\/nacionales\/nueva-ruta-adicional-de-ingreso-al-aeropuerto-internacional-jorge-chavez-en-solo-10-minutos\/"]}]},{"@type":"ImageObject","inLanguage":"es","@id":"https:\/\/aeronoticias.com.pe\/noticiero\/nacionales\/nueva-ruta-adicional-de-ingreso-al-aeropuerto-internacional-jorge-chavez-en-solo-10-minutos\/#primaryimage","url":"https:\/\/aeronoticias.com.pe\/noticiero\/wp-content\/uploads\/2024\/12\/aeropuerto3-050924.jpg","contentUrl":"https:\/\/aeronoticias.com.pe\/noticiero\/wp-content\/uploads\/2024\/12\/aeropuerto3-050924.jpg","width":650,"height":433},{"@type":"BreadcrumbList","@id":"https:\/\/aeronoticias.com.pe\/noticiero\/nacionales\/nueva-ruta-adicional-de-ingreso-al-aeropuerto-internacional-jorge-chavez-en-solo-10-minutos\/#breadcrumb","itemListElement":[{"@type":"ListItem","position":1,"name":"Portada","item":"https:\/\/aeronoticias.com.pe\/noticiero\/"},{"@type":"ListItem","position":2,"name":"Nueva ruta adicional de ingreso al Aeropuerto Internacional Jorge Ch\u00e1vez, en solo 10 minutos"}]},{"@type":"WebSite","@id":"https:\/\/aeronoticias.com.pe\/noticiero\/#website","url":"https:\/\/aeronoticias.com.pe\/noticiero\/","name":"Aeronoticias.com.pe","description":"Noticias de tranporte aereo, turismo, hoteles, gastronomia, actualidad, internacional","potentialAction":[{"@type":"SearchAction","target":{"@type":"EntryPoint","urlTemplate":"https:\/\/aeronoticias.com.pe\/noticiero\/?s={search_term_string}"},"query-input":{"@type":"PropertyValueSpecification","valueRequired":true,"valueName":"search_term_string"}}],"inLanguage":"es"},{"@type":"Person","@id":"https:\/\/aeronoticias.com.pe\/noticiero\/#\/schema\/person\/16212a617c73f78916b13194154243bd","name":"Redacci\u00f3n","sameAs":["http:\/\/Redacci\u00f3n"],"url":"https:\/\/aeronoticias.com.pe\/noticiero\/author\/celeste\/"}]}},"_links":{"self":[{"href":"https:\/\/aeronoticias.com.pe\/noticiero\/wp-json\/wp\/v2\/posts\/92543","targetHints":{"allow":["GET"]}}],"collection":[{"href":"https:\/\/aeronoticias.com.pe\/noticiero\/wp-json\/wp\/v2\/posts"}],"about":[{"href":"https:\/\/aeronoticias.com.pe\/noticiero\/wp-json\/wp\/v2\/types\/post"}],"author":[{"embeddable":true,"href":"https:\/\/aeronoticias.com.pe\/noticiero\/wp-json\/wp\/v2\/users\/3"}],"replies":[{"embeddable":true,"href":"https:\/\/aeronoticias.com.pe\/noticiero\/wp-json\/wp\/v2\/comments?post=92543"}],"version-history":[{"count":0,"href":"https:\/\/aeronoticias.com.pe\/noticiero\/wp-json\/wp\/v2\/posts\/92543\/revisions"}],"wp:featuredmedia":[{"embeddable":true,"href":"https:\/\/aeronoticias.com.pe\/noticiero\/wp-json\/wp\/v2\/media\/92551"}],"wp:attachment":[{"href":"https:\/\/aeronoticias.com.pe\/noticiero\/wp-json\/wp\/v2\/media?parent=92543"}],"wp:term":[{"taxonomy":"category","embeddable":true,"href":"https:\/\/aeronoticias.com.pe\/noticiero\/wp-json\/wp\/v2\/categories?post=92543"},{"taxonomy":"post_tag","embeddable":true,"href":"https:\/\/aeronoticias.com.pe\/noticiero\/wp-json\/wp\/v2\/tags?post=92543"}],"curies":[{"name":"wp","href":"https:\/\/api.w.org\/{rel}","templated":true}]}}